{"id":3168,"date":"2023-10-18T04:09:01","date_gmt":"2023-10-18T07:09:01","guid":{"rendered":"https:\/\/diariodepe.com.br\/cri\/?p=3168"},"modified":"2023-10-18T04:09:01","modified_gmt":"2023-10-18T07:09:01","slug":"episodio-5-do-documentario-caminho-rumo-a-prosperidade-cooperacao-em-desenvolvimento-verde-e-inovador","status":"publish","type":"post","link":"https:\/\/diariodepe.com.br\/cri\/2023\/10\/18\/episodio-5-do-documentario-caminho-rumo-a-prosperidade-cooperacao-em-desenvolvimento-verde-e-inovador\/","title":{"rendered":"Epis\u00f3dio 5 do document\u00e1rio \u201cCaminho rumo \u00e0 prosperidade\u201d: coopera\u00e7\u00e3o em desenvolvimento verde e inovador"},"content":{"rendered":"<p>Em 26 de abril de 2019, quando foi realizado o 2\u00ba F\u00f3rum do Cintur\u00e3o e Rota para a Coopera\u00e7\u00e3o Internacional, o presidente chin\u00eas, Xi Jinping, disse: \u201c\u00c9 preciso tomar o desenvolvimento verde como o fundamento na coopera\u00e7\u00e3o e promover a constru\u00e7\u00e3o de infraestruturas, os investimentos e as finan\u00e7as ambientalmente respons\u00e1veis, de modo a proteger nosso lar comum. Vamos explorar em conjunto novas tecnologias, novos formatos industriais e novos modelos para procurar novos motores de crescimento e caminhos de desenvolvimento.\u201d<\/p>\n<p>Durante os \u00faltimos dez anos, a China prop\u00f4s a parceria de desenvolvimento verde junto com outros 31 pa\u00edses da constru\u00e7\u00e3o conjunta do Cintur\u00e3o e Rota, al\u00e9m de realizar colabora\u00e7\u00f5es com mais de cem pa\u00edses nos setores de energia solar, e\u00f3lica e hidr\u00e1ulica.<\/p>\n<p>Al\u00e9m disso, no Qu\u00eania, a Ferrovia Mombasa-Nair\u00f3bi, constru\u00edda por empresas chinesas, foi estabelecida sobre pilares de 6,5 metros de altura para que girafas pudessem passar livremente atrav\u00e9s dos v\u00e3os debaixo da linha.<\/p>\n<p>Na zona rural da Nig\u00e9ria, as empresas chinesas est\u00e3o implementando um programa para estabelecer esta\u00e7\u00f5es-base solares de pequeno porte para oferecer acesso \u00e0 internet a uma dist\u00e2ncia acima de dois quil\u00f4metros.<\/p>\n<p>Nos \u00faltimos dez anos, a China vem compartilhando suas tecnologias digitais com os pa\u00edses da constru\u00e7\u00e3o conjunta do Cintur\u00e3o e Rota. A Rota da Seda Digital formou uma s\u00f3lida comunidade com futuro compartilhado virtual.<\/p>\n","protected":false},"excerpt":{"rendered":"<p>Em 26 de abril de 2019, quando foi realizado o 2\u00ba F\u00f3rum do Cintur\u00e3o e Rota para a Coopera\u00e7\u00e3o Internacional, o presidente chin\u00eas, Xi Jinping, disse: \u201c\u00c9 preciso tomar o desenvolvimento verde como o fundamento na coopera\u00e7\u00e3o e promover a&#8230;<\/p>\n","protected":false},"author":2,"featured_media":0,"comment_status":"open","ping_status":"open","sticky":false,"template":"","format":"standard","meta":{"footnotes":""},"categories":[3],"tags":[],"class_list":["post-3168","post","type-post","status-publish","format-standard","hentry","category-china"],"yoast_head":"<!-- This site is optimized with the Yoast SEO plugin v27.4 - https:\/\/yoast.com\/product\/yoast-seo-wordpress\/ -->\n<title>Epis\u00f3dio 5 do document\u00e1rio \u201cCaminho rumo \u00e0 prosperidade\u201d: coopera\u00e7\u00e3o em desenvolvimento verde e inovador - CRI e Diario de Pernambuco<\/title>\n<meta name=\"robots\" content=\"index, follow, max-snippet:-1, max-image-preview:large, max-video-preview:-1\" \/>\n<link rel=\"canonical\" href=\"https:\/\/diariodepe.com.br\/cri\/2023\/10\/18\/episodio-5-do-documentario-caminho-rumo-a-prosperidade-cooperacao-em-desenvolvimento-verde-e-inovador\/\" \/>\n<meta property=\"og:locale\" content=\"pt_BR\" \/>\n<meta property=\"og:type\" content=\"article\" \/>\n<meta property=\"og:title\" content=\"Epis\u00f3dio 5 do document\u00e1rio \u201cCaminho rumo \u00e0 prosperidade\u201d: coopera\u00e7\u00e3o em desenvolvimento verde e inovador - CRI e Diario de Pernambuco\" \/>\n<meta property=\"og:description\" content=\"Em 26 de abril de 2019, quando foi realizado o 2\u00ba F\u00f3rum do Cintur\u00e3o e Rota para a Coopera\u00e7\u00e3o Internacional, o presidente chin\u00eas, Xi Jinping, disse: \u201c\u00c9 preciso tomar o desenvolvimento verde como o fundamento na coopera\u00e7\u00e3o e promover a...\" \/>\n<meta property=\"og:url\" content=\"https:\/\/diariodepe.com.br\/cri\/2023\/10\/18\/episodio-5-do-documentario-caminho-rumo-a-prosperidade-cooperacao-em-desenvolvimento-verde-e-inovador\/\" \/>\n<meta property=\"og:site_name\" content=\"CRI e Diario de Pernambuco\" \/>\n<meta property=\"article:published_time\" content=\"2023-10-18T07:09:01+00:00\" \/>\n<meta name=\"author\" content=\"Ismael Lucas S. Pereira\" \/>\n<meta name=\"twitter:card\" content=\"summary_large_image\" \/>\n<meta name=\"twitter:label1\" content=\"Escrito por\" \/>\n\t<meta name=\"twitter:data1\" content=\"Ismael Lucas S. Pereira\" \/>\n<script type=\"application\/ld+json\" class=\"yoast-schema-graph\">{\"@context\":\"https:\\\/\\\/schema.org\",\"@graph\":[{\"@type\":\"Article\",\"@id\":\"https:\\\/\\\/diariodepe.com.br\\\/cri\\\/2023\\\/10\\\/18\\\/episodio-5-do-documentario-caminho-rumo-a-prosperidade-cooperacao-em-desenvolvimento-verde-e-inovador\\\/#article\",\"isPartOf\":{\"@id\":\"https:\\\/\\\/diariodepe.com.br\\\/cri\\\/2023\\\/10\\\/18\\\/episodio-5-do-documentario-caminho-rumo-a-prosperidade-cooperacao-em-desenvolvimento-verde-e-inovador\\\/\"},\"author\":{\"name\":\"Ismael Lucas S. Pereira\",\"@id\":\"https:\\\/\\\/diariodepe.com.br\\\/cri\\\/#\\\/schema\\\/person\\\/121bb28d84f1a5b1205ef4ce9c2e0c6b\"},\"headline\":\"Epis\u00f3dio 5 do document\u00e1rio \u201cCaminho rumo \u00e0 prosperidade\u201d: coopera\u00e7\u00e3o em desenvolvimento verde e inovador\",\"datePublished\":\"2023-10-18T07:09:01+00:00\",\"mainEntityOfPage\":{\"@id\":\"https:\\\/\\\/diariodepe.com.br\\\/cri\\\/2023\\\/10\\\/18\\\/episodio-5-do-documentario-caminho-rumo-a-prosperidade-cooperacao-em-desenvolvimento-verde-e-inovador\\\/\"},\"wordCount\":258,\"commentCount\":0,\"publisher\":{\"@id\":\"https:\\\/\\\/diariodepe.com.br\\\/cri\\\/#organization\"},\"articleSection\":[\"China\"],\"inLanguage\":\"pt-BR\",\"potentialAction\":[{\"@type\":\"CommentAction\",\"name\":\"Comment\",\"target\":[\"https:\\\/\\\/diariodepe.com.br\\\/cri\\\/2023\\\/10\\\/18\\\/episodio-5-do-documentario-caminho-rumo-a-prosperidade-cooperacao-em-desenvolvimento-verde-e-inovador\\\/#respond\"]}]},{\"@type\":\"WebPage\",\"@id\":\"https:\\\/\\\/diariodepe.com.br\\\/cri\\\/2023\\\/10\\\/18\\\/episodio-5-do-documentario-caminho-rumo-a-prosperidade-cooperacao-em-desenvolvimento-verde-e-inovador\\\/\",\"url\":\"https:\\\/\\\/diariodepe.com.br\\\/cri\\\/2023\\\/10\\\/18\\\/episodio-5-do-documentario-caminho-rumo-a-prosperidade-cooperacao-em-desenvolvimento-verde-e-inovador\\\/\",\"name\":\"Epis\u00f3dio 5 do document\u00e1rio \u201cCaminho rumo \u00e0 prosperidade\u201d: coopera\u00e7\u00e3o em desenvolvimento verde e inovador - CRI e Diario de Pernambuco\",\"isPartOf\":{\"@id\":\"https:\\\/\\\/diariodepe.com.br\\\/cri\\\/#website\"},\"datePublished\":\"2023-10-18T07:09:01+00:00\",\"breadcrumb\":{\"@id\":\"https:\\\/\\\/diariodepe.com.br\\\/cri\\\/2023\\\/10\\\/18\\\/episodio-5-do-documentario-caminho-rumo-a-prosperidade-cooperacao-em-desenvolvimento-verde-e-inovador\\\/#breadcrumb\"},\"inLanguage\":\"pt-BR\",\"potentialAction\":[{\"@type\":\"ReadAction\",\"target\":[\"https:\\\/\\\/diariodepe.com.br\\\/cri\\\/2023\\\/10\\\/18\\\/episodio-5-do-documentario-caminho-rumo-a-prosperidade-cooperacao-em-desenvolvimento-verde-e-inovador\\\/\"]}]},{\"@type\":\"BreadcrumbList\",\"@id\":\"https:\\\/\\\/diariodepe.com.br\\\/cri\\\/2023\\\/10\\\/18\\\/episodio-5-do-documentario-caminho-rumo-a-prosperidade-cooperacao-em-desenvolvimento-verde-e-inovador\\\/#breadcrumb\",\"itemListElement\":[{\"@type\":\"ListItem\",\"position\":1,\"name\":\"In\u00edcio\",\"item\":\"https:\\\/\\\/diariodepe.com.br\\\/cri\\\/\"},{\"@type\":\"ListItem\",\"position\":2,\"name\":\"Epis\u00f3dio 5 do document\u00e1rio \u201cCaminho rumo \u00e0 prosperidade\u201d: coopera\u00e7\u00e3o em desenvolvimento verde e inovador\"}]},{\"@type\":\"WebSite\",\"@id\":\"https:\\\/\\\/diariodepe.com.br\\\/cri\\\/#website\",\"url\":\"https:\\\/\\\/diariodepe.com.br\\\/cri\\\/\",\"name\":\"CRI e Diario de Pernambuco\",\"description\":\"R\u00e1dio Internacional da China\",\"publisher\":{\"@id\":\"https:\\\/\\\/diariodepe.com.br\\\/cri\\\/#organization\"},\"potentialAction\":[{\"@type\":\"SearchAction\",\"target\":{\"@type\":\"EntryPoint\",\"urlTemplate\":\"https:\\\/\\\/diariodepe.com.br\\\/cri\\\/?s={search_term_string}\"},\"query-input\":{\"@type\":\"PropertyValueSpecification\",\"valueRequired\":true,\"valueName\":\"search_term_string\"}}],\"inLanguage\":\"pt-BR\"},{\"@type\":\"Organization\",\"@id\":\"https:\\\/\\\/diariodepe.com.br\\\/cri\\\/#organization\",\"name\":\"CRI e Diario de Pernambuco\",\"url\":\"https:\\\/\\\/diariodepe.com.br\\\/cri\\\/\",\"logo\":{\"@type\":\"ImageObject\",\"inLanguage\":\"pt-BR\",\"@id\":\"https:\\\/\\\/diariodepe.com.br\\\/cri\\\/#\\\/schema\\\/logo\\\/image\\\/\",\"url\":\"https:\\\/\\\/diariodepe.com.br\\\/cri\\\/wp-content\\\/uploads\\\/sites\\\/2\\\/2022\\\/12\\\/cropped-Logo.jpg\",\"contentUrl\":\"https:\\\/\\\/diariodepe.com.br\\\/cri\\\/wp-content\\\/uploads\\\/sites\\\/2\\\/2022\\\/12\\\/cropped-Logo.jpg\",\"width\":700,\"height\":59,\"caption\":\"CRI e Diario de Pernambuco\"},\"image\":{\"@id\":\"https:\\\/\\\/diariodepe.com.br\\\/cri\\\/#\\\/schema\\\/logo\\\/image\\\/\"}},{\"@type\":\"Person\",\"@id\":\"https:\\\/\\\/diariodepe.com.br\\\/cri\\\/#\\\/schema\\\/person\\\/121bb28d84f1a5b1205ef4ce9c2e0c6b\",\"name\":\"Ismael Lucas S. Pereira\",\"image\":{\"@type\":\"ImageObject\",\"inLanguage\":\"pt-BR\",\"@id\":\"https:\\\/\\\/secure.gravatar.com\\\/avatar\\\/887a0f3b5a7ceea963a48499fb883ffce6b5037362def025c52c2505b15d63e4?s=96&d=mm&r=g\",\"url\":\"https:\\\/\\\/secure.gravatar.com\\\/avatar\\\/887a0f3b5a7ceea963a48499fb883ffce6b5037362def025c52c2505b15d63e4?s=96&d=mm&r=g\",\"contentUrl\":\"https:\\\/\\\/secure.gravatar.com\\\/avatar\\\/887a0f3b5a7ceea963a48499fb883ffce6b5037362def025c52c2505b15d63e4?s=96&d=mm&r=g\",\"caption\":\"Ismael Lucas S. Pereira\"},\"url\":\"https:\\\/\\\/diariodepe.com.br\\\/cri\\\/author\\\/ismael-lucas\\\/\"}]}<\/script>\n<!-- \/ Yoast SEO plugin. -->","yoast_head_json":{"title":"Epis\u00f3dio 5 do document\u00e1rio \u201cCaminho rumo \u00e0 prosperidade\u201d: coopera\u00e7\u00e3o em desenvolvimento verde e inovador - CRI e Diario de Pernambuco","robots":{"index":"index","follow":"follow","max-snippet":"max-snippet:-1","max-image-preview":"max-image-preview:large","max-video-preview":"max-video-preview:-1"},"canonical":"https:\/\/diariodepe.com.br\/cri\/2023\/10\/18\/episodio-5-do-documentario-caminho-rumo-a-prosperidade-cooperacao-em-desenvolvimento-verde-e-inovador\/","og_locale":"pt_BR","og_type":"article","og_title":"Epis\u00f3dio 5 do document\u00e1rio \u201cCaminho rumo \u00e0 prosperidade\u201d: coopera\u00e7\u00e3o em desenvolvimento verde e inovador - CRI e Diario de Pernambuco","og_description":"Em 26 de abril de 2019, quando foi realizado o 2\u00ba F\u00f3rum do Cintur\u00e3o e Rota para a Coopera\u00e7\u00e3o Internacional, o presidente chin\u00eas, Xi Jinping, disse: \u201c\u00c9 preciso tomar o desenvolvimento verde como o fundamento na coopera\u00e7\u00e3o e promover a...","og_url":"https:\/\/diariodepe.com.br\/cri\/2023\/10\/18\/episodio-5-do-documentario-caminho-rumo-a-prosperidade-cooperacao-em-desenvolvimento-verde-e-inovador\/","og_site_name":"CRI e Diario de Pernambuco","article_published_time":"2023-10-18T07:09:01+00:00","author":"Ismael Lucas S. Pereira","twitter_card":"summary_large_image","twitter_misc":{"Escrito por":"Ismael Lucas S. Pereira"},"schema":{"@context":"https:\/\/schema.org","@graph":[{"@type":"Article","@id":"https:\/\/diariodepe.com.br\/cri\/2023\/10\/18\/episodio-5-do-documentario-caminho-rumo-a-prosperidade-cooperacao-em-desenvolvimento-verde-e-inovador\/#article","isPartOf":{"@id":"https:\/\/diariodepe.com.br\/cri\/2023\/10\/18\/episodio-5-do-documentario-caminho-rumo-a-prosperidade-cooperacao-em-desenvolvimento-verde-e-inovador\/"},"author":{"name":"Ismael Lucas S. Pereira","@id":"https:\/\/diariodepe.com.br\/cri\/#\/schema\/person\/121bb28d84f1a5b1205ef4ce9c2e0c6b"},"headline":"Epis\u00f3dio 5 do document\u00e1rio \u201cCaminho rumo \u00e0 prosperidade\u201d: coopera\u00e7\u00e3o em desenvolvimento verde e inovador","datePublished":"2023-10-18T07:09:01+00:00","mainEntityOfPage":{"@id":"https:\/\/diariodepe.com.br\/cri\/2023\/10\/18\/episodio-5-do-documentario-caminho-rumo-a-prosperidade-cooperacao-em-desenvolvimento-verde-e-inovador\/"},"wordCount":258,"commentCount":0,"publisher":{"@id":"https:\/\/diariodepe.com.br\/cri\/#organization"},"articleSection":["China"],"inLanguage":"pt-BR","potentialAction":[{"@type":"CommentAction","name":"Comment","target":["https:\/\/diariodepe.com.br\/cri\/2023\/10\/18\/episodio-5-do-documentario-caminho-rumo-a-prosperidade-cooperacao-em-desenvolvimento-verde-e-inovador\/#respond"]}]},{"@type":"WebPage","@id":"https:\/\/diariodepe.com.br\/cri\/2023\/10\/18\/episodio-5-do-documentario-caminho-rumo-a-prosperidade-cooperacao-em-desenvolvimento-verde-e-inovador\/","url":"https:\/\/diariodepe.com.br\/cri\/2023\/10\/18\/episodio-5-do-documentario-caminho-rumo-a-prosperidade-cooperacao-em-desenvolvimento-verde-e-inovador\/","name":"Epis\u00f3dio 5 do document\u00e1rio \u201cCaminho rumo \u00e0 prosperidade\u201d: coopera\u00e7\u00e3o em desenvolvimento verde e inovador - CRI e Diario de Pernambuco","isPartOf":{"@id":"https:\/\/diariodepe.com.br\/cri\/#website"},"datePublished":"2023-10-18T07:09:01+00:00","breadcrumb":{"@id":"https:\/\/diariodepe.com.br\/cri\/2023\/10\/18\/episodio-5-do-documentario-caminho-rumo-a-prosperidade-cooperacao-em-desenvolvimento-verde-e-inovador\/#breadcrumb"},"inLanguage":"pt-BR","potentialAction":[{"@type":"ReadAction","target":["https:\/\/diariodepe.com.br\/cri\/2023\/10\/18\/episodio-5-do-documentario-caminho-rumo-a-prosperidade-cooperacao-em-desenvolvimento-verde-e-inovador\/"]}]},{"@type":"BreadcrumbList","@id":"https:\/\/diariodepe.com.br\/cri\/2023\/10\/18\/episodio-5-do-documentario-caminho-rumo-a-prosperidade-cooperacao-em-desenvolvimento-verde-e-inovador\/#breadcrumb","itemListElement":[{"@type":"ListItem","position":1,"name":"In\u00edcio","item":"https:\/\/diariodepe.com.br\/cri\/"},{"@type":"ListItem","position":2,"name":"Epis\u00f3dio 5 do document\u00e1rio \u201cCaminho rumo \u00e0 prosperidade\u201d: coopera\u00e7\u00e3o em desenvolvimento verde e inovador"}]},{"@type":"WebSite","@id":"https:\/\/diariodepe.com.br\/cri\/#website","url":"https:\/\/diariodepe.com.br\/cri\/","name":"CRI e Diario de Pernambuco","description":"R\u00e1dio Internacional da China","publisher":{"@id":"https:\/\/diariodepe.com.br\/cri\/#organization"},"potentialAction":[{"@type":"SearchAction","target":{"@type":"EntryPoint","urlTemplate":"https:\/\/diariodepe.com.br\/cri\/?s={search_term_string}"},"query-input":{"@type":"PropertyValueSpecification","valueRequired":true,"valueName":"search_term_string"}}],"inLanguage":"pt-BR"},{"@type":"Organization","@id":"https:\/\/diariodepe.com.br\/cri\/#organization","name":"CRI e Diario de Pernambuco","url":"https:\/\/diariodepe.com.br\/cri\/","logo":{"@type":"ImageObject","inLanguage":"pt-BR","@id":"https:\/\/diariodepe.com.br\/cri\/#\/schema\/logo\/image\/","url":"https:\/\/diariodepe.com.br\/cri\/wp-content\/uploads\/sites\/2\/2022\/12\/cropped-Logo.jpg","contentUrl":"https:\/\/diariodepe.com.br\/cri\/wp-content\/uploads\/sites\/2\/2022\/12\/cropped-Logo.jpg","width":700,"height":59,"caption":"CRI e Diario de Pernambuco"},"image":{"@id":"https:\/\/diariodepe.com.br\/cri\/#\/schema\/logo\/image\/"}},{"@type":"Person","@id":"https:\/\/diariodepe.com.br\/cri\/#\/schema\/person\/121bb28d84f1a5b1205ef4ce9c2e0c6b","name":"Ismael Lucas S. Pereira","image":{"@type":"ImageObject","inLanguage":"pt-BR","@id":"https:\/\/secure.gravatar.com\/avatar\/887a0f3b5a7ceea963a48499fb883ffce6b5037362def025c52c2505b15d63e4?s=96&d=mm&r=g","url":"https:\/\/secure.gravatar.com\/avatar\/887a0f3b5a7ceea963a48499fb883ffce6b5037362def025c52c2505b15d63e4?s=96&d=mm&r=g","contentUrl":"https:\/\/secure.gravatar.com\/avatar\/887a0f3b5a7ceea963a48499fb883ffce6b5037362def025c52c2505b15d63e4?s=96&d=mm&r=g","caption":"Ismael Lucas S. Pereira"},"url":"https:\/\/diariodepe.com.br\/cri\/author\/ismael-lucas\/"}]}},"cc_featured_image_caption":{"caption_text":false,"source_text":false,"source_url":false},"amp_enabled":true,"_links":{"self":[{"href":"https:\/\/diariodepe.com.br\/cri\/wp-json\/wp\/v2\/posts\/3168","targetHints":{"allow":["GET"]}}],"collection":[{"href":"https:\/\/diariodepe.com.br\/cri\/wp-json\/wp\/v2\/posts"}],"about":[{"href":"https:\/\/diariodepe.com.br\/cri\/wp-json\/wp\/v2\/types\/post"}],"author":[{"embeddable":true,"href":"https:\/\/diariodepe.com.br\/cri\/wp-json\/wp\/v2\/users\/2"}],"replies":[{"embeddable":true,"href":"https:\/\/diariodepe.com.br\/cri\/wp-json\/wp\/v2\/comments?post=3168"}],"version-history":[{"count":1,"href":"https:\/\/diariodepe.com.br\/cri\/wp-json\/wp\/v2\/posts\/3168\/revisions"}],"predecessor-version":[{"id":3169,"href":"https:\/\/diariodepe.com.br\/cri\/wp-json\/wp\/v2\/posts\/3168\/revisions\/3169"}],"wp:attachment":[{"href":"https:\/\/diariodepe.com.br\/cri\/wp-json\/wp\/v2\/media?parent=3168"}],"wp:term":[{"taxonomy":"category","embeddable":true,"href":"https:\/\/diariodepe.com.br\/cri\/wp-json\/wp\/v2\/categories?post=3168"},{"taxonomy":"post_tag","embeddable":true,"href":"https:\/\/diariodepe.com.br\/cri\/wp-json\/wp\/v2\/tags?post=3168"}],"curies":[{"name":"wp","href":"https:\/\/api.w.org\/{rel}","templated":true}]}}