{"id":3160,"date":"2023-10-18T04:06:21","date_gmt":"2023-10-18T07:06:21","guid":{"rendered":"https:\/\/diariodepe.com.br\/cri\/?p=3160"},"modified":"2023-10-18T04:06:21","modified_gmt":"2023-10-18T07:06:21","slug":"livro-de-xi-jinping-sobre-iniciativa-cinturao-e-rota-e-lancado-em-beijing","status":"publish","type":"post","link":"https:\/\/diariodepe.com.br\/cri\/2023\/10\/18\/livro-de-xi-jinping-sobre-iniciativa-cinturao-e-rota-e-lancado-em-beijing\/","title":{"rendered":"Livro de Xi Jinping sobre iniciativa \u201cCintur\u00e3o e Rota\u201d \u00e9 lan\u00e7ado em Beijing"},"content":{"rendered":"<p>Em 16 de outubro, foi lan\u00e7ado em Beijing o livro\u00a0de Xi Jinping sobre a iniciativa \u201cCintur\u00e3o e Rota\u201d em tradu\u00e7\u00f5es para\u00a0\u00e1rabe, espanhol, portugu\u00eas, alem\u00e3o e japon\u00eas. Mais de 100 convidados\u00a0participaram da cerim\u00f4nia de lan\u00e7amento, incluindo diplomatas dos pa\u00edses integrantes da iniciativa, especialistas e acad\u00eamicos, bem como representantes dos\u00a0setores\u00a0de tradu\u00e7\u00e3o e publica\u00e7\u00e3o.<\/p>\n<p>De acordo com os convidados, este ano marca o 10<sup>o<\/sup>\u00a0anivers\u00e1rio da iniciativa \u201cCintur\u00e3o e Rota\u201d, e nos\u00a0\u00faltimos 10 anos, sob a promo\u00e7\u00e3o do Presidente Xi Jinping e com esfor\u00e7os conjuntos de todos, a iniciativa se transformou de uma proposta chinesa\u00a0numa pr\u00e1tica internacional,\u00a0alcan\u00e7ando assim\u00a0conquistas concretas.<\/p>\n<p>O livro\u00a0cont\u00e9m 42 textos provenientes de documentos\u00a0do\u00a0presidente Xi Jinping datados entre setembro de 2013 e julho de 2018 sobre a\u00a0implementa\u00e7\u00e3o conjunta da iniciativa\u00a0\u201cCintur\u00e3o e Rota\u201d.<\/p>\n","protected":false},"excerpt":{"rendered":"<p>Em 16 de outubro, foi lan\u00e7ado em Beijing o livro\u00a0de Xi Jinping sobre a iniciativa \u201cCintur\u00e3o e Rota\u201d em tradu\u00e7\u00f5es para\u00a0\u00e1rabe, espanhol, portugu\u00eas, alem\u00e3o e japon\u00eas. Mais de 100 convidados\u00a0participaram da cerim\u00f4nia de lan\u00e7amento, incluindo diplomatas dos pa\u00edses integrantes da&#8230;<\/p>\n","protected":false},"author":2,"featured_media":3161,"comment_status":"open","ping_status":"open","sticky":false,"template":"","format":"standard","meta":{"footnotes":""},"categories":[3,5],"tags":[],"class_list":["post-3160","post","type-post","status-publish","format-standard","has-post-thumbnail","hentry","category-china","category-destaques-capa"],"yoast_head":"<!-- This site is optimized with the Yoast SEO plugin v27.4 - https:\/\/yoast.com\/product\/yoast-seo-wordpress\/ -->\n<title>Livro de Xi Jinping sobre iniciativa \u201cCintur\u00e3o e Rota\u201d \u00e9 lan\u00e7ado em Beijing - CRI e Diario de Pernambuco<\/title>\n<meta name=\"robots\" content=\"index, follow, max-snippet:-1, max-image-preview:large, max-video-preview:-1\" \/>\n<link rel=\"canonical\" href=\"https:\/\/diariodepe.com.br\/cri\/2023\/10\/18\/livro-de-xi-jinping-sobre-iniciativa-cinturao-e-rota-e-lancado-em-beijing\/\" \/>\n<meta property=\"og:locale\" content=\"pt_BR\" \/>\n<meta property=\"og:type\" content=\"article\" \/>\n<meta property=\"og:title\" content=\"Livro de Xi Jinping sobre iniciativa \u201cCintur\u00e3o e Rota\u201d \u00e9 lan\u00e7ado em Beijing - CRI e Diario de Pernambuco\" \/>\n<meta property=\"og:description\" content=\"Em 16 de outubro, foi lan\u00e7ado em Beijing o livro\u00a0de Xi Jinping sobre a iniciativa \u201cCintur\u00e3o e Rota\u201d em tradu\u00e7\u00f5es para\u00a0\u00e1rabe, espanhol, portugu\u00eas, alem\u00e3o e japon\u00eas. Mais de 100 convidados\u00a0participaram da cerim\u00f4nia de lan\u00e7amento, incluindo diplomatas dos pa\u00edses integrantes da...\" \/>\n<meta property=\"og:url\" content=\"https:\/\/diariodepe.com.br\/cri\/2023\/10\/18\/livro-de-xi-jinping-sobre-iniciativa-cinturao-e-rota-e-lancado-em-beijing\/\" \/>\n<meta property=\"og:site_name\" content=\"CRI e Diario de Pernambuco\" \/>\n<meta property=\"article:published_time\" content=\"2023-10-18T07:06:21+00:00\" \/>\n<meta property=\"og:image\" content=\"https:\/\/diariodepe.com.br\/cri\/wp-content\/uploads\/sites\/2\/2023\/10\/2023101621173737452.png\" \/>\n\t<meta property=\"og:image:width\" content=\"1920\" \/>\n\t<meta property=\"og:image:height\" content=\"1080\" \/>\n\t<meta property=\"og:image:type\" content=\"image\/png\" \/>\n<meta name=\"author\" content=\"Ismael Lucas S. Pereira\" \/>\n<meta name=\"twitter:card\" content=\"summary_large_image\" \/>\n<meta name=\"twitter:label1\" content=\"Escrito por\" \/>\n\t<meta name=\"twitter:data1\" content=\"Ismael Lucas S. Pereira\" \/>\n\t<meta name=\"twitter:label2\" content=\"Est. tempo de leitura\" \/>\n\t<meta name=\"twitter:data2\" content=\"1 minuto\" \/>\n<script type=\"application\/ld+json\" class=\"yoast-schema-graph\">{\"@context\":\"https:\\\/\\\/schema.org\",\"@graph\":[{\"@type\":\"Article\",\"@id\":\"https:\\\/\\\/diariodepe.com.br\\\/cri\\\/2023\\\/10\\\/18\\\/livro-de-xi-jinping-sobre-iniciativa-cinturao-e-rota-e-lancado-em-beijing\\\/#article\",\"isPartOf\":{\"@id\":\"https:\\\/\\\/diariodepe.com.br\\\/cri\\\/2023\\\/10\\\/18\\\/livro-de-xi-jinping-sobre-iniciativa-cinturao-e-rota-e-lancado-em-beijing\\\/\"},\"author\":{\"name\":\"Ismael Lucas S. Pereira\",\"@id\":\"https:\\\/\\\/diariodepe.com.br\\\/cri\\\/#\\\/schema\\\/person\\\/121bb28d84f1a5b1205ef4ce9c2e0c6b\"},\"headline\":\"Livro de Xi Jinping sobre iniciativa \u201cCintur\u00e3o e Rota\u201d \u00e9 lan\u00e7ado em Beijing\",\"datePublished\":\"2023-10-18T07:06:21+00:00\",\"mainEntityOfPage\":{\"@id\":\"https:\\\/\\\/diariodepe.com.br\\\/cri\\\/2023\\\/10\\\/18\\\/livro-de-xi-jinping-sobre-iniciativa-cinturao-e-rota-e-lancado-em-beijing\\\/\"},\"wordCount\":164,\"commentCount\":0,\"publisher\":{\"@id\":\"https:\\\/\\\/diariodepe.com.br\\\/cri\\\/#organization\"},\"image\":{\"@id\":\"https:\\\/\\\/diariodepe.com.br\\\/cri\\\/2023\\\/10\\\/18\\\/livro-de-xi-jinping-sobre-iniciativa-cinturao-e-rota-e-lancado-em-beijing\\\/#primaryimage\"},\"thumbnailUrl\":\"https:\\\/\\\/diariodepe.com.br\\\/cri\\\/wp-content\\\/uploads\\\/sites\\\/2\\\/2023\\\/10\\\/2023101621173737452.png\",\"articleSection\":[\"China\",\"Destaques Capa\"],\"inLanguage\":\"pt-BR\",\"potentialAction\":[{\"@type\":\"CommentAction\",\"name\":\"Comment\",\"target\":[\"https:\\\/\\\/diariodepe.com.br\\\/cri\\\/2023\\\/10\\\/18\\\/livro-de-xi-jinping-sobre-iniciativa-cinturao-e-rota-e-lancado-em-beijing\\\/#respond\"]}]},{\"@type\":\"WebPage\",\"@id\":\"https:\\\/\\\/diariodepe.com.br\\\/cri\\\/2023\\\/10\\\/18\\\/livro-de-xi-jinping-sobre-iniciativa-cinturao-e-rota-e-lancado-em-beijing\\\/\",\"url\":\"https:\\\/\\\/diariodepe.com.br\\\/cri\\\/2023\\\/10\\\/18\\\/livro-de-xi-jinping-sobre-iniciativa-cinturao-e-rota-e-lancado-em-beijing\\\/\",\"name\":\"Livro de Xi Jinping sobre iniciativa \u201cCintur\u00e3o e Rota\u201d \u00e9 lan\u00e7ado em Beijing - CRI e Diario de Pernambuco\",\"isPartOf\":{\"@id\":\"https:\\\/\\\/diariodepe.com.br\\\/cri\\\/#website\"},\"primaryImageOfPage\":{\"@id\":\"https:\\\/\\\/diariodepe.com.br\\\/cri\\\/2023\\\/10\\\/18\\\/livro-de-xi-jinping-sobre-iniciativa-cinturao-e-rota-e-lancado-em-beijing\\\/#primaryimage\"},\"image\":{\"@id\":\"https:\\\/\\\/diariodepe.com.br\\\/cri\\\/2023\\\/10\\\/18\\\/livro-de-xi-jinping-sobre-iniciativa-cinturao-e-rota-e-lancado-em-beijing\\\/#primaryimage\"},\"thumbnailUrl\":\"https:\\\/\\\/diariodepe.com.br\\\/cri\\\/wp-content\\\/uploads\\\/sites\\\/2\\\/2023\\\/10\\\/2023101621173737452.png\",\"datePublished\":\"2023-10-18T07:06:21+00:00\",\"breadcrumb\":{\"@id\":\"https:\\\/\\\/diariodepe.com.br\\\/cri\\\/2023\\\/10\\\/18\\\/livro-de-xi-jinping-sobre-iniciativa-cinturao-e-rota-e-lancado-em-beijing\\\/#breadcrumb\"},\"inLanguage\":\"pt-BR\",\"potentialAction\":[{\"@type\":\"ReadAction\",\"target\":[\"https:\\\/\\\/diariodepe.com.br\\\/cri\\\/2023\\\/10\\\/18\\\/livro-de-xi-jinping-sobre-iniciativa-cinturao-e-rota-e-lancado-em-beijing\\\/\"]}]},{\"@type\":\"ImageObject\",\"inLanguage\":\"pt-BR\",\"@id\":\"https:\\\/\\\/diariodepe.com.br\\\/cri\\\/2023\\\/10\\\/18\\\/livro-de-xi-jinping-sobre-iniciativa-cinturao-e-rota-e-lancado-em-beijing\\\/#primaryimage\",\"url\":\"https:\\\/\\\/diariodepe.com.br\\\/cri\\\/wp-content\\\/uploads\\\/sites\\\/2\\\/2023\\\/10\\\/2023101621173737452.png\",\"contentUrl\":\"https:\\\/\\\/diariodepe.com.br\\\/cri\\\/wp-content\\\/uploads\\\/sites\\\/2\\\/2023\\\/10\\\/2023101621173737452.png\",\"width\":1920,\"height\":1080},{\"@type\":\"BreadcrumbList\",\"@id\":\"https:\\\/\\\/diariodepe.com.br\\\/cri\\\/2023\\\/10\\\/18\\\/livro-de-xi-jinping-sobre-iniciativa-cinturao-e-rota-e-lancado-em-beijing\\\/#breadcrumb\",\"itemListElement\":[{\"@type\":\"ListItem\",\"position\":1,\"name\":\"In\u00edcio\",\"item\":\"https:\\\/\\\/diariodepe.com.br\\\/cri\\\/\"},{\"@type\":\"ListItem\",\"position\":2,\"name\":\"Livro de Xi Jinping sobre iniciativa \u201cCintur\u00e3o e Rota\u201d \u00e9 lan\u00e7ado em Beijing\"}]},{\"@type\":\"WebSite\",\"@id\":\"https:\\\/\\\/diariodepe.com.br\\\/cri\\\/#website\",\"url\":\"https:\\\/\\\/diariodepe.com.br\\\/cri\\\/\",\"name\":\"CRI e Diario de Pernambuco\",\"description\":\"R\u00e1dio Internacional da China\",\"publisher\":{\"@id\":\"https:\\\/\\\/diariodepe.com.br\\\/cri\\\/#organization\"},\"potentialAction\":[{\"@type\":\"SearchAction\",\"target\":{\"@type\":\"EntryPoint\",\"urlTemplate\":\"https:\\\/\\\/diariodepe.com.br\\\/cri\\\/?s={search_term_string}\"},\"query-input\":{\"@type\":\"PropertyValueSpecification\",\"valueRequired\":true,\"valueName\":\"search_term_string\"}}],\"inLanguage\":\"pt-BR\"},{\"@type\":\"Organization\",\"@id\":\"https:\\\/\\\/diariodepe.com.br\\\/cri\\\/#organization\",\"name\":\"CRI e Diario de Pernambuco\",\"url\":\"https:\\\/\\\/diariodepe.com.br\\\/cri\\\/\",\"logo\":{\"@type\":\"ImageObject\",\"inLanguage\":\"pt-BR\",\"@id\":\"https:\\\/\\\/diariodepe.com.br\\\/cri\\\/#\\\/schema\\\/logo\\\/image\\\/\",\"url\":\"https:\\\/\\\/diariodepe.com.br\\\/cri\\\/wp-content\\\/uploads\\\/sites\\\/2\\\/2022\\\/12\\\/cropped-Logo.jpg\",\"contentUrl\":\"https:\\\/\\\/diariodepe.com.br\\\/cri\\\/wp-content\\\/uploads\\\/sites\\\/2\\\/2022\\\/12\\\/cropped-Logo.jpg\",\"width\":700,\"height\":59,\"caption\":\"CRI e Diario de Pernambuco\"},\"image\":{\"@id\":\"https:\\\/\\\/diariodepe.com.br\\\/cri\\\/#\\\/schema\\\/logo\\\/image\\\/\"}},{\"@type\":\"Person\",\"@id\":\"https:\\\/\\\/diariodepe.com.br\\\/cri\\\/#\\\/schema\\\/person\\\/121bb28d84f1a5b1205ef4ce9c2e0c6b\",\"name\":\"Ismael Lucas S. Pereira\",\"image\":{\"@type\":\"ImageObject\",\"inLanguage\":\"pt-BR\",\"@id\":\"https:\\\/\\\/secure.gravatar.com\\\/avatar\\\/887a0f3b5a7ceea963a48499fb883ffce6b5037362def025c52c2505b15d63e4?s=96&d=mm&r=g\",\"url\":\"https:\\\/\\\/secure.gravatar.com\\\/avatar\\\/887a0f3b5a7ceea963a48499fb883ffce6b5037362def025c52c2505b15d63e4?s=96&d=mm&r=g\",\"contentUrl\":\"https:\\\/\\\/secure.gravatar.com\\\/avatar\\\/887a0f3b5a7ceea963a48499fb883ffce6b5037362def025c52c2505b15d63e4?s=96&d=mm&r=g\",\"caption\":\"Ismael Lucas S. Pereira\"},\"url\":\"https:\\\/\\\/diariodepe.com.br\\\/cri\\\/author\\\/ismael-lucas\\\/\"}]}<\/script>\n<!-- \/ Yoast SEO plugin. -->","yoast_head_json":{"title":"Livro de Xi Jinping sobre iniciativa \u201cCintur\u00e3o e Rota\u201d \u00e9 lan\u00e7ado em Beijing - CRI e Diario de Pernambuco","robots":{"index":"index","follow":"follow","max-snippet":"max-snippet:-1","max-image-preview":"max-image-preview:large","max-video-preview":"max-video-preview:-1"},"canonical":"https:\/\/diariodepe.com.br\/cri\/2023\/10\/18\/livro-de-xi-jinping-sobre-iniciativa-cinturao-e-rota-e-lancado-em-beijing\/","og_locale":"pt_BR","og_type":"article","og_title":"Livro de Xi Jinping sobre iniciativa \u201cCintur\u00e3o e Rota\u201d \u00e9 lan\u00e7ado em Beijing - CRI e Diario de Pernambuco","og_description":"Em 16 de outubro, foi lan\u00e7ado em Beijing o livro\u00a0de Xi Jinping sobre a iniciativa \u201cCintur\u00e3o e Rota\u201d em tradu\u00e7\u00f5es para\u00a0\u00e1rabe, espanhol, portugu\u00eas, alem\u00e3o e japon\u00eas. Mais de 100 convidados\u00a0participaram da cerim\u00f4nia de lan\u00e7amento, incluindo diplomatas dos pa\u00edses integrantes da...","og_url":"https:\/\/diariodepe.com.br\/cri\/2023\/10\/18\/livro-de-xi-jinping-sobre-iniciativa-cinturao-e-rota-e-lancado-em-beijing\/","og_site_name":"CRI e Diario de Pernambuco","article_published_time":"2023-10-18T07:06:21+00:00","og_image":[{"width":1920,"height":1080,"url":"https:\/\/diariodepe.com.br\/cri\/wp-content\/uploads\/sites\/2\/2023\/10\/2023101621173737452.png","type":"image\/png"}],"author":"Ismael Lucas S. Pereira","twitter_card":"summary_large_image","twitter_misc":{"Escrito por":"Ismael Lucas S. Pereira","Est. tempo de leitura":"1 minuto"},"schema":{"@context":"https:\/\/schema.org","@graph":[{"@type":"Article","@id":"https:\/\/diariodepe.com.br\/cri\/2023\/10\/18\/livro-de-xi-jinping-sobre-iniciativa-cinturao-e-rota-e-lancado-em-beijing\/#article","isPartOf":{"@id":"https:\/\/diariodepe.com.br\/cri\/2023\/10\/18\/livro-de-xi-jinping-sobre-iniciativa-cinturao-e-rota-e-lancado-em-beijing\/"},"author":{"name":"Ismael Lucas S. Pereira","@id":"https:\/\/diariodepe.com.br\/cri\/#\/schema\/person\/121bb28d84f1a5b1205ef4ce9c2e0c6b"},"headline":"Livro de Xi Jinping sobre iniciativa \u201cCintur\u00e3o e Rota\u201d \u00e9 lan\u00e7ado em Beijing","datePublished":"2023-10-18T07:06:21+00:00","mainEntityOfPage":{"@id":"https:\/\/diariodepe.com.br\/cri\/2023\/10\/18\/livro-de-xi-jinping-sobre-iniciativa-cinturao-e-rota-e-lancado-em-beijing\/"},"wordCount":164,"commentCount":0,"publisher":{"@id":"https:\/\/diariodepe.com.br\/cri\/#organization"},"image":{"@id":"https:\/\/diariodepe.com.br\/cri\/2023\/10\/18\/livro-de-xi-jinping-sobre-iniciativa-cinturao-e-rota-e-lancado-em-beijing\/#primaryimage"},"thumbnailUrl":"https:\/\/diariodepe.com.br\/cri\/wp-content\/uploads\/sites\/2\/2023\/10\/2023101621173737452.png","articleSection":["China","Destaques Capa"],"inLanguage":"pt-BR","potentialAction":[{"@type":"CommentAction","name":"Comment","target":["https:\/\/diariodepe.com.br\/cri\/2023\/10\/18\/livro-de-xi-jinping-sobre-iniciativa-cinturao-e-rota-e-lancado-em-beijing\/#respond"]}]},{"@type":"WebPage","@id":"https:\/\/diariodepe.com.br\/cri\/2023\/10\/18\/livro-de-xi-jinping-sobre-iniciativa-cinturao-e-rota-e-lancado-em-beijing\/","url":"https:\/\/diariodepe.com.br\/cri\/2023\/10\/18\/livro-de-xi-jinping-sobre-iniciativa-cinturao-e-rota-e-lancado-em-beijing\/","name":"Livro de Xi Jinping sobre iniciativa \u201cCintur\u00e3o e Rota\u201d \u00e9 lan\u00e7ado em Beijing - CRI e Diario de Pernambuco","isPartOf":{"@id":"https:\/\/diariodepe.com.br\/cri\/#website"},"primaryImageOfPage":{"@id":"https:\/\/diariodepe.com.br\/cri\/2023\/10\/18\/livro-de-xi-jinping-sobre-iniciativa-cinturao-e-rota-e-lancado-em-beijing\/#primaryimage"},"image":{"@id":"https:\/\/diariodepe.com.br\/cri\/2023\/10\/18\/livro-de-xi-jinping-sobre-iniciativa-cinturao-e-rota-e-lancado-em-beijing\/#primaryimage"},"thumbnailUrl":"https:\/\/diariodepe.com.br\/cri\/wp-content\/uploads\/sites\/2\/2023\/10\/2023101621173737452.png","datePublished":"2023-10-18T07:06:21+00:00","breadcrumb":{"@id":"https:\/\/diariodepe.com.br\/cri\/2023\/10\/18\/livro-de-xi-jinping-sobre-iniciativa-cinturao-e-rota-e-lancado-em-beijing\/#breadcrumb"},"inLanguage":"pt-BR","potentialAction":[{"@type":"ReadAction","target":["https:\/\/diariodepe.com.br\/cri\/2023\/10\/18\/livro-de-xi-jinping-sobre-iniciativa-cinturao-e-rota-e-lancado-em-beijing\/"]}]},{"@type":"ImageObject","inLanguage":"pt-BR","@id":"https:\/\/diariodepe.com.br\/cri\/2023\/10\/18\/livro-de-xi-jinping-sobre-iniciativa-cinturao-e-rota-e-lancado-em-beijing\/#primaryimage","url":"https:\/\/diariodepe.com.br\/cri\/wp-content\/uploads\/sites\/2\/2023\/10\/2023101621173737452.png","contentUrl":"https:\/\/diariodepe.com.br\/cri\/wp-content\/uploads\/sites\/2\/2023\/10\/2023101621173737452.png","width":1920,"height":1080},{"@type":"BreadcrumbList","@id":"https:\/\/diariodepe.com.br\/cri\/2023\/10\/18\/livro-de-xi-jinping-sobre-iniciativa-cinturao-e-rota-e-lancado-em-beijing\/#breadcrumb","itemListElement":[{"@type":"ListItem","position":1,"name":"In\u00edcio","item":"https:\/\/diariodepe.com.br\/cri\/"},{"@type":"ListItem","position":2,"name":"Livro de Xi Jinping sobre iniciativa \u201cCintur\u00e3o e Rota\u201d \u00e9 lan\u00e7ado em Beijing"}]},{"@type":"WebSite","@id":"https:\/\/diariodepe.com.br\/cri\/#website","url":"https:\/\/diariodepe.com.br\/cri\/","name":"CRI e Diario de Pernambuco","description":"R\u00e1dio Internacional da China","publisher":{"@id":"https:\/\/diariodepe.com.br\/cri\/#organization"},"potentialAction":[{"@type":"SearchAction","target":{"@type":"EntryPoint","urlTemplate":"https:\/\/diariodepe.com.br\/cri\/?s={search_term_string}"},"query-input":{"@type":"PropertyValueSpecification","valueRequired":true,"valueName":"search_term_string"}}],"inLanguage":"pt-BR"},{"@type":"Organization","@id":"https:\/\/diariodepe.com.br\/cri\/#organization","name":"CRI e Diario de Pernambuco","url":"https:\/\/diariodepe.com.br\/cri\/","logo":{"@type":"ImageObject","inLanguage":"pt-BR","@id":"https:\/\/diariodepe.com.br\/cri\/#\/schema\/logo\/image\/","url":"https:\/\/diariodepe.com.br\/cri\/wp-content\/uploads\/sites\/2\/2022\/12\/cropped-Logo.jpg","contentUrl":"https:\/\/diariodepe.com.br\/cri\/wp-content\/uploads\/sites\/2\/2022\/12\/cropped-Logo.jpg","width":700,"height":59,"caption":"CRI e Diario de Pernambuco"},"image":{"@id":"https:\/\/diariodepe.com.br\/cri\/#\/schema\/logo\/image\/"}},{"@type":"Person","@id":"https:\/\/diariodepe.com.br\/cri\/#\/schema\/person\/121bb28d84f1a5b1205ef4ce9c2e0c6b","name":"Ismael Lucas S. Pereira","image":{"@type":"ImageObject","inLanguage":"pt-BR","@id":"https:\/\/secure.gravatar.com\/avatar\/887a0f3b5a7ceea963a48499fb883ffce6b5037362def025c52c2505b15d63e4?s=96&d=mm&r=g","url":"https:\/\/secure.gravatar.com\/avatar\/887a0f3b5a7ceea963a48499fb883ffce6b5037362def025c52c2505b15d63e4?s=96&d=mm&r=g","contentUrl":"https:\/\/secure.gravatar.com\/avatar\/887a0f3b5a7ceea963a48499fb883ffce6b5037362def025c52c2505b15d63e4?s=96&d=mm&r=g","caption":"Ismael Lucas S. Pereira"},"url":"https:\/\/diariodepe.com.br\/cri\/author\/ismael-lucas\/"}]}},"cc_featured_image_caption":{"caption_text":false,"source_text":false,"source_url":false},"amp_enabled":true,"_links":{"self":[{"href":"https:\/\/diariodepe.com.br\/cri\/wp-json\/wp\/v2\/posts\/3160","targetHints":{"allow":["GET"]}}],"collection":[{"href":"https:\/\/diariodepe.com.br\/cri\/wp-json\/wp\/v2\/posts"}],"about":[{"href":"https:\/\/diariodepe.com.br\/cri\/wp-json\/wp\/v2\/types\/post"}],"author":[{"embeddable":true,"href":"https:\/\/diariodepe.com.br\/cri\/wp-json\/wp\/v2\/users\/2"}],"replies":[{"embeddable":true,"href":"https:\/\/diariodepe.com.br\/cri\/wp-json\/wp\/v2\/comments?post=3160"}],"version-history":[{"count":1,"href":"https:\/\/diariodepe.com.br\/cri\/wp-json\/wp\/v2\/posts\/3160\/revisions"}],"predecessor-version":[{"id":3162,"href":"https:\/\/diariodepe.com.br\/cri\/wp-json\/wp\/v2\/posts\/3160\/revisions\/3162"}],"wp:featuredmedia":[{"embeddable":true,"href":"https:\/\/diariodepe.com.br\/cri\/wp-json\/wp\/v2\/media\/3161"}],"wp:attachment":[{"href":"https:\/\/diariodepe.com.br\/cri\/wp-json\/wp\/v2\/media?parent=3160"}],"wp:term":[{"taxonomy":"category","embeddable":true,"href":"https:\/\/diariodepe.com.br\/cri\/wp-json\/wp\/v2\/categories?post=3160"},{"taxonomy":"post_tag","embeddable":true,"href":"https:\/\/diariodepe.com.br\/cri\/wp-json\/wp\/v2\/tags?post=3160"}],"curies":[{"name":"wp","href":"https:\/\/api.w.org\/{rel}","templated":true}]}}