{"id":315,"date":"2023-01-06T08:31:48","date_gmt":"2023-01-06T11:31:48","guid":{"rendered":"https:\/\/diariodepe.com.br\/cri\/?p=315"},"modified":"2023-01-06T08:31:49","modified_gmt":"2023-01-06T11:31:49","slug":"qual-e-a-posicao-da-china-em-relacao-ao-conflito-russia-ucrania","status":"publish","type":"post","link":"https:\/\/diariodepe.com.br\/cri\/2023\/01\/06\/qual-e-a-posicao-da-china-em-relacao-ao-conflito-russia-ucrania\/","title":{"rendered":"<strong>Qual \u00e9 a posi\u00e7\u00e3o da China em rela\u00e7\u00e3o ao conflito R\u00fassia-Ucr\u00e2nia?<\/strong>"},"content":{"rendered":"\n<p>Por Ant\u00f3nio dos Santos Queir\u00f3s, professor e investigador da Universidade de Lisboa<\/p>\n\n\n\n<p>A resposta precisa de recorrer a uma heur\u00edstica negativa e a uma heur\u00edstica positiva. E, em primeiro lugar, compreender a pol\u00edtica internacional da China, num contexto de confronto geopol\u00edtico global.<\/p>\n\n\n\n<p>O recurso cr\u00edtico para entender o caminho chin\u00eas para uma nova era, \u00e9 a filosofia pol\u00edtica, desde as suas ra\u00edzes cl\u00e1ssicas at\u00e9 \u00e0s suas contribui\u00e7\u00f5es modernas. Se olharmos para os \u00faltimos cem anos, a China deixou \u201cflorescer centenas de flores e cem escolas de pensamento, rivalizar\u201d, desde os Tr\u00eas Princ\u00edpios do Povo, de Sun Yat Sen \u00e0 Ecociviliza\u00e7\u00e3o de Xi Jinping. Mas dois princ\u00edpios fundamentais definem permanentemente a consci\u00eancia nacional da China e a posi\u00e7\u00e3o dos seus governos sobre a pol\u00edcia internacional: o respeito pela soberania e integridade territorial e a coexist\u00eancia pac\u00edfica.<\/p>\n\n\n\n<p>Lao Zi escreveu que devemos respeitar as leis intr\u00ednsecas da natureza e das coisas. A agir sem for\u00e7ar. O que significa, agir com a m\u00ednima interfer\u00eancia, mas com firmeza e sentido moral. E escreveu: &#8220;quando o Tao est\u00e1 presente no Universo, os cavalos produzem estrume no campo. Quando o Tao est\u00e1 ausente do Universo, os cavalos de guerra s\u00e3o criados \u00e0 porta das cidades. O homem violento, morrer\u00e1 violentamente.<a><\/a>\u201d<\/p>\n\n\n\n<p>O caminho da paz cruza a pol\u00edtica dos cinco princ\u00edpios da coexist\u00eancia pac\u00edfica, de Mao Zedong e Zhou Enlai, lembremos &#8211; respeito m\u00fatuo pela soberania e integridade territorial, n\u00e3o agress\u00e3o m\u00fatua, n\u00e3o interfer\u00eancia nos assuntos internos uns dos outros, igualdade e coopera\u00e7\u00e3o em benef\u00edcio m\u00fatuo e conviv\u00eancia pac\u00edfica. Os Cinco Princ\u00edpios da Coexist\u00eancia Pac\u00edfica, integrados no pre\u00e2mbulo da Constitui\u00e7\u00e3o da Rep\u00fablica Popular de China, foram adotados pelo Movimento N\u00e3o Alinhado, no auge da Guerra Fria e reproduzido nos Brics, na iniciativa Cintur\u00e3o e Rota, e est\u00e3o presentes em todos os acordos internacionais da China.<\/p>\n\n\n\n<p>Na ONU, desde 1991, a maioria das absten\u00e7\u00f5es do pa\u00eds e todos os seus vetos ocorreram em quest\u00f5es que envolvem integridade territorial, principalmente san\u00e7\u00f5es e a jurisdi\u00e7\u00e3o do Tribunal Penal Internacional, facto comprovado pela investiga\u00e7\u00e3o internacional independente,&nbsp; que concluiu: &#8220;estes votos correspondem diretamente \u00e0 promo\u00e7\u00e3o da China dos Cinco Princ\u00edpios, em especial aos princ\u00edpios do respeito m\u00fatuo pelo territ\u00f3rio e pela soberania e pela n\u00e3o interfer\u00eancia m\u00fatua nos assuntos internos de outros Estados.\u201d<\/p>\n\n\n\n<p>&#8220;Salvaguardar a paz no mundo&#8221; \u00e9 tamb\u00e9m, uma das tr\u00eas tarefas hist\u00f3ricas do caminho do socialismo chin\u00eas, proclamado por Deng Xiaoping,a segunda, &#8220;alcan\u00e7ar a reunifica\u00e7\u00e3o da na\u00e7\u00e3o&#8221;, aplicando o princ\u00edpio de \u201cum pa\u00eds, dois sistemas\u201d, e o terceiro, promover &#8220;a moderniza\u00e7\u00e3o socialista &#8220;, com a reforma e abertura.<\/p>\n\n\n\n<p>A declara\u00e7\u00e3o pol\u00edtica chinesa, ap\u00f3s o di\u00e1logo telef\u00f3nico de 25 de fevereiro de 2022, quando o presidente Xi Jinping falou com o presidente russo, Vladimir Putin, postulava: &#8220;a China incentiva a R\u00fassia a resolver o conflito atrav\u00e9s de negocia\u00e7\u00f5es com a Ucr\u00e2nia. H\u00e1 muito que a China mant\u00e9m a posi\u00e7\u00e3o b\u00e1sica de respeitar a soberania e a integridade territorial de todos os pa\u00edses e respeitar os prop\u00f3sitos e princ\u00edpios da Carta das Na\u00e7\u00f5es Unidas&#8221;.<\/p>\n\n\n\n<p>Sublinho: a posi\u00e7\u00e3o b\u00e1sica de respeitar a soberania e a integridade territorial de todos os pa\u00edses. E lembro o Tao: agir sem for\u00e7ar. O que significa, agir, com a m\u00ednima interfer\u00eancia, mas com firmeza: a R\u00fassia deve respeitar a soberania e a integridade territorial da Ucr\u00e2nia. E sentido moral: cumprir os prop\u00f3sitos e princ\u00edpios da Carta das Na\u00e7\u00f5es Unidas! A R\u00fassia iniciou as primeiras negocia\u00e7\u00f5es de paz, no dia seguinte.<\/p>\n\n\n\n<p>O discurso pol\u00edtico tamb\u00e9m tem de ser amig\u00e1vel e contido. O presidente Xi Jinping acrescentou: &#8220;\u00e9 importante rejeitar a mentalidade de Guerra Fria e chegar a um mecanismo de seguran\u00e7a europeia atrav\u00e9s da negocia\u00e7\u00e3o&#8221;. Em s\u00edntese: a China n\u00e3o apoia a guerra russa, mas n\u00e3o concorda com a escalada das san\u00e7\u00f5es, considerando que, pessoas inocentes s\u00e3o atingidas, as san\u00e7\u00f5es n\u00e3o respeitam o direito internacional, e podem empurrar o mundo para a recess\u00e3o e o caos econ\u00f4mico. A met\u00e1fora da &#8220;mentalidade de Guerra Fria&#8221; \u00e9 uma refer\u00eancia cr\u00edtica \u00e0 continua\u00e7\u00e3o do avan\u00e7o militar da Organiza\u00e7\u00e3o do Tratado do Atl\u00e2ntico Norte (Otan) para leste, admitindo que esse alargamento tem desafiado as linhas vermelhas estrat\u00e9gicas da R\u00fassia.<\/p>\n\n\n\n<p>A China, paralelamente, prop\u00f4s a Iniciativa de Seguran\u00e7a Global, introduzindo um novo princ\u00edpio para a seguran\u00e7a sustent\u00e1vel: o princ\u00edpio de \u201cseguran\u00e7a indivis\u00edvel\u201d. O presidente chin\u00eas, Xi Jinping, manteve em 15 de junho uma conversa telef\u00f3nica com o seu hom\u00f3logo russo, Vladimir Putin, e recentemente, conversa\u00e7\u00f5es em pessoa. E a China n\u00e3o mudou a sua posi\u00e7\u00e3o de princ\u00edpio. O presidente russo afirma agora que apoia a Iniciativa de Seguran\u00e7a Global.<\/p>\n\n\n\n<p>E, finalmente, mas n\u00e3o menos importante: durante a 77\u00aa Assembleias da ONU, um dia antes do referendo, o Ministro dos Neg\u00f3cios Estrangeiros chin\u00eas, numa reuni\u00e3o com o Ministro dos Neg\u00f3cios Estrangeiros ucraniano, afirmou que o presidente chin\u00eas, Xi Jinping, reafirma que a soberania e a integridade territorial de todos os pa\u00edses devem ser respeitadas, os objetivos e os princ\u00edpios da Carta das Na\u00e7\u00f5es Unidas devem ser plenamente respeitados, as leg\u00edtimas preocupa\u00e7\u00f5es de seguran\u00e7a de todos os pa\u00edses devem ser levadas a s\u00e9rio, e todos os esfor\u00e7os que conduzam \u00e0 resolu\u00e7\u00e3o pac\u00edfica da crise devem ser apoiados.<\/p>\n\n\n\n<p><a>A Iniciativa de Seguran\u00e7a&nbsp;<\/a><a>Global&nbsp;<\/a>e o princ\u00edpio de \u201dseguran\u00e7a indivis\u00edvel<a><\/a>\u201d<\/p>\n\n\n\n<p>O presidente Xi Jinping prop\u00f5e&nbsp;<a>a Iniciativa de Seguran\u00e7a Global na Confer\u00eancia Anual do F\u00f3rum de Boao para a \u00c1sia, em abril de 2022 o princ\u00edpio de \u201cseguran\u00e7a indivis\u00edvel<\/a>\u201d, rejeita o caminho da constru\u00e7\u00e3o da pr\u00f3pria seguran\u00e7a em detrimento da seguran\u00e7a dos outros, em oposi\u00e7\u00e3o ao conceito estrat\u00e9gico que levou \u00e0 cria\u00e7\u00e3o da Otan e do Pacto de Vars\u00f3via, e \u00e0 escalada da Guerra Fria.<\/p>\n\n\n\n<p>Este princ\u00edpio est\u00e1 em conson\u00e2ncia com os princ\u00edpios da ONU, est\u00e1 empenhado em respeitar a soberania e a integridade de todos os pa\u00edses, defende a n\u00e3o interfer\u00eancia nos seus assuntos internos e respeita os diferentes regimes pol\u00edticos e sociais escolhidos pela hist\u00f3ria dos seus povos.<\/p>\n\n\n\n<p>\u00c9 uma nova arquitetura, para a paz perp\u00e9tua, com que sonhava o fil\u00f3sofo alem\u00e3o Immanuel Kant, que hoje pode passar para a realidade a partir das Na\u00e7\u00f5es Unidas e ser acompanhada pelo desmantelamento progressivo dos pactos militares e pela redu\u00e7\u00e3o progressiva das armas de destrui\u00e7\u00e3o em massa &#8211; nuclear, qu\u00edmica, biol\u00f3gica, digital. A \u00faltima declara\u00e7\u00e3o do representante chin\u00eas na ONU, refor\u00e7a esta posi\u00e7\u00e3o, a China quer que todas as armas de destrui\u00e7\u00e3o maci\u00e7a sejam banidas.<\/p>\n\n\n\n<p>O plano dos EUA contra \u201ca amea\u00e7a chinesa\u201d e a Iniciativa Chinesa de Desenvolvimento Global<\/p>\n\n\n\n<p>No ano de 2021, dois documentos estabeleceram duas estrat\u00e9gias opostas para o mundo.<\/p>\n\n\n\n<p>A Iniciativa de Desenvolvimento Global (GDI), proposta pela China na Assembleia das Na\u00e7\u00f5es Unidas em 2021, que visa recuperar e concretizar a Agenda 2030 das Na\u00e7\u00f5es Unidas para o Desenvolvimento Sustent\u00e1vel, colocada em risco pela pandemia e pelos conflitos regionais, com um forte contributo da China em todos os dom\u00ednios cr\u00edticos, da sa\u00fade \u00e0 transi\u00e7\u00e3o ecol\u00f3gica.<\/p>\n\n\n\n<p>O denominado &#8220;Plano de A\u00e7\u00e3o Estrat\u00e9gica face \u00e0 China, para combater a amea\u00e7a colocada pela Rep\u00fablica Popular da China&#8221;, da responsabilidade do Departamento de Seguran\u00e7a Interna (DHS), dos EUA. Este plano \u00e9 a chave para entender a intensifica\u00e7\u00e3o de campanhas hostis sobre Hong Kong, Xinjiang e Taiwan, e incidentes como a suspei\u00e7\u00e3o em torno da tecnologia 5G. E explica porque \u00e9 que a China acusa os EUA de empurrar o sistema internacional para o rumo da &#8220;dessiniza\u00e7\u00e3o&#8221;, elevando o estatuto do G7 e desvalorizando a import\u00e2ncia do G20 e lan\u00e7ando novos acordos multilaterais que excluem a China, como o Di\u00e1logo de Seguran\u00e7a Quadrilateral (QUAD) e a Plataforma Econ\u00f4mica Indo-Pac\u00edfico para a Prosperidade. O plano estadunidense anuncia a restri\u00e7\u00e3o e vigil\u00e2ncia policial de todas as atividades e cidad\u00e3os da China nos EUA e uma parceria global em todos os continentes, incluindo o \u00c1rtico, mas tamb\u00e9m o espa\u00e7o sideral, com a mesma inten\u00e7\u00e3o negativa. O &nbsp;Acordo de Investimento Global China-UE &nbsp;foi a primeira v\u00edtima desse plano agressivo.<\/p>\n\n\n\n<p>Este acordo pode sustentar a queda da Europa<\/p>\n\n\n\n<p>Quando o Acordo de Investimento Global China-UE (CAI), ap\u00f3s sete anos de negocia\u00e7\u00f5es, foi finalmente assinado em dezembro de 2020, \u00darsula Von der Leyden, presidente da Comiss\u00e3o Europeia-CE, sinalizou a sua import\u00e2ncia estrat\u00e9gica para a Uni\u00e3o Europeia, j\u00e1 a viver numa nova crise econ\u00f4mica acelerada pela pandemia, porque o CAI permitiria um &#8220;acesso sem precedentes ao mercado chin\u00eas&#8221;.<\/p>\n\n\n\n<p>Os chineses e os europeus quiseram facilitar o acesso ao mercado e reduzir as barreiras ao investimento, ajudando a recuperar a ind\u00fastria e a economia europeias em sectores como os transportes, os equipamentos de sa\u00fade, as telecomunica\u00e7\u00f5es&#8230;<\/p>\n\n\n\n<p>No entanto, o Parlamento Europeu decretou san\u00e7\u00f5es contra os funcion\u00e1rios chineses e a China respondeu com san\u00e7\u00f5es contra alguns funcion\u00e1rios da UE. Ao aplicar o Plano contra a China, os l\u00edderes norte-americanos voltaram a usar a sua influ\u00eancia sobre os partidos dominantes no Parlamento Europeu para suspender a ratifica\u00e7\u00e3o do acordo. Von Leyden foi silenciada.<\/p>\n\n\n\n<p>O que realmente acontece em Xinjiang? Uma zona piloto da ecociviliza\u00e7\u00e3o! Dezenove embaixadores da Europa, al\u00e9m do Jap\u00e3o, Canad\u00e1 e Austr\u00e1lia enviaram cartas \u00e0 Comiss\u00e3o de Direitos Humanos da ONU criticando a pol\u00edtica do governo central em Xinjiang em rela\u00e7\u00e3o aos grupos \u00e9tnicos.&nbsp; Sessenta e cinco pa\u00edses, incluindo os principais pa\u00edses mu\u00e7ulmanos,&nbsp; apoiaram a pol\u00edtica chinesa em Xinjiang atrav\u00e9s da carta de resposta dirigida \u00e0 referida Comiss\u00e3o, elogiando aquilo a que chamam \u201cas not\u00e1veis conquistas da China no dom\u00ednio dos direitos humanos\u201d. E sublinharam:<\/p>\n\n\n\n<p>&#8220;Perante o grave desafio do terrorismo e do extremismo, a China empreendeu uma s\u00e9rie de medidas de combate ao terrorismo e desradicaliza\u00e7\u00e3o em Xinjiang, incluindo a cria\u00e7\u00e3o de centros de forma\u00e7\u00e3o e educa\u00e7\u00e3o profissionais&#8221;.<\/p>\n\n\n\n<p>Nenhum dos pa\u00edses mu\u00e7ulmanos apoia as acusa\u00e7\u00f5es dos EUA. Lembro que o Comiss\u00e3o de Combate ao Terrorismo do Conselho de Seguran\u00e7a das Na\u00e7\u00f5es Unidas registou 16 anos de ataques terroristas em Xinjiang. A carta que apoia a China \u00e9 assinada pelos grandes pa\u00edses isl\u00e2micos, incluindo aliados dos EUA, Ar\u00e1bia Saudita, Paquist\u00e3o, Om\u00e3, Kuwait, Qatar, Emirados \u00c1rabes Unidos, Bahrein.<\/p>\n\n\n\n<p>A guerra econ\u00f3mica contra a China<\/p>\n\n\n\n<p>Do ponto de vista da China, todos os conflitos que os Estados Unidos promovem direta ou indiretamente, recorrendo \u00e0 inger\u00eancia, agress\u00e3o e guerra civil, fazem parte de um plano estrat\u00e9gico para reconquistar a hegemonia. A fus\u00e3o do complexo militar-industrial com a oligarquia financeira, do petr\u00f3leo, do imobili\u00e1rio e do neg\u00f3cio dos media criou uma profunda divis\u00e3o social onde 1% dos americanos controlam 93% do produto interno bruto (PIB), e o or\u00e7amento dos dois partidos hegem\u00f3nicos depende do seu financiamento. Mas todas as tentativas de introduzir responsabilidades e san\u00e7\u00f5es contra a China, relacionadas com a guerra na Ucr\u00e2nia, falharam. E \u00e9 uma m\u00e1 ideia tentar provocar uma recess\u00e3o na economia chinesa, quando os EUA e a Uni\u00e3o Europeia podem entrar em recess\u00e3o.<\/p>\n\n\n\n<p>Na perspetiva da China, um mundo dividido por confrontos de blocos, com conflitos t\u00e1ticos militares, a supremacia dos neg\u00f3cios sobre o ambiente e os Direitos Humanos, s\u00e3o o cerne da economia pol\u00edtica dos EUA, tragicamente comprovada pela compara\u00e7\u00e3o da mortalidade da Covid-19, um milh\u00e3o e quarenta mil \u00f3bitos nos EUA, cinco mil e duzentos falecidos na China.<\/p>\n\n\n\n<p>A China recusa o caminho da Otan de uma nova corrida ao armamento e conclama os pa\u00edses de distintos regimes pol\u00edticos, a constru\u00edrem em paz e coopera\u00e7\u00e3o um futuro comum para a humanidade.<\/p>\n\n\n\n<p>A implementa\u00e7\u00e3o do Acordo de Investimento Global China-UE (CAI) pode impactar a Ucr\u00e2nia e todos os pa\u00edses euro-asi\u00e1ticos, envolvendo-os na constru\u00e7\u00e3o de um futuro pac\u00edfico e comum, e apoiar a reconstru\u00e7\u00e3o sustent\u00e1vel da Ucr\u00e2nia.<\/p>\n\n\n\n<p>Do fundo do meu cora\u00e7\u00e3o, desejo, para o novo ano dos povos da Ucr\u00e2nia e da R\u00fassia, em conson\u00e2ncia com a pol\u00edtica da China, paz e reconcilia\u00e7\u00e3o.<\/p>\n","protected":false},"excerpt":{"rendered":"<p>Por Ant\u00f3nio dos Santos Queir\u00f3s, professor e investigador da Universidade de Lisboa A resposta precisa de recorrer a uma heur\u00edstica negativa e a uma heur\u00edstica positiva. E, em primeiro lugar, compreender a pol\u00edtica internacional da China, num contexto de confronto&#8230;<\/p>\n","protected":false},"author":2,"featured_media":316,"comment_status":"open","ping_status":"open","sticky":false,"template":"","format":"standard","meta":{"footnotes":""},"categories":[7],"tags":[],"class_list":["post-315","post","type-post","status-publish","format-standard","has-post-thumbnail","hentry","category-visao"],"yoast_head":"<!-- This site is optimized with the Yoast SEO plugin v27.4 - https:\/\/yoast.com\/product\/yoast-seo-wordpress\/ -->\n<title>Qual \u00e9 a posi\u00e7\u00e3o da China em rela\u00e7\u00e3o ao conflito R\u00fassia-Ucr\u00e2nia? - CRI e Diario de Pernambuco<\/title>\n<meta name=\"robots\" content=\"index, follow, max-snippet:-1, max-image-preview:large, max-video-preview:-1\" \/>\n<link rel=\"canonical\" href=\"https:\/\/diariodepe.com.br\/cri\/2023\/01\/06\/qual-e-a-posicao-da-china-em-relacao-ao-conflito-russia-ucrania\/\" \/>\n<meta property=\"og:locale\" content=\"pt_BR\" \/>\n<meta property=\"og:type\" content=\"article\" \/>\n<meta property=\"og:title\" content=\"Qual \u00e9 a posi\u00e7\u00e3o da China em rela\u00e7\u00e3o ao conflito R\u00fassia-Ucr\u00e2nia? - CRI e Diario de Pernambuco\" \/>\n<meta property=\"og:description\" content=\"Por Ant\u00f3nio dos Santos Queir\u00f3s, professor e investigador da Universidade de Lisboa A resposta precisa de recorrer a uma heur\u00edstica negativa e a uma heur\u00edstica positiva. E, em primeiro lugar, compreender a pol\u00edtica internacional da China, num contexto de confronto...\" \/>\n<meta property=\"og:url\" content=\"https:\/\/diariodepe.com.br\/cri\/2023\/01\/06\/qual-e-a-posicao-da-china-em-relacao-ao-conflito-russia-ucrania\/\" \/>\n<meta property=\"og:site_name\" content=\"CRI e Diario de Pernambuco\" \/>\n<meta property=\"article:published_time\" content=\"2023-01-06T11:31:48+00:00\" \/>\n<meta property=\"article:modified_time\" content=\"2023-01-06T11:31:49+00:00\" \/>\n<meta property=\"og:image\" content=\"https:\/\/diariodepe.com.br\/cri\/wp-content\/uploads\/sites\/2\/2023\/01\/2023010616102523717.jpg\" \/>\n\t<meta property=\"og:image:width\" content=\"560\" \/>\n\t<meta property=\"og:image:height\" content=\"371\" \/>\n\t<meta property=\"og:image:type\" content=\"image\/jpeg\" \/>\n<meta name=\"author\" content=\"Ismael Lucas S. Pereira\" \/>\n<meta name=\"twitter:card\" content=\"summary_large_image\" \/>\n<meta name=\"twitter:label1\" content=\"Escrito por\" \/>\n\t<meta name=\"twitter:data1\" content=\"Ismael Lucas S. Pereira\" \/>\n\t<meta name=\"twitter:label2\" content=\"Est. tempo de leitura\" \/>\n\t<meta name=\"twitter:data2\" content=\"11 minutos\" \/>\n<script type=\"application\/ld+json\" class=\"yoast-schema-graph\">{\"@context\":\"https:\\\/\\\/schema.org\",\"@graph\":[{\"@type\":\"Article\",\"@id\":\"https:\\\/\\\/diariodepe.com.br\\\/cri\\\/2023\\\/01\\\/06\\\/qual-e-a-posicao-da-china-em-relacao-ao-conflito-russia-ucrania\\\/#article\",\"isPartOf\":{\"@id\":\"https:\\\/\\\/diariodepe.com.br\\\/cri\\\/2023\\\/01\\\/06\\\/qual-e-a-posicao-da-china-em-relacao-ao-conflito-russia-ucrania\\\/\"},\"author\":{\"name\":\"Ismael Lucas S. Pereira\",\"@id\":\"https:\\\/\\\/diariodepe.com.br\\\/cri\\\/#\\\/schema\\\/person\\\/121bb28d84f1a5b1205ef4ce9c2e0c6b\"},\"headline\":\"Qual \u00e9 a posi\u00e7\u00e3o da China em rela\u00e7\u00e3o ao conflito R\u00fassia-Ucr\u00e2nia?\",\"datePublished\":\"2023-01-06T11:31:48+00:00\",\"dateModified\":\"2023-01-06T11:31:49+00:00\",\"mainEntityOfPage\":{\"@id\":\"https:\\\/\\\/diariodepe.com.br\\\/cri\\\/2023\\\/01\\\/06\\\/qual-e-a-posicao-da-china-em-relacao-ao-conflito-russia-ucrania\\\/\"},\"wordCount\":2208,\"commentCount\":0,\"publisher\":{\"@id\":\"https:\\\/\\\/diariodepe.com.br\\\/cri\\\/#organization\"},\"image\":{\"@id\":\"https:\\\/\\\/diariodepe.com.br\\\/cri\\\/2023\\\/01\\\/06\\\/qual-e-a-posicao-da-china-em-relacao-ao-conflito-russia-ucrania\\\/#primaryimage\"},\"thumbnailUrl\":\"https:\\\/\\\/diariodepe.com.br\\\/cri\\\/wp-content\\\/uploads\\\/sites\\\/2\\\/2023\\\/01\\\/2023010616102523717.jpg\",\"articleSection\":[\"Vis\u00e3o\"],\"inLanguage\":\"pt-BR\",\"potentialAction\":[{\"@type\":\"CommentAction\",\"name\":\"Comment\",\"target\":[\"https:\\\/\\\/diariodepe.com.br\\\/cri\\\/2023\\\/01\\\/06\\\/qual-e-a-posicao-da-china-em-relacao-ao-conflito-russia-ucrania\\\/#respond\"]}]},{\"@type\":\"WebPage\",\"@id\":\"https:\\\/\\\/diariodepe.com.br\\\/cri\\\/2023\\\/01\\\/06\\\/qual-e-a-posicao-da-china-em-relacao-ao-conflito-russia-ucrania\\\/\",\"url\":\"https:\\\/\\\/diariodepe.com.br\\\/cri\\\/2023\\\/01\\\/06\\\/qual-e-a-posicao-da-china-em-relacao-ao-conflito-russia-ucrania\\\/\",\"name\":\"Qual \u00e9 a posi\u00e7\u00e3o da China em rela\u00e7\u00e3o ao conflito R\u00fassia-Ucr\u00e2nia? - CRI e Diario de Pernambuco\",\"isPartOf\":{\"@id\":\"https:\\\/\\\/diariodepe.com.br\\\/cri\\\/#website\"},\"primaryImageOfPage\":{\"@id\":\"https:\\\/\\\/diariodepe.com.br\\\/cri\\\/2023\\\/01\\\/06\\\/qual-e-a-posicao-da-china-em-relacao-ao-conflito-russia-ucrania\\\/#primaryimage\"},\"image\":{\"@id\":\"https:\\\/\\\/diariodepe.com.br\\\/cri\\\/2023\\\/01\\\/06\\\/qual-e-a-posicao-da-china-em-relacao-ao-conflito-russia-ucrania\\\/#primaryimage\"},\"thumbnailUrl\":\"https:\\\/\\\/diariodepe.com.br\\\/cri\\\/wp-content\\\/uploads\\\/sites\\\/2\\\/2023\\\/01\\\/2023010616102523717.jpg\",\"datePublished\":\"2023-01-06T11:31:48+00:00\",\"dateModified\":\"2023-01-06T11:31:49+00:00\",\"breadcrumb\":{\"@id\":\"https:\\\/\\\/diariodepe.com.br\\\/cri\\\/2023\\\/01\\\/06\\\/qual-e-a-posicao-da-china-em-relacao-ao-conflito-russia-ucrania\\\/#breadcrumb\"},\"inLanguage\":\"pt-BR\",\"potentialAction\":[{\"@type\":\"ReadAction\",\"target\":[\"https:\\\/\\\/diariodepe.com.br\\\/cri\\\/2023\\\/01\\\/06\\\/qual-e-a-posicao-da-china-em-relacao-ao-conflito-russia-ucrania\\\/\"]}]},{\"@type\":\"ImageObject\",\"inLanguage\":\"pt-BR\",\"@id\":\"https:\\\/\\\/diariodepe.com.br\\\/cri\\\/2023\\\/01\\\/06\\\/qual-e-a-posicao-da-china-em-relacao-ao-conflito-russia-ucrania\\\/#primaryimage\",\"url\":\"https:\\\/\\\/diariodepe.com.br\\\/cri\\\/wp-content\\\/uploads\\\/sites\\\/2\\\/2023\\\/01\\\/2023010616102523717.jpg\",\"contentUrl\":\"https:\\\/\\\/diariodepe.com.br\\\/cri\\\/wp-content\\\/uploads\\\/sites\\\/2\\\/2023\\\/01\\\/2023010616102523717.jpg\",\"width\":560,\"height\":371},{\"@type\":\"BreadcrumbList\",\"@id\":\"https:\\\/\\\/diariodepe.com.br\\\/cri\\\/2023\\\/01\\\/06\\\/qual-e-a-posicao-da-china-em-relacao-ao-conflito-russia-ucrania\\\/#breadcrumb\",\"itemListElement\":[{\"@type\":\"ListItem\",\"position\":1,\"name\":\"In\u00edcio\",\"item\":\"https:\\\/\\\/diariodepe.com.br\\\/cri\\\/\"},{\"@type\":\"ListItem\",\"position\":2,\"name\":\"Qual \u00e9 a posi\u00e7\u00e3o da China em rela\u00e7\u00e3o ao conflito R\u00fassia-Ucr\u00e2nia?\"}]},{\"@type\":\"WebSite\",\"@id\":\"https:\\\/\\\/diariodepe.com.br\\\/cri\\\/#website\",\"url\":\"https:\\\/\\\/diariodepe.com.br\\\/cri\\\/\",\"name\":\"CRI e Diario de Pernambuco\",\"description\":\"R\u00e1dio Internacional da China\",\"publisher\":{\"@id\":\"https:\\\/\\\/diariodepe.com.br\\\/cri\\\/#organization\"},\"potentialAction\":[{\"@type\":\"SearchAction\",\"target\":{\"@type\":\"EntryPoint\",\"urlTemplate\":\"https:\\\/\\\/diariodepe.com.br\\\/cri\\\/?s={search_term_string}\"},\"query-input\":{\"@type\":\"PropertyValueSpecification\",\"valueRequired\":true,\"valueName\":\"search_term_string\"}}],\"inLanguage\":\"pt-BR\"},{\"@type\":\"Organization\",\"@id\":\"https:\\\/\\\/diariodepe.com.br\\\/cri\\\/#organization\",\"name\":\"CRI e Diario de Pernambuco\",\"url\":\"https:\\\/\\\/diariodepe.com.br\\\/cri\\\/\",\"logo\":{\"@type\":\"ImageObject\",\"inLanguage\":\"pt-BR\",\"@id\":\"https:\\\/\\\/diariodepe.com.br\\\/cri\\\/#\\\/schema\\\/logo\\\/image\\\/\",\"url\":\"https:\\\/\\\/diariodepe.com.br\\\/cri\\\/wp-content\\\/uploads\\\/sites\\\/2\\\/2022\\\/12\\\/cropped-Logo.jpg\",\"contentUrl\":\"https:\\\/\\\/diariodepe.com.br\\\/cri\\\/wp-content\\\/uploads\\\/sites\\\/2\\\/2022\\\/12\\\/cropped-Logo.jpg\",\"width\":700,\"height\":59,\"caption\":\"CRI e Diario de Pernambuco\"},\"image\":{\"@id\":\"https:\\\/\\\/diariodepe.com.br\\\/cri\\\/#\\\/schema\\\/logo\\\/image\\\/\"}},{\"@type\":\"Person\",\"@id\":\"https:\\\/\\\/diariodepe.com.br\\\/cri\\\/#\\\/schema\\\/person\\\/121bb28d84f1a5b1205ef4ce9c2e0c6b\",\"name\":\"Ismael Lucas S. Pereira\",\"image\":{\"@type\":\"ImageObject\",\"inLanguage\":\"pt-BR\",\"@id\":\"https:\\\/\\\/secure.gravatar.com\\\/avatar\\\/887a0f3b5a7ceea963a48499fb883ffce6b5037362def025c52c2505b15d63e4?s=96&d=mm&r=g\",\"url\":\"https:\\\/\\\/secure.gravatar.com\\\/avatar\\\/887a0f3b5a7ceea963a48499fb883ffce6b5037362def025c52c2505b15d63e4?s=96&d=mm&r=g\",\"contentUrl\":\"https:\\\/\\\/secure.gravatar.com\\\/avatar\\\/887a0f3b5a7ceea963a48499fb883ffce6b5037362def025c52c2505b15d63e4?s=96&d=mm&r=g\",\"caption\":\"Ismael Lucas S. Pereira\"},\"url\":\"https:\\\/\\\/diariodepe.com.br\\\/cri\\\/author\\\/ismael-lucas\\\/\"}]}<\/script>\n<!-- \/ Yoast SEO plugin. -->","yoast_head_json":{"title":"Qual \u00e9 a posi\u00e7\u00e3o da China em rela\u00e7\u00e3o ao conflito R\u00fassia-Ucr\u00e2nia? - CRI e Diario de Pernambuco","robots":{"index":"index","follow":"follow","max-snippet":"max-snippet:-1","max-image-preview":"max-image-preview:large","max-video-preview":"max-video-preview:-1"},"canonical":"https:\/\/diariodepe.com.br\/cri\/2023\/01\/06\/qual-e-a-posicao-da-china-em-relacao-ao-conflito-russia-ucrania\/","og_locale":"pt_BR","og_type":"article","og_title":"Qual \u00e9 a posi\u00e7\u00e3o da China em rela\u00e7\u00e3o ao conflito R\u00fassia-Ucr\u00e2nia? - CRI e Diario de Pernambuco","og_description":"Por Ant\u00f3nio dos Santos Queir\u00f3s, professor e investigador da Universidade de Lisboa A resposta precisa de recorrer a uma heur\u00edstica negativa e a uma heur\u00edstica positiva. E, em primeiro lugar, compreender a pol\u00edtica internacional da China, num contexto de confronto...","og_url":"https:\/\/diariodepe.com.br\/cri\/2023\/01\/06\/qual-e-a-posicao-da-china-em-relacao-ao-conflito-russia-ucrania\/","og_site_name":"CRI e Diario de Pernambuco","article_published_time":"2023-01-06T11:31:48+00:00","article_modified_time":"2023-01-06T11:31:49+00:00","og_image":[{"width":560,"height":371,"url":"https:\/\/diariodepe.com.br\/cri\/wp-content\/uploads\/sites\/2\/2023\/01\/2023010616102523717.jpg","type":"image\/jpeg"}],"author":"Ismael Lucas S. Pereira","twitter_card":"summary_large_image","twitter_misc":{"Escrito por":"Ismael Lucas S. Pereira","Est. tempo de leitura":"11 minutos"},"schema":{"@context":"https:\/\/schema.org","@graph":[{"@type":"Article","@id":"https:\/\/diariodepe.com.br\/cri\/2023\/01\/06\/qual-e-a-posicao-da-china-em-relacao-ao-conflito-russia-ucrania\/#article","isPartOf":{"@id":"https:\/\/diariodepe.com.br\/cri\/2023\/01\/06\/qual-e-a-posicao-da-china-em-relacao-ao-conflito-russia-ucrania\/"},"author":{"name":"Ismael Lucas S. Pereira","@id":"https:\/\/diariodepe.com.br\/cri\/#\/schema\/person\/121bb28d84f1a5b1205ef4ce9c2e0c6b"},"headline":"Qual \u00e9 a posi\u00e7\u00e3o da China em rela\u00e7\u00e3o ao conflito R\u00fassia-Ucr\u00e2nia?","datePublished":"2023-01-06T11:31:48+00:00","dateModified":"2023-01-06T11:31:49+00:00","mainEntityOfPage":{"@id":"https:\/\/diariodepe.com.br\/cri\/2023\/01\/06\/qual-e-a-posicao-da-china-em-relacao-ao-conflito-russia-ucrania\/"},"wordCount":2208,"commentCount":0,"publisher":{"@id":"https:\/\/diariodepe.com.br\/cri\/#organization"},"image":{"@id":"https:\/\/diariodepe.com.br\/cri\/2023\/01\/06\/qual-e-a-posicao-da-china-em-relacao-ao-conflito-russia-ucrania\/#primaryimage"},"thumbnailUrl":"https:\/\/diariodepe.com.br\/cri\/wp-content\/uploads\/sites\/2\/2023\/01\/2023010616102523717.jpg","articleSection":["Vis\u00e3o"],"inLanguage":"pt-BR","potentialAction":[{"@type":"CommentAction","name":"Comment","target":["https:\/\/diariodepe.com.br\/cri\/2023\/01\/06\/qual-e-a-posicao-da-china-em-relacao-ao-conflito-russia-ucrania\/#respond"]}]},{"@type":"WebPage","@id":"https:\/\/diariodepe.com.br\/cri\/2023\/01\/06\/qual-e-a-posicao-da-china-em-relacao-ao-conflito-russia-ucrania\/","url":"https:\/\/diariodepe.com.br\/cri\/2023\/01\/06\/qual-e-a-posicao-da-china-em-relacao-ao-conflito-russia-ucrania\/","name":"Qual \u00e9 a posi\u00e7\u00e3o da China em rela\u00e7\u00e3o ao conflito R\u00fassia-Ucr\u00e2nia? - CRI e Diario de Pernambuco","isPartOf":{"@id":"https:\/\/diariodepe.com.br\/cri\/#website"},"primaryImageOfPage":{"@id":"https:\/\/diariodepe.com.br\/cri\/2023\/01\/06\/qual-e-a-posicao-da-china-em-relacao-ao-conflito-russia-ucrania\/#primaryimage"},"image":{"@id":"https:\/\/diariodepe.com.br\/cri\/2023\/01\/06\/qual-e-a-posicao-da-china-em-relacao-ao-conflito-russia-ucrania\/#primaryimage"},"thumbnailUrl":"https:\/\/diariodepe.com.br\/cri\/wp-content\/uploads\/sites\/2\/2023\/01\/2023010616102523717.jpg","datePublished":"2023-01-06T11:31:48+00:00","dateModified":"2023-01-06T11:31:49+00:00","breadcrumb":{"@id":"https:\/\/diariodepe.com.br\/cri\/2023\/01\/06\/qual-e-a-posicao-da-china-em-relacao-ao-conflito-russia-ucrania\/#breadcrumb"},"inLanguage":"pt-BR","potentialAction":[{"@type":"ReadAction","target":["https:\/\/diariodepe.com.br\/cri\/2023\/01\/06\/qual-e-a-posicao-da-china-em-relacao-ao-conflito-russia-ucrania\/"]}]},{"@type":"ImageObject","inLanguage":"pt-BR","@id":"https:\/\/diariodepe.com.br\/cri\/2023\/01\/06\/qual-e-a-posicao-da-china-em-relacao-ao-conflito-russia-ucrania\/#primaryimage","url":"https:\/\/diariodepe.com.br\/cri\/wp-content\/uploads\/sites\/2\/2023\/01\/2023010616102523717.jpg","contentUrl":"https:\/\/diariodepe.com.br\/cri\/wp-content\/uploads\/sites\/2\/2023\/01\/2023010616102523717.jpg","width":560,"height":371},{"@type":"BreadcrumbList","@id":"https:\/\/diariodepe.com.br\/cri\/2023\/01\/06\/qual-e-a-posicao-da-china-em-relacao-ao-conflito-russia-ucrania\/#breadcrumb","itemListElement":[{"@type":"ListItem","position":1,"name":"In\u00edcio","item":"https:\/\/diariodepe.com.br\/cri\/"},{"@type":"ListItem","position":2,"name":"Qual \u00e9 a posi\u00e7\u00e3o da China em rela\u00e7\u00e3o ao conflito R\u00fassia-Ucr\u00e2nia?"}]},{"@type":"WebSite","@id":"https:\/\/diariodepe.com.br\/cri\/#website","url":"https:\/\/diariodepe.com.br\/cri\/","name":"CRI e Diario de Pernambuco","description":"R\u00e1dio Internacional da China","publisher":{"@id":"https:\/\/diariodepe.com.br\/cri\/#organization"},"potentialAction":[{"@type":"SearchAction","target":{"@type":"EntryPoint","urlTemplate":"https:\/\/diariodepe.com.br\/cri\/?s={search_term_string}"},"query-input":{"@type":"PropertyValueSpecification","valueRequired":true,"valueName":"search_term_string"}}],"inLanguage":"pt-BR"},{"@type":"Organization","@id":"https:\/\/diariodepe.com.br\/cri\/#organization","name":"CRI e Diario de Pernambuco","url":"https:\/\/diariodepe.com.br\/cri\/","logo":{"@type":"ImageObject","inLanguage":"pt-BR","@id":"https:\/\/diariodepe.com.br\/cri\/#\/schema\/logo\/image\/","url":"https:\/\/diariodepe.com.br\/cri\/wp-content\/uploads\/sites\/2\/2022\/12\/cropped-Logo.jpg","contentUrl":"https:\/\/diariodepe.com.br\/cri\/wp-content\/uploads\/sites\/2\/2022\/12\/cropped-Logo.jpg","width":700,"height":59,"caption":"CRI e Diario de Pernambuco"},"image":{"@id":"https:\/\/diariodepe.com.br\/cri\/#\/schema\/logo\/image\/"}},{"@type":"Person","@id":"https:\/\/diariodepe.com.br\/cri\/#\/schema\/person\/121bb28d84f1a5b1205ef4ce9c2e0c6b","name":"Ismael Lucas S. Pereira","image":{"@type":"ImageObject","inLanguage":"pt-BR","@id":"https:\/\/secure.gravatar.com\/avatar\/887a0f3b5a7ceea963a48499fb883ffce6b5037362def025c52c2505b15d63e4?s=96&d=mm&r=g","url":"https:\/\/secure.gravatar.com\/avatar\/887a0f3b5a7ceea963a48499fb883ffce6b5037362def025c52c2505b15d63e4?s=96&d=mm&r=g","contentUrl":"https:\/\/secure.gravatar.com\/avatar\/887a0f3b5a7ceea963a48499fb883ffce6b5037362def025c52c2505b15d63e4?s=96&d=mm&r=g","caption":"Ismael Lucas S. Pereira"},"url":"https:\/\/diariodepe.com.br\/cri\/author\/ismael-lucas\/"}]}},"cc_featured_image_caption":{"caption_text":"","source_text":"","source_url":""},"amp_enabled":true,"_links":{"self":[{"href":"https:\/\/diariodepe.com.br\/cri\/wp-json\/wp\/v2\/posts\/315","targetHints":{"allow":["GET"]}}],"collection":[{"href":"https:\/\/diariodepe.com.br\/cri\/wp-json\/wp\/v2\/posts"}],"about":[{"href":"https:\/\/diariodepe.com.br\/cri\/wp-json\/wp\/v2\/types\/post"}],"author":[{"embeddable":true,"href":"https:\/\/diariodepe.com.br\/cri\/wp-json\/wp\/v2\/users\/2"}],"replies":[{"embeddable":true,"href":"https:\/\/diariodepe.com.br\/cri\/wp-json\/wp\/v2\/comments?post=315"}],"version-history":[{"count":1,"href":"https:\/\/diariodepe.com.br\/cri\/wp-json\/wp\/v2\/posts\/315\/revisions"}],"predecessor-version":[{"id":317,"href":"https:\/\/diariodepe.com.br\/cri\/wp-json\/wp\/v2\/posts\/315\/revisions\/317"}],"wp:featuredmedia":[{"embeddable":true,"href":"https:\/\/diariodepe.com.br\/cri\/wp-json\/wp\/v2\/media\/316"}],"wp:attachment":[{"href":"https:\/\/diariodepe.com.br\/cri\/wp-json\/wp\/v2\/media?parent=315"}],"wp:term":[{"taxonomy":"category","embeddable":true,"href":"https:\/\/diariodepe.com.br\/cri\/wp-json\/wp\/v2\/categories?post=315"},{"taxonomy":"post_tag","embeddable":true,"href":"https:\/\/diariodepe.com.br\/cri\/wp-json\/wp\/v2\/tags?post=315"}],"curies":[{"name":"wp","href":"https:\/\/api.w.org\/{rel}","templated":true}]}}