{"id":312,"date":"2023-01-05T06:43:30","date_gmt":"2023-01-05T09:43:30","guid":{"rendered":"https:\/\/diariodepe.com.br\/cri\/?p=312"},"modified":"2023-01-05T06:43:31","modified_gmt":"2023-01-05T09:43:31","slug":"artigo-da-npr-esclarece-rumores-sobre-vacinas-chinesas-contra-covid-19","status":"publish","type":"post","link":"https:\/\/diariodepe.com.br\/cri\/2023\/01\/05\/artigo-da-npr-esclarece-rumores-sobre-vacinas-chinesas-contra-covid-19\/","title":{"rendered":"<strong>Artigo da NPR esclarece rumores sobre vacinas chinesas contra Covid-19<\/strong>"},"content":{"rendered":"\n<p>Recentemente, o jornalista da NPR Science, Michaeleen Doufleffm, publicou o artigo \u201cChina&#8217;s COVID vaccines: Do the jabs do the job?\u201d, no qual esclarece os rumores sobre a efic\u00e1cia e a seguran\u00e7a das vacinas chinesas contra Covid-19.&nbsp;<\/p>\n\n\n\n<p>Ele aponta que a China est\u00e1 no meio de sua primeira grande onda de Covid-19 e \u00e9 uma das maiores do mundo. No in\u00edcio de dezembro, o pa\u00eds reduziu as restri\u00e7\u00f5es sobre a epidemia e agora os cientistas estimam que o pa\u00eds pode enfrentar mais de 10 milh\u00f5es de novos casos por dia. H\u00e1 tamb\u00e9m a preocupa\u00e7\u00e3o de que a epidemia difundida na China possa ocasionar novas variantes. Mas variantes podem surgir em qualquer parte do mundo neste momento, \u00e0 medida que a Covid-19 continua a circular. &nbsp;<\/p>\n\n\n\n<p>O n\u00famero real de mortos e o impacto total deste surto dependem em grande parte de um fator chave: como as vacinas da China funcionam. As duas principais vacinas utilizadas no pa\u00eds s\u00e3o CoronaVac e Sinopharm, ambas desenvolvidas e fabricadas na pr\u00f3pria China.<\/p>\n\n\n\n<p>Rumor 1: Ouvi dizer que as vacinas chinesas n\u00e3o funcionam muito bem? Isso \u00e9 verdade?&nbsp;<\/p>\n\n\n\n<p>\u201cN\u00e3o, isso n\u00e3o \u00e9 verdade\u201d, diz o epidemiologista Ben Cowling, da Universidade de Hong Kong. \u201cNossa pesquisa em Hong Kong mostrou que isso n\u00e3o \u00e9 verdade. Eu n\u00e3o tenho nenhuma preocupa\u00e7\u00e3o com a efic\u00e1cia das vacinas chinesas\u201d.&nbsp;<\/p>\n\n\n\n<p>As vacinas chinesas n\u00e3o s\u00e3o \u201cvacinas mRNA\u201d como as que a Pfizer e a Moderna fabricam. Em um estudo realizado por Cowling e sua equipe, as vacinas chinesas ofereceram tanta prote\u00e7\u00e3o contra doen\u00e7as graves quanto as vacinas de mRNA para adultos com menos de 60 anos.&nbsp;<\/p>\n\n\n\n<p>Para adultos mais velhos, Cowling aponta que um refor\u00e7o extra &#8211; ou terceira dose &#8211; da CoronaVac eleva a prote\u00e7\u00e3o para cerca de 98%, a mesma prote\u00e7\u00e3o observada com tr\u00eas doses da Pfizer.<\/p>\n\n\n\n<p>Rumor 2: Ouvi dizer que as vacinas chinesas n\u00e3o s\u00e3o seguras ou n\u00e3o foram muito bem testadas. Isso \u00e9 verdade?&nbsp;<\/p>\n\n\n\n<p>Tanto a CoronaVac quanto a Sinopharm, ambas chinesas, foram testadas em mais de uma d\u00fazia de estudos internacionais, incluindo um na Turquia com cerca de 12 mil participantes, um no Brasil com mais de 3 milh\u00f5es de participantes e um no Chile que pesquisou mais de 10 milh\u00f5es de vacina\u00e7\u00f5es. &nbsp;<\/p>\n\n\n\n<p>Em um estudo, olhando especificamente para a seguran\u00e7a da CoronaVac, pesquisadores da Universidade de S\u00e3o Paulo supervisionaram a imuniza\u00e7\u00e3o de cerca de 12 mil pessoas. Eles documentaram &#8220;67 eventos adversos graves, e todos foram determinados como n\u00e3o relacionados \u00e0 vacina\u00e7\u00e3o&#8221;, informou a equipe. &nbsp;<\/p>\n\n\n\n<p>Frente a esses resultados, \u201cos dados dispon\u00edveis at\u00e9 o momento indicam que a vacina Sinovac-CoronaVac \u00e9 geralmente bem tolerada e consistente com o perfil de seguran\u00e7a de outras vacinas inativadas licenciadas\u201d, salientou a OMS em maio de 2021.&nbsp;<\/p>\n\n\n\n<p>CoronaVac e Sinopharm foram administradas em bilh\u00f5es de pessoas em mais de 100 pa\u00edses. Elas representam cerca da metade de todas as vacinas administradas no mundo inteiro em 2021. \u201cNunca vi nenhum relato de efeitos colaterais graves com estas vacinas&#8221;, diz a epidemiologista Jennifer Bouey da Universidade de Georgetown.<\/p>\n","protected":false},"excerpt":{"rendered":"<p>Recentemente, o jornalista da NPR Science, Michaeleen Doufleffm, publicou o artigo \u201cChina&#8217;s COVID vaccines: Do the jabs do the job?\u201d, no qual esclarece os rumores sobre a efic\u00e1cia e a seguran\u00e7a das vacinas chinesas contra Covid-19.&nbsp; Ele aponta que a&#8230;<\/p>\n","protected":false},"author":2,"featured_media":313,"comment_status":"open","ping_status":"open","sticky":false,"template":"","format":"standard","meta":{"footnotes":""},"categories":[8],"tags":[],"class_list":["post-312","post","type-post","status-publish","format-standard","has-post-thumbnail","hentry","category-internacional"],"yoast_head":"<!-- This site is optimized with the Yoast SEO plugin v27.4 - https:\/\/yoast.com\/product\/yoast-seo-wordpress\/ -->\n<title>Artigo da NPR esclarece rumores sobre vacinas chinesas contra Covid-19 - CRI e Diario de Pernambuco<\/title>\n<meta name=\"robots\" content=\"index, follow, max-snippet:-1, max-image-preview:large, max-video-preview:-1\" \/>\n<link rel=\"canonical\" href=\"https:\/\/diariodepe.com.br\/cri\/2023\/01\/05\/artigo-da-npr-esclarece-rumores-sobre-vacinas-chinesas-contra-covid-19\/\" \/>\n<meta property=\"og:locale\" content=\"pt_BR\" \/>\n<meta property=\"og:type\" content=\"article\" \/>\n<meta property=\"og:title\" content=\"Artigo da NPR esclarece rumores sobre vacinas chinesas contra Covid-19 - CRI e Diario de Pernambuco\" \/>\n<meta property=\"og:description\" content=\"Recentemente, o jornalista da NPR Science, Michaeleen Doufleffm, publicou o artigo \u201cChina&#8217;s COVID vaccines: Do the jabs do the job?\u201d, no qual esclarece os rumores sobre a efic\u00e1cia e a seguran\u00e7a das vacinas chinesas contra Covid-19.&nbsp; Ele aponta que a...\" \/>\n<meta property=\"og:url\" content=\"https:\/\/diariodepe.com.br\/cri\/2023\/01\/05\/artigo-da-npr-esclarece-rumores-sobre-vacinas-chinesas-contra-covid-19\/\" \/>\n<meta property=\"og:site_name\" content=\"CRI e Diario de Pernambuco\" \/>\n<meta property=\"article:published_time\" content=\"2023-01-05T09:43:30+00:00\" \/>\n<meta property=\"article:modified_time\" content=\"2023-01-05T09:43:31+00:00\" \/>\n<meta property=\"og:image\" content=\"https:\/\/diariodepe.com.br\/cri\/wp-content\/uploads\/sites\/2\/2023\/01\/2023010512131815502.jpeg\" \/>\n\t<meta property=\"og:image:width\" content=\"1080\" \/>\n\t<meta property=\"og:image:height\" content=\"1960\" \/>\n\t<meta property=\"og:image:type\" content=\"image\/jpeg\" \/>\n<meta name=\"author\" content=\"Ismael Lucas S. Pereira\" \/>\n<meta name=\"twitter:card\" content=\"summary_large_image\" \/>\n<meta name=\"twitter:label1\" content=\"Escrito por\" \/>\n\t<meta name=\"twitter:data1\" content=\"Ismael Lucas S. Pereira\" \/>\n\t<meta name=\"twitter:label2\" content=\"Est. tempo de leitura\" \/>\n\t<meta name=\"twitter:data2\" content=\"3 minutos\" \/>\n<script type=\"application\/ld+json\" class=\"yoast-schema-graph\">{\"@context\":\"https:\\\/\\\/schema.org\",\"@graph\":[{\"@type\":\"Article\",\"@id\":\"https:\\\/\\\/diariodepe.com.br\\\/cri\\\/2023\\\/01\\\/05\\\/artigo-da-npr-esclarece-rumores-sobre-vacinas-chinesas-contra-covid-19\\\/#article\",\"isPartOf\":{\"@id\":\"https:\\\/\\\/diariodepe.com.br\\\/cri\\\/2023\\\/01\\\/05\\\/artigo-da-npr-esclarece-rumores-sobre-vacinas-chinesas-contra-covid-19\\\/\"},\"author\":{\"name\":\"Ismael Lucas S. Pereira\",\"@id\":\"https:\\\/\\\/diariodepe.com.br\\\/cri\\\/#\\\/schema\\\/person\\\/121bb28d84f1a5b1205ef4ce9c2e0c6b\"},\"headline\":\"Artigo da NPR esclarece rumores sobre vacinas chinesas contra Covid-19\",\"datePublished\":\"2023-01-05T09:43:30+00:00\",\"dateModified\":\"2023-01-05T09:43:31+00:00\",\"mainEntityOfPage\":{\"@id\":\"https:\\\/\\\/diariodepe.com.br\\\/cri\\\/2023\\\/01\\\/05\\\/artigo-da-npr-esclarece-rumores-sobre-vacinas-chinesas-contra-covid-19\\\/\"},\"wordCount\":540,\"commentCount\":0,\"publisher\":{\"@id\":\"https:\\\/\\\/diariodepe.com.br\\\/cri\\\/#organization\"},\"image\":{\"@id\":\"https:\\\/\\\/diariodepe.com.br\\\/cri\\\/2023\\\/01\\\/05\\\/artigo-da-npr-esclarece-rumores-sobre-vacinas-chinesas-contra-covid-19\\\/#primaryimage\"},\"thumbnailUrl\":\"https:\\\/\\\/diariodepe.com.br\\\/cri\\\/wp-content\\\/uploads\\\/sites\\\/2\\\/2023\\\/01\\\/2023010512131815502.jpeg\",\"articleSection\":[\"Internacional\"],\"inLanguage\":\"pt-BR\",\"potentialAction\":[{\"@type\":\"CommentAction\",\"name\":\"Comment\",\"target\":[\"https:\\\/\\\/diariodepe.com.br\\\/cri\\\/2023\\\/01\\\/05\\\/artigo-da-npr-esclarece-rumores-sobre-vacinas-chinesas-contra-covid-19\\\/#respond\"]}]},{\"@type\":\"WebPage\",\"@id\":\"https:\\\/\\\/diariodepe.com.br\\\/cri\\\/2023\\\/01\\\/05\\\/artigo-da-npr-esclarece-rumores-sobre-vacinas-chinesas-contra-covid-19\\\/\",\"url\":\"https:\\\/\\\/diariodepe.com.br\\\/cri\\\/2023\\\/01\\\/05\\\/artigo-da-npr-esclarece-rumores-sobre-vacinas-chinesas-contra-covid-19\\\/\",\"name\":\"Artigo da NPR esclarece rumores sobre vacinas chinesas contra Covid-19 - CRI e Diario de Pernambuco\",\"isPartOf\":{\"@id\":\"https:\\\/\\\/diariodepe.com.br\\\/cri\\\/#website\"},\"primaryImageOfPage\":{\"@id\":\"https:\\\/\\\/diariodepe.com.br\\\/cri\\\/2023\\\/01\\\/05\\\/artigo-da-npr-esclarece-rumores-sobre-vacinas-chinesas-contra-covid-19\\\/#primaryimage\"},\"image\":{\"@id\":\"https:\\\/\\\/diariodepe.com.br\\\/cri\\\/2023\\\/01\\\/05\\\/artigo-da-npr-esclarece-rumores-sobre-vacinas-chinesas-contra-covid-19\\\/#primaryimage\"},\"thumbnailUrl\":\"https:\\\/\\\/diariodepe.com.br\\\/cri\\\/wp-content\\\/uploads\\\/sites\\\/2\\\/2023\\\/01\\\/2023010512131815502.jpeg\",\"datePublished\":\"2023-01-05T09:43:30+00:00\",\"dateModified\":\"2023-01-05T09:43:31+00:00\",\"breadcrumb\":{\"@id\":\"https:\\\/\\\/diariodepe.com.br\\\/cri\\\/2023\\\/01\\\/05\\\/artigo-da-npr-esclarece-rumores-sobre-vacinas-chinesas-contra-covid-19\\\/#breadcrumb\"},\"inLanguage\":\"pt-BR\",\"potentialAction\":[{\"@type\":\"ReadAction\",\"target\":[\"https:\\\/\\\/diariodepe.com.br\\\/cri\\\/2023\\\/01\\\/05\\\/artigo-da-npr-esclarece-rumores-sobre-vacinas-chinesas-contra-covid-19\\\/\"]}]},{\"@type\":\"ImageObject\",\"inLanguage\":\"pt-BR\",\"@id\":\"https:\\\/\\\/diariodepe.com.br\\\/cri\\\/2023\\\/01\\\/05\\\/artigo-da-npr-esclarece-rumores-sobre-vacinas-chinesas-contra-covid-19\\\/#primaryimage\",\"url\":\"https:\\\/\\\/diariodepe.com.br\\\/cri\\\/wp-content\\\/uploads\\\/sites\\\/2\\\/2023\\\/01\\\/2023010512131815502.jpeg\",\"contentUrl\":\"https:\\\/\\\/diariodepe.com.br\\\/cri\\\/wp-content\\\/uploads\\\/sites\\\/2\\\/2023\\\/01\\\/2023010512131815502.jpeg\",\"width\":1080,\"height\":1960},{\"@type\":\"BreadcrumbList\",\"@id\":\"https:\\\/\\\/diariodepe.com.br\\\/cri\\\/2023\\\/01\\\/05\\\/artigo-da-npr-esclarece-rumores-sobre-vacinas-chinesas-contra-covid-19\\\/#breadcrumb\",\"itemListElement\":[{\"@type\":\"ListItem\",\"position\":1,\"name\":\"In\u00edcio\",\"item\":\"https:\\\/\\\/diariodepe.com.br\\\/cri\\\/\"},{\"@type\":\"ListItem\",\"position\":2,\"name\":\"Artigo da NPR esclarece rumores sobre vacinas chinesas contra Covid-19\"}]},{\"@type\":\"WebSite\",\"@id\":\"https:\\\/\\\/diariodepe.com.br\\\/cri\\\/#website\",\"url\":\"https:\\\/\\\/diariodepe.com.br\\\/cri\\\/\",\"name\":\"CRI e Diario de Pernambuco\",\"description\":\"R\u00e1dio Internacional da China\",\"publisher\":{\"@id\":\"https:\\\/\\\/diariodepe.com.br\\\/cri\\\/#organization\"},\"potentialAction\":[{\"@type\":\"SearchAction\",\"target\":{\"@type\":\"EntryPoint\",\"urlTemplate\":\"https:\\\/\\\/diariodepe.com.br\\\/cri\\\/?s={search_term_string}\"},\"query-input\":{\"@type\":\"PropertyValueSpecification\",\"valueRequired\":true,\"valueName\":\"search_term_string\"}}],\"inLanguage\":\"pt-BR\"},{\"@type\":\"Organization\",\"@id\":\"https:\\\/\\\/diariodepe.com.br\\\/cri\\\/#organization\",\"name\":\"CRI e Diario de Pernambuco\",\"url\":\"https:\\\/\\\/diariodepe.com.br\\\/cri\\\/\",\"logo\":{\"@type\":\"ImageObject\",\"inLanguage\":\"pt-BR\",\"@id\":\"https:\\\/\\\/diariodepe.com.br\\\/cri\\\/#\\\/schema\\\/logo\\\/image\\\/\",\"url\":\"https:\\\/\\\/diariodepe.com.br\\\/cri\\\/wp-content\\\/uploads\\\/sites\\\/2\\\/2022\\\/12\\\/cropped-Logo.jpg\",\"contentUrl\":\"https:\\\/\\\/diariodepe.com.br\\\/cri\\\/wp-content\\\/uploads\\\/sites\\\/2\\\/2022\\\/12\\\/cropped-Logo.jpg\",\"width\":700,\"height\":59,\"caption\":\"CRI e Diario de Pernambuco\"},\"image\":{\"@id\":\"https:\\\/\\\/diariodepe.com.br\\\/cri\\\/#\\\/schema\\\/logo\\\/image\\\/\"}},{\"@type\":\"Person\",\"@id\":\"https:\\\/\\\/diariodepe.com.br\\\/cri\\\/#\\\/schema\\\/person\\\/121bb28d84f1a5b1205ef4ce9c2e0c6b\",\"name\":\"Ismael Lucas S. Pereira\",\"image\":{\"@type\":\"ImageObject\",\"inLanguage\":\"pt-BR\",\"@id\":\"https:\\\/\\\/secure.gravatar.com\\\/avatar\\\/887a0f3b5a7ceea963a48499fb883ffce6b5037362def025c52c2505b15d63e4?s=96&d=mm&r=g\",\"url\":\"https:\\\/\\\/secure.gravatar.com\\\/avatar\\\/887a0f3b5a7ceea963a48499fb883ffce6b5037362def025c52c2505b15d63e4?s=96&d=mm&r=g\",\"contentUrl\":\"https:\\\/\\\/secure.gravatar.com\\\/avatar\\\/887a0f3b5a7ceea963a48499fb883ffce6b5037362def025c52c2505b15d63e4?s=96&d=mm&r=g\",\"caption\":\"Ismael Lucas S. Pereira\"},\"url\":\"https:\\\/\\\/diariodepe.com.br\\\/cri\\\/author\\\/ismael-lucas\\\/\"}]}<\/script>\n<!-- \/ Yoast SEO plugin. -->","yoast_head_json":{"title":"Artigo da NPR esclarece rumores sobre vacinas chinesas contra Covid-19 - CRI e Diario de Pernambuco","robots":{"index":"index","follow":"follow","max-snippet":"max-snippet:-1","max-image-preview":"max-image-preview:large","max-video-preview":"max-video-preview:-1"},"canonical":"https:\/\/diariodepe.com.br\/cri\/2023\/01\/05\/artigo-da-npr-esclarece-rumores-sobre-vacinas-chinesas-contra-covid-19\/","og_locale":"pt_BR","og_type":"article","og_title":"Artigo da NPR esclarece rumores sobre vacinas chinesas contra Covid-19 - CRI e Diario de Pernambuco","og_description":"Recentemente, o jornalista da NPR Science, Michaeleen Doufleffm, publicou o artigo \u201cChina&#8217;s COVID vaccines: Do the jabs do the job?\u201d, no qual esclarece os rumores sobre a efic\u00e1cia e a seguran\u00e7a das vacinas chinesas contra Covid-19.&nbsp; Ele aponta que a...","og_url":"https:\/\/diariodepe.com.br\/cri\/2023\/01\/05\/artigo-da-npr-esclarece-rumores-sobre-vacinas-chinesas-contra-covid-19\/","og_site_name":"CRI e Diario de Pernambuco","article_published_time":"2023-01-05T09:43:30+00:00","article_modified_time":"2023-01-05T09:43:31+00:00","og_image":[{"width":1080,"height":1960,"url":"https:\/\/diariodepe.com.br\/cri\/wp-content\/uploads\/sites\/2\/2023\/01\/2023010512131815502.jpeg","type":"image\/jpeg"}],"author":"Ismael Lucas S. Pereira","twitter_card":"summary_large_image","twitter_misc":{"Escrito por":"Ismael Lucas S. Pereira","Est. tempo de leitura":"3 minutos"},"schema":{"@context":"https:\/\/schema.org","@graph":[{"@type":"Article","@id":"https:\/\/diariodepe.com.br\/cri\/2023\/01\/05\/artigo-da-npr-esclarece-rumores-sobre-vacinas-chinesas-contra-covid-19\/#article","isPartOf":{"@id":"https:\/\/diariodepe.com.br\/cri\/2023\/01\/05\/artigo-da-npr-esclarece-rumores-sobre-vacinas-chinesas-contra-covid-19\/"},"author":{"name":"Ismael Lucas S. Pereira","@id":"https:\/\/diariodepe.com.br\/cri\/#\/schema\/person\/121bb28d84f1a5b1205ef4ce9c2e0c6b"},"headline":"Artigo da NPR esclarece rumores sobre vacinas chinesas contra Covid-19","datePublished":"2023-01-05T09:43:30+00:00","dateModified":"2023-01-05T09:43:31+00:00","mainEntityOfPage":{"@id":"https:\/\/diariodepe.com.br\/cri\/2023\/01\/05\/artigo-da-npr-esclarece-rumores-sobre-vacinas-chinesas-contra-covid-19\/"},"wordCount":540,"commentCount":0,"publisher":{"@id":"https:\/\/diariodepe.com.br\/cri\/#organization"},"image":{"@id":"https:\/\/diariodepe.com.br\/cri\/2023\/01\/05\/artigo-da-npr-esclarece-rumores-sobre-vacinas-chinesas-contra-covid-19\/#primaryimage"},"thumbnailUrl":"https:\/\/diariodepe.com.br\/cri\/wp-content\/uploads\/sites\/2\/2023\/01\/2023010512131815502.jpeg","articleSection":["Internacional"],"inLanguage":"pt-BR","potentialAction":[{"@type":"CommentAction","name":"Comment","target":["https:\/\/diariodepe.com.br\/cri\/2023\/01\/05\/artigo-da-npr-esclarece-rumores-sobre-vacinas-chinesas-contra-covid-19\/#respond"]}]},{"@type":"WebPage","@id":"https:\/\/diariodepe.com.br\/cri\/2023\/01\/05\/artigo-da-npr-esclarece-rumores-sobre-vacinas-chinesas-contra-covid-19\/","url":"https:\/\/diariodepe.com.br\/cri\/2023\/01\/05\/artigo-da-npr-esclarece-rumores-sobre-vacinas-chinesas-contra-covid-19\/","name":"Artigo da NPR esclarece rumores sobre vacinas chinesas contra Covid-19 - CRI e Diario de Pernambuco","isPartOf":{"@id":"https:\/\/diariodepe.com.br\/cri\/#website"},"primaryImageOfPage":{"@id":"https:\/\/diariodepe.com.br\/cri\/2023\/01\/05\/artigo-da-npr-esclarece-rumores-sobre-vacinas-chinesas-contra-covid-19\/#primaryimage"},"image":{"@id":"https:\/\/diariodepe.com.br\/cri\/2023\/01\/05\/artigo-da-npr-esclarece-rumores-sobre-vacinas-chinesas-contra-covid-19\/#primaryimage"},"thumbnailUrl":"https:\/\/diariodepe.com.br\/cri\/wp-content\/uploads\/sites\/2\/2023\/01\/2023010512131815502.jpeg","datePublished":"2023-01-05T09:43:30+00:00","dateModified":"2023-01-05T09:43:31+00:00","breadcrumb":{"@id":"https:\/\/diariodepe.com.br\/cri\/2023\/01\/05\/artigo-da-npr-esclarece-rumores-sobre-vacinas-chinesas-contra-covid-19\/#breadcrumb"},"inLanguage":"pt-BR","potentialAction":[{"@type":"ReadAction","target":["https:\/\/diariodepe.com.br\/cri\/2023\/01\/05\/artigo-da-npr-esclarece-rumores-sobre-vacinas-chinesas-contra-covid-19\/"]}]},{"@type":"ImageObject","inLanguage":"pt-BR","@id":"https:\/\/diariodepe.com.br\/cri\/2023\/01\/05\/artigo-da-npr-esclarece-rumores-sobre-vacinas-chinesas-contra-covid-19\/#primaryimage","url":"https:\/\/diariodepe.com.br\/cri\/wp-content\/uploads\/sites\/2\/2023\/01\/2023010512131815502.jpeg","contentUrl":"https:\/\/diariodepe.com.br\/cri\/wp-content\/uploads\/sites\/2\/2023\/01\/2023010512131815502.jpeg","width":1080,"height":1960},{"@type":"BreadcrumbList","@id":"https:\/\/diariodepe.com.br\/cri\/2023\/01\/05\/artigo-da-npr-esclarece-rumores-sobre-vacinas-chinesas-contra-covid-19\/#breadcrumb","itemListElement":[{"@type":"ListItem","position":1,"name":"In\u00edcio","item":"https:\/\/diariodepe.com.br\/cri\/"},{"@type":"ListItem","position":2,"name":"Artigo da NPR esclarece rumores sobre vacinas chinesas contra Covid-19"}]},{"@type":"WebSite","@id":"https:\/\/diariodepe.com.br\/cri\/#website","url":"https:\/\/diariodepe.com.br\/cri\/","name":"CRI e Diario de Pernambuco","description":"R\u00e1dio Internacional da China","publisher":{"@id":"https:\/\/diariodepe.com.br\/cri\/#organization"},"potentialAction":[{"@type":"SearchAction","target":{"@type":"EntryPoint","urlTemplate":"https:\/\/diariodepe.com.br\/cri\/?s={search_term_string}"},"query-input":{"@type":"PropertyValueSpecification","valueRequired":true,"valueName":"search_term_string"}}],"inLanguage":"pt-BR"},{"@type":"Organization","@id":"https:\/\/diariodepe.com.br\/cri\/#organization","name":"CRI e Diario de Pernambuco","url":"https:\/\/diariodepe.com.br\/cri\/","logo":{"@type":"ImageObject","inLanguage":"pt-BR","@id":"https:\/\/diariodepe.com.br\/cri\/#\/schema\/logo\/image\/","url":"https:\/\/diariodepe.com.br\/cri\/wp-content\/uploads\/sites\/2\/2022\/12\/cropped-Logo.jpg","contentUrl":"https:\/\/diariodepe.com.br\/cri\/wp-content\/uploads\/sites\/2\/2022\/12\/cropped-Logo.jpg","width":700,"height":59,"caption":"CRI e Diario de Pernambuco"},"image":{"@id":"https:\/\/diariodepe.com.br\/cri\/#\/schema\/logo\/image\/"}},{"@type":"Person","@id":"https:\/\/diariodepe.com.br\/cri\/#\/schema\/person\/121bb28d84f1a5b1205ef4ce9c2e0c6b","name":"Ismael Lucas S. Pereira","image":{"@type":"ImageObject","inLanguage":"pt-BR","@id":"https:\/\/secure.gravatar.com\/avatar\/887a0f3b5a7ceea963a48499fb883ffce6b5037362def025c52c2505b15d63e4?s=96&d=mm&r=g","url":"https:\/\/secure.gravatar.com\/avatar\/887a0f3b5a7ceea963a48499fb883ffce6b5037362def025c52c2505b15d63e4?s=96&d=mm&r=g","contentUrl":"https:\/\/secure.gravatar.com\/avatar\/887a0f3b5a7ceea963a48499fb883ffce6b5037362def025c52c2505b15d63e4?s=96&d=mm&r=g","caption":"Ismael Lucas S. Pereira"},"url":"https:\/\/diariodepe.com.br\/cri\/author\/ismael-lucas\/"}]}},"cc_featured_image_caption":{"caption_text":"","source_text":"","source_url":""},"amp_enabled":true,"_links":{"self":[{"href":"https:\/\/diariodepe.com.br\/cri\/wp-json\/wp\/v2\/posts\/312","targetHints":{"allow":["GET"]}}],"collection":[{"href":"https:\/\/diariodepe.com.br\/cri\/wp-json\/wp\/v2\/posts"}],"about":[{"href":"https:\/\/diariodepe.com.br\/cri\/wp-json\/wp\/v2\/types\/post"}],"author":[{"embeddable":true,"href":"https:\/\/diariodepe.com.br\/cri\/wp-json\/wp\/v2\/users\/2"}],"replies":[{"embeddable":true,"href":"https:\/\/diariodepe.com.br\/cri\/wp-json\/wp\/v2\/comments?post=312"}],"version-history":[{"count":1,"href":"https:\/\/diariodepe.com.br\/cri\/wp-json\/wp\/v2\/posts\/312\/revisions"}],"predecessor-version":[{"id":314,"href":"https:\/\/diariodepe.com.br\/cri\/wp-json\/wp\/v2\/posts\/312\/revisions\/314"}],"wp:featuredmedia":[{"embeddable":true,"href":"https:\/\/diariodepe.com.br\/cri\/wp-json\/wp\/v2\/media\/313"}],"wp:attachment":[{"href":"https:\/\/diariodepe.com.br\/cri\/wp-json\/wp\/v2\/media?parent=312"}],"wp:term":[{"taxonomy":"category","embeddable":true,"href":"https:\/\/diariodepe.com.br\/cri\/wp-json\/wp\/v2\/categories?post=312"},{"taxonomy":"post_tag","embeddable":true,"href":"https:\/\/diariodepe.com.br\/cri\/wp-json\/wp\/v2\/tags?post=312"}],"curies":[{"name":"wp","href":"https:\/\/api.w.org\/{rel}","templated":true}]}}