{"id":309,"date":"2023-01-05T06:35:52","date_gmt":"2023-01-05T09:35:52","guid":{"rendered":"https:\/\/diariodepe.com.br\/cri\/?p=309"},"modified":"2023-01-05T06:35:53","modified_gmt":"2023-01-05T09:35:53","slug":"comentario-eua-maior-pais-endemico-culpam-novamente-outros-paises","status":"publish","type":"post","link":"https:\/\/diariodepe.com.br\/cri\/2023\/01\/05\/comentario-eua-maior-pais-endemico-culpam-novamente-outros-paises\/","title":{"rendered":"<strong>Coment\u00e1rio: EUA, maior pa\u00eds end\u00eamico, culpam novamente outros pa\u00edses!<\/strong>"},"content":{"rendered":"\n<p>A partir do dia 5 de janeiro, os EUA adotar\u00e3o restri\u00e7\u00f5es de imigra\u00e7\u00e3o para os viajantes provenientes da China, alegando que \u201cpossivelmente pode surgir uma nova variante no pa\u00eds e causar\u00e1 riscos de dissemina\u00e7\u00e3o\u201d. Entretanto, a subvariante BA.5, que prevalece atualmente na China, foi exatamente o principal v\u00edrus nos Estados Unidos alguns meses atr\u00e1s. E a subvariante XBB.1.5, detectada em Shanghai e Hangzhou recentemente, \u00e9 exatamente o principal v\u00edrus que est\u00e1 sendo disseminado nos EUA. Por isso, a China \u00e9 uma v\u00edtima da pandemia, enquanto os EUA ignoraram fatos e n\u00e3o respeitaram a ci\u00eancia. O ato norte-americano \u00e9 uma farsa pol\u00edtica culpando de novo os outros pa\u00edses.&nbsp;<\/p>\n\n\n\n<p>Segundo dados de monitoramento publicados pelo Centro de Controle e Preven\u00e7\u00e3o de Doen\u00e7as dos EUA, as cepas prevalecentes no pa\u00eds est\u00e3o atualizando. De julho a outubro de 2022, a principal foi a BA.5, em novembro, BQ1 e BQ1.1, em dezembro, XBB.1.5 foi a principal. Segundo a previs\u00e3o da mesma institui\u00e7\u00e3o, a subvariante XBB.1.5 causou 75% de novas infec\u00e7\u00f5es no nordeste dos EUA. Como o v\u00edrus possui alta capacidade de &#8220;fuga imune&#8221;, a subvariante XBB.1.5 j\u00e1 se tornou a principal nos EUA.<\/p>\n\n\n\n<p>Quando esta subvariante foi encontrada nos EUA, a China ainda estava tomando restri\u00e7\u00f5es rigorosas. A atualiza\u00e7\u00e3o das medidas restritivas da China come\u00e7ou a partir do dia 11 de novembro. As subvariantes encontradas na China j\u00e1 foram disseminadas no mundo inteiro.<\/p>\n\n\n\n<p>Novas subvariantes surgem constantemente em qualquer lugar do mundo na pandemia. Por isso, as restri\u00e7\u00f5es de imigra\u00e7\u00e3o voltadas \u00e0 China n\u00e3o s\u00e3o fundamentadas na ci\u00eancia nem necess\u00e1rias. As medidas tomadas pelos EUA s\u00e3o exatamente uma manipula\u00e7\u00e3o pol\u00edtica.<\/p>\n\n\n\n<p>Nos \u00faltimos tr\u00eas anos, a China adotou a supremacia do povo e de vida, aproveitou uma s\u00e9rie de per\u00edodos para atualizar sua pol\u00edtica de controle e preven\u00e7\u00e3o da epidemia. O n\u00famero de infe\u00e7c\u00f5es e mortes da China mant\u00e9m o n\u00edvel mais baixo do mundo, o que \u00e9 uma contribui\u00e7\u00e3o do pa\u00eds para a luta antiepid\u00eamica e a recupera\u00e7\u00e3o econ\u00f4mica do mundo.<\/p>\n\n\n\n<p>Ao contr\u00e1rio, os EUA sempre politizaram o combate \u00e0 pandemia e culparam os outros, o que prejudicou o processo antiepid\u00eamico do mundo.<\/p>\n\n\n\n<p>As experi\u00eancias e li\u00e7\u00f5es nos \u00faltimos tr\u00eas anos provaram que somente a uni\u00e3o e a coopera\u00e7\u00e3o podem livrar o mundo das dificuldades. As restri\u00e7\u00f5es de imigra\u00e7\u00e3o dos EUA voltadas aos viajantes chineses s\u00e3o mais um erro de Washington destinado ao fracasso.<\/p>\n","protected":false},"excerpt":{"rendered":"<p>A partir do dia 5 de janeiro, os EUA adotar\u00e3o restri\u00e7\u00f5es de imigra\u00e7\u00e3o para os viajantes provenientes da China, alegando que \u201cpossivelmente pode surgir uma nova variante no pa\u00eds e causar\u00e1 riscos de dissemina\u00e7\u00e3o\u201d. Entretanto, a subvariante BA.5, que prevalece&#8230;<\/p>\n","protected":false},"author":2,"featured_media":310,"comment_status":"open","ping_status":"open","sticky":false,"template":"","format":"standard","meta":{"footnotes":""},"categories":[7],"tags":[],"class_list":["post-309","post","type-post","status-publish","format-standard","has-post-thumbnail","hentry","category-visao"],"yoast_head":"<!-- This site is optimized with the Yoast SEO plugin v27.4 - https:\/\/yoast.com\/product\/yoast-seo-wordpress\/ -->\n<title>Coment\u00e1rio: EUA, maior pa\u00eds end\u00eamico, culpam novamente outros pa\u00edses! - CRI e Diario de Pernambuco<\/title>\n<meta name=\"robots\" content=\"index, follow, max-snippet:-1, max-image-preview:large, max-video-preview:-1\" \/>\n<link rel=\"canonical\" href=\"https:\/\/diariodepe.com.br\/cri\/2023\/01\/05\/comentario-eua-maior-pais-endemico-culpam-novamente-outros-paises\/\" \/>\n<meta property=\"og:locale\" content=\"pt_BR\" \/>\n<meta property=\"og:type\" content=\"article\" \/>\n<meta property=\"og:title\" content=\"Coment\u00e1rio: EUA, maior pa\u00eds end\u00eamico, culpam novamente outros pa\u00edses! - CRI e Diario de Pernambuco\" \/>\n<meta property=\"og:description\" content=\"A partir do dia 5 de janeiro, os EUA adotar\u00e3o restri\u00e7\u00f5es de imigra\u00e7\u00e3o para os viajantes provenientes da China, alegando que \u201cpossivelmente pode surgir uma nova variante no pa\u00eds e causar\u00e1 riscos de dissemina\u00e7\u00e3o\u201d. Entretanto, a subvariante BA.5, que prevalece...\" \/>\n<meta property=\"og:url\" content=\"https:\/\/diariodepe.com.br\/cri\/2023\/01\/05\/comentario-eua-maior-pais-endemico-culpam-novamente-outros-paises\/\" \/>\n<meta property=\"og:site_name\" content=\"CRI e Diario de Pernambuco\" \/>\n<meta property=\"article:published_time\" content=\"2023-01-05T09:35:52+00:00\" \/>\n<meta property=\"article:modified_time\" content=\"2023-01-05T09:35:53+00:00\" \/>\n<meta property=\"og:image\" content=\"https:\/\/diariodepe.com.br\/cri\/wp-content\/uploads\/sites\/2\/2023\/01\/2023010510310731422.png\" \/>\n\t<meta property=\"og:image:width\" content=\"1334\" \/>\n\t<meta property=\"og:image:height\" content=\"1351\" \/>\n\t<meta property=\"og:image:type\" content=\"image\/png\" \/>\n<meta name=\"author\" content=\"Ismael Lucas S. Pereira\" \/>\n<meta name=\"twitter:card\" content=\"summary_large_image\" \/>\n<meta name=\"twitter:label1\" content=\"Escrito por\" \/>\n\t<meta name=\"twitter:data1\" content=\"Ismael Lucas S. Pereira\" \/>\n\t<meta name=\"twitter:label2\" content=\"Est. tempo de leitura\" \/>\n\t<meta name=\"twitter:data2\" content=\"3 minutos\" \/>\n<script type=\"application\/ld+json\" class=\"yoast-schema-graph\">{\"@context\":\"https:\\\/\\\/schema.org\",\"@graph\":[{\"@type\":\"Article\",\"@id\":\"https:\\\/\\\/diariodepe.com.br\\\/cri\\\/2023\\\/01\\\/05\\\/comentario-eua-maior-pais-endemico-culpam-novamente-outros-paises\\\/#article\",\"isPartOf\":{\"@id\":\"https:\\\/\\\/diariodepe.com.br\\\/cri\\\/2023\\\/01\\\/05\\\/comentario-eua-maior-pais-endemico-culpam-novamente-outros-paises\\\/\"},\"author\":{\"name\":\"Ismael Lucas S. Pereira\",\"@id\":\"https:\\\/\\\/diariodepe.com.br\\\/cri\\\/#\\\/schema\\\/person\\\/121bb28d84f1a5b1205ef4ce9c2e0c6b\"},\"headline\":\"Coment\u00e1rio: EUA, maior pa\u00eds end\u00eamico, culpam novamente outros pa\u00edses!\",\"datePublished\":\"2023-01-05T09:35:52+00:00\",\"dateModified\":\"2023-01-05T09:35:53+00:00\",\"mainEntityOfPage\":{\"@id\":\"https:\\\/\\\/diariodepe.com.br\\\/cri\\\/2023\\\/01\\\/05\\\/comentario-eua-maior-pais-endemico-culpam-novamente-outros-paises\\\/\"},\"wordCount\":451,\"commentCount\":0,\"publisher\":{\"@id\":\"https:\\\/\\\/diariodepe.com.br\\\/cri\\\/#organization\"},\"image\":{\"@id\":\"https:\\\/\\\/diariodepe.com.br\\\/cri\\\/2023\\\/01\\\/05\\\/comentario-eua-maior-pais-endemico-culpam-novamente-outros-paises\\\/#primaryimage\"},\"thumbnailUrl\":\"https:\\\/\\\/diariodepe.com.br\\\/cri\\\/wp-content\\\/uploads\\\/sites\\\/2\\\/2023\\\/01\\\/2023010510310731422.png\",\"articleSection\":[\"Vis\u00e3o\"],\"inLanguage\":\"pt-BR\",\"potentialAction\":[{\"@type\":\"CommentAction\",\"name\":\"Comment\",\"target\":[\"https:\\\/\\\/diariodepe.com.br\\\/cri\\\/2023\\\/01\\\/05\\\/comentario-eua-maior-pais-endemico-culpam-novamente-outros-paises\\\/#respond\"]}]},{\"@type\":\"WebPage\",\"@id\":\"https:\\\/\\\/diariodepe.com.br\\\/cri\\\/2023\\\/01\\\/05\\\/comentario-eua-maior-pais-endemico-culpam-novamente-outros-paises\\\/\",\"url\":\"https:\\\/\\\/diariodepe.com.br\\\/cri\\\/2023\\\/01\\\/05\\\/comentario-eua-maior-pais-endemico-culpam-novamente-outros-paises\\\/\",\"name\":\"Coment\u00e1rio: EUA, maior pa\u00eds end\u00eamico, culpam novamente outros pa\u00edses! - CRI e Diario de Pernambuco\",\"isPartOf\":{\"@id\":\"https:\\\/\\\/diariodepe.com.br\\\/cri\\\/#website\"},\"primaryImageOfPage\":{\"@id\":\"https:\\\/\\\/diariodepe.com.br\\\/cri\\\/2023\\\/01\\\/05\\\/comentario-eua-maior-pais-endemico-culpam-novamente-outros-paises\\\/#primaryimage\"},\"image\":{\"@id\":\"https:\\\/\\\/diariodepe.com.br\\\/cri\\\/2023\\\/01\\\/05\\\/comentario-eua-maior-pais-endemico-culpam-novamente-outros-paises\\\/#primaryimage\"},\"thumbnailUrl\":\"https:\\\/\\\/diariodepe.com.br\\\/cri\\\/wp-content\\\/uploads\\\/sites\\\/2\\\/2023\\\/01\\\/2023010510310731422.png\",\"datePublished\":\"2023-01-05T09:35:52+00:00\",\"dateModified\":\"2023-01-05T09:35:53+00:00\",\"breadcrumb\":{\"@id\":\"https:\\\/\\\/diariodepe.com.br\\\/cri\\\/2023\\\/01\\\/05\\\/comentario-eua-maior-pais-endemico-culpam-novamente-outros-paises\\\/#breadcrumb\"},\"inLanguage\":\"pt-BR\",\"potentialAction\":[{\"@type\":\"ReadAction\",\"target\":[\"https:\\\/\\\/diariodepe.com.br\\\/cri\\\/2023\\\/01\\\/05\\\/comentario-eua-maior-pais-endemico-culpam-novamente-outros-paises\\\/\"]}]},{\"@type\":\"ImageObject\",\"inLanguage\":\"pt-BR\",\"@id\":\"https:\\\/\\\/diariodepe.com.br\\\/cri\\\/2023\\\/01\\\/05\\\/comentario-eua-maior-pais-endemico-culpam-novamente-outros-paises\\\/#primaryimage\",\"url\":\"https:\\\/\\\/diariodepe.com.br\\\/cri\\\/wp-content\\\/uploads\\\/sites\\\/2\\\/2023\\\/01\\\/2023010510310731422.png\",\"contentUrl\":\"https:\\\/\\\/diariodepe.com.br\\\/cri\\\/wp-content\\\/uploads\\\/sites\\\/2\\\/2023\\\/01\\\/2023010510310731422.png\",\"width\":1334,\"height\":1351},{\"@type\":\"BreadcrumbList\",\"@id\":\"https:\\\/\\\/diariodepe.com.br\\\/cri\\\/2023\\\/01\\\/05\\\/comentario-eua-maior-pais-endemico-culpam-novamente-outros-paises\\\/#breadcrumb\",\"itemListElement\":[{\"@type\":\"ListItem\",\"position\":1,\"name\":\"In\u00edcio\",\"item\":\"https:\\\/\\\/diariodepe.com.br\\\/cri\\\/\"},{\"@type\":\"ListItem\",\"position\":2,\"name\":\"Coment\u00e1rio: EUA, maior pa\u00eds end\u00eamico, culpam novamente outros pa\u00edses!\"}]},{\"@type\":\"WebSite\",\"@id\":\"https:\\\/\\\/diariodepe.com.br\\\/cri\\\/#website\",\"url\":\"https:\\\/\\\/diariodepe.com.br\\\/cri\\\/\",\"name\":\"CRI e Diario de Pernambuco\",\"description\":\"R\u00e1dio Internacional da China\",\"publisher\":{\"@id\":\"https:\\\/\\\/diariodepe.com.br\\\/cri\\\/#organization\"},\"potentialAction\":[{\"@type\":\"SearchAction\",\"target\":{\"@type\":\"EntryPoint\",\"urlTemplate\":\"https:\\\/\\\/diariodepe.com.br\\\/cri\\\/?s={search_term_string}\"},\"query-input\":{\"@type\":\"PropertyValueSpecification\",\"valueRequired\":true,\"valueName\":\"search_term_string\"}}],\"inLanguage\":\"pt-BR\"},{\"@type\":\"Organization\",\"@id\":\"https:\\\/\\\/diariodepe.com.br\\\/cri\\\/#organization\",\"name\":\"CRI e Diario de Pernambuco\",\"url\":\"https:\\\/\\\/diariodepe.com.br\\\/cri\\\/\",\"logo\":{\"@type\":\"ImageObject\",\"inLanguage\":\"pt-BR\",\"@id\":\"https:\\\/\\\/diariodepe.com.br\\\/cri\\\/#\\\/schema\\\/logo\\\/image\\\/\",\"url\":\"https:\\\/\\\/diariodepe.com.br\\\/cri\\\/wp-content\\\/uploads\\\/sites\\\/2\\\/2022\\\/12\\\/cropped-Logo.jpg\",\"contentUrl\":\"https:\\\/\\\/diariodepe.com.br\\\/cri\\\/wp-content\\\/uploads\\\/sites\\\/2\\\/2022\\\/12\\\/cropped-Logo.jpg\",\"width\":700,\"height\":59,\"caption\":\"CRI e Diario de Pernambuco\"},\"image\":{\"@id\":\"https:\\\/\\\/diariodepe.com.br\\\/cri\\\/#\\\/schema\\\/logo\\\/image\\\/\"}},{\"@type\":\"Person\",\"@id\":\"https:\\\/\\\/diariodepe.com.br\\\/cri\\\/#\\\/schema\\\/person\\\/121bb28d84f1a5b1205ef4ce9c2e0c6b\",\"name\":\"Ismael Lucas S. Pereira\",\"image\":{\"@type\":\"ImageObject\",\"inLanguage\":\"pt-BR\",\"@id\":\"https:\\\/\\\/secure.gravatar.com\\\/avatar\\\/887a0f3b5a7ceea963a48499fb883ffce6b5037362def025c52c2505b15d63e4?s=96&d=mm&r=g\",\"url\":\"https:\\\/\\\/secure.gravatar.com\\\/avatar\\\/887a0f3b5a7ceea963a48499fb883ffce6b5037362def025c52c2505b15d63e4?s=96&d=mm&r=g\",\"contentUrl\":\"https:\\\/\\\/secure.gravatar.com\\\/avatar\\\/887a0f3b5a7ceea963a48499fb883ffce6b5037362def025c52c2505b15d63e4?s=96&d=mm&r=g\",\"caption\":\"Ismael Lucas S. Pereira\"},\"url\":\"https:\\\/\\\/diariodepe.com.br\\\/cri\\\/author\\\/ismael-lucas\\\/\"}]}<\/script>\n<!-- \/ Yoast SEO plugin. -->","yoast_head_json":{"title":"Coment\u00e1rio: EUA, maior pa\u00eds end\u00eamico, culpam novamente outros pa\u00edses! - CRI e Diario de Pernambuco","robots":{"index":"index","follow":"follow","max-snippet":"max-snippet:-1","max-image-preview":"max-image-preview:large","max-video-preview":"max-video-preview:-1"},"canonical":"https:\/\/diariodepe.com.br\/cri\/2023\/01\/05\/comentario-eua-maior-pais-endemico-culpam-novamente-outros-paises\/","og_locale":"pt_BR","og_type":"article","og_title":"Coment\u00e1rio: EUA, maior pa\u00eds end\u00eamico, culpam novamente outros pa\u00edses! - CRI e Diario de Pernambuco","og_description":"A partir do dia 5 de janeiro, os EUA adotar\u00e3o restri\u00e7\u00f5es de imigra\u00e7\u00e3o para os viajantes provenientes da China, alegando que \u201cpossivelmente pode surgir uma nova variante no pa\u00eds e causar\u00e1 riscos de dissemina\u00e7\u00e3o\u201d. Entretanto, a subvariante BA.5, que prevalece...","og_url":"https:\/\/diariodepe.com.br\/cri\/2023\/01\/05\/comentario-eua-maior-pais-endemico-culpam-novamente-outros-paises\/","og_site_name":"CRI e Diario de Pernambuco","article_published_time":"2023-01-05T09:35:52+00:00","article_modified_time":"2023-01-05T09:35:53+00:00","og_image":[{"width":1334,"height":1351,"url":"https:\/\/diariodepe.com.br\/cri\/wp-content\/uploads\/sites\/2\/2023\/01\/2023010510310731422.png","type":"image\/png"}],"author":"Ismael Lucas S. Pereira","twitter_card":"summary_large_image","twitter_misc":{"Escrito por":"Ismael Lucas S. Pereira","Est. tempo de leitura":"3 minutos"},"schema":{"@context":"https:\/\/schema.org","@graph":[{"@type":"Article","@id":"https:\/\/diariodepe.com.br\/cri\/2023\/01\/05\/comentario-eua-maior-pais-endemico-culpam-novamente-outros-paises\/#article","isPartOf":{"@id":"https:\/\/diariodepe.com.br\/cri\/2023\/01\/05\/comentario-eua-maior-pais-endemico-culpam-novamente-outros-paises\/"},"author":{"name":"Ismael Lucas S. Pereira","@id":"https:\/\/diariodepe.com.br\/cri\/#\/schema\/person\/121bb28d84f1a5b1205ef4ce9c2e0c6b"},"headline":"Coment\u00e1rio: EUA, maior pa\u00eds end\u00eamico, culpam novamente outros pa\u00edses!","datePublished":"2023-01-05T09:35:52+00:00","dateModified":"2023-01-05T09:35:53+00:00","mainEntityOfPage":{"@id":"https:\/\/diariodepe.com.br\/cri\/2023\/01\/05\/comentario-eua-maior-pais-endemico-culpam-novamente-outros-paises\/"},"wordCount":451,"commentCount":0,"publisher":{"@id":"https:\/\/diariodepe.com.br\/cri\/#organization"},"image":{"@id":"https:\/\/diariodepe.com.br\/cri\/2023\/01\/05\/comentario-eua-maior-pais-endemico-culpam-novamente-outros-paises\/#primaryimage"},"thumbnailUrl":"https:\/\/diariodepe.com.br\/cri\/wp-content\/uploads\/sites\/2\/2023\/01\/2023010510310731422.png","articleSection":["Vis\u00e3o"],"inLanguage":"pt-BR","potentialAction":[{"@type":"CommentAction","name":"Comment","target":["https:\/\/diariodepe.com.br\/cri\/2023\/01\/05\/comentario-eua-maior-pais-endemico-culpam-novamente-outros-paises\/#respond"]}]},{"@type":"WebPage","@id":"https:\/\/diariodepe.com.br\/cri\/2023\/01\/05\/comentario-eua-maior-pais-endemico-culpam-novamente-outros-paises\/","url":"https:\/\/diariodepe.com.br\/cri\/2023\/01\/05\/comentario-eua-maior-pais-endemico-culpam-novamente-outros-paises\/","name":"Coment\u00e1rio: EUA, maior pa\u00eds end\u00eamico, culpam novamente outros pa\u00edses! - CRI e Diario de Pernambuco","isPartOf":{"@id":"https:\/\/diariodepe.com.br\/cri\/#website"},"primaryImageOfPage":{"@id":"https:\/\/diariodepe.com.br\/cri\/2023\/01\/05\/comentario-eua-maior-pais-endemico-culpam-novamente-outros-paises\/#primaryimage"},"image":{"@id":"https:\/\/diariodepe.com.br\/cri\/2023\/01\/05\/comentario-eua-maior-pais-endemico-culpam-novamente-outros-paises\/#primaryimage"},"thumbnailUrl":"https:\/\/diariodepe.com.br\/cri\/wp-content\/uploads\/sites\/2\/2023\/01\/2023010510310731422.png","datePublished":"2023-01-05T09:35:52+00:00","dateModified":"2023-01-05T09:35:53+00:00","breadcrumb":{"@id":"https:\/\/diariodepe.com.br\/cri\/2023\/01\/05\/comentario-eua-maior-pais-endemico-culpam-novamente-outros-paises\/#breadcrumb"},"inLanguage":"pt-BR","potentialAction":[{"@type":"ReadAction","target":["https:\/\/diariodepe.com.br\/cri\/2023\/01\/05\/comentario-eua-maior-pais-endemico-culpam-novamente-outros-paises\/"]}]},{"@type":"ImageObject","inLanguage":"pt-BR","@id":"https:\/\/diariodepe.com.br\/cri\/2023\/01\/05\/comentario-eua-maior-pais-endemico-culpam-novamente-outros-paises\/#primaryimage","url":"https:\/\/diariodepe.com.br\/cri\/wp-content\/uploads\/sites\/2\/2023\/01\/2023010510310731422.png","contentUrl":"https:\/\/diariodepe.com.br\/cri\/wp-content\/uploads\/sites\/2\/2023\/01\/2023010510310731422.png","width":1334,"height":1351},{"@type":"BreadcrumbList","@id":"https:\/\/diariodepe.com.br\/cri\/2023\/01\/05\/comentario-eua-maior-pais-endemico-culpam-novamente-outros-paises\/#breadcrumb","itemListElement":[{"@type":"ListItem","position":1,"name":"In\u00edcio","item":"https:\/\/diariodepe.com.br\/cri\/"},{"@type":"ListItem","position":2,"name":"Coment\u00e1rio: EUA, maior pa\u00eds end\u00eamico, culpam novamente outros pa\u00edses!"}]},{"@type":"WebSite","@id":"https:\/\/diariodepe.com.br\/cri\/#website","url":"https:\/\/diariodepe.com.br\/cri\/","name":"CRI e Diario de Pernambuco","description":"R\u00e1dio Internacional da China","publisher":{"@id":"https:\/\/diariodepe.com.br\/cri\/#organization"},"potentialAction":[{"@type":"SearchAction","target":{"@type":"EntryPoint","urlTemplate":"https:\/\/diariodepe.com.br\/cri\/?s={search_term_string}"},"query-input":{"@type":"PropertyValueSpecification","valueRequired":true,"valueName":"search_term_string"}}],"inLanguage":"pt-BR"},{"@type":"Organization","@id":"https:\/\/diariodepe.com.br\/cri\/#organization","name":"CRI e Diario de Pernambuco","url":"https:\/\/diariodepe.com.br\/cri\/","logo":{"@type":"ImageObject","inLanguage":"pt-BR","@id":"https:\/\/diariodepe.com.br\/cri\/#\/schema\/logo\/image\/","url":"https:\/\/diariodepe.com.br\/cri\/wp-content\/uploads\/sites\/2\/2022\/12\/cropped-Logo.jpg","contentUrl":"https:\/\/diariodepe.com.br\/cri\/wp-content\/uploads\/sites\/2\/2022\/12\/cropped-Logo.jpg","width":700,"height":59,"caption":"CRI e Diario de Pernambuco"},"image":{"@id":"https:\/\/diariodepe.com.br\/cri\/#\/schema\/logo\/image\/"}},{"@type":"Person","@id":"https:\/\/diariodepe.com.br\/cri\/#\/schema\/person\/121bb28d84f1a5b1205ef4ce9c2e0c6b","name":"Ismael Lucas S. Pereira","image":{"@type":"ImageObject","inLanguage":"pt-BR","@id":"https:\/\/secure.gravatar.com\/avatar\/887a0f3b5a7ceea963a48499fb883ffce6b5037362def025c52c2505b15d63e4?s=96&d=mm&r=g","url":"https:\/\/secure.gravatar.com\/avatar\/887a0f3b5a7ceea963a48499fb883ffce6b5037362def025c52c2505b15d63e4?s=96&d=mm&r=g","contentUrl":"https:\/\/secure.gravatar.com\/avatar\/887a0f3b5a7ceea963a48499fb883ffce6b5037362def025c52c2505b15d63e4?s=96&d=mm&r=g","caption":"Ismael Lucas S. Pereira"},"url":"https:\/\/diariodepe.com.br\/cri\/author\/ismael-lucas\/"}]}},"cc_featured_image_caption":{"caption_text":"","source_text":"","source_url":""},"amp_enabled":true,"_links":{"self":[{"href":"https:\/\/diariodepe.com.br\/cri\/wp-json\/wp\/v2\/posts\/309","targetHints":{"allow":["GET"]}}],"collection":[{"href":"https:\/\/diariodepe.com.br\/cri\/wp-json\/wp\/v2\/posts"}],"about":[{"href":"https:\/\/diariodepe.com.br\/cri\/wp-json\/wp\/v2\/types\/post"}],"author":[{"embeddable":true,"href":"https:\/\/diariodepe.com.br\/cri\/wp-json\/wp\/v2\/users\/2"}],"replies":[{"embeddable":true,"href":"https:\/\/diariodepe.com.br\/cri\/wp-json\/wp\/v2\/comments?post=309"}],"version-history":[{"count":1,"href":"https:\/\/diariodepe.com.br\/cri\/wp-json\/wp\/v2\/posts\/309\/revisions"}],"predecessor-version":[{"id":311,"href":"https:\/\/diariodepe.com.br\/cri\/wp-json\/wp\/v2\/posts\/309\/revisions\/311"}],"wp:featuredmedia":[{"embeddable":true,"href":"https:\/\/diariodepe.com.br\/cri\/wp-json\/wp\/v2\/media\/310"}],"wp:attachment":[{"href":"https:\/\/diariodepe.com.br\/cri\/wp-json\/wp\/v2\/media?parent=309"}],"wp:term":[{"taxonomy":"category","embeddable":true,"href":"https:\/\/diariodepe.com.br\/cri\/wp-json\/wp\/v2\/categories?post=309"},{"taxonomy":"post_tag","embeddable":true,"href":"https:\/\/diariodepe.com.br\/cri\/wp-json\/wp\/v2\/tags?post=309"}],"curies":[{"name":"wp","href":"https:\/\/api.w.org\/{rel}","templated":true}]}}