{"id":302,"date":"2023-01-04T01:37:21","date_gmt":"2023-01-04T04:37:21","guid":{"rendered":"https:\/\/diariodepe.com.br\/cri\/?p=302"},"modified":"2023-01-04T01:37:22","modified_gmt":"2023-01-04T04:37:22","slug":"hipocrisia-paises-que-clamaram-pela-abertura-da-china-agora-estao-restringindo-os-chineses","status":"publish","type":"post","link":"https:\/\/diariodepe.com.br\/cri\/2023\/01\/04\/hipocrisia-paises-que-clamaram-pela-abertura-da-china-agora-estao-restringindo-os-chineses\/","title":{"rendered":"<strong>Hipocrisia! Pa\u00edses que clamaram pela \u201cabertura\u201d da China agora est\u00e3o restringindo os chineses<\/strong>"},"content":{"rendered":"\n<p>Depois que a China otimizou e ajustou a pol\u00edtica de preven\u00e7\u00e3o da epidemia no final do ano passado, a ordem econ\u00f4mica e social est\u00e1 sendo restaurada de forma acelerada, o que a comunidade internacional sa\u00fada e acredita que esse \u00e9 um impulso positivo para a economia global. No entanto, certos pa\u00edses representados pelos Estados Unidos, que clamaram pela \u201cabertura\u201d da China no passado, anunciaram uma pol\u00edtica de restri\u00e7\u00e3o para a entrada de turistas chineses.\u00a0<\/p>\n\n\n\n<p>\u201cSem sentido\u201d &#8211; o jornal estadunidense The Washington Post citou recentemente v\u00e1rios especialistas em epidemiologia sobre a decis\u00e3o do governo dos EUA, que classificaram como \u201cn\u00e3o cient\u00edfica, irracional e na dire\u00e7\u00e3o errada\u201d. Alguns analistas apontam que se trata de mais um show pol\u00edtico coletivo de certos pa\u00edses, que mais uma vez querem culpar a China pela pandemia para conter e isolar o pa\u00eds asi\u00e1tico.&nbsp;<\/p>\n\n\n\n<p>No aspecto cient\u00edfico, BA.5.2 e BF.7 s\u00e3o as principais cepas do v\u00edrus atualmente prevalentes na China, que j\u00e1 se espalharam pelo mundo todo. Isso significa que novas cepas podem surgir em qualquer lugar. Qual \u00e9 o sentido de restringir a entrada de turistas chineses?&nbsp;<\/p>\n\n\n\n<p>As pessoas lembram claramente que, nos \u00faltimos tr\u00eas anos, os Estados Unidos e alguns outros pa\u00edses adotaram atitudes contradit\u00f3rias em rela\u00e7\u00e3o \u00e0 pol\u00edtica de preven\u00e7\u00e3o e controle da epidemia da China, sempre jogando a resposta epid\u00eamica como uma carta pol\u00edtica. Quando a China adotou uma pol\u00edtica estrita de resposta epid\u00eamica e protegeu efetivamente a sa\u00fade e a seguran\u00e7a de seu povo, alguns pa\u00edses europeus e americanos fizeram coment\u00e1rios irrespons\u00e1veis e clamaram sem parar pela \u201cabertura\u201d da China, caso contr\u00e1rio n\u00e3o haveria liberdade e direitos humanos. \u00a0<\/p>\n\n\n\n<p>Depois que a China otimizou e ajustou a pol\u00edtica de preven\u00e7\u00e3o epid\u00eamica de acordo com as mudan\u00e7as da situa\u00e7\u00e3o epid\u00eamica, alguns pol\u00edticos e m\u00eddia ocidentais come\u00e7aram a exagerar a situa\u00e7\u00e3o epid\u00eamica na China como uma \u201camea\u00e7a\u201d \u00e0s respostas epid\u00eamicas de outros pa\u00edses e introduziram pol\u00edticas de restri\u00e7\u00e3o de entrada que violam fatos e a ci\u00eancia. Qu\u00e3o hip\u00f3crita \u00e9 essa pr\u00e1tica de duplo padr\u00e3o!<\/p>\n\n\n\n<p>Parece que na l\u00f3gica pol\u00edtica de algumas pessoas na Europa e nos Estados Unidos, n\u00e3o importa se a China abandonar ou n\u00e3o a pol\u00edtica de restri\u00e7\u00e3o contra a epidemia, \u00e9 errado fazer qualquer coisa. Seus pobres shows pol\u00edticos est\u00e3o tentando criar uma nova rodada de divis\u00e3o e confronto, o que impedir\u00e1 seriamente o mundo de sair da n\u00e9voa da epidemia o mais r\u00e1pido poss\u00edvel.<\/p>\n","protected":false},"excerpt":{"rendered":"<p>Depois que a China otimizou e ajustou a pol\u00edtica de preven\u00e7\u00e3o da epidemia no final do ano passado, a ordem econ\u00f4mica e social est\u00e1 sendo restaurada de forma acelerada, o que a comunidade internacional sa\u00fada e acredita que esse \u00e9&#8230;<\/p>\n","protected":false},"author":2,"featured_media":303,"comment_status":"open","ping_status":"open","sticky":false,"template":"","format":"standard","meta":{"footnotes":""},"categories":[7],"tags":[],"class_list":["post-302","post","type-post","status-publish","format-standard","has-post-thumbnail","hentry","category-visao"],"yoast_head":"<!-- This site is optimized with the Yoast SEO plugin v27.4 - https:\/\/yoast.com\/product\/yoast-seo-wordpress\/ -->\n<title>Hipocrisia! Pa\u00edses que clamaram pela \u201cabertura\u201d da China agora est\u00e3o restringindo os chineses - CRI e Diario de Pernambuco<\/title>\n<meta name=\"robots\" content=\"index, follow, max-snippet:-1, max-image-preview:large, max-video-preview:-1\" \/>\n<link rel=\"canonical\" href=\"https:\/\/diariodepe.com.br\/cri\/2023\/01\/04\/hipocrisia-paises-que-clamaram-pela-abertura-da-china-agora-estao-restringindo-os-chineses\/\" \/>\n<meta property=\"og:locale\" content=\"pt_BR\" \/>\n<meta property=\"og:type\" content=\"article\" \/>\n<meta property=\"og:title\" content=\"Hipocrisia! Pa\u00edses que clamaram pela \u201cabertura\u201d da China agora est\u00e3o restringindo os chineses - CRI e Diario de Pernambuco\" \/>\n<meta property=\"og:description\" content=\"Depois que a China otimizou e ajustou a pol\u00edtica de preven\u00e7\u00e3o da epidemia no final do ano passado, a ordem econ\u00f4mica e social est\u00e1 sendo restaurada de forma acelerada, o que a comunidade internacional sa\u00fada e acredita que esse \u00e9...\" \/>\n<meta property=\"og:url\" content=\"https:\/\/diariodepe.com.br\/cri\/2023\/01\/04\/hipocrisia-paises-que-clamaram-pela-abertura-da-china-agora-estao-restringindo-os-chineses\/\" \/>\n<meta property=\"og:site_name\" content=\"CRI e Diario de Pernambuco\" \/>\n<meta property=\"article:published_time\" content=\"2023-01-04T04:37:21+00:00\" \/>\n<meta property=\"article:modified_time\" content=\"2023-01-04T04:37:22+00:00\" \/>\n<meta property=\"og:image\" content=\"https:\/\/diariodepe.com.br\/cri\/wp-content\/uploads\/sites\/2\/2023\/01\/rBABDGOzbdKAIU1bAAAAAAAAAAA087.997x560.800x450.png\" \/>\n\t<meta property=\"og:image:width\" content=\"800\" \/>\n\t<meta property=\"og:image:height\" content=\"450\" \/>\n\t<meta property=\"og:image:type\" content=\"image\/png\" \/>\n<meta name=\"author\" content=\"Ismael Lucas S. Pereira\" \/>\n<meta name=\"twitter:card\" content=\"summary_large_image\" \/>\n<meta name=\"twitter:label1\" content=\"Escrito por\" \/>\n\t<meta name=\"twitter:data1\" content=\"Ismael Lucas S. Pereira\" \/>\n\t<meta name=\"twitter:label2\" content=\"Est. tempo de leitura\" \/>\n\t<meta name=\"twitter:data2\" content=\"3 minutos\" \/>\n<script type=\"application\/ld+json\" class=\"yoast-schema-graph\">{\"@context\":\"https:\\\/\\\/schema.org\",\"@graph\":[{\"@type\":\"Article\",\"@id\":\"https:\\\/\\\/diariodepe.com.br\\\/cri\\\/2023\\\/01\\\/04\\\/hipocrisia-paises-que-clamaram-pela-abertura-da-china-agora-estao-restringindo-os-chineses\\\/#article\",\"isPartOf\":{\"@id\":\"https:\\\/\\\/diariodepe.com.br\\\/cri\\\/2023\\\/01\\\/04\\\/hipocrisia-paises-que-clamaram-pela-abertura-da-china-agora-estao-restringindo-os-chineses\\\/\"},\"author\":{\"name\":\"Ismael Lucas S. Pereira\",\"@id\":\"https:\\\/\\\/diariodepe.com.br\\\/cri\\\/#\\\/schema\\\/person\\\/121bb28d84f1a5b1205ef4ce9c2e0c6b\"},\"headline\":\"Hipocrisia! Pa\u00edses que clamaram pela \u201cabertura\u201d da China agora est\u00e3o restringindo os chineses\",\"datePublished\":\"2023-01-04T04:37:21+00:00\",\"dateModified\":\"2023-01-04T04:37:22+00:00\",\"mainEntityOfPage\":{\"@id\":\"https:\\\/\\\/diariodepe.com.br\\\/cri\\\/2023\\\/01\\\/04\\\/hipocrisia-paises-que-clamaram-pela-abertura-da-china-agora-estao-restringindo-os-chineses\\\/\"},\"wordCount\":475,\"commentCount\":0,\"publisher\":{\"@id\":\"https:\\\/\\\/diariodepe.com.br\\\/cri\\\/#organization\"},\"image\":{\"@id\":\"https:\\\/\\\/diariodepe.com.br\\\/cri\\\/2023\\\/01\\\/04\\\/hipocrisia-paises-que-clamaram-pela-abertura-da-china-agora-estao-restringindo-os-chineses\\\/#primaryimage\"},\"thumbnailUrl\":\"https:\\\/\\\/diariodepe.com.br\\\/cri\\\/wp-content\\\/uploads\\\/sites\\\/2\\\/2023\\\/01\\\/rBABDGOzbdKAIU1bAAAAAAAAAAA087.997x560.800x450.png\",\"articleSection\":[\"Vis\u00e3o\"],\"inLanguage\":\"pt-BR\",\"potentialAction\":[{\"@type\":\"CommentAction\",\"name\":\"Comment\",\"target\":[\"https:\\\/\\\/diariodepe.com.br\\\/cri\\\/2023\\\/01\\\/04\\\/hipocrisia-paises-que-clamaram-pela-abertura-da-china-agora-estao-restringindo-os-chineses\\\/#respond\"]}]},{\"@type\":\"WebPage\",\"@id\":\"https:\\\/\\\/diariodepe.com.br\\\/cri\\\/2023\\\/01\\\/04\\\/hipocrisia-paises-que-clamaram-pela-abertura-da-china-agora-estao-restringindo-os-chineses\\\/\",\"url\":\"https:\\\/\\\/diariodepe.com.br\\\/cri\\\/2023\\\/01\\\/04\\\/hipocrisia-paises-que-clamaram-pela-abertura-da-china-agora-estao-restringindo-os-chineses\\\/\",\"name\":\"Hipocrisia! Pa\u00edses que clamaram pela \u201cabertura\u201d da China agora est\u00e3o restringindo os chineses - CRI e Diario de Pernambuco\",\"isPartOf\":{\"@id\":\"https:\\\/\\\/diariodepe.com.br\\\/cri\\\/#website\"},\"primaryImageOfPage\":{\"@id\":\"https:\\\/\\\/diariodepe.com.br\\\/cri\\\/2023\\\/01\\\/04\\\/hipocrisia-paises-que-clamaram-pela-abertura-da-china-agora-estao-restringindo-os-chineses\\\/#primaryimage\"},\"image\":{\"@id\":\"https:\\\/\\\/diariodepe.com.br\\\/cri\\\/2023\\\/01\\\/04\\\/hipocrisia-paises-que-clamaram-pela-abertura-da-china-agora-estao-restringindo-os-chineses\\\/#primaryimage\"},\"thumbnailUrl\":\"https:\\\/\\\/diariodepe.com.br\\\/cri\\\/wp-content\\\/uploads\\\/sites\\\/2\\\/2023\\\/01\\\/rBABDGOzbdKAIU1bAAAAAAAAAAA087.997x560.800x450.png\",\"datePublished\":\"2023-01-04T04:37:21+00:00\",\"dateModified\":\"2023-01-04T04:37:22+00:00\",\"breadcrumb\":{\"@id\":\"https:\\\/\\\/diariodepe.com.br\\\/cri\\\/2023\\\/01\\\/04\\\/hipocrisia-paises-que-clamaram-pela-abertura-da-china-agora-estao-restringindo-os-chineses\\\/#breadcrumb\"},\"inLanguage\":\"pt-BR\",\"potentialAction\":[{\"@type\":\"ReadAction\",\"target\":[\"https:\\\/\\\/diariodepe.com.br\\\/cri\\\/2023\\\/01\\\/04\\\/hipocrisia-paises-que-clamaram-pela-abertura-da-china-agora-estao-restringindo-os-chineses\\\/\"]}]},{\"@type\":\"ImageObject\",\"inLanguage\":\"pt-BR\",\"@id\":\"https:\\\/\\\/diariodepe.com.br\\\/cri\\\/2023\\\/01\\\/04\\\/hipocrisia-paises-que-clamaram-pela-abertura-da-china-agora-estao-restringindo-os-chineses\\\/#primaryimage\",\"url\":\"https:\\\/\\\/diariodepe.com.br\\\/cri\\\/wp-content\\\/uploads\\\/sites\\\/2\\\/2023\\\/01\\\/rBABDGOzbdKAIU1bAAAAAAAAAAA087.997x560.800x450.png\",\"contentUrl\":\"https:\\\/\\\/diariodepe.com.br\\\/cri\\\/wp-content\\\/uploads\\\/sites\\\/2\\\/2023\\\/01\\\/rBABDGOzbdKAIU1bAAAAAAAAAAA087.997x560.800x450.png\",\"width\":800,\"height\":450},{\"@type\":\"BreadcrumbList\",\"@id\":\"https:\\\/\\\/diariodepe.com.br\\\/cri\\\/2023\\\/01\\\/04\\\/hipocrisia-paises-que-clamaram-pela-abertura-da-china-agora-estao-restringindo-os-chineses\\\/#breadcrumb\",\"itemListElement\":[{\"@type\":\"ListItem\",\"position\":1,\"name\":\"In\u00edcio\",\"item\":\"https:\\\/\\\/diariodepe.com.br\\\/cri\\\/\"},{\"@type\":\"ListItem\",\"position\":2,\"name\":\"Hipocrisia! Pa\u00edses que clamaram pela \u201cabertura\u201d da China agora est\u00e3o restringindo os chineses\"}]},{\"@type\":\"WebSite\",\"@id\":\"https:\\\/\\\/diariodepe.com.br\\\/cri\\\/#website\",\"url\":\"https:\\\/\\\/diariodepe.com.br\\\/cri\\\/\",\"name\":\"CRI e Diario de Pernambuco\",\"description\":\"R\u00e1dio Internacional da China\",\"publisher\":{\"@id\":\"https:\\\/\\\/diariodepe.com.br\\\/cri\\\/#organization\"},\"potentialAction\":[{\"@type\":\"SearchAction\",\"target\":{\"@type\":\"EntryPoint\",\"urlTemplate\":\"https:\\\/\\\/diariodepe.com.br\\\/cri\\\/?s={search_term_string}\"},\"query-input\":{\"@type\":\"PropertyValueSpecification\",\"valueRequired\":true,\"valueName\":\"search_term_string\"}}],\"inLanguage\":\"pt-BR\"},{\"@type\":\"Organization\",\"@id\":\"https:\\\/\\\/diariodepe.com.br\\\/cri\\\/#organization\",\"name\":\"CRI e Diario de Pernambuco\",\"url\":\"https:\\\/\\\/diariodepe.com.br\\\/cri\\\/\",\"logo\":{\"@type\":\"ImageObject\",\"inLanguage\":\"pt-BR\",\"@id\":\"https:\\\/\\\/diariodepe.com.br\\\/cri\\\/#\\\/schema\\\/logo\\\/image\\\/\",\"url\":\"https:\\\/\\\/diariodepe.com.br\\\/cri\\\/wp-content\\\/uploads\\\/sites\\\/2\\\/2022\\\/12\\\/cropped-Logo.jpg\",\"contentUrl\":\"https:\\\/\\\/diariodepe.com.br\\\/cri\\\/wp-content\\\/uploads\\\/sites\\\/2\\\/2022\\\/12\\\/cropped-Logo.jpg\",\"width\":700,\"height\":59,\"caption\":\"CRI e Diario de Pernambuco\"},\"image\":{\"@id\":\"https:\\\/\\\/diariodepe.com.br\\\/cri\\\/#\\\/schema\\\/logo\\\/image\\\/\"}},{\"@type\":\"Person\",\"@id\":\"https:\\\/\\\/diariodepe.com.br\\\/cri\\\/#\\\/schema\\\/person\\\/121bb28d84f1a5b1205ef4ce9c2e0c6b\",\"name\":\"Ismael Lucas S. Pereira\",\"image\":{\"@type\":\"ImageObject\",\"inLanguage\":\"pt-BR\",\"@id\":\"https:\\\/\\\/secure.gravatar.com\\\/avatar\\\/887a0f3b5a7ceea963a48499fb883ffce6b5037362def025c52c2505b15d63e4?s=96&d=mm&r=g\",\"url\":\"https:\\\/\\\/secure.gravatar.com\\\/avatar\\\/887a0f3b5a7ceea963a48499fb883ffce6b5037362def025c52c2505b15d63e4?s=96&d=mm&r=g\",\"contentUrl\":\"https:\\\/\\\/secure.gravatar.com\\\/avatar\\\/887a0f3b5a7ceea963a48499fb883ffce6b5037362def025c52c2505b15d63e4?s=96&d=mm&r=g\",\"caption\":\"Ismael Lucas S. Pereira\"},\"url\":\"https:\\\/\\\/diariodepe.com.br\\\/cri\\\/author\\\/ismael-lucas\\\/\"}]}<\/script>\n<!-- \/ Yoast SEO plugin. -->","yoast_head_json":{"title":"Hipocrisia! Pa\u00edses que clamaram pela \u201cabertura\u201d da China agora est\u00e3o restringindo os chineses - CRI e Diario de Pernambuco","robots":{"index":"index","follow":"follow","max-snippet":"max-snippet:-1","max-image-preview":"max-image-preview:large","max-video-preview":"max-video-preview:-1"},"canonical":"https:\/\/diariodepe.com.br\/cri\/2023\/01\/04\/hipocrisia-paises-que-clamaram-pela-abertura-da-china-agora-estao-restringindo-os-chineses\/","og_locale":"pt_BR","og_type":"article","og_title":"Hipocrisia! Pa\u00edses que clamaram pela \u201cabertura\u201d da China agora est\u00e3o restringindo os chineses - CRI e Diario de Pernambuco","og_description":"Depois que a China otimizou e ajustou a pol\u00edtica de preven\u00e7\u00e3o da epidemia no final do ano passado, a ordem econ\u00f4mica e social est\u00e1 sendo restaurada de forma acelerada, o que a comunidade internacional sa\u00fada e acredita que esse \u00e9...","og_url":"https:\/\/diariodepe.com.br\/cri\/2023\/01\/04\/hipocrisia-paises-que-clamaram-pela-abertura-da-china-agora-estao-restringindo-os-chineses\/","og_site_name":"CRI e Diario de Pernambuco","article_published_time":"2023-01-04T04:37:21+00:00","article_modified_time":"2023-01-04T04:37:22+00:00","og_image":[{"width":800,"height":450,"url":"https:\/\/diariodepe.com.br\/cri\/wp-content\/uploads\/sites\/2\/2023\/01\/rBABDGOzbdKAIU1bAAAAAAAAAAA087.997x560.800x450.png","type":"image\/png"}],"author":"Ismael Lucas S. Pereira","twitter_card":"summary_large_image","twitter_misc":{"Escrito por":"Ismael Lucas S. Pereira","Est. tempo de leitura":"3 minutos"},"schema":{"@context":"https:\/\/schema.org","@graph":[{"@type":"Article","@id":"https:\/\/diariodepe.com.br\/cri\/2023\/01\/04\/hipocrisia-paises-que-clamaram-pela-abertura-da-china-agora-estao-restringindo-os-chineses\/#article","isPartOf":{"@id":"https:\/\/diariodepe.com.br\/cri\/2023\/01\/04\/hipocrisia-paises-que-clamaram-pela-abertura-da-china-agora-estao-restringindo-os-chineses\/"},"author":{"name":"Ismael Lucas S. Pereira","@id":"https:\/\/diariodepe.com.br\/cri\/#\/schema\/person\/121bb28d84f1a5b1205ef4ce9c2e0c6b"},"headline":"Hipocrisia! Pa\u00edses que clamaram pela \u201cabertura\u201d da China agora est\u00e3o restringindo os chineses","datePublished":"2023-01-04T04:37:21+00:00","dateModified":"2023-01-04T04:37:22+00:00","mainEntityOfPage":{"@id":"https:\/\/diariodepe.com.br\/cri\/2023\/01\/04\/hipocrisia-paises-que-clamaram-pela-abertura-da-china-agora-estao-restringindo-os-chineses\/"},"wordCount":475,"commentCount":0,"publisher":{"@id":"https:\/\/diariodepe.com.br\/cri\/#organization"},"image":{"@id":"https:\/\/diariodepe.com.br\/cri\/2023\/01\/04\/hipocrisia-paises-que-clamaram-pela-abertura-da-china-agora-estao-restringindo-os-chineses\/#primaryimage"},"thumbnailUrl":"https:\/\/diariodepe.com.br\/cri\/wp-content\/uploads\/sites\/2\/2023\/01\/rBABDGOzbdKAIU1bAAAAAAAAAAA087.997x560.800x450.png","articleSection":["Vis\u00e3o"],"inLanguage":"pt-BR","potentialAction":[{"@type":"CommentAction","name":"Comment","target":["https:\/\/diariodepe.com.br\/cri\/2023\/01\/04\/hipocrisia-paises-que-clamaram-pela-abertura-da-china-agora-estao-restringindo-os-chineses\/#respond"]}]},{"@type":"WebPage","@id":"https:\/\/diariodepe.com.br\/cri\/2023\/01\/04\/hipocrisia-paises-que-clamaram-pela-abertura-da-china-agora-estao-restringindo-os-chineses\/","url":"https:\/\/diariodepe.com.br\/cri\/2023\/01\/04\/hipocrisia-paises-que-clamaram-pela-abertura-da-china-agora-estao-restringindo-os-chineses\/","name":"Hipocrisia! Pa\u00edses que clamaram pela \u201cabertura\u201d da China agora est\u00e3o restringindo os chineses - CRI e Diario de Pernambuco","isPartOf":{"@id":"https:\/\/diariodepe.com.br\/cri\/#website"},"primaryImageOfPage":{"@id":"https:\/\/diariodepe.com.br\/cri\/2023\/01\/04\/hipocrisia-paises-que-clamaram-pela-abertura-da-china-agora-estao-restringindo-os-chineses\/#primaryimage"},"image":{"@id":"https:\/\/diariodepe.com.br\/cri\/2023\/01\/04\/hipocrisia-paises-que-clamaram-pela-abertura-da-china-agora-estao-restringindo-os-chineses\/#primaryimage"},"thumbnailUrl":"https:\/\/diariodepe.com.br\/cri\/wp-content\/uploads\/sites\/2\/2023\/01\/rBABDGOzbdKAIU1bAAAAAAAAAAA087.997x560.800x450.png","datePublished":"2023-01-04T04:37:21+00:00","dateModified":"2023-01-04T04:37:22+00:00","breadcrumb":{"@id":"https:\/\/diariodepe.com.br\/cri\/2023\/01\/04\/hipocrisia-paises-que-clamaram-pela-abertura-da-china-agora-estao-restringindo-os-chineses\/#breadcrumb"},"inLanguage":"pt-BR","potentialAction":[{"@type":"ReadAction","target":["https:\/\/diariodepe.com.br\/cri\/2023\/01\/04\/hipocrisia-paises-que-clamaram-pela-abertura-da-china-agora-estao-restringindo-os-chineses\/"]}]},{"@type":"ImageObject","inLanguage":"pt-BR","@id":"https:\/\/diariodepe.com.br\/cri\/2023\/01\/04\/hipocrisia-paises-que-clamaram-pela-abertura-da-china-agora-estao-restringindo-os-chineses\/#primaryimage","url":"https:\/\/diariodepe.com.br\/cri\/wp-content\/uploads\/sites\/2\/2023\/01\/rBABDGOzbdKAIU1bAAAAAAAAAAA087.997x560.800x450.png","contentUrl":"https:\/\/diariodepe.com.br\/cri\/wp-content\/uploads\/sites\/2\/2023\/01\/rBABDGOzbdKAIU1bAAAAAAAAAAA087.997x560.800x450.png","width":800,"height":450},{"@type":"BreadcrumbList","@id":"https:\/\/diariodepe.com.br\/cri\/2023\/01\/04\/hipocrisia-paises-que-clamaram-pela-abertura-da-china-agora-estao-restringindo-os-chineses\/#breadcrumb","itemListElement":[{"@type":"ListItem","position":1,"name":"In\u00edcio","item":"https:\/\/diariodepe.com.br\/cri\/"},{"@type":"ListItem","position":2,"name":"Hipocrisia! Pa\u00edses que clamaram pela \u201cabertura\u201d da China agora est\u00e3o restringindo os chineses"}]},{"@type":"WebSite","@id":"https:\/\/diariodepe.com.br\/cri\/#website","url":"https:\/\/diariodepe.com.br\/cri\/","name":"CRI e Diario de Pernambuco","description":"R\u00e1dio Internacional da China","publisher":{"@id":"https:\/\/diariodepe.com.br\/cri\/#organization"},"potentialAction":[{"@type":"SearchAction","target":{"@type":"EntryPoint","urlTemplate":"https:\/\/diariodepe.com.br\/cri\/?s={search_term_string}"},"query-input":{"@type":"PropertyValueSpecification","valueRequired":true,"valueName":"search_term_string"}}],"inLanguage":"pt-BR"},{"@type":"Organization","@id":"https:\/\/diariodepe.com.br\/cri\/#organization","name":"CRI e Diario de Pernambuco","url":"https:\/\/diariodepe.com.br\/cri\/","logo":{"@type":"ImageObject","inLanguage":"pt-BR","@id":"https:\/\/diariodepe.com.br\/cri\/#\/schema\/logo\/image\/","url":"https:\/\/diariodepe.com.br\/cri\/wp-content\/uploads\/sites\/2\/2022\/12\/cropped-Logo.jpg","contentUrl":"https:\/\/diariodepe.com.br\/cri\/wp-content\/uploads\/sites\/2\/2022\/12\/cropped-Logo.jpg","width":700,"height":59,"caption":"CRI e Diario de Pernambuco"},"image":{"@id":"https:\/\/diariodepe.com.br\/cri\/#\/schema\/logo\/image\/"}},{"@type":"Person","@id":"https:\/\/diariodepe.com.br\/cri\/#\/schema\/person\/121bb28d84f1a5b1205ef4ce9c2e0c6b","name":"Ismael Lucas S. Pereira","image":{"@type":"ImageObject","inLanguage":"pt-BR","@id":"https:\/\/secure.gravatar.com\/avatar\/887a0f3b5a7ceea963a48499fb883ffce6b5037362def025c52c2505b15d63e4?s=96&d=mm&r=g","url":"https:\/\/secure.gravatar.com\/avatar\/887a0f3b5a7ceea963a48499fb883ffce6b5037362def025c52c2505b15d63e4?s=96&d=mm&r=g","contentUrl":"https:\/\/secure.gravatar.com\/avatar\/887a0f3b5a7ceea963a48499fb883ffce6b5037362def025c52c2505b15d63e4?s=96&d=mm&r=g","caption":"Ismael Lucas S. Pereira"},"url":"https:\/\/diariodepe.com.br\/cri\/author\/ismael-lucas\/"}]}},"cc_featured_image_caption":{"caption_text":"","source_text":"","source_url":""},"amp_enabled":true,"_links":{"self":[{"href":"https:\/\/diariodepe.com.br\/cri\/wp-json\/wp\/v2\/posts\/302","targetHints":{"allow":["GET"]}}],"collection":[{"href":"https:\/\/diariodepe.com.br\/cri\/wp-json\/wp\/v2\/posts"}],"about":[{"href":"https:\/\/diariodepe.com.br\/cri\/wp-json\/wp\/v2\/types\/post"}],"author":[{"embeddable":true,"href":"https:\/\/diariodepe.com.br\/cri\/wp-json\/wp\/v2\/users\/2"}],"replies":[{"embeddable":true,"href":"https:\/\/diariodepe.com.br\/cri\/wp-json\/wp\/v2\/comments?post=302"}],"version-history":[{"count":1,"href":"https:\/\/diariodepe.com.br\/cri\/wp-json\/wp\/v2\/posts\/302\/revisions"}],"predecessor-version":[{"id":304,"href":"https:\/\/diariodepe.com.br\/cri\/wp-json\/wp\/v2\/posts\/302\/revisions\/304"}],"wp:featuredmedia":[{"embeddable":true,"href":"https:\/\/diariodepe.com.br\/cri\/wp-json\/wp\/v2\/media\/303"}],"wp:attachment":[{"href":"https:\/\/diariodepe.com.br\/cri\/wp-json\/wp\/v2\/media?parent=302"}],"wp:term":[{"taxonomy":"category","embeddable":true,"href":"https:\/\/diariodepe.com.br\/cri\/wp-json\/wp\/v2\/categories?post=302"},{"taxonomy":"post_tag","embeddable":true,"href":"https:\/\/diariodepe.com.br\/cri\/wp-json\/wp\/v2\/tags?post=302"}],"curies":[{"name":"wp","href":"https:\/\/api.w.org\/{rel}","templated":true}]}}