{"id":292,"date":"2023-01-03T23:44:03","date_gmt":"2023-01-04T02:44:03","guid":{"rendered":"https:\/\/diariodepe.com.br\/cri\/?p=292"},"modified":"2023-01-03T23:44:04","modified_gmt":"2023-01-04T02:44:04","slug":"rcep-entra-em-vigor-no-primeiro-dia-de-2022","status":"publish","type":"post","link":"https:\/\/diariodepe.com.br\/cri\/2023\/01\/03\/rcep-entra-em-vigor-no-primeiro-dia-de-2022\/","title":{"rendered":"RCEP entra em vigor no primeiro dia de 2022"},"content":{"rendered":"\n<p>O acordo da Parceria Econ\u00f4mica Abrangente Regional (RCEP, em ingl\u00eas), o maior pacto de livre com\u00e9rcio do mundo, entrou em vigor neste s\u00e1bado.<\/p>\n\n\n\n<p>A partir de agora, mais de 90% do com\u00e9rcio de mercadorias entre os membros que o aprovaram estar\u00e3o eventualmente sujeitos \u00e0 tarifa zero.<\/p>\n\n\n\n<p>Com regras comerciais otimizadas entre os signat\u00e1rios, procedimentos simplificados e maior abertura nos setores de com\u00e9rcio de servi\u00e7os e investimento, a RECP trar\u00e1 benef\u00edcios tang\u00edveis para os pa\u00edses membros.<\/p>\n\n\n\n<p>A China implementar\u00e1 integralmente as obriga\u00e7\u00f5es do acordo da RCEP e orientar\u00e1 os governos locais, ind\u00fastrias e empresas a aproveitarem melhor as oportunidades de abertura, de acordo com o Minist\u00e9rio do Com\u00e9rcio.<\/p>\n\n\n\n<p>O pa\u00eds trabalhar\u00e1 ativamente com outros membros para transformar o mecanismo da RCEP em uma plataforma importante para a coopera\u00e7\u00e3o econ\u00f4mica e comercial no Leste Asi\u00e1tico, destacou o minist\u00e9rio.<\/p>\n\n\n\n<p>O acordo da RCEP inclui dez membros da ASEAN, China, Jap\u00e3o, Rep\u00fablica da Coreia, Austr\u00e1lia e Nova Zel\u00e2ndia. A popula\u00e7\u00e3o, o produto interno bruto e o com\u00e9rcio dos 15 pa\u00edses representam cerca de 30% do total mundial.<\/p>\n","protected":false},"excerpt":{"rendered":"<p>O acordo da Parceria Econ\u00f4mica Abrangente Regional (RCEP, em ingl\u00eas), o maior pacto de livre com\u00e9rcio do mundo, entrou em vigor neste s\u00e1bado. A partir de agora, mais de 90% do com\u00e9rcio de mercadorias entre os membros que o aprovaram&#8230;<\/p>\n","protected":false},"author":2,"featured_media":0,"comment_status":"open","ping_status":"open","sticky":false,"template":"","format":"standard","meta":{"footnotes":""},"categories":[3],"tags":[],"class_list":["post-292","post","type-post","status-publish","format-standard","hentry","category-china"],"yoast_head":"<!-- This site is optimized with the Yoast SEO plugin v27.4 - https:\/\/yoast.com\/product\/yoast-seo-wordpress\/ -->\n<title>RCEP entra em vigor no primeiro dia de 2022 - CRI e Diario de Pernambuco<\/title>\n<meta name=\"robots\" content=\"index, follow, max-snippet:-1, max-image-preview:large, max-video-preview:-1\" \/>\n<link rel=\"canonical\" href=\"https:\/\/diariodepe.com.br\/cri\/2023\/01\/03\/rcep-entra-em-vigor-no-primeiro-dia-de-2022\/\" \/>\n<meta property=\"og:locale\" content=\"pt_BR\" \/>\n<meta property=\"og:type\" content=\"article\" \/>\n<meta property=\"og:title\" content=\"RCEP entra em vigor no primeiro dia de 2022 - CRI e Diario de Pernambuco\" \/>\n<meta property=\"og:description\" content=\"O acordo da Parceria Econ\u00f4mica Abrangente Regional (RCEP, em ingl\u00eas), o maior pacto de livre com\u00e9rcio do mundo, entrou em vigor neste s\u00e1bado. A partir de agora, mais de 90% do com\u00e9rcio de mercadorias entre os membros que o aprovaram...\" \/>\n<meta property=\"og:url\" content=\"https:\/\/diariodepe.com.br\/cri\/2023\/01\/03\/rcep-entra-em-vigor-no-primeiro-dia-de-2022\/\" \/>\n<meta property=\"og:site_name\" content=\"CRI e Diario de Pernambuco\" \/>\n<meta property=\"article:published_time\" content=\"2023-01-04T02:44:03+00:00\" \/>\n<meta property=\"article:modified_time\" content=\"2023-01-04T02:44:04+00:00\" \/>\n<meta name=\"author\" content=\"Ismael Lucas S. Pereira\" \/>\n<meta name=\"twitter:card\" content=\"summary_large_image\" \/>\n<meta name=\"twitter:label1\" content=\"Escrito por\" \/>\n\t<meta name=\"twitter:data1\" content=\"Ismael Lucas S. Pereira\" \/>\n\t<meta name=\"twitter:label2\" content=\"Est. tempo de leitura\" \/>\n\t<meta name=\"twitter:data2\" content=\"1 minuto\" \/>\n<script type=\"application\/ld+json\" class=\"yoast-schema-graph\">{\"@context\":\"https:\\\/\\\/schema.org\",\"@graph\":[{\"@type\":\"Article\",\"@id\":\"https:\\\/\\\/diariodepe.com.br\\\/cri\\\/2023\\\/01\\\/03\\\/rcep-entra-em-vigor-no-primeiro-dia-de-2022\\\/#article\",\"isPartOf\":{\"@id\":\"https:\\\/\\\/diariodepe.com.br\\\/cri\\\/2023\\\/01\\\/03\\\/rcep-entra-em-vigor-no-primeiro-dia-de-2022\\\/\"},\"author\":{\"name\":\"Ismael Lucas S. Pereira\",\"@id\":\"https:\\\/\\\/diariodepe.com.br\\\/cri\\\/#\\\/schema\\\/person\\\/121bb28d84f1a5b1205ef4ce9c2e0c6b\"},\"headline\":\"RCEP entra em vigor no primeiro dia de 2022\",\"datePublished\":\"2023-01-04T02:44:03+00:00\",\"dateModified\":\"2023-01-04T02:44:04+00:00\",\"mainEntityOfPage\":{\"@id\":\"https:\\\/\\\/diariodepe.com.br\\\/cri\\\/2023\\\/01\\\/03\\\/rcep-entra-em-vigor-no-primeiro-dia-de-2022\\\/\"},\"wordCount\":205,\"commentCount\":0,\"publisher\":{\"@id\":\"https:\\\/\\\/diariodepe.com.br\\\/cri\\\/#organization\"},\"articleSection\":[\"China\"],\"inLanguage\":\"pt-BR\",\"potentialAction\":[{\"@type\":\"CommentAction\",\"name\":\"Comment\",\"target\":[\"https:\\\/\\\/diariodepe.com.br\\\/cri\\\/2023\\\/01\\\/03\\\/rcep-entra-em-vigor-no-primeiro-dia-de-2022\\\/#respond\"]}]},{\"@type\":\"WebPage\",\"@id\":\"https:\\\/\\\/diariodepe.com.br\\\/cri\\\/2023\\\/01\\\/03\\\/rcep-entra-em-vigor-no-primeiro-dia-de-2022\\\/\",\"url\":\"https:\\\/\\\/diariodepe.com.br\\\/cri\\\/2023\\\/01\\\/03\\\/rcep-entra-em-vigor-no-primeiro-dia-de-2022\\\/\",\"name\":\"RCEP entra em vigor no primeiro dia de 2022 - CRI e Diario de Pernambuco\",\"isPartOf\":{\"@id\":\"https:\\\/\\\/diariodepe.com.br\\\/cri\\\/#website\"},\"datePublished\":\"2023-01-04T02:44:03+00:00\",\"dateModified\":\"2023-01-04T02:44:04+00:00\",\"breadcrumb\":{\"@id\":\"https:\\\/\\\/diariodepe.com.br\\\/cri\\\/2023\\\/01\\\/03\\\/rcep-entra-em-vigor-no-primeiro-dia-de-2022\\\/#breadcrumb\"},\"inLanguage\":\"pt-BR\",\"potentialAction\":[{\"@type\":\"ReadAction\",\"target\":[\"https:\\\/\\\/diariodepe.com.br\\\/cri\\\/2023\\\/01\\\/03\\\/rcep-entra-em-vigor-no-primeiro-dia-de-2022\\\/\"]}]},{\"@type\":\"BreadcrumbList\",\"@id\":\"https:\\\/\\\/diariodepe.com.br\\\/cri\\\/2023\\\/01\\\/03\\\/rcep-entra-em-vigor-no-primeiro-dia-de-2022\\\/#breadcrumb\",\"itemListElement\":[{\"@type\":\"ListItem\",\"position\":1,\"name\":\"In\u00edcio\",\"item\":\"https:\\\/\\\/diariodepe.com.br\\\/cri\\\/\"},{\"@type\":\"ListItem\",\"position\":2,\"name\":\"RCEP entra em vigor no primeiro dia de 2022\"}]},{\"@type\":\"WebSite\",\"@id\":\"https:\\\/\\\/diariodepe.com.br\\\/cri\\\/#website\",\"url\":\"https:\\\/\\\/diariodepe.com.br\\\/cri\\\/\",\"name\":\"CRI e Diario de Pernambuco\",\"description\":\"R\u00e1dio Internacional da China\",\"publisher\":{\"@id\":\"https:\\\/\\\/diariodepe.com.br\\\/cri\\\/#organization\"},\"potentialAction\":[{\"@type\":\"SearchAction\",\"target\":{\"@type\":\"EntryPoint\",\"urlTemplate\":\"https:\\\/\\\/diariodepe.com.br\\\/cri\\\/?s={search_term_string}\"},\"query-input\":{\"@type\":\"PropertyValueSpecification\",\"valueRequired\":true,\"valueName\":\"search_term_string\"}}],\"inLanguage\":\"pt-BR\"},{\"@type\":\"Organization\",\"@id\":\"https:\\\/\\\/diariodepe.com.br\\\/cri\\\/#organization\",\"name\":\"CRI e Diario de Pernambuco\",\"url\":\"https:\\\/\\\/diariodepe.com.br\\\/cri\\\/\",\"logo\":{\"@type\":\"ImageObject\",\"inLanguage\":\"pt-BR\",\"@id\":\"https:\\\/\\\/diariodepe.com.br\\\/cri\\\/#\\\/schema\\\/logo\\\/image\\\/\",\"url\":\"https:\\\/\\\/diariodepe.com.br\\\/cri\\\/wp-content\\\/uploads\\\/sites\\\/2\\\/2022\\\/12\\\/cropped-Logo.jpg\",\"contentUrl\":\"https:\\\/\\\/diariodepe.com.br\\\/cri\\\/wp-content\\\/uploads\\\/sites\\\/2\\\/2022\\\/12\\\/cropped-Logo.jpg\",\"width\":700,\"height\":59,\"caption\":\"CRI e Diario de Pernambuco\"},\"image\":{\"@id\":\"https:\\\/\\\/diariodepe.com.br\\\/cri\\\/#\\\/schema\\\/logo\\\/image\\\/\"}},{\"@type\":\"Person\",\"@id\":\"https:\\\/\\\/diariodepe.com.br\\\/cri\\\/#\\\/schema\\\/person\\\/121bb28d84f1a5b1205ef4ce9c2e0c6b\",\"name\":\"Ismael Lucas S. Pereira\",\"image\":{\"@type\":\"ImageObject\",\"inLanguage\":\"pt-BR\",\"@id\":\"https:\\\/\\\/secure.gravatar.com\\\/avatar\\\/887a0f3b5a7ceea963a48499fb883ffce6b5037362def025c52c2505b15d63e4?s=96&d=mm&r=g\",\"url\":\"https:\\\/\\\/secure.gravatar.com\\\/avatar\\\/887a0f3b5a7ceea963a48499fb883ffce6b5037362def025c52c2505b15d63e4?s=96&d=mm&r=g\",\"contentUrl\":\"https:\\\/\\\/secure.gravatar.com\\\/avatar\\\/887a0f3b5a7ceea963a48499fb883ffce6b5037362def025c52c2505b15d63e4?s=96&d=mm&r=g\",\"caption\":\"Ismael Lucas S. Pereira\"},\"url\":\"https:\\\/\\\/diariodepe.com.br\\\/cri\\\/author\\\/ismael-lucas\\\/\"}]}<\/script>\n<!-- \/ Yoast SEO plugin. -->","yoast_head_json":{"title":"RCEP entra em vigor no primeiro dia de 2022 - CRI e Diario de Pernambuco","robots":{"index":"index","follow":"follow","max-snippet":"max-snippet:-1","max-image-preview":"max-image-preview:large","max-video-preview":"max-video-preview:-1"},"canonical":"https:\/\/diariodepe.com.br\/cri\/2023\/01\/03\/rcep-entra-em-vigor-no-primeiro-dia-de-2022\/","og_locale":"pt_BR","og_type":"article","og_title":"RCEP entra em vigor no primeiro dia de 2022 - CRI e Diario de Pernambuco","og_description":"O acordo da Parceria Econ\u00f4mica Abrangente Regional (RCEP, em ingl\u00eas), o maior pacto de livre com\u00e9rcio do mundo, entrou em vigor neste s\u00e1bado. A partir de agora, mais de 90% do com\u00e9rcio de mercadorias entre os membros que o aprovaram...","og_url":"https:\/\/diariodepe.com.br\/cri\/2023\/01\/03\/rcep-entra-em-vigor-no-primeiro-dia-de-2022\/","og_site_name":"CRI e Diario de Pernambuco","article_published_time":"2023-01-04T02:44:03+00:00","article_modified_time":"2023-01-04T02:44:04+00:00","author":"Ismael Lucas S. Pereira","twitter_card":"summary_large_image","twitter_misc":{"Escrito por":"Ismael Lucas S. Pereira","Est. tempo de leitura":"1 minuto"},"schema":{"@context":"https:\/\/schema.org","@graph":[{"@type":"Article","@id":"https:\/\/diariodepe.com.br\/cri\/2023\/01\/03\/rcep-entra-em-vigor-no-primeiro-dia-de-2022\/#article","isPartOf":{"@id":"https:\/\/diariodepe.com.br\/cri\/2023\/01\/03\/rcep-entra-em-vigor-no-primeiro-dia-de-2022\/"},"author":{"name":"Ismael Lucas S. Pereira","@id":"https:\/\/diariodepe.com.br\/cri\/#\/schema\/person\/121bb28d84f1a5b1205ef4ce9c2e0c6b"},"headline":"RCEP entra em vigor no primeiro dia de 2022","datePublished":"2023-01-04T02:44:03+00:00","dateModified":"2023-01-04T02:44:04+00:00","mainEntityOfPage":{"@id":"https:\/\/diariodepe.com.br\/cri\/2023\/01\/03\/rcep-entra-em-vigor-no-primeiro-dia-de-2022\/"},"wordCount":205,"commentCount":0,"publisher":{"@id":"https:\/\/diariodepe.com.br\/cri\/#organization"},"articleSection":["China"],"inLanguage":"pt-BR","potentialAction":[{"@type":"CommentAction","name":"Comment","target":["https:\/\/diariodepe.com.br\/cri\/2023\/01\/03\/rcep-entra-em-vigor-no-primeiro-dia-de-2022\/#respond"]}]},{"@type":"WebPage","@id":"https:\/\/diariodepe.com.br\/cri\/2023\/01\/03\/rcep-entra-em-vigor-no-primeiro-dia-de-2022\/","url":"https:\/\/diariodepe.com.br\/cri\/2023\/01\/03\/rcep-entra-em-vigor-no-primeiro-dia-de-2022\/","name":"RCEP entra em vigor no primeiro dia de 2022 - CRI e Diario de Pernambuco","isPartOf":{"@id":"https:\/\/diariodepe.com.br\/cri\/#website"},"datePublished":"2023-01-04T02:44:03+00:00","dateModified":"2023-01-04T02:44:04+00:00","breadcrumb":{"@id":"https:\/\/diariodepe.com.br\/cri\/2023\/01\/03\/rcep-entra-em-vigor-no-primeiro-dia-de-2022\/#breadcrumb"},"inLanguage":"pt-BR","potentialAction":[{"@type":"ReadAction","target":["https:\/\/diariodepe.com.br\/cri\/2023\/01\/03\/rcep-entra-em-vigor-no-primeiro-dia-de-2022\/"]}]},{"@type":"BreadcrumbList","@id":"https:\/\/diariodepe.com.br\/cri\/2023\/01\/03\/rcep-entra-em-vigor-no-primeiro-dia-de-2022\/#breadcrumb","itemListElement":[{"@type":"ListItem","position":1,"name":"In\u00edcio","item":"https:\/\/diariodepe.com.br\/cri\/"},{"@type":"ListItem","position":2,"name":"RCEP entra em vigor no primeiro dia de 2022"}]},{"@type":"WebSite","@id":"https:\/\/diariodepe.com.br\/cri\/#website","url":"https:\/\/diariodepe.com.br\/cri\/","name":"CRI e Diario de Pernambuco","description":"R\u00e1dio Internacional da China","publisher":{"@id":"https:\/\/diariodepe.com.br\/cri\/#organization"},"potentialAction":[{"@type":"SearchAction","target":{"@type":"EntryPoint","urlTemplate":"https:\/\/diariodepe.com.br\/cri\/?s={search_term_string}"},"query-input":{"@type":"PropertyValueSpecification","valueRequired":true,"valueName":"search_term_string"}}],"inLanguage":"pt-BR"},{"@type":"Organization","@id":"https:\/\/diariodepe.com.br\/cri\/#organization","name":"CRI e Diario de Pernambuco","url":"https:\/\/diariodepe.com.br\/cri\/","logo":{"@type":"ImageObject","inLanguage":"pt-BR","@id":"https:\/\/diariodepe.com.br\/cri\/#\/schema\/logo\/image\/","url":"https:\/\/diariodepe.com.br\/cri\/wp-content\/uploads\/sites\/2\/2022\/12\/cropped-Logo.jpg","contentUrl":"https:\/\/diariodepe.com.br\/cri\/wp-content\/uploads\/sites\/2\/2022\/12\/cropped-Logo.jpg","width":700,"height":59,"caption":"CRI e Diario de Pernambuco"},"image":{"@id":"https:\/\/diariodepe.com.br\/cri\/#\/schema\/logo\/image\/"}},{"@type":"Person","@id":"https:\/\/diariodepe.com.br\/cri\/#\/schema\/person\/121bb28d84f1a5b1205ef4ce9c2e0c6b","name":"Ismael Lucas S. Pereira","image":{"@type":"ImageObject","inLanguage":"pt-BR","@id":"https:\/\/secure.gravatar.com\/avatar\/887a0f3b5a7ceea963a48499fb883ffce6b5037362def025c52c2505b15d63e4?s=96&d=mm&r=g","url":"https:\/\/secure.gravatar.com\/avatar\/887a0f3b5a7ceea963a48499fb883ffce6b5037362def025c52c2505b15d63e4?s=96&d=mm&r=g","contentUrl":"https:\/\/secure.gravatar.com\/avatar\/887a0f3b5a7ceea963a48499fb883ffce6b5037362def025c52c2505b15d63e4?s=96&d=mm&r=g","caption":"Ismael Lucas S. Pereira"},"url":"https:\/\/diariodepe.com.br\/cri\/author\/ismael-lucas\/"}]}},"cc_featured_image_caption":{"caption_text":"","source_text":"","source_url":""},"amp_enabled":true,"_links":{"self":[{"href":"https:\/\/diariodepe.com.br\/cri\/wp-json\/wp\/v2\/posts\/292","targetHints":{"allow":["GET"]}}],"collection":[{"href":"https:\/\/diariodepe.com.br\/cri\/wp-json\/wp\/v2\/posts"}],"about":[{"href":"https:\/\/diariodepe.com.br\/cri\/wp-json\/wp\/v2\/types\/post"}],"author":[{"embeddable":true,"href":"https:\/\/diariodepe.com.br\/cri\/wp-json\/wp\/v2\/users\/2"}],"replies":[{"embeddable":true,"href":"https:\/\/diariodepe.com.br\/cri\/wp-json\/wp\/v2\/comments?post=292"}],"version-history":[{"count":1,"href":"https:\/\/diariodepe.com.br\/cri\/wp-json\/wp\/v2\/posts\/292\/revisions"}],"predecessor-version":[{"id":293,"href":"https:\/\/diariodepe.com.br\/cri\/wp-json\/wp\/v2\/posts\/292\/revisions\/293"}],"wp:attachment":[{"href":"https:\/\/diariodepe.com.br\/cri\/wp-json\/wp\/v2\/media?parent=292"}],"wp:term":[{"taxonomy":"category","embeddable":true,"href":"https:\/\/diariodepe.com.br\/cri\/wp-json\/wp\/v2\/categories?post=292"},{"taxonomy":"post_tag","embeddable":true,"href":"https:\/\/diariodepe.com.br\/cri\/wp-json\/wp\/v2\/tags?post=292"}],"curies":[{"name":"wp","href":"https:\/\/api.w.org\/{rel}","templated":true}]}}