{"id":287,"date":"2023-01-02T00:03:19","date_gmt":"2023-01-02T03:03:19","guid":{"rendered":"https:\/\/diariodepe.com.br\/cri\/?p=287"},"modified":"2023-01-02T00:03:20","modified_gmt":"2023-01-02T03:03:20","slug":"a-china-esta-do-lado-certo-da-historia","status":"publish","type":"post","link":"https:\/\/diariodepe.com.br\/cri\/2023\/01\/02\/a-china-esta-do-lado-certo-da-historia\/","title":{"rendered":"<strong>A China est\u00e1 do lado certo da hist\u00f3ria<\/strong>"},"content":{"rendered":"\n<p><em>Por Elias Jabbour, professor associado da Faculdade de Ci\u00eancias Econ\u00f4micas da Universidade do Estado do Rio de Janeiro. Ganhador do Special Book Award of China 2022.<\/em><\/p>\n\n\n\n<p>O presidente chin\u00eas, Xi Jinping, proferiu um hist\u00f3rico discurso de 13 minutos de ano novo. Dizemos hist\u00f3rico pelas circunst\u00e2ncias pelas quais passam a China e o mundo. Os desafios enfrentados pela governan\u00e7a chinesa t\u00eam se mostrado cada vez maiores em um mundo cada vez mais inst\u00e1vel, perigoso e onde cresce n\u00e3o somente a tend\u00eancia \u00e0 concretiza\u00e7\u00e3o de uma globaliza\u00e7\u00e3o centrada no conceito de \u201chumanidade de futuro compartilhado\u201d, mas tamb\u00e9m de resist\u00eancia a uma antiga ordem agressiva, violenta e perigosa que insiste em sobreviver. Na verdade, a China n\u00e3o goza da mesma tranquilidade para gerir seu processo de desenvolvimento como no passado.<\/p>\n\n\n\n<p>Os desafios externos s\u00e3o imensos. Internamente, o discurso do presidente chin\u00eas foi uma \u00f3tima tentativa de resposta para acalmar os \u00e2nimos da popula\u00e7\u00e3o diante do avan\u00e7o da Covid-19 e das amea\u00e7as que esta epidemia inflige sobre a sa\u00fade p\u00fablica e a estabilidade nacional. Tratou-se de um discurso not\u00e1vel em que Xi Jinping fez quest\u00e3o de pontuar, em meio \u00e0s instabilidades atuais, os grandes feitos da China sintetizados na realiza\u00e7\u00e3o do 20\u00ba Congresso Nacional do Partido Comunista da China e no pr\u00f3prio processo hist\u00f3rico da revolu\u00e7\u00e3o chinesa. Segundo Xi Jinping:<\/p>\n\n\n\n<p>\u201cDepois do 20\u00ba Congresso Nacional do PCCh, eu e meus colegas fomos a Yan\u2019an para relembrar o per\u00edodo glorioso em que o Comit\u00ea Central do Partido superou ali grandes dificuldades e sentir o esp\u00edrito da gera\u00e7\u00e3o mais velha dos comunistas. Costumo dizer que os sofrimentos e os contratempos forjam a pessoa e a levam ao sucesso. Em cem anos, o Partido Comunista da China desafiou as tempestades e avan\u00e7ou no meio dos espinheiros, passando por um processo duro e extraordin\u00e1rio. Temos que lutar com atitude indom\u00e1vel e tenaz, para que a China seja melhor no futuro\u201d.<\/p>\n\n\n\n<p>De forma objetiva e clara, Xi Jinping passou uma mensagem transparente &nbsp;ao mundo em rela\u00e7\u00e3o \u00e0 mudan\u00e7a na pol\u00edtica de preven\u00e7\u00e3o e controle da Covid-19 e as diferentes opini\u00f5es dentro da China sobre as formas de enfrentar este problema. Enquanto o Ocidente, de forma hip\u00f3crita, empilhou milh\u00f5es de mortos, colocando o lucro na frente das vidas, o caminho chin\u00eas foi diferente e hoje o pa\u00eds muda de forma consciente de postura diante da diversidade de opini\u00f5es no seio da sociedade chinesa. Nas palavras do presidente chin\u00eas:<\/p>\n\n\n\n<p>\u201cNa China do futuro, a for\u00e7a ser\u00e1 gerada da unidade. Em um pa\u00eds t\u00e3o grande como a China, pessoas t\u00eam demandas diferentes e defendem suas pr\u00f3prias opini\u00f5es sobre o mesmo assunto. Isso \u00e9 normal. \u00c9 necess\u00e1rio construir amplos consensos por meio da comunica\u00e7\u00e3o e consulta para que todos os mais de 1,4 bilh\u00e3o de chineses se esforcem, com a vontade comum e rumo ao mesmo objetivo. Quando todos conjugarem os esfor\u00e7os como passageiros que est\u00e3o no mesmo barco e unirem suas vontades em uma gigantesca for\u00e7a, atingir\u00e3o todos os objetivos e superar\u00e3o todas as barreiras\u201d.<\/p>\n\n\n\n<p>Outro ponto importante posto por Xi Jinping foi a quest\u00e3o de Taiwan. Percebendo que o esp\u00edrito do tempo demanda um tom de concilia\u00e7\u00e3o em meio \u00e0s claras interfer\u00eancias estrangeiras em assuntos internos chineses, Xi Jinping preferiu a prud\u00eancia correta para momentos de tormenta: \u201cOs dois lados do estreito de Taiwan pertencem a uma mesma fam\u00edlia. Desejo sinceramente que os compatriotas de Taiwan e da parte continental da China avancem conjuntamente em dire\u00e7\u00e3o ao outro, para trazer benef\u00edcios duradouros \u00e0 na\u00e7\u00e3o chinesa\u201d. Sob nosso ponto de vista tratou-se de uma li\u00e7\u00e3o do presidente chin\u00eas diante das press\u00f5es do chamado Ocidente em torno da quest\u00e3o de Taiwan. A linguagem da for\u00e7a e da amea\u00e7a \u00e9 t\u00edpica do imperialismo e do velho colonialismo. Taiwan \u00e9 uma quest\u00e3o de justi\u00e7a hist\u00f3rica e, historicamente, ser\u00e1 resolvida como toda e qualquer fam\u00edlia ao lidar com suas contradi\u00e7\u00f5es.<\/p>\n\n\n\n<p>A mensagem de ano novo do &nbsp;presidente chin\u00eas foi hist\u00f3rica, sob nosso ponto de vista, justamente pela \u00eanfase na &nbsp;demarca\u00e7\u00e3o da forma chinesa de lidar com suas quest\u00f5es internas e externas. O &nbsp;momento no pa\u00eds demanda serenidade e calma, da mesma forma como foi em momentos cruciais do processo revolucion\u00e1rio comandado &nbsp;por Mao Zedong. Em outras palavras: a China &nbsp;est\u00e1 do lado certo da hist\u00f3ria.&nbsp;&nbsp;&nbsp;&nbsp; &nbsp;&nbsp;&nbsp;&nbsp;&nbsp;<\/p>\n","protected":false},"excerpt":{"rendered":"<p>Por Elias Jabbour, professor associado da Faculdade de Ci\u00eancias Econ\u00f4micas da Universidade do Estado do Rio de Janeiro. Ganhador do Special Book Award of China 2022. O presidente chin\u00eas, Xi Jinping, proferiu um hist\u00f3rico discurso de 13 minutos de ano&#8230;<\/p>\n","protected":false},"author":2,"featured_media":0,"comment_status":"open","ping_status":"open","sticky":false,"template":"","format":"standard","meta":{"footnotes":""},"categories":[7],"tags":[],"class_list":["post-287","post","type-post","status-publish","format-standard","hentry","category-visao"],"yoast_head":"<!-- This site is optimized with the Yoast SEO plugin v27.4 - https:\/\/yoast.com\/product\/yoast-seo-wordpress\/ -->\n<title>A China est\u00e1 do lado certo da hist\u00f3ria - CRI e Diario de Pernambuco<\/title>\n<meta name=\"robots\" content=\"index, follow, max-snippet:-1, max-image-preview:large, max-video-preview:-1\" \/>\n<link rel=\"canonical\" href=\"https:\/\/diariodepe.com.br\/cri\/2023\/01\/02\/a-china-esta-do-lado-certo-da-historia\/\" \/>\n<meta property=\"og:locale\" content=\"pt_BR\" \/>\n<meta property=\"og:type\" content=\"article\" \/>\n<meta property=\"og:title\" content=\"A China est\u00e1 do lado certo da hist\u00f3ria - CRI e Diario de Pernambuco\" \/>\n<meta property=\"og:description\" content=\"Por Elias Jabbour, professor associado da Faculdade de Ci\u00eancias Econ\u00f4micas da Universidade do Estado do Rio de Janeiro. Ganhador do Special Book Award of China 2022. O presidente chin\u00eas, Xi Jinping, proferiu um hist\u00f3rico discurso de 13 minutos de ano...\" \/>\n<meta property=\"og:url\" content=\"https:\/\/diariodepe.com.br\/cri\/2023\/01\/02\/a-china-esta-do-lado-certo-da-historia\/\" \/>\n<meta property=\"og:site_name\" content=\"CRI e Diario de Pernambuco\" \/>\n<meta property=\"article:published_time\" content=\"2023-01-02T03:03:19+00:00\" \/>\n<meta property=\"article:modified_time\" content=\"2023-01-02T03:03:20+00:00\" \/>\n<meta name=\"author\" content=\"Ismael Lucas S. Pereira\" \/>\n<meta name=\"twitter:card\" content=\"summary_large_image\" \/>\n<meta name=\"twitter:label1\" content=\"Escrito por\" \/>\n\t<meta name=\"twitter:data1\" content=\"Ismael Lucas S. Pereira\" \/>\n\t<meta name=\"twitter:label2\" content=\"Est. tempo de leitura\" \/>\n\t<meta name=\"twitter:data2\" content=\"4 minutos\" \/>\n<script type=\"application\/ld+json\" class=\"yoast-schema-graph\">{\"@context\":\"https:\\\/\\\/schema.org\",\"@graph\":[{\"@type\":\"Article\",\"@id\":\"https:\\\/\\\/diariodepe.com.br\\\/cri\\\/2023\\\/01\\\/02\\\/a-china-esta-do-lado-certo-da-historia\\\/#article\",\"isPartOf\":{\"@id\":\"https:\\\/\\\/diariodepe.com.br\\\/cri\\\/2023\\\/01\\\/02\\\/a-china-esta-do-lado-certo-da-historia\\\/\"},\"author\":{\"name\":\"Ismael Lucas S. Pereira\",\"@id\":\"https:\\\/\\\/diariodepe.com.br\\\/cri\\\/#\\\/schema\\\/person\\\/121bb28d84f1a5b1205ef4ce9c2e0c6b\"},\"headline\":\"A China est\u00e1 do lado certo da hist\u00f3ria\",\"datePublished\":\"2023-01-02T03:03:19+00:00\",\"dateModified\":\"2023-01-02T03:03:20+00:00\",\"mainEntityOfPage\":{\"@id\":\"https:\\\/\\\/diariodepe.com.br\\\/cri\\\/2023\\\/01\\\/02\\\/a-china-esta-do-lado-certo-da-historia\\\/\"},\"wordCount\":800,\"commentCount\":0,\"publisher\":{\"@id\":\"https:\\\/\\\/diariodepe.com.br\\\/cri\\\/#organization\"},\"articleSection\":[\"Vis\u00e3o\"],\"inLanguage\":\"pt-BR\",\"potentialAction\":[{\"@type\":\"CommentAction\",\"name\":\"Comment\",\"target\":[\"https:\\\/\\\/diariodepe.com.br\\\/cri\\\/2023\\\/01\\\/02\\\/a-china-esta-do-lado-certo-da-historia\\\/#respond\"]}]},{\"@type\":\"WebPage\",\"@id\":\"https:\\\/\\\/diariodepe.com.br\\\/cri\\\/2023\\\/01\\\/02\\\/a-china-esta-do-lado-certo-da-historia\\\/\",\"url\":\"https:\\\/\\\/diariodepe.com.br\\\/cri\\\/2023\\\/01\\\/02\\\/a-china-esta-do-lado-certo-da-historia\\\/\",\"name\":\"A China est\u00e1 do lado certo da hist\u00f3ria - CRI e Diario de Pernambuco\",\"isPartOf\":{\"@id\":\"https:\\\/\\\/diariodepe.com.br\\\/cri\\\/#website\"},\"datePublished\":\"2023-01-02T03:03:19+00:00\",\"dateModified\":\"2023-01-02T03:03:20+00:00\",\"breadcrumb\":{\"@id\":\"https:\\\/\\\/diariodepe.com.br\\\/cri\\\/2023\\\/01\\\/02\\\/a-china-esta-do-lado-certo-da-historia\\\/#breadcrumb\"},\"inLanguage\":\"pt-BR\",\"potentialAction\":[{\"@type\":\"ReadAction\",\"target\":[\"https:\\\/\\\/diariodepe.com.br\\\/cri\\\/2023\\\/01\\\/02\\\/a-china-esta-do-lado-certo-da-historia\\\/\"]}]},{\"@type\":\"BreadcrumbList\",\"@id\":\"https:\\\/\\\/diariodepe.com.br\\\/cri\\\/2023\\\/01\\\/02\\\/a-china-esta-do-lado-certo-da-historia\\\/#breadcrumb\",\"itemListElement\":[{\"@type\":\"ListItem\",\"position\":1,\"name\":\"In\u00edcio\",\"item\":\"https:\\\/\\\/diariodepe.com.br\\\/cri\\\/\"},{\"@type\":\"ListItem\",\"position\":2,\"name\":\"A China est\u00e1 do lado certo da hist\u00f3ria\"}]},{\"@type\":\"WebSite\",\"@id\":\"https:\\\/\\\/diariodepe.com.br\\\/cri\\\/#website\",\"url\":\"https:\\\/\\\/diariodepe.com.br\\\/cri\\\/\",\"name\":\"CRI e Diario de Pernambuco\",\"description\":\"R\u00e1dio Internacional da China\",\"publisher\":{\"@id\":\"https:\\\/\\\/diariodepe.com.br\\\/cri\\\/#organization\"},\"potentialAction\":[{\"@type\":\"SearchAction\",\"target\":{\"@type\":\"EntryPoint\",\"urlTemplate\":\"https:\\\/\\\/diariodepe.com.br\\\/cri\\\/?s={search_term_string}\"},\"query-input\":{\"@type\":\"PropertyValueSpecification\",\"valueRequired\":true,\"valueName\":\"search_term_string\"}}],\"inLanguage\":\"pt-BR\"},{\"@type\":\"Organization\",\"@id\":\"https:\\\/\\\/diariodepe.com.br\\\/cri\\\/#organization\",\"name\":\"CRI e Diario de Pernambuco\",\"url\":\"https:\\\/\\\/diariodepe.com.br\\\/cri\\\/\",\"logo\":{\"@type\":\"ImageObject\",\"inLanguage\":\"pt-BR\",\"@id\":\"https:\\\/\\\/diariodepe.com.br\\\/cri\\\/#\\\/schema\\\/logo\\\/image\\\/\",\"url\":\"https:\\\/\\\/diariodepe.com.br\\\/cri\\\/wp-content\\\/uploads\\\/sites\\\/2\\\/2022\\\/12\\\/cropped-Logo.jpg\",\"contentUrl\":\"https:\\\/\\\/diariodepe.com.br\\\/cri\\\/wp-content\\\/uploads\\\/sites\\\/2\\\/2022\\\/12\\\/cropped-Logo.jpg\",\"width\":700,\"height\":59,\"caption\":\"CRI e Diario de Pernambuco\"},\"image\":{\"@id\":\"https:\\\/\\\/diariodepe.com.br\\\/cri\\\/#\\\/schema\\\/logo\\\/image\\\/\"}},{\"@type\":\"Person\",\"@id\":\"https:\\\/\\\/diariodepe.com.br\\\/cri\\\/#\\\/schema\\\/person\\\/121bb28d84f1a5b1205ef4ce9c2e0c6b\",\"name\":\"Ismael Lucas S. Pereira\",\"image\":{\"@type\":\"ImageObject\",\"inLanguage\":\"pt-BR\",\"@id\":\"https:\\\/\\\/secure.gravatar.com\\\/avatar\\\/887a0f3b5a7ceea963a48499fb883ffce6b5037362def025c52c2505b15d63e4?s=96&d=mm&r=g\",\"url\":\"https:\\\/\\\/secure.gravatar.com\\\/avatar\\\/887a0f3b5a7ceea963a48499fb883ffce6b5037362def025c52c2505b15d63e4?s=96&d=mm&r=g\",\"contentUrl\":\"https:\\\/\\\/secure.gravatar.com\\\/avatar\\\/887a0f3b5a7ceea963a48499fb883ffce6b5037362def025c52c2505b15d63e4?s=96&d=mm&r=g\",\"caption\":\"Ismael Lucas S. Pereira\"},\"url\":\"https:\\\/\\\/diariodepe.com.br\\\/cri\\\/author\\\/ismael-lucas\\\/\"}]}<\/script>\n<!-- \/ Yoast SEO plugin. -->","yoast_head_json":{"title":"A China est\u00e1 do lado certo da hist\u00f3ria - CRI e Diario de Pernambuco","robots":{"index":"index","follow":"follow","max-snippet":"max-snippet:-1","max-image-preview":"max-image-preview:large","max-video-preview":"max-video-preview:-1"},"canonical":"https:\/\/diariodepe.com.br\/cri\/2023\/01\/02\/a-china-esta-do-lado-certo-da-historia\/","og_locale":"pt_BR","og_type":"article","og_title":"A China est\u00e1 do lado certo da hist\u00f3ria - CRI e Diario de Pernambuco","og_description":"Por Elias Jabbour, professor associado da Faculdade de Ci\u00eancias Econ\u00f4micas da Universidade do Estado do Rio de Janeiro. Ganhador do Special Book Award of China 2022. O presidente chin\u00eas, Xi Jinping, proferiu um hist\u00f3rico discurso de 13 minutos de ano...","og_url":"https:\/\/diariodepe.com.br\/cri\/2023\/01\/02\/a-china-esta-do-lado-certo-da-historia\/","og_site_name":"CRI e Diario de Pernambuco","article_published_time":"2023-01-02T03:03:19+00:00","article_modified_time":"2023-01-02T03:03:20+00:00","author":"Ismael Lucas S. Pereira","twitter_card":"summary_large_image","twitter_misc":{"Escrito por":"Ismael Lucas S. Pereira","Est. tempo de leitura":"4 minutos"},"schema":{"@context":"https:\/\/schema.org","@graph":[{"@type":"Article","@id":"https:\/\/diariodepe.com.br\/cri\/2023\/01\/02\/a-china-esta-do-lado-certo-da-historia\/#article","isPartOf":{"@id":"https:\/\/diariodepe.com.br\/cri\/2023\/01\/02\/a-china-esta-do-lado-certo-da-historia\/"},"author":{"name":"Ismael Lucas S. Pereira","@id":"https:\/\/diariodepe.com.br\/cri\/#\/schema\/person\/121bb28d84f1a5b1205ef4ce9c2e0c6b"},"headline":"A China est\u00e1 do lado certo da hist\u00f3ria","datePublished":"2023-01-02T03:03:19+00:00","dateModified":"2023-01-02T03:03:20+00:00","mainEntityOfPage":{"@id":"https:\/\/diariodepe.com.br\/cri\/2023\/01\/02\/a-china-esta-do-lado-certo-da-historia\/"},"wordCount":800,"commentCount":0,"publisher":{"@id":"https:\/\/diariodepe.com.br\/cri\/#organization"},"articleSection":["Vis\u00e3o"],"inLanguage":"pt-BR","potentialAction":[{"@type":"CommentAction","name":"Comment","target":["https:\/\/diariodepe.com.br\/cri\/2023\/01\/02\/a-china-esta-do-lado-certo-da-historia\/#respond"]}]},{"@type":"WebPage","@id":"https:\/\/diariodepe.com.br\/cri\/2023\/01\/02\/a-china-esta-do-lado-certo-da-historia\/","url":"https:\/\/diariodepe.com.br\/cri\/2023\/01\/02\/a-china-esta-do-lado-certo-da-historia\/","name":"A China est\u00e1 do lado certo da hist\u00f3ria - CRI e Diario de Pernambuco","isPartOf":{"@id":"https:\/\/diariodepe.com.br\/cri\/#website"},"datePublished":"2023-01-02T03:03:19+00:00","dateModified":"2023-01-02T03:03:20+00:00","breadcrumb":{"@id":"https:\/\/diariodepe.com.br\/cri\/2023\/01\/02\/a-china-esta-do-lado-certo-da-historia\/#breadcrumb"},"inLanguage":"pt-BR","potentialAction":[{"@type":"ReadAction","target":["https:\/\/diariodepe.com.br\/cri\/2023\/01\/02\/a-china-esta-do-lado-certo-da-historia\/"]}]},{"@type":"BreadcrumbList","@id":"https:\/\/diariodepe.com.br\/cri\/2023\/01\/02\/a-china-esta-do-lado-certo-da-historia\/#breadcrumb","itemListElement":[{"@type":"ListItem","position":1,"name":"In\u00edcio","item":"https:\/\/diariodepe.com.br\/cri\/"},{"@type":"ListItem","position":2,"name":"A China est\u00e1 do lado certo da hist\u00f3ria"}]},{"@type":"WebSite","@id":"https:\/\/diariodepe.com.br\/cri\/#website","url":"https:\/\/diariodepe.com.br\/cri\/","name":"CRI e Diario de Pernambuco","description":"R\u00e1dio Internacional da China","publisher":{"@id":"https:\/\/diariodepe.com.br\/cri\/#organization"},"potentialAction":[{"@type":"SearchAction","target":{"@type":"EntryPoint","urlTemplate":"https:\/\/diariodepe.com.br\/cri\/?s={search_term_string}"},"query-input":{"@type":"PropertyValueSpecification","valueRequired":true,"valueName":"search_term_string"}}],"inLanguage":"pt-BR"},{"@type":"Organization","@id":"https:\/\/diariodepe.com.br\/cri\/#organization","name":"CRI e Diario de Pernambuco","url":"https:\/\/diariodepe.com.br\/cri\/","logo":{"@type":"ImageObject","inLanguage":"pt-BR","@id":"https:\/\/diariodepe.com.br\/cri\/#\/schema\/logo\/image\/","url":"https:\/\/diariodepe.com.br\/cri\/wp-content\/uploads\/sites\/2\/2022\/12\/cropped-Logo.jpg","contentUrl":"https:\/\/diariodepe.com.br\/cri\/wp-content\/uploads\/sites\/2\/2022\/12\/cropped-Logo.jpg","width":700,"height":59,"caption":"CRI e Diario de Pernambuco"},"image":{"@id":"https:\/\/diariodepe.com.br\/cri\/#\/schema\/logo\/image\/"}},{"@type":"Person","@id":"https:\/\/diariodepe.com.br\/cri\/#\/schema\/person\/121bb28d84f1a5b1205ef4ce9c2e0c6b","name":"Ismael Lucas S. Pereira","image":{"@type":"ImageObject","inLanguage":"pt-BR","@id":"https:\/\/secure.gravatar.com\/avatar\/887a0f3b5a7ceea963a48499fb883ffce6b5037362def025c52c2505b15d63e4?s=96&d=mm&r=g","url":"https:\/\/secure.gravatar.com\/avatar\/887a0f3b5a7ceea963a48499fb883ffce6b5037362def025c52c2505b15d63e4?s=96&d=mm&r=g","contentUrl":"https:\/\/secure.gravatar.com\/avatar\/887a0f3b5a7ceea963a48499fb883ffce6b5037362def025c52c2505b15d63e4?s=96&d=mm&r=g","caption":"Ismael Lucas S. Pereira"},"url":"https:\/\/diariodepe.com.br\/cri\/author\/ismael-lucas\/"}]}},"cc_featured_image_caption":{"caption_text":"","source_text":"","source_url":""},"amp_enabled":true,"_links":{"self":[{"href":"https:\/\/diariodepe.com.br\/cri\/wp-json\/wp\/v2\/posts\/287","targetHints":{"allow":["GET"]}}],"collection":[{"href":"https:\/\/diariodepe.com.br\/cri\/wp-json\/wp\/v2\/posts"}],"about":[{"href":"https:\/\/diariodepe.com.br\/cri\/wp-json\/wp\/v2\/types\/post"}],"author":[{"embeddable":true,"href":"https:\/\/diariodepe.com.br\/cri\/wp-json\/wp\/v2\/users\/2"}],"replies":[{"embeddable":true,"href":"https:\/\/diariodepe.com.br\/cri\/wp-json\/wp\/v2\/comments?post=287"}],"version-history":[{"count":1,"href":"https:\/\/diariodepe.com.br\/cri\/wp-json\/wp\/v2\/posts\/287\/revisions"}],"predecessor-version":[{"id":288,"href":"https:\/\/diariodepe.com.br\/cri\/wp-json\/wp\/v2\/posts\/287\/revisions\/288"}],"wp:attachment":[{"href":"https:\/\/diariodepe.com.br\/cri\/wp-json\/wp\/v2\/media?parent=287"}],"wp:term":[{"taxonomy":"category","embeddable":true,"href":"https:\/\/diariodepe.com.br\/cri\/wp-json\/wp\/v2\/categories?post=287"},{"taxonomy":"post_tag","embeddable":true,"href":"https:\/\/diariodepe.com.br\/cri\/wp-json\/wp\/v2\/tags?post=287"}],"curies":[{"name":"wp","href":"https:\/\/api.w.org\/{rel}","templated":true}]}}