{"id":2791,"date":"2023-09-19T23:03:59","date_gmt":"2023-09-20T02:03:59","guid":{"rendered":"https:\/\/diariodepe.com.br\/cri\/?p=2791"},"modified":"2023-09-19T23:03:59","modified_gmt":"2023-09-20T02:03:59","slug":"livro-de-discursos-de-xi-sobre-direitos-humanos-e-publicado-em-mais-seis-linguas-estrangeiras","status":"publish","type":"post","link":"https:\/\/diariodepe.com.br\/cri\/2023\/09\/19\/livro-de-discursos-de-xi-sobre-direitos-humanos-e-publicado-em-mais-seis-linguas-estrangeiras\/","title":{"rendered":"Livro de discursos de Xi sobre direitos humanos \u00e9 publicado em mais seis l\u00ednguas estrangeiras"},"content":{"rendered":"<p>Uma compila\u00e7\u00e3o selecionada dos discursos de Xi Jinping sobre direitos humanos agora est\u00e1 dispon\u00edvel em \u00e1rabe, portugu\u00eas, alem\u00e3o, sua\u00edli, urdu e vietnamita.<\/p>\n<p>Compilado pelo Instituto de Hist\u00f3ria e Literatura do Partido do Comit\u00ea Central do Partido Comunista da China, o livro utiliza nove temas para registar sistematicamente as observa\u00e7\u00f5es de Xi Jinping sobre o respeito e a prote\u00e7\u00e3o dos direitos humanos.<\/p>\n<p>As vers\u00f5es em l\u00ednguas estrangeiras foram publicadas pela Editora de L\u00ednguas Estrangeiras e visam ajudar os leitores estrangeiros a entender os discursos de Xi Jinping sobre os direitos humanos e a compreender o que a China fez para respeitar e proteger os direitos humanos, bem como as propostas da China para a melhoria da governan\u00e7a global dos direitos humanos.<\/p>\n<p>Em 2022, a Editora Central de Compila\u00e7\u00e3o e Tradu\u00e7\u00e3o publicou as vers\u00f5es chin\u00eas-ingl\u00eas, chin\u00eas-franc\u00eas, chin\u00eas-russo, chin\u00eas-espanhol e chin\u00eas-japon\u00eas do livro.<\/p>\n","protected":false},"excerpt":{"rendered":"<p>Uma compila\u00e7\u00e3o selecionada dos discursos de Xi Jinping sobre direitos humanos agora est\u00e1 dispon\u00edvel em \u00e1rabe, portugu\u00eas, alem\u00e3o, sua\u00edli, urdu e vietnamita. Compilado pelo Instituto de Hist\u00f3ria e Literatura do Partido do Comit\u00ea Central do Partido Comunista da China, o&#8230;<\/p>\n","protected":false},"author":2,"featured_media":0,"comment_status":"open","ping_status":"open","sticky":false,"template":"","format":"standard","meta":{"footnotes":""},"categories":[3],"tags":[],"class_list":["post-2791","post","type-post","status-publish","format-standard","hentry","category-china"],"yoast_head":"<!-- This site is optimized with the Yoast SEO plugin v27.4 - https:\/\/yoast.com\/product\/yoast-seo-wordpress\/ -->\n<title>Livro de discursos de Xi sobre direitos humanos \u00e9 publicado em mais seis l\u00ednguas estrangeiras - CRI e Diario de Pernambuco<\/title>\n<meta name=\"robots\" content=\"index, follow, max-snippet:-1, max-image-preview:large, max-video-preview:-1\" \/>\n<link rel=\"canonical\" href=\"https:\/\/diariodepe.com.br\/cri\/2023\/09\/19\/livro-de-discursos-de-xi-sobre-direitos-humanos-e-publicado-em-mais-seis-linguas-estrangeiras\/\" \/>\n<meta property=\"og:locale\" content=\"pt_BR\" \/>\n<meta property=\"og:type\" content=\"article\" \/>\n<meta property=\"og:title\" content=\"Livro de discursos de Xi sobre direitos humanos \u00e9 publicado em mais seis l\u00ednguas estrangeiras - CRI e Diario de Pernambuco\" \/>\n<meta property=\"og:description\" content=\"Uma compila\u00e7\u00e3o selecionada dos discursos de Xi Jinping sobre direitos humanos agora est\u00e1 dispon\u00edvel em \u00e1rabe, portugu\u00eas, alem\u00e3o, sua\u00edli, urdu e vietnamita. Compilado pelo Instituto de Hist\u00f3ria e Literatura do Partido do Comit\u00ea Central do Partido Comunista da China, o...\" \/>\n<meta property=\"og:url\" content=\"https:\/\/diariodepe.com.br\/cri\/2023\/09\/19\/livro-de-discursos-de-xi-sobre-direitos-humanos-e-publicado-em-mais-seis-linguas-estrangeiras\/\" \/>\n<meta property=\"og:site_name\" content=\"CRI e Diario de Pernambuco\" \/>\n<meta property=\"article:published_time\" content=\"2023-09-20T02:03:59+00:00\" \/>\n<meta name=\"author\" content=\"Ismael Lucas S. Pereira\" \/>\n<meta name=\"twitter:card\" content=\"summary_large_image\" \/>\n<meta name=\"twitter:label1\" content=\"Escrito por\" \/>\n\t<meta name=\"twitter:data1\" content=\"Ismael Lucas S. Pereira\" \/>\n\t<meta name=\"twitter:label2\" content=\"Est. tempo de leitura\" \/>\n\t<meta name=\"twitter:data2\" content=\"1 minuto\" \/>\n<script type=\"application\/ld+json\" class=\"yoast-schema-graph\">{\"@context\":\"https:\\\/\\\/schema.org\",\"@graph\":[{\"@type\":\"Article\",\"@id\":\"https:\\\/\\\/diariodepe.com.br\\\/cri\\\/2023\\\/09\\\/19\\\/livro-de-discursos-de-xi-sobre-direitos-humanos-e-publicado-em-mais-seis-linguas-estrangeiras\\\/#article\",\"isPartOf\":{\"@id\":\"https:\\\/\\\/diariodepe.com.br\\\/cri\\\/2023\\\/09\\\/19\\\/livro-de-discursos-de-xi-sobre-direitos-humanos-e-publicado-em-mais-seis-linguas-estrangeiras\\\/\"},\"author\":{\"name\":\"Ismael Lucas S. Pereira\",\"@id\":\"https:\\\/\\\/diariodepe.com.br\\\/cri\\\/#\\\/schema\\\/person\\\/121bb28d84f1a5b1205ef4ce9c2e0c6b\"},\"headline\":\"Livro de discursos de Xi sobre direitos humanos \u00e9 publicado em mais seis l\u00ednguas estrangeiras\",\"datePublished\":\"2023-09-20T02:03:59+00:00\",\"mainEntityOfPage\":{\"@id\":\"https:\\\/\\\/diariodepe.com.br\\\/cri\\\/2023\\\/09\\\/19\\\/livro-de-discursos-de-xi-sobre-direitos-humanos-e-publicado-em-mais-seis-linguas-estrangeiras\\\/\"},\"wordCount\":177,\"commentCount\":0,\"publisher\":{\"@id\":\"https:\\\/\\\/diariodepe.com.br\\\/cri\\\/#organization\"},\"articleSection\":[\"China\"],\"inLanguage\":\"pt-BR\",\"potentialAction\":[{\"@type\":\"CommentAction\",\"name\":\"Comment\",\"target\":[\"https:\\\/\\\/diariodepe.com.br\\\/cri\\\/2023\\\/09\\\/19\\\/livro-de-discursos-de-xi-sobre-direitos-humanos-e-publicado-em-mais-seis-linguas-estrangeiras\\\/#respond\"]}]},{\"@type\":\"WebPage\",\"@id\":\"https:\\\/\\\/diariodepe.com.br\\\/cri\\\/2023\\\/09\\\/19\\\/livro-de-discursos-de-xi-sobre-direitos-humanos-e-publicado-em-mais-seis-linguas-estrangeiras\\\/\",\"url\":\"https:\\\/\\\/diariodepe.com.br\\\/cri\\\/2023\\\/09\\\/19\\\/livro-de-discursos-de-xi-sobre-direitos-humanos-e-publicado-em-mais-seis-linguas-estrangeiras\\\/\",\"name\":\"Livro de discursos de Xi sobre direitos humanos \u00e9 publicado em mais seis l\u00ednguas estrangeiras - CRI e Diario de Pernambuco\",\"isPartOf\":{\"@id\":\"https:\\\/\\\/diariodepe.com.br\\\/cri\\\/#website\"},\"datePublished\":\"2023-09-20T02:03:59+00:00\",\"breadcrumb\":{\"@id\":\"https:\\\/\\\/diariodepe.com.br\\\/cri\\\/2023\\\/09\\\/19\\\/livro-de-discursos-de-xi-sobre-direitos-humanos-e-publicado-em-mais-seis-linguas-estrangeiras\\\/#breadcrumb\"},\"inLanguage\":\"pt-BR\",\"potentialAction\":[{\"@type\":\"ReadAction\",\"target\":[\"https:\\\/\\\/diariodepe.com.br\\\/cri\\\/2023\\\/09\\\/19\\\/livro-de-discursos-de-xi-sobre-direitos-humanos-e-publicado-em-mais-seis-linguas-estrangeiras\\\/\"]}]},{\"@type\":\"BreadcrumbList\",\"@id\":\"https:\\\/\\\/diariodepe.com.br\\\/cri\\\/2023\\\/09\\\/19\\\/livro-de-discursos-de-xi-sobre-direitos-humanos-e-publicado-em-mais-seis-linguas-estrangeiras\\\/#breadcrumb\",\"itemListElement\":[{\"@type\":\"ListItem\",\"position\":1,\"name\":\"In\u00edcio\",\"item\":\"https:\\\/\\\/diariodepe.com.br\\\/cri\\\/\"},{\"@type\":\"ListItem\",\"position\":2,\"name\":\"Livro de discursos de Xi sobre direitos humanos \u00e9 publicado em mais seis l\u00ednguas estrangeiras\"}]},{\"@type\":\"WebSite\",\"@id\":\"https:\\\/\\\/diariodepe.com.br\\\/cri\\\/#website\",\"url\":\"https:\\\/\\\/diariodepe.com.br\\\/cri\\\/\",\"name\":\"CRI e Diario de Pernambuco\",\"description\":\"R\u00e1dio Internacional da China\",\"publisher\":{\"@id\":\"https:\\\/\\\/diariodepe.com.br\\\/cri\\\/#organization\"},\"potentialAction\":[{\"@type\":\"SearchAction\",\"target\":{\"@type\":\"EntryPoint\",\"urlTemplate\":\"https:\\\/\\\/diariodepe.com.br\\\/cri\\\/?s={search_term_string}\"},\"query-input\":{\"@type\":\"PropertyValueSpecification\",\"valueRequired\":true,\"valueName\":\"search_term_string\"}}],\"inLanguage\":\"pt-BR\"},{\"@type\":\"Organization\",\"@id\":\"https:\\\/\\\/diariodepe.com.br\\\/cri\\\/#organization\",\"name\":\"CRI e Diario de Pernambuco\",\"url\":\"https:\\\/\\\/diariodepe.com.br\\\/cri\\\/\",\"logo\":{\"@type\":\"ImageObject\",\"inLanguage\":\"pt-BR\",\"@id\":\"https:\\\/\\\/diariodepe.com.br\\\/cri\\\/#\\\/schema\\\/logo\\\/image\\\/\",\"url\":\"https:\\\/\\\/diariodepe.com.br\\\/cri\\\/wp-content\\\/uploads\\\/sites\\\/2\\\/2022\\\/12\\\/cropped-Logo.jpg\",\"contentUrl\":\"https:\\\/\\\/diariodepe.com.br\\\/cri\\\/wp-content\\\/uploads\\\/sites\\\/2\\\/2022\\\/12\\\/cropped-Logo.jpg\",\"width\":700,\"height\":59,\"caption\":\"CRI e Diario de Pernambuco\"},\"image\":{\"@id\":\"https:\\\/\\\/diariodepe.com.br\\\/cri\\\/#\\\/schema\\\/logo\\\/image\\\/\"}},{\"@type\":\"Person\",\"@id\":\"https:\\\/\\\/diariodepe.com.br\\\/cri\\\/#\\\/schema\\\/person\\\/121bb28d84f1a5b1205ef4ce9c2e0c6b\",\"name\":\"Ismael Lucas S. Pereira\",\"image\":{\"@type\":\"ImageObject\",\"inLanguage\":\"pt-BR\",\"@id\":\"https:\\\/\\\/secure.gravatar.com\\\/avatar\\\/887a0f3b5a7ceea963a48499fb883ffce6b5037362def025c52c2505b15d63e4?s=96&d=mm&r=g\",\"url\":\"https:\\\/\\\/secure.gravatar.com\\\/avatar\\\/887a0f3b5a7ceea963a48499fb883ffce6b5037362def025c52c2505b15d63e4?s=96&d=mm&r=g\",\"contentUrl\":\"https:\\\/\\\/secure.gravatar.com\\\/avatar\\\/887a0f3b5a7ceea963a48499fb883ffce6b5037362def025c52c2505b15d63e4?s=96&d=mm&r=g\",\"caption\":\"Ismael Lucas S. Pereira\"},\"url\":\"https:\\\/\\\/diariodepe.com.br\\\/cri\\\/author\\\/ismael-lucas\\\/\"}]}<\/script>\n<!-- \/ Yoast SEO plugin. -->","yoast_head_json":{"title":"Livro de discursos de Xi sobre direitos humanos \u00e9 publicado em mais seis l\u00ednguas estrangeiras - CRI e Diario de Pernambuco","robots":{"index":"index","follow":"follow","max-snippet":"max-snippet:-1","max-image-preview":"max-image-preview:large","max-video-preview":"max-video-preview:-1"},"canonical":"https:\/\/diariodepe.com.br\/cri\/2023\/09\/19\/livro-de-discursos-de-xi-sobre-direitos-humanos-e-publicado-em-mais-seis-linguas-estrangeiras\/","og_locale":"pt_BR","og_type":"article","og_title":"Livro de discursos de Xi sobre direitos humanos \u00e9 publicado em mais seis l\u00ednguas estrangeiras - CRI e Diario de Pernambuco","og_description":"Uma compila\u00e7\u00e3o selecionada dos discursos de Xi Jinping sobre direitos humanos agora est\u00e1 dispon\u00edvel em \u00e1rabe, portugu\u00eas, alem\u00e3o, sua\u00edli, urdu e vietnamita. Compilado pelo Instituto de Hist\u00f3ria e Literatura do Partido do Comit\u00ea Central do Partido Comunista da China, o...","og_url":"https:\/\/diariodepe.com.br\/cri\/2023\/09\/19\/livro-de-discursos-de-xi-sobre-direitos-humanos-e-publicado-em-mais-seis-linguas-estrangeiras\/","og_site_name":"CRI e Diario de Pernambuco","article_published_time":"2023-09-20T02:03:59+00:00","author":"Ismael Lucas S. Pereira","twitter_card":"summary_large_image","twitter_misc":{"Escrito por":"Ismael Lucas S. Pereira","Est. tempo de leitura":"1 minuto"},"schema":{"@context":"https:\/\/schema.org","@graph":[{"@type":"Article","@id":"https:\/\/diariodepe.com.br\/cri\/2023\/09\/19\/livro-de-discursos-de-xi-sobre-direitos-humanos-e-publicado-em-mais-seis-linguas-estrangeiras\/#article","isPartOf":{"@id":"https:\/\/diariodepe.com.br\/cri\/2023\/09\/19\/livro-de-discursos-de-xi-sobre-direitos-humanos-e-publicado-em-mais-seis-linguas-estrangeiras\/"},"author":{"name":"Ismael Lucas S. Pereira","@id":"https:\/\/diariodepe.com.br\/cri\/#\/schema\/person\/121bb28d84f1a5b1205ef4ce9c2e0c6b"},"headline":"Livro de discursos de Xi sobre direitos humanos \u00e9 publicado em mais seis l\u00ednguas estrangeiras","datePublished":"2023-09-20T02:03:59+00:00","mainEntityOfPage":{"@id":"https:\/\/diariodepe.com.br\/cri\/2023\/09\/19\/livro-de-discursos-de-xi-sobre-direitos-humanos-e-publicado-em-mais-seis-linguas-estrangeiras\/"},"wordCount":177,"commentCount":0,"publisher":{"@id":"https:\/\/diariodepe.com.br\/cri\/#organization"},"articleSection":["China"],"inLanguage":"pt-BR","potentialAction":[{"@type":"CommentAction","name":"Comment","target":["https:\/\/diariodepe.com.br\/cri\/2023\/09\/19\/livro-de-discursos-de-xi-sobre-direitos-humanos-e-publicado-em-mais-seis-linguas-estrangeiras\/#respond"]}]},{"@type":"WebPage","@id":"https:\/\/diariodepe.com.br\/cri\/2023\/09\/19\/livro-de-discursos-de-xi-sobre-direitos-humanos-e-publicado-em-mais-seis-linguas-estrangeiras\/","url":"https:\/\/diariodepe.com.br\/cri\/2023\/09\/19\/livro-de-discursos-de-xi-sobre-direitos-humanos-e-publicado-em-mais-seis-linguas-estrangeiras\/","name":"Livro de discursos de Xi sobre direitos humanos \u00e9 publicado em mais seis l\u00ednguas estrangeiras - CRI e Diario de Pernambuco","isPartOf":{"@id":"https:\/\/diariodepe.com.br\/cri\/#website"},"datePublished":"2023-09-20T02:03:59+00:00","breadcrumb":{"@id":"https:\/\/diariodepe.com.br\/cri\/2023\/09\/19\/livro-de-discursos-de-xi-sobre-direitos-humanos-e-publicado-em-mais-seis-linguas-estrangeiras\/#breadcrumb"},"inLanguage":"pt-BR","potentialAction":[{"@type":"ReadAction","target":["https:\/\/diariodepe.com.br\/cri\/2023\/09\/19\/livro-de-discursos-de-xi-sobre-direitos-humanos-e-publicado-em-mais-seis-linguas-estrangeiras\/"]}]},{"@type":"BreadcrumbList","@id":"https:\/\/diariodepe.com.br\/cri\/2023\/09\/19\/livro-de-discursos-de-xi-sobre-direitos-humanos-e-publicado-em-mais-seis-linguas-estrangeiras\/#breadcrumb","itemListElement":[{"@type":"ListItem","position":1,"name":"In\u00edcio","item":"https:\/\/diariodepe.com.br\/cri\/"},{"@type":"ListItem","position":2,"name":"Livro de discursos de Xi sobre direitos humanos \u00e9 publicado em mais seis l\u00ednguas estrangeiras"}]},{"@type":"WebSite","@id":"https:\/\/diariodepe.com.br\/cri\/#website","url":"https:\/\/diariodepe.com.br\/cri\/","name":"CRI e Diario de Pernambuco","description":"R\u00e1dio Internacional da China","publisher":{"@id":"https:\/\/diariodepe.com.br\/cri\/#organization"},"potentialAction":[{"@type":"SearchAction","target":{"@type":"EntryPoint","urlTemplate":"https:\/\/diariodepe.com.br\/cri\/?s={search_term_string}"},"query-input":{"@type":"PropertyValueSpecification","valueRequired":true,"valueName":"search_term_string"}}],"inLanguage":"pt-BR"},{"@type":"Organization","@id":"https:\/\/diariodepe.com.br\/cri\/#organization","name":"CRI e Diario de Pernambuco","url":"https:\/\/diariodepe.com.br\/cri\/","logo":{"@type":"ImageObject","inLanguage":"pt-BR","@id":"https:\/\/diariodepe.com.br\/cri\/#\/schema\/logo\/image\/","url":"https:\/\/diariodepe.com.br\/cri\/wp-content\/uploads\/sites\/2\/2022\/12\/cropped-Logo.jpg","contentUrl":"https:\/\/diariodepe.com.br\/cri\/wp-content\/uploads\/sites\/2\/2022\/12\/cropped-Logo.jpg","width":700,"height":59,"caption":"CRI e Diario de Pernambuco"},"image":{"@id":"https:\/\/diariodepe.com.br\/cri\/#\/schema\/logo\/image\/"}},{"@type":"Person","@id":"https:\/\/diariodepe.com.br\/cri\/#\/schema\/person\/121bb28d84f1a5b1205ef4ce9c2e0c6b","name":"Ismael Lucas S. Pereira","image":{"@type":"ImageObject","inLanguage":"pt-BR","@id":"https:\/\/secure.gravatar.com\/avatar\/887a0f3b5a7ceea963a48499fb883ffce6b5037362def025c52c2505b15d63e4?s=96&d=mm&r=g","url":"https:\/\/secure.gravatar.com\/avatar\/887a0f3b5a7ceea963a48499fb883ffce6b5037362def025c52c2505b15d63e4?s=96&d=mm&r=g","contentUrl":"https:\/\/secure.gravatar.com\/avatar\/887a0f3b5a7ceea963a48499fb883ffce6b5037362def025c52c2505b15d63e4?s=96&d=mm&r=g","caption":"Ismael Lucas S. Pereira"},"url":"https:\/\/diariodepe.com.br\/cri\/author\/ismael-lucas\/"}]}},"cc_featured_image_caption":{"caption_text":false,"source_text":false,"source_url":false},"amp_enabled":true,"_links":{"self":[{"href":"https:\/\/diariodepe.com.br\/cri\/wp-json\/wp\/v2\/posts\/2791","targetHints":{"allow":["GET"]}}],"collection":[{"href":"https:\/\/diariodepe.com.br\/cri\/wp-json\/wp\/v2\/posts"}],"about":[{"href":"https:\/\/diariodepe.com.br\/cri\/wp-json\/wp\/v2\/types\/post"}],"author":[{"embeddable":true,"href":"https:\/\/diariodepe.com.br\/cri\/wp-json\/wp\/v2\/users\/2"}],"replies":[{"embeddable":true,"href":"https:\/\/diariodepe.com.br\/cri\/wp-json\/wp\/v2\/comments?post=2791"}],"version-history":[{"count":1,"href":"https:\/\/diariodepe.com.br\/cri\/wp-json\/wp\/v2\/posts\/2791\/revisions"}],"predecessor-version":[{"id":2792,"href":"https:\/\/diariodepe.com.br\/cri\/wp-json\/wp\/v2\/posts\/2791\/revisions\/2792"}],"wp:attachment":[{"href":"https:\/\/diariodepe.com.br\/cri\/wp-json\/wp\/v2\/media?parent=2791"}],"wp:term":[{"taxonomy":"category","embeddable":true,"href":"https:\/\/diariodepe.com.br\/cri\/wp-json\/wp\/v2\/categories?post=2791"},{"taxonomy":"post_tag","embeddable":true,"href":"https:\/\/diariodepe.com.br\/cri\/wp-json\/wp\/v2\/tags?post=2791"}],"curies":[{"name":"wp","href":"https:\/\/api.w.org\/{rel}","templated":true}]}}