{"id":2783,"date":"2023-09-18T22:45:02","date_gmt":"2023-09-19T01:45:02","guid":{"rendered":"https:\/\/diariodepe.com.br\/cri\/?p=2783"},"modified":"2023-09-18T22:45:02","modified_gmt":"2023-09-19T01:45:02","slug":"diplomata-chines-se-reune-com-o-conselheiro-de-seguranca-nacional-dos-eua","status":"publish","type":"post","link":"https:\/\/diariodepe.com.br\/cri\/2023\/09\/18\/diplomata-chines-se-reune-com-o-conselheiro-de-seguranca-nacional-dos-eua\/","title":{"rendered":"Diplomata chin\u00eas se re\u00fane com o conselheiro de Seguran\u00e7a Nacional dos EUA"},"content":{"rendered":"<p data-spm-anchor-id=\"0.0.0.i1\">O membro do Bir\u00f4 Pol\u00edtico do Comit\u00ea Central do Partido Comunista da China (PCCh) e ministro das Rela\u00e7\u00f5es Exteriores do pa\u00eds, Wang Yi, esteve reunido com o conselheiro de Seguran\u00e7a Nacional dos Estados Unidos, Jake Sullivan, entre os dias 16 e 17 de setembro de 2023, em Malta.<\/p>\n<p>Eles realizaram uma comunica\u00e7\u00e3o estrat\u00e9gica de forma aberta, profunda e construtiva, sobre a estabiliza\u00e7\u00e3o e melhoria das rela\u00e7\u00f5es China-EUA. Wang Yi enfatizou que a quest\u00e3o de Taiwan \u00e9 a primeira linha vermelha intranspon\u00edvel nas rela\u00e7\u00f5es bilaterais. Os EUA devem aderir aos tr\u00eas comunicados conjuntos sino-estadunidenses e implementar o seu compromisso de n\u00e3o apoiar a \u201cindepend\u00eancia de Taiwan\u201d. O desenvolvimento da China tem uma forte for\u00e7a motriz end\u00f3gena, seguindo uma l\u00f3gica hist\u00f3rica inevit\u00e1vel, que n\u00e3o pode ser travado. O povo chin\u00eas n\u00e3o pode ser privado do seu direito leg\u00edtimo ao desenvolvimento.<\/p>\n<p>As duas partes concordaram em continuar a implementar o importante consenso alcan\u00e7ado pelos dois chefes de estado durante sua reuni\u00e3o em Bali e manter interc\u00e2mbios de alto n\u00edvel entre as duas na\u00e7\u00f5es, realizando consultas bilaterais sobre assuntos da \u00c1sia-Pac\u00edfico, dos assuntos mar\u00edtimos e da pol\u00edtica externa. Os dois lados discutiram medidas para apoiar e facilitar ainda mais o interc\u00e2mbio pessoal entre os dois pa\u00edses.<\/p>\n<p>Os dois lados tamb\u00e9m trocaram opini\u00f5es sobre a situa\u00e7\u00e3o na regi\u00e3o \u00c1sia-Pac\u00edfico, as quest\u00f5es na Ucr\u00e2nia, na Pen\u00ednsula Coreana e outros assuntos internacionais e regionais.<\/p>\n","protected":false},"excerpt":{"rendered":"<p>O membro do Bir\u00f4 Pol\u00edtico do Comit\u00ea Central do Partido Comunista da China (PCCh) e ministro das Rela\u00e7\u00f5es Exteriores do pa\u00eds, Wang Yi, esteve reunido com o conselheiro de Seguran\u00e7a Nacional dos Estados Unidos, Jake Sullivan, entre os dias 16&#8230;<\/p>\n","protected":false},"author":2,"featured_media":0,"comment_status":"open","ping_status":"open","sticky":false,"template":"","format":"standard","meta":{"footnotes":""},"categories":[3],"tags":[],"class_list":["post-2783","post","type-post","status-publish","format-standard","hentry","category-china"],"yoast_head":"<!-- This site is optimized with the Yoast SEO plugin v27.4 - https:\/\/yoast.com\/product\/yoast-seo-wordpress\/ -->\n<title>Diplomata chin\u00eas se re\u00fane com o conselheiro de Seguran\u00e7a Nacional dos EUA - CRI e Diario de Pernambuco<\/title>\n<meta name=\"robots\" content=\"index, follow, max-snippet:-1, max-image-preview:large, max-video-preview:-1\" \/>\n<link rel=\"canonical\" href=\"https:\/\/diariodepe.com.br\/cri\/2023\/09\/18\/diplomata-chines-se-reune-com-o-conselheiro-de-seguranca-nacional-dos-eua\/\" \/>\n<meta property=\"og:locale\" content=\"pt_BR\" \/>\n<meta property=\"og:type\" content=\"article\" \/>\n<meta property=\"og:title\" content=\"Diplomata chin\u00eas se re\u00fane com o conselheiro de Seguran\u00e7a Nacional dos EUA - CRI e Diario de Pernambuco\" \/>\n<meta property=\"og:description\" content=\"O membro do Bir\u00f4 Pol\u00edtico do Comit\u00ea Central do Partido Comunista da China (PCCh) e ministro das Rela\u00e7\u00f5es Exteriores do pa\u00eds, Wang Yi, esteve reunido com o conselheiro de Seguran\u00e7a Nacional dos Estados Unidos, Jake Sullivan, entre os dias 16...\" \/>\n<meta property=\"og:url\" content=\"https:\/\/diariodepe.com.br\/cri\/2023\/09\/18\/diplomata-chines-se-reune-com-o-conselheiro-de-seguranca-nacional-dos-eua\/\" \/>\n<meta property=\"og:site_name\" content=\"CRI e Diario de Pernambuco\" \/>\n<meta property=\"article:published_time\" content=\"2023-09-19T01:45:02+00:00\" \/>\n<meta name=\"author\" content=\"Ismael Lucas S. Pereira\" \/>\n<meta name=\"twitter:card\" content=\"summary_large_image\" \/>\n<meta name=\"twitter:label1\" content=\"Escrito por\" \/>\n\t<meta name=\"twitter:data1\" content=\"Ismael Lucas S. Pereira\" \/>\n<script type=\"application\/ld+json\" class=\"yoast-schema-graph\">{\"@context\":\"https:\\\/\\\/schema.org\",\"@graph\":[{\"@type\":\"Article\",\"@id\":\"https:\\\/\\\/diariodepe.com.br\\\/cri\\\/2023\\\/09\\\/18\\\/diplomata-chines-se-reune-com-o-conselheiro-de-seguranca-nacional-dos-eua\\\/#article\",\"isPartOf\":{\"@id\":\"https:\\\/\\\/diariodepe.com.br\\\/cri\\\/2023\\\/09\\\/18\\\/diplomata-chines-se-reune-com-o-conselheiro-de-seguranca-nacional-dos-eua\\\/\"},\"author\":{\"name\":\"Ismael Lucas S. Pereira\",\"@id\":\"https:\\\/\\\/diariodepe.com.br\\\/cri\\\/#\\\/schema\\\/person\\\/121bb28d84f1a5b1205ef4ce9c2e0c6b\"},\"headline\":\"Diplomata chin\u00eas se re\u00fane com o conselheiro de Seguran\u00e7a Nacional dos EUA\",\"datePublished\":\"2023-09-19T01:45:02+00:00\",\"mainEntityOfPage\":{\"@id\":\"https:\\\/\\\/diariodepe.com.br\\\/cri\\\/2023\\\/09\\\/18\\\/diplomata-chines-se-reune-com-o-conselheiro-de-seguranca-nacional-dos-eua\\\/\"},\"wordCount\":279,\"commentCount\":0,\"publisher\":{\"@id\":\"https:\\\/\\\/diariodepe.com.br\\\/cri\\\/#organization\"},\"articleSection\":[\"China\"],\"inLanguage\":\"pt-BR\",\"potentialAction\":[{\"@type\":\"CommentAction\",\"name\":\"Comment\",\"target\":[\"https:\\\/\\\/diariodepe.com.br\\\/cri\\\/2023\\\/09\\\/18\\\/diplomata-chines-se-reune-com-o-conselheiro-de-seguranca-nacional-dos-eua\\\/#respond\"]}]},{\"@type\":\"WebPage\",\"@id\":\"https:\\\/\\\/diariodepe.com.br\\\/cri\\\/2023\\\/09\\\/18\\\/diplomata-chines-se-reune-com-o-conselheiro-de-seguranca-nacional-dos-eua\\\/\",\"url\":\"https:\\\/\\\/diariodepe.com.br\\\/cri\\\/2023\\\/09\\\/18\\\/diplomata-chines-se-reune-com-o-conselheiro-de-seguranca-nacional-dos-eua\\\/\",\"name\":\"Diplomata chin\u00eas se re\u00fane com o conselheiro de Seguran\u00e7a Nacional dos EUA - CRI e Diario de Pernambuco\",\"isPartOf\":{\"@id\":\"https:\\\/\\\/diariodepe.com.br\\\/cri\\\/#website\"},\"datePublished\":\"2023-09-19T01:45:02+00:00\",\"breadcrumb\":{\"@id\":\"https:\\\/\\\/diariodepe.com.br\\\/cri\\\/2023\\\/09\\\/18\\\/diplomata-chines-se-reune-com-o-conselheiro-de-seguranca-nacional-dos-eua\\\/#breadcrumb\"},\"inLanguage\":\"pt-BR\",\"potentialAction\":[{\"@type\":\"ReadAction\",\"target\":[\"https:\\\/\\\/diariodepe.com.br\\\/cri\\\/2023\\\/09\\\/18\\\/diplomata-chines-se-reune-com-o-conselheiro-de-seguranca-nacional-dos-eua\\\/\"]}]},{\"@type\":\"BreadcrumbList\",\"@id\":\"https:\\\/\\\/diariodepe.com.br\\\/cri\\\/2023\\\/09\\\/18\\\/diplomata-chines-se-reune-com-o-conselheiro-de-seguranca-nacional-dos-eua\\\/#breadcrumb\",\"itemListElement\":[{\"@type\":\"ListItem\",\"position\":1,\"name\":\"In\u00edcio\",\"item\":\"https:\\\/\\\/diariodepe.com.br\\\/cri\\\/\"},{\"@type\":\"ListItem\",\"position\":2,\"name\":\"Diplomata chin\u00eas se re\u00fane com o conselheiro de Seguran\u00e7a Nacional dos EUA\"}]},{\"@type\":\"WebSite\",\"@id\":\"https:\\\/\\\/diariodepe.com.br\\\/cri\\\/#website\",\"url\":\"https:\\\/\\\/diariodepe.com.br\\\/cri\\\/\",\"name\":\"CRI e Diario de Pernambuco\",\"description\":\"R\u00e1dio Internacional da China\",\"publisher\":{\"@id\":\"https:\\\/\\\/diariodepe.com.br\\\/cri\\\/#organization\"},\"potentialAction\":[{\"@type\":\"SearchAction\",\"target\":{\"@type\":\"EntryPoint\",\"urlTemplate\":\"https:\\\/\\\/diariodepe.com.br\\\/cri\\\/?s={search_term_string}\"},\"query-input\":{\"@type\":\"PropertyValueSpecification\",\"valueRequired\":true,\"valueName\":\"search_term_string\"}}],\"inLanguage\":\"pt-BR\"},{\"@type\":\"Organization\",\"@id\":\"https:\\\/\\\/diariodepe.com.br\\\/cri\\\/#organization\",\"name\":\"CRI e Diario de Pernambuco\",\"url\":\"https:\\\/\\\/diariodepe.com.br\\\/cri\\\/\",\"logo\":{\"@type\":\"ImageObject\",\"inLanguage\":\"pt-BR\",\"@id\":\"https:\\\/\\\/diariodepe.com.br\\\/cri\\\/#\\\/schema\\\/logo\\\/image\\\/\",\"url\":\"https:\\\/\\\/diariodepe.com.br\\\/cri\\\/wp-content\\\/uploads\\\/sites\\\/2\\\/2022\\\/12\\\/cropped-Logo.jpg\",\"contentUrl\":\"https:\\\/\\\/diariodepe.com.br\\\/cri\\\/wp-content\\\/uploads\\\/sites\\\/2\\\/2022\\\/12\\\/cropped-Logo.jpg\",\"width\":700,\"height\":59,\"caption\":\"CRI e Diario de Pernambuco\"},\"image\":{\"@id\":\"https:\\\/\\\/diariodepe.com.br\\\/cri\\\/#\\\/schema\\\/logo\\\/image\\\/\"}},{\"@type\":\"Person\",\"@id\":\"https:\\\/\\\/diariodepe.com.br\\\/cri\\\/#\\\/schema\\\/person\\\/121bb28d84f1a5b1205ef4ce9c2e0c6b\",\"name\":\"Ismael Lucas S. Pereira\",\"image\":{\"@type\":\"ImageObject\",\"inLanguage\":\"pt-BR\",\"@id\":\"https:\\\/\\\/secure.gravatar.com\\\/avatar\\\/887a0f3b5a7ceea963a48499fb883ffce6b5037362def025c52c2505b15d63e4?s=96&d=mm&r=g\",\"url\":\"https:\\\/\\\/secure.gravatar.com\\\/avatar\\\/887a0f3b5a7ceea963a48499fb883ffce6b5037362def025c52c2505b15d63e4?s=96&d=mm&r=g\",\"contentUrl\":\"https:\\\/\\\/secure.gravatar.com\\\/avatar\\\/887a0f3b5a7ceea963a48499fb883ffce6b5037362def025c52c2505b15d63e4?s=96&d=mm&r=g\",\"caption\":\"Ismael Lucas S. Pereira\"},\"url\":\"https:\\\/\\\/diariodepe.com.br\\\/cri\\\/author\\\/ismael-lucas\\\/\"}]}<\/script>\n<!-- \/ Yoast SEO plugin. -->","yoast_head_json":{"title":"Diplomata chin\u00eas se re\u00fane com o conselheiro de Seguran\u00e7a Nacional dos EUA - CRI e Diario de Pernambuco","robots":{"index":"index","follow":"follow","max-snippet":"max-snippet:-1","max-image-preview":"max-image-preview:large","max-video-preview":"max-video-preview:-1"},"canonical":"https:\/\/diariodepe.com.br\/cri\/2023\/09\/18\/diplomata-chines-se-reune-com-o-conselheiro-de-seguranca-nacional-dos-eua\/","og_locale":"pt_BR","og_type":"article","og_title":"Diplomata chin\u00eas se re\u00fane com o conselheiro de Seguran\u00e7a Nacional dos EUA - CRI e Diario de Pernambuco","og_description":"O membro do Bir\u00f4 Pol\u00edtico do Comit\u00ea Central do Partido Comunista da China (PCCh) e ministro das Rela\u00e7\u00f5es Exteriores do pa\u00eds, Wang Yi, esteve reunido com o conselheiro de Seguran\u00e7a Nacional dos Estados Unidos, Jake Sullivan, entre os dias 16...","og_url":"https:\/\/diariodepe.com.br\/cri\/2023\/09\/18\/diplomata-chines-se-reune-com-o-conselheiro-de-seguranca-nacional-dos-eua\/","og_site_name":"CRI e Diario de Pernambuco","article_published_time":"2023-09-19T01:45:02+00:00","author":"Ismael Lucas S. Pereira","twitter_card":"summary_large_image","twitter_misc":{"Escrito por":"Ismael Lucas S. Pereira"},"schema":{"@context":"https:\/\/schema.org","@graph":[{"@type":"Article","@id":"https:\/\/diariodepe.com.br\/cri\/2023\/09\/18\/diplomata-chines-se-reune-com-o-conselheiro-de-seguranca-nacional-dos-eua\/#article","isPartOf":{"@id":"https:\/\/diariodepe.com.br\/cri\/2023\/09\/18\/diplomata-chines-se-reune-com-o-conselheiro-de-seguranca-nacional-dos-eua\/"},"author":{"name":"Ismael Lucas S. Pereira","@id":"https:\/\/diariodepe.com.br\/cri\/#\/schema\/person\/121bb28d84f1a5b1205ef4ce9c2e0c6b"},"headline":"Diplomata chin\u00eas se re\u00fane com o conselheiro de Seguran\u00e7a Nacional dos EUA","datePublished":"2023-09-19T01:45:02+00:00","mainEntityOfPage":{"@id":"https:\/\/diariodepe.com.br\/cri\/2023\/09\/18\/diplomata-chines-se-reune-com-o-conselheiro-de-seguranca-nacional-dos-eua\/"},"wordCount":279,"commentCount":0,"publisher":{"@id":"https:\/\/diariodepe.com.br\/cri\/#organization"},"articleSection":["China"],"inLanguage":"pt-BR","potentialAction":[{"@type":"CommentAction","name":"Comment","target":["https:\/\/diariodepe.com.br\/cri\/2023\/09\/18\/diplomata-chines-se-reune-com-o-conselheiro-de-seguranca-nacional-dos-eua\/#respond"]}]},{"@type":"WebPage","@id":"https:\/\/diariodepe.com.br\/cri\/2023\/09\/18\/diplomata-chines-se-reune-com-o-conselheiro-de-seguranca-nacional-dos-eua\/","url":"https:\/\/diariodepe.com.br\/cri\/2023\/09\/18\/diplomata-chines-se-reune-com-o-conselheiro-de-seguranca-nacional-dos-eua\/","name":"Diplomata chin\u00eas se re\u00fane com o conselheiro de Seguran\u00e7a Nacional dos EUA - CRI e Diario de Pernambuco","isPartOf":{"@id":"https:\/\/diariodepe.com.br\/cri\/#website"},"datePublished":"2023-09-19T01:45:02+00:00","breadcrumb":{"@id":"https:\/\/diariodepe.com.br\/cri\/2023\/09\/18\/diplomata-chines-se-reune-com-o-conselheiro-de-seguranca-nacional-dos-eua\/#breadcrumb"},"inLanguage":"pt-BR","potentialAction":[{"@type":"ReadAction","target":["https:\/\/diariodepe.com.br\/cri\/2023\/09\/18\/diplomata-chines-se-reune-com-o-conselheiro-de-seguranca-nacional-dos-eua\/"]}]},{"@type":"BreadcrumbList","@id":"https:\/\/diariodepe.com.br\/cri\/2023\/09\/18\/diplomata-chines-se-reune-com-o-conselheiro-de-seguranca-nacional-dos-eua\/#breadcrumb","itemListElement":[{"@type":"ListItem","position":1,"name":"In\u00edcio","item":"https:\/\/diariodepe.com.br\/cri\/"},{"@type":"ListItem","position":2,"name":"Diplomata chin\u00eas se re\u00fane com o conselheiro de Seguran\u00e7a Nacional dos EUA"}]},{"@type":"WebSite","@id":"https:\/\/diariodepe.com.br\/cri\/#website","url":"https:\/\/diariodepe.com.br\/cri\/","name":"CRI e Diario de Pernambuco","description":"R\u00e1dio Internacional da China","publisher":{"@id":"https:\/\/diariodepe.com.br\/cri\/#organization"},"potentialAction":[{"@type":"SearchAction","target":{"@type":"EntryPoint","urlTemplate":"https:\/\/diariodepe.com.br\/cri\/?s={search_term_string}"},"query-input":{"@type":"PropertyValueSpecification","valueRequired":true,"valueName":"search_term_string"}}],"inLanguage":"pt-BR"},{"@type":"Organization","@id":"https:\/\/diariodepe.com.br\/cri\/#organization","name":"CRI e Diario de Pernambuco","url":"https:\/\/diariodepe.com.br\/cri\/","logo":{"@type":"ImageObject","inLanguage":"pt-BR","@id":"https:\/\/diariodepe.com.br\/cri\/#\/schema\/logo\/image\/","url":"https:\/\/diariodepe.com.br\/cri\/wp-content\/uploads\/sites\/2\/2022\/12\/cropped-Logo.jpg","contentUrl":"https:\/\/diariodepe.com.br\/cri\/wp-content\/uploads\/sites\/2\/2022\/12\/cropped-Logo.jpg","width":700,"height":59,"caption":"CRI e Diario de Pernambuco"},"image":{"@id":"https:\/\/diariodepe.com.br\/cri\/#\/schema\/logo\/image\/"}},{"@type":"Person","@id":"https:\/\/diariodepe.com.br\/cri\/#\/schema\/person\/121bb28d84f1a5b1205ef4ce9c2e0c6b","name":"Ismael Lucas S. Pereira","image":{"@type":"ImageObject","inLanguage":"pt-BR","@id":"https:\/\/secure.gravatar.com\/avatar\/887a0f3b5a7ceea963a48499fb883ffce6b5037362def025c52c2505b15d63e4?s=96&d=mm&r=g","url":"https:\/\/secure.gravatar.com\/avatar\/887a0f3b5a7ceea963a48499fb883ffce6b5037362def025c52c2505b15d63e4?s=96&d=mm&r=g","contentUrl":"https:\/\/secure.gravatar.com\/avatar\/887a0f3b5a7ceea963a48499fb883ffce6b5037362def025c52c2505b15d63e4?s=96&d=mm&r=g","caption":"Ismael Lucas S. Pereira"},"url":"https:\/\/diariodepe.com.br\/cri\/author\/ismael-lucas\/"}]}},"cc_featured_image_caption":{"caption_text":false,"source_text":false,"source_url":false},"amp_enabled":true,"_links":{"self":[{"href":"https:\/\/diariodepe.com.br\/cri\/wp-json\/wp\/v2\/posts\/2783","targetHints":{"allow":["GET"]}}],"collection":[{"href":"https:\/\/diariodepe.com.br\/cri\/wp-json\/wp\/v2\/posts"}],"about":[{"href":"https:\/\/diariodepe.com.br\/cri\/wp-json\/wp\/v2\/types\/post"}],"author":[{"embeddable":true,"href":"https:\/\/diariodepe.com.br\/cri\/wp-json\/wp\/v2\/users\/2"}],"replies":[{"embeddable":true,"href":"https:\/\/diariodepe.com.br\/cri\/wp-json\/wp\/v2\/comments?post=2783"}],"version-history":[{"count":1,"href":"https:\/\/diariodepe.com.br\/cri\/wp-json\/wp\/v2\/posts\/2783\/revisions"}],"predecessor-version":[{"id":2784,"href":"https:\/\/diariodepe.com.br\/cri\/wp-json\/wp\/v2\/posts\/2783\/revisions\/2784"}],"wp:attachment":[{"href":"https:\/\/diariodepe.com.br\/cri\/wp-json\/wp\/v2\/media?parent=2783"}],"wp:term":[{"taxonomy":"category","embeddable":true,"href":"https:\/\/diariodepe.com.br\/cri\/wp-json\/wp\/v2\/categories?post=2783"},{"taxonomy":"post_tag","embeddable":true,"href":"https:\/\/diariodepe.com.br\/cri\/wp-json\/wp\/v2\/tags?post=2783"}],"curies":[{"name":"wp","href":"https:\/\/api.w.org\/{rel}","templated":true}]}}