{"id":2774,"date":"2023-09-18T04:36:29","date_gmt":"2023-09-18T07:36:29","guid":{"rendered":"https:\/\/diariodepe.com.br\/cri\/?p=2774"},"modified":"2023-09-18T04:36:29","modified_gmt":"2023-09-18T07:36:29","slug":"cupula-do-g77-mais-china-e-aberta-em-havana","status":"publish","type":"post","link":"https:\/\/diariodepe.com.br\/cri\/2023\/09\/18\/cupula-do-g77-mais-china-e-aberta-em-havana\/","title":{"rendered":"C\u00fapula do G77 mais China \u00e9 aberta em Havana"},"content":{"rendered":"<p data-spm-anchor-id=\"0.0.0.i0\">A C\u00fapula do Grupo dos 77 (G77) mais China come\u00e7ou no Pal\u00e1cio de Conven\u00e7\u00f5es em Havana, Cuba, nesta sexta-feira.<\/p>\n<p>O encontro, que vai at\u00e9 s\u00e1bado, re\u00fane delega\u00e7\u00f5es de mais de 100 pa\u00edses.<\/p>\n<p>A cerim\u00f4nia de abertura contou com a presen\u00e7a do general do Ex\u00e9rcito da Revolu\u00e7\u00e3o Socialista de Cuba, Ra\u00fal Castro.<\/p>\n<p>Durante seu discurso de boas-vindas, o presidente cubano, Miguel D\u00edaz-Canel, destacou os esfor\u00e7os da China para promover a coopera\u00e7\u00e3o internacional em todo o mundo.<\/p>\n<p>Ele disse que a coopera\u00e7\u00e3o, a solidariedade e o progresso humano sem exclus\u00f5es s\u00e3o vitais para ajudar a enfrentar os desafios mundiais de hoje.<\/p>\n<p>&#8220;Obrigado por aceitar o convite que nos une hoje em defesa do futuro e das grandes maiorias que comp\u00f5em um conceito t\u00e3o vasto da humanidade&#8221;, agradeceu.<\/p>\n<p>D\u00edaz-Canel tamb\u00e9m denunciou o embargo de seis d\u00e9cadas dos EUA \u00e0 popula\u00e7\u00e3o cubana, que causou enormes danos econ\u00f4micos e humanit\u00e1rios, conclamando os participantes a lutarem pelo direito ao desenvolvimento.<\/p>\n<p>Falando na cerim\u00f4nia de abertura da c\u00fapula, o secret\u00e1rio-geral da ONU, Ant\u00f3nio Guterres, disse que a voz do G77 mais China sempre ser\u00e1 essencial para o sistema da ONU.<\/p>\n<p>Classificando o grupo como &#8220;campe\u00e3o do multilateralismo&#8221;, Guterres pediu que o G77 e a China &#8220;defendam um sistema enraizado na igualdade; um sistema pronto para reverter a injusti\u00e7a e a neglig\u00eancia de s\u00e9culos; e um sistema que atenda a toda a humanidade e n\u00e3o aos privilegiados&#8221;.<\/p>\n<p>Mais apoio financeiro \u00e9 necess\u00e1rio para ajudar as na\u00e7\u00f5es do Sul Global a enfrentarem o impacto das mudan\u00e7as clim\u00e1ticas, acrescentou.<\/p>\n<p>Li Xi, membro do Comit\u00ea Permanente do Bir\u00f4 Pol\u00edtico do Comit\u00ea Central do Partido Comunista da China e representante especial do presidente chin\u00eas, Xi Jinping, participou da c\u00fapula.<\/p>\n<p>&#8220;A China, o maior pa\u00eds em desenvolvimento e um membro natural do Sul Global, est\u00e1 disposta a trabalhar com Cuba e outros membros do G77, para escrever juntos um novo cap\u00edtulo da coopera\u00e7\u00e3o Sul-Sul para desenvolvimento maior atrav\u00e9s de solidariedade refor\u00e7ada, formar juntos uma comunidade com futuro compartilhado para o Sul Global e abrir juntos o novo futuro para o desenvolvimento comum&#8221;, declarou.<\/p>\n<p>Em rela\u00e7\u00e3o \u00e0 coopera\u00e7\u00e3o entre o G77 e a China, Li prop\u00f4s: manter-se fiel \u00e0 aspira\u00e7\u00e3o original do G77 de independ\u00eancia e maior for\u00e7a coletiva por meio da unidade; defender a equidade, a justi\u00e7a e a inclus\u00e3o; buscar o desenvolvimento, a revitaliza\u00e7\u00e3o e a coopera\u00e7\u00e3o ganha-ganha.<\/p>\n<p>&#8220;A China continua comprometida com a constru\u00e7\u00e3o de um sistema aberto, inclusivo e mutuamente ben\u00e9fico para a coopera\u00e7\u00e3o cient\u00edfica e tecnol\u00f3gica Sul-Sul&#8221;, garantiu Li.<\/p>\n<p>Cuba assumiu a presid\u00eancia rotativa do G77 mais China em janeiro deste ano.<\/p>\n","protected":false},"excerpt":{"rendered":"<p>A C\u00fapula do Grupo dos 77 (G77) mais China come\u00e7ou no Pal\u00e1cio de Conven\u00e7\u00f5es em Havana, Cuba, nesta sexta-feira. O encontro, que vai at\u00e9 s\u00e1bado, re\u00fane delega\u00e7\u00f5es de mais de 100 pa\u00edses. A cerim\u00f4nia de abertura contou com a presen\u00e7a&#8230;<\/p>\n","protected":false},"author":2,"featured_media":0,"comment_status":"open","ping_status":"open","sticky":false,"template":"","format":"standard","meta":{"footnotes":""},"categories":[8],"tags":[],"class_list":["post-2774","post","type-post","status-publish","format-standard","hentry","category-internacional"],"yoast_head":"<!-- This site is optimized with the Yoast SEO plugin v27.4 - https:\/\/yoast.com\/product\/yoast-seo-wordpress\/ -->\n<title>C\u00fapula do G77 mais China \u00e9 aberta em Havana - CRI e Diario de Pernambuco<\/title>\n<meta name=\"robots\" content=\"index, follow, max-snippet:-1, max-image-preview:large, max-video-preview:-1\" \/>\n<link rel=\"canonical\" href=\"https:\/\/diariodepe.com.br\/cri\/2023\/09\/18\/cupula-do-g77-mais-china-e-aberta-em-havana\/\" \/>\n<meta property=\"og:locale\" content=\"pt_BR\" \/>\n<meta property=\"og:type\" content=\"article\" \/>\n<meta property=\"og:title\" content=\"C\u00fapula do G77 mais China \u00e9 aberta em Havana - CRI e Diario de Pernambuco\" \/>\n<meta property=\"og:description\" content=\"A C\u00fapula do Grupo dos 77 (G77) mais China come\u00e7ou no Pal\u00e1cio de Conven\u00e7\u00f5es em Havana, Cuba, nesta sexta-feira. O encontro, que vai at\u00e9 s\u00e1bado, re\u00fane delega\u00e7\u00f5es de mais de 100 pa\u00edses. A cerim\u00f4nia de abertura contou com a presen\u00e7a...\" \/>\n<meta property=\"og:url\" content=\"https:\/\/diariodepe.com.br\/cri\/2023\/09\/18\/cupula-do-g77-mais-china-e-aberta-em-havana\/\" \/>\n<meta property=\"og:site_name\" content=\"CRI e Diario de Pernambuco\" \/>\n<meta property=\"article:published_time\" content=\"2023-09-18T07:36:29+00:00\" \/>\n<meta name=\"author\" content=\"Ismael Lucas S. Pereira\" \/>\n<meta name=\"twitter:card\" content=\"summary_large_image\" \/>\n<meta name=\"twitter:label1\" content=\"Escrito por\" \/>\n\t<meta name=\"twitter:data1\" content=\"Ismael Lucas S. Pereira\" \/>\n<script type=\"application\/ld+json\" class=\"yoast-schema-graph\">{\"@context\":\"https:\\\/\\\/schema.org\",\"@graph\":[{\"@type\":\"Article\",\"@id\":\"https:\\\/\\\/diariodepe.com.br\\\/cri\\\/2023\\\/09\\\/18\\\/cupula-do-g77-mais-china-e-aberta-em-havana\\\/#article\",\"isPartOf\":{\"@id\":\"https:\\\/\\\/diariodepe.com.br\\\/cri\\\/2023\\\/09\\\/18\\\/cupula-do-g77-mais-china-e-aberta-em-havana\\\/\"},\"author\":{\"name\":\"Ismael Lucas S. Pereira\",\"@id\":\"https:\\\/\\\/diariodepe.com.br\\\/cri\\\/#\\\/schema\\\/person\\\/121bb28d84f1a5b1205ef4ce9c2e0c6b\"},\"headline\":\"C\u00fapula do G77 mais China \u00e9 aberta em Havana\",\"datePublished\":\"2023-09-18T07:36:29+00:00\",\"mainEntityOfPage\":{\"@id\":\"https:\\\/\\\/diariodepe.com.br\\\/cri\\\/2023\\\/09\\\/18\\\/cupula-do-g77-mais-china-e-aberta-em-havana\\\/\"},\"wordCount\":490,\"commentCount\":0,\"publisher\":{\"@id\":\"https:\\\/\\\/diariodepe.com.br\\\/cri\\\/#organization\"},\"articleSection\":[\"Internacional\"],\"inLanguage\":\"pt-BR\",\"potentialAction\":[{\"@type\":\"CommentAction\",\"name\":\"Comment\",\"target\":[\"https:\\\/\\\/diariodepe.com.br\\\/cri\\\/2023\\\/09\\\/18\\\/cupula-do-g77-mais-china-e-aberta-em-havana\\\/#respond\"]}]},{\"@type\":\"WebPage\",\"@id\":\"https:\\\/\\\/diariodepe.com.br\\\/cri\\\/2023\\\/09\\\/18\\\/cupula-do-g77-mais-china-e-aberta-em-havana\\\/\",\"url\":\"https:\\\/\\\/diariodepe.com.br\\\/cri\\\/2023\\\/09\\\/18\\\/cupula-do-g77-mais-china-e-aberta-em-havana\\\/\",\"name\":\"C\u00fapula do G77 mais China \u00e9 aberta em Havana - CRI e Diario de Pernambuco\",\"isPartOf\":{\"@id\":\"https:\\\/\\\/diariodepe.com.br\\\/cri\\\/#website\"},\"datePublished\":\"2023-09-18T07:36:29+00:00\",\"breadcrumb\":{\"@id\":\"https:\\\/\\\/diariodepe.com.br\\\/cri\\\/2023\\\/09\\\/18\\\/cupula-do-g77-mais-china-e-aberta-em-havana\\\/#breadcrumb\"},\"inLanguage\":\"pt-BR\",\"potentialAction\":[{\"@type\":\"ReadAction\",\"target\":[\"https:\\\/\\\/diariodepe.com.br\\\/cri\\\/2023\\\/09\\\/18\\\/cupula-do-g77-mais-china-e-aberta-em-havana\\\/\"]}]},{\"@type\":\"BreadcrumbList\",\"@id\":\"https:\\\/\\\/diariodepe.com.br\\\/cri\\\/2023\\\/09\\\/18\\\/cupula-do-g77-mais-china-e-aberta-em-havana\\\/#breadcrumb\",\"itemListElement\":[{\"@type\":\"ListItem\",\"position\":1,\"name\":\"In\u00edcio\",\"item\":\"https:\\\/\\\/diariodepe.com.br\\\/cri\\\/\"},{\"@type\":\"ListItem\",\"position\":2,\"name\":\"C\u00fapula do G77 mais China \u00e9 aberta em Havana\"}]},{\"@type\":\"WebSite\",\"@id\":\"https:\\\/\\\/diariodepe.com.br\\\/cri\\\/#website\",\"url\":\"https:\\\/\\\/diariodepe.com.br\\\/cri\\\/\",\"name\":\"CRI e Diario de Pernambuco\",\"description\":\"R\u00e1dio Internacional da China\",\"publisher\":{\"@id\":\"https:\\\/\\\/diariodepe.com.br\\\/cri\\\/#organization\"},\"potentialAction\":[{\"@type\":\"SearchAction\",\"target\":{\"@type\":\"EntryPoint\",\"urlTemplate\":\"https:\\\/\\\/diariodepe.com.br\\\/cri\\\/?s={search_term_string}\"},\"query-input\":{\"@type\":\"PropertyValueSpecification\",\"valueRequired\":true,\"valueName\":\"search_term_string\"}}],\"inLanguage\":\"pt-BR\"},{\"@type\":\"Organization\",\"@id\":\"https:\\\/\\\/diariodepe.com.br\\\/cri\\\/#organization\",\"name\":\"CRI e Diario de Pernambuco\",\"url\":\"https:\\\/\\\/diariodepe.com.br\\\/cri\\\/\",\"logo\":{\"@type\":\"ImageObject\",\"inLanguage\":\"pt-BR\",\"@id\":\"https:\\\/\\\/diariodepe.com.br\\\/cri\\\/#\\\/schema\\\/logo\\\/image\\\/\",\"url\":\"https:\\\/\\\/diariodepe.com.br\\\/cri\\\/wp-content\\\/uploads\\\/sites\\\/2\\\/2022\\\/12\\\/cropped-Logo.jpg\",\"contentUrl\":\"https:\\\/\\\/diariodepe.com.br\\\/cri\\\/wp-content\\\/uploads\\\/sites\\\/2\\\/2022\\\/12\\\/cropped-Logo.jpg\",\"width\":700,\"height\":59,\"caption\":\"CRI e Diario de Pernambuco\"},\"image\":{\"@id\":\"https:\\\/\\\/diariodepe.com.br\\\/cri\\\/#\\\/schema\\\/logo\\\/image\\\/\"}},{\"@type\":\"Person\",\"@id\":\"https:\\\/\\\/diariodepe.com.br\\\/cri\\\/#\\\/schema\\\/person\\\/121bb28d84f1a5b1205ef4ce9c2e0c6b\",\"name\":\"Ismael Lucas S. Pereira\",\"image\":{\"@type\":\"ImageObject\",\"inLanguage\":\"pt-BR\",\"@id\":\"https:\\\/\\\/secure.gravatar.com\\\/avatar\\\/887a0f3b5a7ceea963a48499fb883ffce6b5037362def025c52c2505b15d63e4?s=96&d=mm&r=g\",\"url\":\"https:\\\/\\\/secure.gravatar.com\\\/avatar\\\/887a0f3b5a7ceea963a48499fb883ffce6b5037362def025c52c2505b15d63e4?s=96&d=mm&r=g\",\"contentUrl\":\"https:\\\/\\\/secure.gravatar.com\\\/avatar\\\/887a0f3b5a7ceea963a48499fb883ffce6b5037362def025c52c2505b15d63e4?s=96&d=mm&r=g\",\"caption\":\"Ismael Lucas S. Pereira\"},\"url\":\"https:\\\/\\\/diariodepe.com.br\\\/cri\\\/author\\\/ismael-lucas\\\/\"}]}<\/script>\n<!-- \/ Yoast SEO plugin. -->","yoast_head_json":{"title":"C\u00fapula do G77 mais China \u00e9 aberta em Havana - CRI e Diario de Pernambuco","robots":{"index":"index","follow":"follow","max-snippet":"max-snippet:-1","max-image-preview":"max-image-preview:large","max-video-preview":"max-video-preview:-1"},"canonical":"https:\/\/diariodepe.com.br\/cri\/2023\/09\/18\/cupula-do-g77-mais-china-e-aberta-em-havana\/","og_locale":"pt_BR","og_type":"article","og_title":"C\u00fapula do G77 mais China \u00e9 aberta em Havana - CRI e Diario de Pernambuco","og_description":"A C\u00fapula do Grupo dos 77 (G77) mais China come\u00e7ou no Pal\u00e1cio de Conven\u00e7\u00f5es em Havana, Cuba, nesta sexta-feira. O encontro, que vai at\u00e9 s\u00e1bado, re\u00fane delega\u00e7\u00f5es de mais de 100 pa\u00edses. A cerim\u00f4nia de abertura contou com a presen\u00e7a...","og_url":"https:\/\/diariodepe.com.br\/cri\/2023\/09\/18\/cupula-do-g77-mais-china-e-aberta-em-havana\/","og_site_name":"CRI e Diario de Pernambuco","article_published_time":"2023-09-18T07:36:29+00:00","author":"Ismael Lucas S. Pereira","twitter_card":"summary_large_image","twitter_misc":{"Escrito por":"Ismael Lucas S. Pereira"},"schema":{"@context":"https:\/\/schema.org","@graph":[{"@type":"Article","@id":"https:\/\/diariodepe.com.br\/cri\/2023\/09\/18\/cupula-do-g77-mais-china-e-aberta-em-havana\/#article","isPartOf":{"@id":"https:\/\/diariodepe.com.br\/cri\/2023\/09\/18\/cupula-do-g77-mais-china-e-aberta-em-havana\/"},"author":{"name":"Ismael Lucas S. Pereira","@id":"https:\/\/diariodepe.com.br\/cri\/#\/schema\/person\/121bb28d84f1a5b1205ef4ce9c2e0c6b"},"headline":"C\u00fapula do G77 mais China \u00e9 aberta em Havana","datePublished":"2023-09-18T07:36:29+00:00","mainEntityOfPage":{"@id":"https:\/\/diariodepe.com.br\/cri\/2023\/09\/18\/cupula-do-g77-mais-china-e-aberta-em-havana\/"},"wordCount":490,"commentCount":0,"publisher":{"@id":"https:\/\/diariodepe.com.br\/cri\/#organization"},"articleSection":["Internacional"],"inLanguage":"pt-BR","potentialAction":[{"@type":"CommentAction","name":"Comment","target":["https:\/\/diariodepe.com.br\/cri\/2023\/09\/18\/cupula-do-g77-mais-china-e-aberta-em-havana\/#respond"]}]},{"@type":"WebPage","@id":"https:\/\/diariodepe.com.br\/cri\/2023\/09\/18\/cupula-do-g77-mais-china-e-aberta-em-havana\/","url":"https:\/\/diariodepe.com.br\/cri\/2023\/09\/18\/cupula-do-g77-mais-china-e-aberta-em-havana\/","name":"C\u00fapula do G77 mais China \u00e9 aberta em Havana - CRI e Diario de Pernambuco","isPartOf":{"@id":"https:\/\/diariodepe.com.br\/cri\/#website"},"datePublished":"2023-09-18T07:36:29+00:00","breadcrumb":{"@id":"https:\/\/diariodepe.com.br\/cri\/2023\/09\/18\/cupula-do-g77-mais-china-e-aberta-em-havana\/#breadcrumb"},"inLanguage":"pt-BR","potentialAction":[{"@type":"ReadAction","target":["https:\/\/diariodepe.com.br\/cri\/2023\/09\/18\/cupula-do-g77-mais-china-e-aberta-em-havana\/"]}]},{"@type":"BreadcrumbList","@id":"https:\/\/diariodepe.com.br\/cri\/2023\/09\/18\/cupula-do-g77-mais-china-e-aberta-em-havana\/#breadcrumb","itemListElement":[{"@type":"ListItem","position":1,"name":"In\u00edcio","item":"https:\/\/diariodepe.com.br\/cri\/"},{"@type":"ListItem","position":2,"name":"C\u00fapula do G77 mais China \u00e9 aberta em Havana"}]},{"@type":"WebSite","@id":"https:\/\/diariodepe.com.br\/cri\/#website","url":"https:\/\/diariodepe.com.br\/cri\/","name":"CRI e Diario de Pernambuco","description":"R\u00e1dio Internacional da China","publisher":{"@id":"https:\/\/diariodepe.com.br\/cri\/#organization"},"potentialAction":[{"@type":"SearchAction","target":{"@type":"EntryPoint","urlTemplate":"https:\/\/diariodepe.com.br\/cri\/?s={search_term_string}"},"query-input":{"@type":"PropertyValueSpecification","valueRequired":true,"valueName":"search_term_string"}}],"inLanguage":"pt-BR"},{"@type":"Organization","@id":"https:\/\/diariodepe.com.br\/cri\/#organization","name":"CRI e Diario de Pernambuco","url":"https:\/\/diariodepe.com.br\/cri\/","logo":{"@type":"ImageObject","inLanguage":"pt-BR","@id":"https:\/\/diariodepe.com.br\/cri\/#\/schema\/logo\/image\/","url":"https:\/\/diariodepe.com.br\/cri\/wp-content\/uploads\/sites\/2\/2022\/12\/cropped-Logo.jpg","contentUrl":"https:\/\/diariodepe.com.br\/cri\/wp-content\/uploads\/sites\/2\/2022\/12\/cropped-Logo.jpg","width":700,"height":59,"caption":"CRI e Diario de Pernambuco"},"image":{"@id":"https:\/\/diariodepe.com.br\/cri\/#\/schema\/logo\/image\/"}},{"@type":"Person","@id":"https:\/\/diariodepe.com.br\/cri\/#\/schema\/person\/121bb28d84f1a5b1205ef4ce9c2e0c6b","name":"Ismael Lucas S. Pereira","image":{"@type":"ImageObject","inLanguage":"pt-BR","@id":"https:\/\/secure.gravatar.com\/avatar\/887a0f3b5a7ceea963a48499fb883ffce6b5037362def025c52c2505b15d63e4?s=96&d=mm&r=g","url":"https:\/\/secure.gravatar.com\/avatar\/887a0f3b5a7ceea963a48499fb883ffce6b5037362def025c52c2505b15d63e4?s=96&d=mm&r=g","contentUrl":"https:\/\/secure.gravatar.com\/avatar\/887a0f3b5a7ceea963a48499fb883ffce6b5037362def025c52c2505b15d63e4?s=96&d=mm&r=g","caption":"Ismael Lucas S. Pereira"},"url":"https:\/\/diariodepe.com.br\/cri\/author\/ismael-lucas\/"}]}},"cc_featured_image_caption":{"caption_text":false,"source_text":false,"source_url":false},"amp_enabled":true,"_links":{"self":[{"href":"https:\/\/diariodepe.com.br\/cri\/wp-json\/wp\/v2\/posts\/2774","targetHints":{"allow":["GET"]}}],"collection":[{"href":"https:\/\/diariodepe.com.br\/cri\/wp-json\/wp\/v2\/posts"}],"about":[{"href":"https:\/\/diariodepe.com.br\/cri\/wp-json\/wp\/v2\/types\/post"}],"author":[{"embeddable":true,"href":"https:\/\/diariodepe.com.br\/cri\/wp-json\/wp\/v2\/users\/2"}],"replies":[{"embeddable":true,"href":"https:\/\/diariodepe.com.br\/cri\/wp-json\/wp\/v2\/comments?post=2774"}],"version-history":[{"count":1,"href":"https:\/\/diariodepe.com.br\/cri\/wp-json\/wp\/v2\/posts\/2774\/revisions"}],"predecessor-version":[{"id":2775,"href":"https:\/\/diariodepe.com.br\/cri\/wp-json\/wp\/v2\/posts\/2774\/revisions\/2775"}],"wp:attachment":[{"href":"https:\/\/diariodepe.com.br\/cri\/wp-json\/wp\/v2\/media?parent=2774"}],"wp:term":[{"taxonomy":"category","embeddable":true,"href":"https:\/\/diariodepe.com.br\/cri\/wp-json\/wp\/v2\/categories?post=2774"},{"taxonomy":"post_tag","embeddable":true,"href":"https:\/\/diariodepe.com.br\/cri\/wp-json\/wp\/v2\/tags?post=2774"}],"curies":[{"name":"wp","href":"https:\/\/api.w.org\/{rel}","templated":true}]}}