{"id":2640,"date":"2023-09-15T05:18:46","date_gmt":"2023-09-15T08:18:46","guid":{"rendered":"https:\/\/diariodepe.com.br\/cri\/?p=2640"},"modified":"2023-09-15T05:18:46","modified_gmt":"2023-09-15T08:18:46","slug":"o-mundo-quer-testemunhar-o-compromisso-estadunidense-de-nao-dissociacao-com-a-china","status":"publish","type":"post","link":"https:\/\/diariodepe.com.br\/cri\/2023\/09\/15\/o-mundo-quer-testemunhar-o-compromisso-estadunidense-de-nao-dissociacao-com-a-china\/","title":{"rendered":"O mundo quer testemunhar o compromisso estadunidense de \u201cn\u00e3o dissocia\u00e7\u00e3o com a China\u201d"},"content":{"rendered":"<p><span data-spm-anchor-id=\"0.0.0.i2\">A secret\u00e1ria do Com\u00e9rcio dos Estados Unidos, Gina Raimondo, terminou sua viagem de quatro dias \u00e0 China no dia 30. Trata-se do quarto dignit\u00e1rio estadunidense a visitar a China desde junho. Na cobertura jornal\u00edstica da viagem de Raimondo \u00e0 China, a imprensa internacional noticiou que os dois pa\u00edses declararam o estabelecimento de um novo canal de comunica\u00e7\u00e3o que favorece \u00e0 diminui\u00e7\u00e3o de mal-entendidos. Al\u00e9m disso, a secret\u00e1ria do Com\u00e9rcio dos EUA se comprometeu claramente a n\u00e3o dissociar da China e disse que espera que mais empresas estadunidense possam investir no pa\u00eds.\u00a0<\/span><\/p>\n<p>Entretanto, a atitude da dignit\u00e1ria de Washington de n\u00e3o \u201cdissocia\u00e7\u00e3o\u201d com a China deve ser implementada, que \u00e9 uma demanda da ess\u00eancia das rela\u00e7\u00f5es comerciais sino-norte-americanas e do setor empresarial dos dois pa\u00edses. A n\u00e3o \u201cdissocia\u00e7\u00e3o\u201d entre os dois pa\u00edses favorece n\u00e3o s\u00f3 a economia de ambos, mas tamb\u00e9m o desenvolvimento econ\u00f4mico mundial.<\/p>\n<p>Por isso, Washington deve tomar decis\u00f5es corretas e ter uma ideia expl\u00edcita de que a ess\u00eancia das rela\u00e7\u00f5es econ\u00f4micas e comerciais com a China \u00e9 de benef\u00edcio rec\u00edproco e de ganho m\u00fatuo.<\/p>\n<p>Desde 2018, os Estados Unidos continuam a impor altas tarifas sobre produtos chineses, mas o com\u00e9rcio entre os Estados Unidos e a China atingiu um recorde de quase US$ 760 bilh\u00f5es em 2022. O Relat\u00f3rio de Exporta\u00e7\u00f5es dos EUA para a China de 2023, divulgado pelo Conselho Empresarial EUA-China, mostra que as exporta\u00e7\u00f5es dos EUA para a China criaram mais de um milh\u00e3o de empregos nos EUA. Mais de 70 mil empresas norte-americanas investiram na China, e quase 90% delas tiveram lucros no pa\u00eds.<\/p>\n<p>Tudo isso constitui um reflexo da integra\u00e7\u00e3o profunda industrial e do benef\u00edcio rec\u00edproco da economia e com\u00e9rcio entre os dois pa\u00edses, sendo tamb\u00e9m o motivo direto pelo qual a comunidade empresarial estadunidense n\u00e3o \u00e9 a favor da \u201cdissocia\u00e7\u00e3o\u201d com China.<\/p>\n<p>Washington deve parar a pan-politiza\u00e7\u00e3o das quest\u00f5es comerciais e econ\u00f4micas e o abuso do pretexto da seguran\u00e7a nessas quest\u00f5es. Porque o pr\u00f3prio desenvolvimento econ\u00f4mico dos EUA precisa de coopera\u00e7\u00f5es com a China.<\/p>\n<p>Durante a viagem da secret\u00e1ria do Com\u00e9rcio dos EUA \u00e0 China, foi anunciado o estabelecimento de um novo canal de comunica\u00e7\u00e3o, medida que deve desempenhar seu verdadeiro papel de resolver diverg\u00eancias e promover a coordena\u00e7\u00e3o de pol\u00edticas.<\/p>\n<p>As rela\u00e7\u00f5es econ\u00f4micas e comerciais s\u00e3o estabilizadoras para o relacionamento China-EUA. Esperamos que Washington possa promover o relacionamento com a China com sinceridade, a fim de impulsionar a recupera\u00e7\u00e3o da economia mundial.<\/p>\n","protected":false},"excerpt":{"rendered":"<p>A secret\u00e1ria do Com\u00e9rcio dos Estados Unidos, Gina Raimondo, terminou sua viagem de quatro dias \u00e0 China no dia 30. Trata-se do quarto dignit\u00e1rio estadunidense a visitar a China desde junho. Na cobertura jornal\u00edstica da viagem de Raimondo \u00e0 China,&#8230;<\/p>\n","protected":false},"author":2,"featured_media":2641,"comment_status":"open","ping_status":"open","sticky":false,"template":"","format":"standard","meta":{"footnotes":""},"categories":[7],"tags":[],"class_list":["post-2640","post","type-post","status-publish","format-standard","has-post-thumbnail","hentry","category-visao"],"yoast_head":"<!-- This site is optimized with the Yoast SEO plugin v27.4 - https:\/\/yoast.com\/product\/yoast-seo-wordpress\/ -->\n<title>O mundo quer testemunhar o compromisso estadunidense de \u201cn\u00e3o dissocia\u00e7\u00e3o com a China\u201d - CRI e Diario de Pernambuco<\/title>\n<meta name=\"robots\" content=\"index, follow, max-snippet:-1, max-image-preview:large, max-video-preview:-1\" \/>\n<link rel=\"canonical\" href=\"https:\/\/diariodepe.com.br\/cri\/2023\/09\/15\/o-mundo-quer-testemunhar-o-compromisso-estadunidense-de-nao-dissociacao-com-a-china\/\" \/>\n<meta property=\"og:locale\" content=\"pt_BR\" \/>\n<meta property=\"og:type\" content=\"article\" \/>\n<meta property=\"og:title\" content=\"O mundo quer testemunhar o compromisso estadunidense de \u201cn\u00e3o dissocia\u00e7\u00e3o com a China\u201d - CRI e Diario de Pernambuco\" \/>\n<meta property=\"og:description\" content=\"A secret\u00e1ria do Com\u00e9rcio dos Estados Unidos, Gina Raimondo, terminou sua viagem de quatro dias \u00e0 China no dia 30. Trata-se do quarto dignit\u00e1rio estadunidense a visitar a China desde junho. Na cobertura jornal\u00edstica da viagem de Raimondo \u00e0 China,...\" \/>\n<meta property=\"og:url\" content=\"https:\/\/diariodepe.com.br\/cri\/2023\/09\/15\/o-mundo-quer-testemunhar-o-compromisso-estadunidense-de-nao-dissociacao-com-a-china\/\" \/>\n<meta property=\"og:site_name\" content=\"CRI e Diario de Pernambuco\" \/>\n<meta property=\"article:published_time\" content=\"2023-09-15T08:18:46+00:00\" \/>\n<meta property=\"og:image\" content=\"https:\/\/diariodepe.com.br\/cri\/wp-content\/uploads\/sites\/2\/2023\/09\/2023083115034859598.png\" \/>\n\t<meta property=\"og:image:width\" content=\"1080\" \/>\n\t<meta property=\"og:image:height\" content=\"582\" \/>\n\t<meta property=\"og:image:type\" content=\"image\/png\" \/>\n<meta name=\"author\" content=\"Ismael Lucas S. Pereira\" \/>\n<meta name=\"twitter:card\" content=\"summary_large_image\" \/>\n<meta name=\"twitter:label1\" content=\"Escrito por\" \/>\n\t<meta name=\"twitter:data1\" content=\"Ismael Lucas S. Pereira\" \/>\n\t<meta name=\"twitter:label2\" content=\"Est. tempo de leitura\" \/>\n\t<meta name=\"twitter:data2\" content=\"3 minutos\" \/>\n<script type=\"application\/ld+json\" class=\"yoast-schema-graph\">{\"@context\":\"https:\\\/\\\/schema.org\",\"@graph\":[{\"@type\":\"Article\",\"@id\":\"https:\\\/\\\/diariodepe.com.br\\\/cri\\\/2023\\\/09\\\/15\\\/o-mundo-quer-testemunhar-o-compromisso-estadunidense-de-nao-dissociacao-com-a-china\\\/#article\",\"isPartOf\":{\"@id\":\"https:\\\/\\\/diariodepe.com.br\\\/cri\\\/2023\\\/09\\\/15\\\/o-mundo-quer-testemunhar-o-compromisso-estadunidense-de-nao-dissociacao-com-a-china\\\/\"},\"author\":{\"name\":\"Ismael Lucas S. Pereira\",\"@id\":\"https:\\\/\\\/diariodepe.com.br\\\/cri\\\/#\\\/schema\\\/person\\\/121bb28d84f1a5b1205ef4ce9c2e0c6b\"},\"headline\":\"O mundo quer testemunhar o compromisso estadunidense de \u201cn\u00e3o dissocia\u00e7\u00e3o com a China\u201d\",\"datePublished\":\"2023-09-15T08:18:46+00:00\",\"mainEntityOfPage\":{\"@id\":\"https:\\\/\\\/diariodepe.com.br\\\/cri\\\/2023\\\/09\\\/15\\\/o-mundo-quer-testemunhar-o-compromisso-estadunidense-de-nao-dissociacao-com-a-china\\\/\"},\"wordCount\":467,\"commentCount\":0,\"publisher\":{\"@id\":\"https:\\\/\\\/diariodepe.com.br\\\/cri\\\/#organization\"},\"image\":{\"@id\":\"https:\\\/\\\/diariodepe.com.br\\\/cri\\\/2023\\\/09\\\/15\\\/o-mundo-quer-testemunhar-o-compromisso-estadunidense-de-nao-dissociacao-com-a-china\\\/#primaryimage\"},\"thumbnailUrl\":\"https:\\\/\\\/diariodepe.com.br\\\/cri\\\/wp-content\\\/uploads\\\/sites\\\/2\\\/2023\\\/09\\\/2023083115034859598.png\",\"articleSection\":[\"Vis\u00e3o\"],\"inLanguage\":\"pt-BR\",\"potentialAction\":[{\"@type\":\"CommentAction\",\"name\":\"Comment\",\"target\":[\"https:\\\/\\\/diariodepe.com.br\\\/cri\\\/2023\\\/09\\\/15\\\/o-mundo-quer-testemunhar-o-compromisso-estadunidense-de-nao-dissociacao-com-a-china\\\/#respond\"]}]},{\"@type\":\"WebPage\",\"@id\":\"https:\\\/\\\/diariodepe.com.br\\\/cri\\\/2023\\\/09\\\/15\\\/o-mundo-quer-testemunhar-o-compromisso-estadunidense-de-nao-dissociacao-com-a-china\\\/\",\"url\":\"https:\\\/\\\/diariodepe.com.br\\\/cri\\\/2023\\\/09\\\/15\\\/o-mundo-quer-testemunhar-o-compromisso-estadunidense-de-nao-dissociacao-com-a-china\\\/\",\"name\":\"O mundo quer testemunhar o compromisso estadunidense de \u201cn\u00e3o dissocia\u00e7\u00e3o com a China\u201d - CRI e Diario de Pernambuco\",\"isPartOf\":{\"@id\":\"https:\\\/\\\/diariodepe.com.br\\\/cri\\\/#website\"},\"primaryImageOfPage\":{\"@id\":\"https:\\\/\\\/diariodepe.com.br\\\/cri\\\/2023\\\/09\\\/15\\\/o-mundo-quer-testemunhar-o-compromisso-estadunidense-de-nao-dissociacao-com-a-china\\\/#primaryimage\"},\"image\":{\"@id\":\"https:\\\/\\\/diariodepe.com.br\\\/cri\\\/2023\\\/09\\\/15\\\/o-mundo-quer-testemunhar-o-compromisso-estadunidense-de-nao-dissociacao-com-a-china\\\/#primaryimage\"},\"thumbnailUrl\":\"https:\\\/\\\/diariodepe.com.br\\\/cri\\\/wp-content\\\/uploads\\\/sites\\\/2\\\/2023\\\/09\\\/2023083115034859598.png\",\"datePublished\":\"2023-09-15T08:18:46+00:00\",\"breadcrumb\":{\"@id\":\"https:\\\/\\\/diariodepe.com.br\\\/cri\\\/2023\\\/09\\\/15\\\/o-mundo-quer-testemunhar-o-compromisso-estadunidense-de-nao-dissociacao-com-a-china\\\/#breadcrumb\"},\"inLanguage\":\"pt-BR\",\"potentialAction\":[{\"@type\":\"ReadAction\",\"target\":[\"https:\\\/\\\/diariodepe.com.br\\\/cri\\\/2023\\\/09\\\/15\\\/o-mundo-quer-testemunhar-o-compromisso-estadunidense-de-nao-dissociacao-com-a-china\\\/\"]}]},{\"@type\":\"ImageObject\",\"inLanguage\":\"pt-BR\",\"@id\":\"https:\\\/\\\/diariodepe.com.br\\\/cri\\\/2023\\\/09\\\/15\\\/o-mundo-quer-testemunhar-o-compromisso-estadunidense-de-nao-dissociacao-com-a-china\\\/#primaryimage\",\"url\":\"https:\\\/\\\/diariodepe.com.br\\\/cri\\\/wp-content\\\/uploads\\\/sites\\\/2\\\/2023\\\/09\\\/2023083115034859598.png\",\"contentUrl\":\"https:\\\/\\\/diariodepe.com.br\\\/cri\\\/wp-content\\\/uploads\\\/sites\\\/2\\\/2023\\\/09\\\/2023083115034859598.png\",\"width\":1080,\"height\":582},{\"@type\":\"BreadcrumbList\",\"@id\":\"https:\\\/\\\/diariodepe.com.br\\\/cri\\\/2023\\\/09\\\/15\\\/o-mundo-quer-testemunhar-o-compromisso-estadunidense-de-nao-dissociacao-com-a-china\\\/#breadcrumb\",\"itemListElement\":[{\"@type\":\"ListItem\",\"position\":1,\"name\":\"In\u00edcio\",\"item\":\"https:\\\/\\\/diariodepe.com.br\\\/cri\\\/\"},{\"@type\":\"ListItem\",\"position\":2,\"name\":\"O mundo quer testemunhar o compromisso estadunidense de \u201cn\u00e3o dissocia\u00e7\u00e3o com a China\u201d\"}]},{\"@type\":\"WebSite\",\"@id\":\"https:\\\/\\\/diariodepe.com.br\\\/cri\\\/#website\",\"url\":\"https:\\\/\\\/diariodepe.com.br\\\/cri\\\/\",\"name\":\"CRI e Diario de Pernambuco\",\"description\":\"R\u00e1dio Internacional da China\",\"publisher\":{\"@id\":\"https:\\\/\\\/diariodepe.com.br\\\/cri\\\/#organization\"},\"potentialAction\":[{\"@type\":\"SearchAction\",\"target\":{\"@type\":\"EntryPoint\",\"urlTemplate\":\"https:\\\/\\\/diariodepe.com.br\\\/cri\\\/?s={search_term_string}\"},\"query-input\":{\"@type\":\"PropertyValueSpecification\",\"valueRequired\":true,\"valueName\":\"search_term_string\"}}],\"inLanguage\":\"pt-BR\"},{\"@type\":\"Organization\",\"@id\":\"https:\\\/\\\/diariodepe.com.br\\\/cri\\\/#organization\",\"name\":\"CRI e Diario de Pernambuco\",\"url\":\"https:\\\/\\\/diariodepe.com.br\\\/cri\\\/\",\"logo\":{\"@type\":\"ImageObject\",\"inLanguage\":\"pt-BR\",\"@id\":\"https:\\\/\\\/diariodepe.com.br\\\/cri\\\/#\\\/schema\\\/logo\\\/image\\\/\",\"url\":\"https:\\\/\\\/diariodepe.com.br\\\/cri\\\/wp-content\\\/uploads\\\/sites\\\/2\\\/2022\\\/12\\\/cropped-Logo.jpg\",\"contentUrl\":\"https:\\\/\\\/diariodepe.com.br\\\/cri\\\/wp-content\\\/uploads\\\/sites\\\/2\\\/2022\\\/12\\\/cropped-Logo.jpg\",\"width\":700,\"height\":59,\"caption\":\"CRI e Diario de Pernambuco\"},\"image\":{\"@id\":\"https:\\\/\\\/diariodepe.com.br\\\/cri\\\/#\\\/schema\\\/logo\\\/image\\\/\"}},{\"@type\":\"Person\",\"@id\":\"https:\\\/\\\/diariodepe.com.br\\\/cri\\\/#\\\/schema\\\/person\\\/121bb28d84f1a5b1205ef4ce9c2e0c6b\",\"name\":\"Ismael Lucas S. Pereira\",\"image\":{\"@type\":\"ImageObject\",\"inLanguage\":\"pt-BR\",\"@id\":\"https:\\\/\\\/secure.gravatar.com\\\/avatar\\\/887a0f3b5a7ceea963a48499fb883ffce6b5037362def025c52c2505b15d63e4?s=96&d=mm&r=g\",\"url\":\"https:\\\/\\\/secure.gravatar.com\\\/avatar\\\/887a0f3b5a7ceea963a48499fb883ffce6b5037362def025c52c2505b15d63e4?s=96&d=mm&r=g\",\"contentUrl\":\"https:\\\/\\\/secure.gravatar.com\\\/avatar\\\/887a0f3b5a7ceea963a48499fb883ffce6b5037362def025c52c2505b15d63e4?s=96&d=mm&r=g\",\"caption\":\"Ismael Lucas S. Pereira\"},\"url\":\"https:\\\/\\\/diariodepe.com.br\\\/cri\\\/author\\\/ismael-lucas\\\/\"}]}<\/script>\n<!-- \/ Yoast SEO plugin. -->","yoast_head_json":{"title":"O mundo quer testemunhar o compromisso estadunidense de \u201cn\u00e3o dissocia\u00e7\u00e3o com a China\u201d - CRI e Diario de Pernambuco","robots":{"index":"index","follow":"follow","max-snippet":"max-snippet:-1","max-image-preview":"max-image-preview:large","max-video-preview":"max-video-preview:-1"},"canonical":"https:\/\/diariodepe.com.br\/cri\/2023\/09\/15\/o-mundo-quer-testemunhar-o-compromisso-estadunidense-de-nao-dissociacao-com-a-china\/","og_locale":"pt_BR","og_type":"article","og_title":"O mundo quer testemunhar o compromisso estadunidense de \u201cn\u00e3o dissocia\u00e7\u00e3o com a China\u201d - CRI e Diario de Pernambuco","og_description":"A secret\u00e1ria do Com\u00e9rcio dos Estados Unidos, Gina Raimondo, terminou sua viagem de quatro dias \u00e0 China no dia 30. Trata-se do quarto dignit\u00e1rio estadunidense a visitar a China desde junho. Na cobertura jornal\u00edstica da viagem de Raimondo \u00e0 China,...","og_url":"https:\/\/diariodepe.com.br\/cri\/2023\/09\/15\/o-mundo-quer-testemunhar-o-compromisso-estadunidense-de-nao-dissociacao-com-a-china\/","og_site_name":"CRI e Diario de Pernambuco","article_published_time":"2023-09-15T08:18:46+00:00","og_image":[{"width":1080,"height":582,"url":"https:\/\/diariodepe.com.br\/cri\/wp-content\/uploads\/sites\/2\/2023\/09\/2023083115034859598.png","type":"image\/png"}],"author":"Ismael Lucas S. Pereira","twitter_card":"summary_large_image","twitter_misc":{"Escrito por":"Ismael Lucas S. Pereira","Est. tempo de leitura":"3 minutos"},"schema":{"@context":"https:\/\/schema.org","@graph":[{"@type":"Article","@id":"https:\/\/diariodepe.com.br\/cri\/2023\/09\/15\/o-mundo-quer-testemunhar-o-compromisso-estadunidense-de-nao-dissociacao-com-a-china\/#article","isPartOf":{"@id":"https:\/\/diariodepe.com.br\/cri\/2023\/09\/15\/o-mundo-quer-testemunhar-o-compromisso-estadunidense-de-nao-dissociacao-com-a-china\/"},"author":{"name":"Ismael Lucas S. Pereira","@id":"https:\/\/diariodepe.com.br\/cri\/#\/schema\/person\/121bb28d84f1a5b1205ef4ce9c2e0c6b"},"headline":"O mundo quer testemunhar o compromisso estadunidense de \u201cn\u00e3o dissocia\u00e7\u00e3o com a China\u201d","datePublished":"2023-09-15T08:18:46+00:00","mainEntityOfPage":{"@id":"https:\/\/diariodepe.com.br\/cri\/2023\/09\/15\/o-mundo-quer-testemunhar-o-compromisso-estadunidense-de-nao-dissociacao-com-a-china\/"},"wordCount":467,"commentCount":0,"publisher":{"@id":"https:\/\/diariodepe.com.br\/cri\/#organization"},"image":{"@id":"https:\/\/diariodepe.com.br\/cri\/2023\/09\/15\/o-mundo-quer-testemunhar-o-compromisso-estadunidense-de-nao-dissociacao-com-a-china\/#primaryimage"},"thumbnailUrl":"https:\/\/diariodepe.com.br\/cri\/wp-content\/uploads\/sites\/2\/2023\/09\/2023083115034859598.png","articleSection":["Vis\u00e3o"],"inLanguage":"pt-BR","potentialAction":[{"@type":"CommentAction","name":"Comment","target":["https:\/\/diariodepe.com.br\/cri\/2023\/09\/15\/o-mundo-quer-testemunhar-o-compromisso-estadunidense-de-nao-dissociacao-com-a-china\/#respond"]}]},{"@type":"WebPage","@id":"https:\/\/diariodepe.com.br\/cri\/2023\/09\/15\/o-mundo-quer-testemunhar-o-compromisso-estadunidense-de-nao-dissociacao-com-a-china\/","url":"https:\/\/diariodepe.com.br\/cri\/2023\/09\/15\/o-mundo-quer-testemunhar-o-compromisso-estadunidense-de-nao-dissociacao-com-a-china\/","name":"O mundo quer testemunhar o compromisso estadunidense de \u201cn\u00e3o dissocia\u00e7\u00e3o com a China\u201d - CRI e Diario de Pernambuco","isPartOf":{"@id":"https:\/\/diariodepe.com.br\/cri\/#website"},"primaryImageOfPage":{"@id":"https:\/\/diariodepe.com.br\/cri\/2023\/09\/15\/o-mundo-quer-testemunhar-o-compromisso-estadunidense-de-nao-dissociacao-com-a-china\/#primaryimage"},"image":{"@id":"https:\/\/diariodepe.com.br\/cri\/2023\/09\/15\/o-mundo-quer-testemunhar-o-compromisso-estadunidense-de-nao-dissociacao-com-a-china\/#primaryimage"},"thumbnailUrl":"https:\/\/diariodepe.com.br\/cri\/wp-content\/uploads\/sites\/2\/2023\/09\/2023083115034859598.png","datePublished":"2023-09-15T08:18:46+00:00","breadcrumb":{"@id":"https:\/\/diariodepe.com.br\/cri\/2023\/09\/15\/o-mundo-quer-testemunhar-o-compromisso-estadunidense-de-nao-dissociacao-com-a-china\/#breadcrumb"},"inLanguage":"pt-BR","potentialAction":[{"@type":"ReadAction","target":["https:\/\/diariodepe.com.br\/cri\/2023\/09\/15\/o-mundo-quer-testemunhar-o-compromisso-estadunidense-de-nao-dissociacao-com-a-china\/"]}]},{"@type":"ImageObject","inLanguage":"pt-BR","@id":"https:\/\/diariodepe.com.br\/cri\/2023\/09\/15\/o-mundo-quer-testemunhar-o-compromisso-estadunidense-de-nao-dissociacao-com-a-china\/#primaryimage","url":"https:\/\/diariodepe.com.br\/cri\/wp-content\/uploads\/sites\/2\/2023\/09\/2023083115034859598.png","contentUrl":"https:\/\/diariodepe.com.br\/cri\/wp-content\/uploads\/sites\/2\/2023\/09\/2023083115034859598.png","width":1080,"height":582},{"@type":"BreadcrumbList","@id":"https:\/\/diariodepe.com.br\/cri\/2023\/09\/15\/o-mundo-quer-testemunhar-o-compromisso-estadunidense-de-nao-dissociacao-com-a-china\/#breadcrumb","itemListElement":[{"@type":"ListItem","position":1,"name":"In\u00edcio","item":"https:\/\/diariodepe.com.br\/cri\/"},{"@type":"ListItem","position":2,"name":"O mundo quer testemunhar o compromisso estadunidense de \u201cn\u00e3o dissocia\u00e7\u00e3o com a China\u201d"}]},{"@type":"WebSite","@id":"https:\/\/diariodepe.com.br\/cri\/#website","url":"https:\/\/diariodepe.com.br\/cri\/","name":"CRI e Diario de Pernambuco","description":"R\u00e1dio Internacional da China","publisher":{"@id":"https:\/\/diariodepe.com.br\/cri\/#organization"},"potentialAction":[{"@type":"SearchAction","target":{"@type":"EntryPoint","urlTemplate":"https:\/\/diariodepe.com.br\/cri\/?s={search_term_string}"},"query-input":{"@type":"PropertyValueSpecification","valueRequired":true,"valueName":"search_term_string"}}],"inLanguage":"pt-BR"},{"@type":"Organization","@id":"https:\/\/diariodepe.com.br\/cri\/#organization","name":"CRI e Diario de Pernambuco","url":"https:\/\/diariodepe.com.br\/cri\/","logo":{"@type":"ImageObject","inLanguage":"pt-BR","@id":"https:\/\/diariodepe.com.br\/cri\/#\/schema\/logo\/image\/","url":"https:\/\/diariodepe.com.br\/cri\/wp-content\/uploads\/sites\/2\/2022\/12\/cropped-Logo.jpg","contentUrl":"https:\/\/diariodepe.com.br\/cri\/wp-content\/uploads\/sites\/2\/2022\/12\/cropped-Logo.jpg","width":700,"height":59,"caption":"CRI e Diario de Pernambuco"},"image":{"@id":"https:\/\/diariodepe.com.br\/cri\/#\/schema\/logo\/image\/"}},{"@type":"Person","@id":"https:\/\/diariodepe.com.br\/cri\/#\/schema\/person\/121bb28d84f1a5b1205ef4ce9c2e0c6b","name":"Ismael Lucas S. Pereira","image":{"@type":"ImageObject","inLanguage":"pt-BR","@id":"https:\/\/secure.gravatar.com\/avatar\/887a0f3b5a7ceea963a48499fb883ffce6b5037362def025c52c2505b15d63e4?s=96&d=mm&r=g","url":"https:\/\/secure.gravatar.com\/avatar\/887a0f3b5a7ceea963a48499fb883ffce6b5037362def025c52c2505b15d63e4?s=96&d=mm&r=g","contentUrl":"https:\/\/secure.gravatar.com\/avatar\/887a0f3b5a7ceea963a48499fb883ffce6b5037362def025c52c2505b15d63e4?s=96&d=mm&r=g","caption":"Ismael Lucas S. Pereira"},"url":"https:\/\/diariodepe.com.br\/cri\/author\/ismael-lucas\/"}]}},"cc_featured_image_caption":{"caption_text":false,"source_text":false,"source_url":false},"amp_enabled":true,"_links":{"self":[{"href":"https:\/\/diariodepe.com.br\/cri\/wp-json\/wp\/v2\/posts\/2640","targetHints":{"allow":["GET"]}}],"collection":[{"href":"https:\/\/diariodepe.com.br\/cri\/wp-json\/wp\/v2\/posts"}],"about":[{"href":"https:\/\/diariodepe.com.br\/cri\/wp-json\/wp\/v2\/types\/post"}],"author":[{"embeddable":true,"href":"https:\/\/diariodepe.com.br\/cri\/wp-json\/wp\/v2\/users\/2"}],"replies":[{"embeddable":true,"href":"https:\/\/diariodepe.com.br\/cri\/wp-json\/wp\/v2\/comments?post=2640"}],"version-history":[{"count":1,"href":"https:\/\/diariodepe.com.br\/cri\/wp-json\/wp\/v2\/posts\/2640\/revisions"}],"predecessor-version":[{"id":2642,"href":"https:\/\/diariodepe.com.br\/cri\/wp-json\/wp\/v2\/posts\/2640\/revisions\/2642"}],"wp:featuredmedia":[{"embeddable":true,"href":"https:\/\/diariodepe.com.br\/cri\/wp-json\/wp\/v2\/media\/2641"}],"wp:attachment":[{"href":"https:\/\/diariodepe.com.br\/cri\/wp-json\/wp\/v2\/media?parent=2640"}],"wp:term":[{"taxonomy":"category","embeddable":true,"href":"https:\/\/diariodepe.com.br\/cri\/wp-json\/wp\/v2\/categories?post=2640"},{"taxonomy":"post_tag","embeddable":true,"href":"https:\/\/diariodepe.com.br\/cri\/wp-json\/wp\/v2\/tags?post=2640"}],"curies":[{"name":"wp","href":"https:\/\/api.w.org\/{rel}","templated":true}]}}