{"id":2633,"date":"2023-09-15T05:16:35","date_gmt":"2023-09-15T08:16:35","guid":{"rendered":"https:\/\/diariodepe.com.br\/cri\/?p=2633"},"modified":"2023-09-15T05:16:35","modified_gmt":"2023-09-15T08:16:35","slug":"japao-tenta-encobrir-sua-culpa-de-despejar-agua-contaminada-no-mar-acusando-a-china","status":"publish","type":"post","link":"https:\/\/diariodepe.com.br\/cri\/2023\/09\/15\/japao-tenta-encobrir-sua-culpa-de-despejar-agua-contaminada-no-mar-acusando-a-china\/","title":{"rendered":"Jap\u00e3o tenta encobrir sua culpa de despejar \u00e1gua contaminada no mar acusando a China"},"content":{"rendered":"<p>Nos \u00faltimos dias, a comunidade internacional n\u00e3o parou de criticar o Jap\u00e3o pelo descarte da \u00e1gua radioativa da usina nuclear de Fukushima no mar. No entanto, a parte japonesa n\u00e3o corrigiu seu erro, e come\u00e7ou a acusar a China para tentar encobrir sua culpa.<\/p>\n<p>V\u00e1rios ve\u00edculos de imprensa do Jap\u00e3o especularam que o sentimento anti-Jap\u00e3o est\u00e1 aumentando na China, e que o p\u00fablico chin\u00eas tomou a\u00e7\u00f5es para assediar o Jap\u00e3o, entre outras.<\/p>\n<p data-spm-anchor-id=\"0.0.0.i2\">Ao mesmo tempo, pol\u00edticos japoneses, incluindo o primeiro-ministro Fumio Kishida, exigiram que a China cancelasse as restri\u00e7\u00f5es sobre a importa\u00e7\u00e3o de produtos mar\u00edtimos japoneses. Eles at\u00e9 disseram que poderiam tomar contramedidas.<\/p>\n<p>De fato, isso faz parte de uma guerra de opini\u00e3o p\u00fablica planejada pelo Jap\u00e3o. H\u00e1 dois anos o governo japon\u00eas anunciou que iria descartar \u00e1gua contaminada no mar, e desde ent\u00e3o as atividades de propaganda e embelezamento tamb\u00e9m come\u00e7aram. No or\u00e7amento da Ag\u00eancia de Reconstru\u00e7\u00e3o do Jap\u00e3o de 2021, o investimento em rela\u00e7\u00f5es p\u00fablicas relacionado ao acidente nuclear de Fukushima aumentou significativamente para dois bilh\u00f5es de ienes, quatro vezes mais do que em 2020.<\/p>\n<p>Nos \u00faltimos dois anos, o Minist\u00e9rio das Rela\u00e7\u00f5es Exteriores do Jap\u00e3o tamb\u00e9m aumentou o or\u00e7amento de propaganda sobre o descarte da \u00e1gua radioativa no mar. No dia 24 de agosto, ou seja, o dia em que o Jap\u00e3o come\u00e7ou o despejo, a autoridade japonesa preparou 70 bilh\u00f5es de ienes para lan\u00e7ar \u201cnot\u00edcias falsas\u201d.<\/p>\n<p>Nos \u00faltimos dias, a Embaixada da China no Jap\u00e3o vem sendo perturbada gravemente, mas a m\u00eddia japonesa calou a boca sobre este fato.<\/p>\n<p>Al\u00e9m disso, acusar a China \u00e9 uma necessidade pol\u00edtica para o governo japon\u00eas. Atualmente, o c\u00edrculo pol\u00edtico do Jap\u00e3o est\u00e1 cada vez mais conservador e repleto de informa\u00e7\u00f5es negativas sobre a China na sociedade local. Pesquisas realizadas nos \u00faltimos dias 26 e 27 mostraram que a aprova\u00e7\u00e3o de Fumio Kishida era apenas 26%. Por isso, refor\u00e7ar o sentimento anti-China \u00e9 uma maneira para desviar a aten\u00e7\u00e3o do p\u00fablico japon\u00eas e apaziguar a opini\u00e3o p\u00fablica no pa\u00eds.<\/p>\n<p data-spm-anchor-id=\"0.0.0.i3\">No entanto, o governo do Jap\u00e3o deve entender que \u00e9 normal que os chineses tenham agora um sentimento negativo em rela\u00e7\u00e3o ao Jap\u00e3o, porque est\u00e3o preocupados com a seguran\u00e7a alimentar. E n\u00e3o s\u00f3 os chineses, mas toda a comunidade internacional conta com uma forte oposi\u00e7\u00e3o \u00e0 conduta japonesa que traz preju\u00edzo para o ambiente mar\u00edtimo e para a sa\u00fade humana.<\/p>\n","protected":false},"excerpt":{"rendered":"<p>Nos \u00faltimos dias, a comunidade internacional n\u00e3o parou de criticar o Jap\u00e3o pelo descarte da \u00e1gua radioativa da usina nuclear de Fukushima no mar. No entanto, a parte japonesa n\u00e3o corrigiu seu erro, e come\u00e7ou a acusar a China para&#8230;<\/p>\n","protected":false},"author":2,"featured_media":0,"comment_status":"open","ping_status":"open","sticky":false,"template":"","format":"standard","meta":{"footnotes":""},"categories":[7],"tags":[],"class_list":["post-2633","post","type-post","status-publish","format-standard","hentry","category-visao"],"yoast_head":"<!-- This site is optimized with the Yoast SEO plugin v27.4 - https:\/\/yoast.com\/product\/yoast-seo-wordpress\/ -->\n<title>Jap\u00e3o tenta encobrir sua culpa de despejar \u00e1gua contaminada no mar acusando a China - CRI e Diario de Pernambuco<\/title>\n<meta name=\"robots\" content=\"index, follow, max-snippet:-1, max-image-preview:large, max-video-preview:-1\" \/>\n<link rel=\"canonical\" href=\"https:\/\/diariodepe.com.br\/cri\/2023\/09\/15\/japao-tenta-encobrir-sua-culpa-de-despejar-agua-contaminada-no-mar-acusando-a-china\/\" \/>\n<meta property=\"og:locale\" content=\"pt_BR\" \/>\n<meta property=\"og:type\" content=\"article\" \/>\n<meta property=\"og:title\" content=\"Jap\u00e3o tenta encobrir sua culpa de despejar \u00e1gua contaminada no mar acusando a China - CRI e Diario de Pernambuco\" \/>\n<meta property=\"og:description\" content=\"Nos \u00faltimos dias, a comunidade internacional n\u00e3o parou de criticar o Jap\u00e3o pelo descarte da \u00e1gua radioativa da usina nuclear de Fukushima no mar. No entanto, a parte japonesa n\u00e3o corrigiu seu erro, e come\u00e7ou a acusar a China para...\" \/>\n<meta property=\"og:url\" content=\"https:\/\/diariodepe.com.br\/cri\/2023\/09\/15\/japao-tenta-encobrir-sua-culpa-de-despejar-agua-contaminada-no-mar-acusando-a-china\/\" \/>\n<meta property=\"og:site_name\" content=\"CRI e Diario de Pernambuco\" \/>\n<meta property=\"article:published_time\" content=\"2023-09-15T08:16:35+00:00\" \/>\n<meta name=\"author\" content=\"Ismael Lucas S. Pereira\" \/>\n<meta name=\"twitter:card\" content=\"summary_large_image\" \/>\n<meta name=\"twitter:label1\" content=\"Escrito por\" \/>\n\t<meta name=\"twitter:data1\" content=\"Ismael Lucas S. Pereira\" \/>\n\t<meta name=\"twitter:label2\" content=\"Est. tempo de leitura\" \/>\n\t<meta name=\"twitter:data2\" content=\"3 minutos\" \/>\n<script type=\"application\/ld+json\" class=\"yoast-schema-graph\">{\"@context\":\"https:\\\/\\\/schema.org\",\"@graph\":[{\"@type\":\"Article\",\"@id\":\"https:\\\/\\\/diariodepe.com.br\\\/cri\\\/2023\\\/09\\\/15\\\/japao-tenta-encobrir-sua-culpa-de-despejar-agua-contaminada-no-mar-acusando-a-china\\\/#article\",\"isPartOf\":{\"@id\":\"https:\\\/\\\/diariodepe.com.br\\\/cri\\\/2023\\\/09\\\/15\\\/japao-tenta-encobrir-sua-culpa-de-despejar-agua-contaminada-no-mar-acusando-a-china\\\/\"},\"author\":{\"name\":\"Ismael Lucas S. Pereira\",\"@id\":\"https:\\\/\\\/diariodepe.com.br\\\/cri\\\/#\\\/schema\\\/person\\\/121bb28d84f1a5b1205ef4ce9c2e0c6b\"},\"headline\":\"Jap\u00e3o tenta encobrir sua culpa de despejar \u00e1gua contaminada no mar acusando a China\",\"datePublished\":\"2023-09-15T08:16:35+00:00\",\"mainEntityOfPage\":{\"@id\":\"https:\\\/\\\/diariodepe.com.br\\\/cri\\\/2023\\\/09\\\/15\\\/japao-tenta-encobrir-sua-culpa-de-despejar-agua-contaminada-no-mar-acusando-a-china\\\/\"},\"wordCount\":460,\"commentCount\":0,\"publisher\":{\"@id\":\"https:\\\/\\\/diariodepe.com.br\\\/cri\\\/#organization\"},\"articleSection\":[\"Vis\u00e3o\"],\"inLanguage\":\"pt-BR\",\"potentialAction\":[{\"@type\":\"CommentAction\",\"name\":\"Comment\",\"target\":[\"https:\\\/\\\/diariodepe.com.br\\\/cri\\\/2023\\\/09\\\/15\\\/japao-tenta-encobrir-sua-culpa-de-despejar-agua-contaminada-no-mar-acusando-a-china\\\/#respond\"]}]},{\"@type\":\"WebPage\",\"@id\":\"https:\\\/\\\/diariodepe.com.br\\\/cri\\\/2023\\\/09\\\/15\\\/japao-tenta-encobrir-sua-culpa-de-despejar-agua-contaminada-no-mar-acusando-a-china\\\/\",\"url\":\"https:\\\/\\\/diariodepe.com.br\\\/cri\\\/2023\\\/09\\\/15\\\/japao-tenta-encobrir-sua-culpa-de-despejar-agua-contaminada-no-mar-acusando-a-china\\\/\",\"name\":\"Jap\u00e3o tenta encobrir sua culpa de despejar \u00e1gua contaminada no mar acusando a China - CRI e Diario de Pernambuco\",\"isPartOf\":{\"@id\":\"https:\\\/\\\/diariodepe.com.br\\\/cri\\\/#website\"},\"datePublished\":\"2023-09-15T08:16:35+00:00\",\"breadcrumb\":{\"@id\":\"https:\\\/\\\/diariodepe.com.br\\\/cri\\\/2023\\\/09\\\/15\\\/japao-tenta-encobrir-sua-culpa-de-despejar-agua-contaminada-no-mar-acusando-a-china\\\/#breadcrumb\"},\"inLanguage\":\"pt-BR\",\"potentialAction\":[{\"@type\":\"ReadAction\",\"target\":[\"https:\\\/\\\/diariodepe.com.br\\\/cri\\\/2023\\\/09\\\/15\\\/japao-tenta-encobrir-sua-culpa-de-despejar-agua-contaminada-no-mar-acusando-a-china\\\/\"]}]},{\"@type\":\"BreadcrumbList\",\"@id\":\"https:\\\/\\\/diariodepe.com.br\\\/cri\\\/2023\\\/09\\\/15\\\/japao-tenta-encobrir-sua-culpa-de-despejar-agua-contaminada-no-mar-acusando-a-china\\\/#breadcrumb\",\"itemListElement\":[{\"@type\":\"ListItem\",\"position\":1,\"name\":\"In\u00edcio\",\"item\":\"https:\\\/\\\/diariodepe.com.br\\\/cri\\\/\"},{\"@type\":\"ListItem\",\"position\":2,\"name\":\"Jap\u00e3o tenta encobrir sua culpa de despejar \u00e1gua contaminada no mar acusando a China\"}]},{\"@type\":\"WebSite\",\"@id\":\"https:\\\/\\\/diariodepe.com.br\\\/cri\\\/#website\",\"url\":\"https:\\\/\\\/diariodepe.com.br\\\/cri\\\/\",\"name\":\"CRI e Diario de Pernambuco\",\"description\":\"R\u00e1dio Internacional da China\",\"publisher\":{\"@id\":\"https:\\\/\\\/diariodepe.com.br\\\/cri\\\/#organization\"},\"potentialAction\":[{\"@type\":\"SearchAction\",\"target\":{\"@type\":\"EntryPoint\",\"urlTemplate\":\"https:\\\/\\\/diariodepe.com.br\\\/cri\\\/?s={search_term_string}\"},\"query-input\":{\"@type\":\"PropertyValueSpecification\",\"valueRequired\":true,\"valueName\":\"search_term_string\"}}],\"inLanguage\":\"pt-BR\"},{\"@type\":\"Organization\",\"@id\":\"https:\\\/\\\/diariodepe.com.br\\\/cri\\\/#organization\",\"name\":\"CRI e Diario de Pernambuco\",\"url\":\"https:\\\/\\\/diariodepe.com.br\\\/cri\\\/\",\"logo\":{\"@type\":\"ImageObject\",\"inLanguage\":\"pt-BR\",\"@id\":\"https:\\\/\\\/diariodepe.com.br\\\/cri\\\/#\\\/schema\\\/logo\\\/image\\\/\",\"url\":\"https:\\\/\\\/diariodepe.com.br\\\/cri\\\/wp-content\\\/uploads\\\/sites\\\/2\\\/2022\\\/12\\\/cropped-Logo.jpg\",\"contentUrl\":\"https:\\\/\\\/diariodepe.com.br\\\/cri\\\/wp-content\\\/uploads\\\/sites\\\/2\\\/2022\\\/12\\\/cropped-Logo.jpg\",\"width\":700,\"height\":59,\"caption\":\"CRI e Diario de Pernambuco\"},\"image\":{\"@id\":\"https:\\\/\\\/diariodepe.com.br\\\/cri\\\/#\\\/schema\\\/logo\\\/image\\\/\"}},{\"@type\":\"Person\",\"@id\":\"https:\\\/\\\/diariodepe.com.br\\\/cri\\\/#\\\/schema\\\/person\\\/121bb28d84f1a5b1205ef4ce9c2e0c6b\",\"name\":\"Ismael Lucas S. Pereira\",\"image\":{\"@type\":\"ImageObject\",\"inLanguage\":\"pt-BR\",\"@id\":\"https:\\\/\\\/secure.gravatar.com\\\/avatar\\\/887a0f3b5a7ceea963a48499fb883ffce6b5037362def025c52c2505b15d63e4?s=96&d=mm&r=g\",\"url\":\"https:\\\/\\\/secure.gravatar.com\\\/avatar\\\/887a0f3b5a7ceea963a48499fb883ffce6b5037362def025c52c2505b15d63e4?s=96&d=mm&r=g\",\"contentUrl\":\"https:\\\/\\\/secure.gravatar.com\\\/avatar\\\/887a0f3b5a7ceea963a48499fb883ffce6b5037362def025c52c2505b15d63e4?s=96&d=mm&r=g\",\"caption\":\"Ismael Lucas S. Pereira\"},\"url\":\"https:\\\/\\\/diariodepe.com.br\\\/cri\\\/author\\\/ismael-lucas\\\/\"}]}<\/script>\n<!-- \/ Yoast SEO plugin. -->","yoast_head_json":{"title":"Jap\u00e3o tenta encobrir sua culpa de despejar \u00e1gua contaminada no mar acusando a China - CRI e Diario de Pernambuco","robots":{"index":"index","follow":"follow","max-snippet":"max-snippet:-1","max-image-preview":"max-image-preview:large","max-video-preview":"max-video-preview:-1"},"canonical":"https:\/\/diariodepe.com.br\/cri\/2023\/09\/15\/japao-tenta-encobrir-sua-culpa-de-despejar-agua-contaminada-no-mar-acusando-a-china\/","og_locale":"pt_BR","og_type":"article","og_title":"Jap\u00e3o tenta encobrir sua culpa de despejar \u00e1gua contaminada no mar acusando a China - CRI e Diario de Pernambuco","og_description":"Nos \u00faltimos dias, a comunidade internacional n\u00e3o parou de criticar o Jap\u00e3o pelo descarte da \u00e1gua radioativa da usina nuclear de Fukushima no mar. No entanto, a parte japonesa n\u00e3o corrigiu seu erro, e come\u00e7ou a acusar a China para...","og_url":"https:\/\/diariodepe.com.br\/cri\/2023\/09\/15\/japao-tenta-encobrir-sua-culpa-de-despejar-agua-contaminada-no-mar-acusando-a-china\/","og_site_name":"CRI e Diario de Pernambuco","article_published_time":"2023-09-15T08:16:35+00:00","author":"Ismael Lucas S. Pereira","twitter_card":"summary_large_image","twitter_misc":{"Escrito por":"Ismael Lucas S. Pereira","Est. tempo de leitura":"3 minutos"},"schema":{"@context":"https:\/\/schema.org","@graph":[{"@type":"Article","@id":"https:\/\/diariodepe.com.br\/cri\/2023\/09\/15\/japao-tenta-encobrir-sua-culpa-de-despejar-agua-contaminada-no-mar-acusando-a-china\/#article","isPartOf":{"@id":"https:\/\/diariodepe.com.br\/cri\/2023\/09\/15\/japao-tenta-encobrir-sua-culpa-de-despejar-agua-contaminada-no-mar-acusando-a-china\/"},"author":{"name":"Ismael Lucas S. Pereira","@id":"https:\/\/diariodepe.com.br\/cri\/#\/schema\/person\/121bb28d84f1a5b1205ef4ce9c2e0c6b"},"headline":"Jap\u00e3o tenta encobrir sua culpa de despejar \u00e1gua contaminada no mar acusando a China","datePublished":"2023-09-15T08:16:35+00:00","mainEntityOfPage":{"@id":"https:\/\/diariodepe.com.br\/cri\/2023\/09\/15\/japao-tenta-encobrir-sua-culpa-de-despejar-agua-contaminada-no-mar-acusando-a-china\/"},"wordCount":460,"commentCount":0,"publisher":{"@id":"https:\/\/diariodepe.com.br\/cri\/#organization"},"articleSection":["Vis\u00e3o"],"inLanguage":"pt-BR","potentialAction":[{"@type":"CommentAction","name":"Comment","target":["https:\/\/diariodepe.com.br\/cri\/2023\/09\/15\/japao-tenta-encobrir-sua-culpa-de-despejar-agua-contaminada-no-mar-acusando-a-china\/#respond"]}]},{"@type":"WebPage","@id":"https:\/\/diariodepe.com.br\/cri\/2023\/09\/15\/japao-tenta-encobrir-sua-culpa-de-despejar-agua-contaminada-no-mar-acusando-a-china\/","url":"https:\/\/diariodepe.com.br\/cri\/2023\/09\/15\/japao-tenta-encobrir-sua-culpa-de-despejar-agua-contaminada-no-mar-acusando-a-china\/","name":"Jap\u00e3o tenta encobrir sua culpa de despejar \u00e1gua contaminada no mar acusando a China - CRI e Diario de Pernambuco","isPartOf":{"@id":"https:\/\/diariodepe.com.br\/cri\/#website"},"datePublished":"2023-09-15T08:16:35+00:00","breadcrumb":{"@id":"https:\/\/diariodepe.com.br\/cri\/2023\/09\/15\/japao-tenta-encobrir-sua-culpa-de-despejar-agua-contaminada-no-mar-acusando-a-china\/#breadcrumb"},"inLanguage":"pt-BR","potentialAction":[{"@type":"ReadAction","target":["https:\/\/diariodepe.com.br\/cri\/2023\/09\/15\/japao-tenta-encobrir-sua-culpa-de-despejar-agua-contaminada-no-mar-acusando-a-china\/"]}]},{"@type":"BreadcrumbList","@id":"https:\/\/diariodepe.com.br\/cri\/2023\/09\/15\/japao-tenta-encobrir-sua-culpa-de-despejar-agua-contaminada-no-mar-acusando-a-china\/#breadcrumb","itemListElement":[{"@type":"ListItem","position":1,"name":"In\u00edcio","item":"https:\/\/diariodepe.com.br\/cri\/"},{"@type":"ListItem","position":2,"name":"Jap\u00e3o tenta encobrir sua culpa de despejar \u00e1gua contaminada no mar acusando a China"}]},{"@type":"WebSite","@id":"https:\/\/diariodepe.com.br\/cri\/#website","url":"https:\/\/diariodepe.com.br\/cri\/","name":"CRI e Diario de Pernambuco","description":"R\u00e1dio Internacional da China","publisher":{"@id":"https:\/\/diariodepe.com.br\/cri\/#organization"},"potentialAction":[{"@type":"SearchAction","target":{"@type":"EntryPoint","urlTemplate":"https:\/\/diariodepe.com.br\/cri\/?s={search_term_string}"},"query-input":{"@type":"PropertyValueSpecification","valueRequired":true,"valueName":"search_term_string"}}],"inLanguage":"pt-BR"},{"@type":"Organization","@id":"https:\/\/diariodepe.com.br\/cri\/#organization","name":"CRI e Diario de Pernambuco","url":"https:\/\/diariodepe.com.br\/cri\/","logo":{"@type":"ImageObject","inLanguage":"pt-BR","@id":"https:\/\/diariodepe.com.br\/cri\/#\/schema\/logo\/image\/","url":"https:\/\/diariodepe.com.br\/cri\/wp-content\/uploads\/sites\/2\/2022\/12\/cropped-Logo.jpg","contentUrl":"https:\/\/diariodepe.com.br\/cri\/wp-content\/uploads\/sites\/2\/2022\/12\/cropped-Logo.jpg","width":700,"height":59,"caption":"CRI e Diario de Pernambuco"},"image":{"@id":"https:\/\/diariodepe.com.br\/cri\/#\/schema\/logo\/image\/"}},{"@type":"Person","@id":"https:\/\/diariodepe.com.br\/cri\/#\/schema\/person\/121bb28d84f1a5b1205ef4ce9c2e0c6b","name":"Ismael Lucas S. Pereira","image":{"@type":"ImageObject","inLanguage":"pt-BR","@id":"https:\/\/secure.gravatar.com\/avatar\/887a0f3b5a7ceea963a48499fb883ffce6b5037362def025c52c2505b15d63e4?s=96&d=mm&r=g","url":"https:\/\/secure.gravatar.com\/avatar\/887a0f3b5a7ceea963a48499fb883ffce6b5037362def025c52c2505b15d63e4?s=96&d=mm&r=g","contentUrl":"https:\/\/secure.gravatar.com\/avatar\/887a0f3b5a7ceea963a48499fb883ffce6b5037362def025c52c2505b15d63e4?s=96&d=mm&r=g","caption":"Ismael Lucas S. Pereira"},"url":"https:\/\/diariodepe.com.br\/cri\/author\/ismael-lucas\/"}]}},"cc_featured_image_caption":{"caption_text":false,"source_text":false,"source_url":false},"amp_enabled":true,"_links":{"self":[{"href":"https:\/\/diariodepe.com.br\/cri\/wp-json\/wp\/v2\/posts\/2633","targetHints":{"allow":["GET"]}}],"collection":[{"href":"https:\/\/diariodepe.com.br\/cri\/wp-json\/wp\/v2\/posts"}],"about":[{"href":"https:\/\/diariodepe.com.br\/cri\/wp-json\/wp\/v2\/types\/post"}],"author":[{"embeddable":true,"href":"https:\/\/diariodepe.com.br\/cri\/wp-json\/wp\/v2\/users\/2"}],"replies":[{"embeddable":true,"href":"https:\/\/diariodepe.com.br\/cri\/wp-json\/wp\/v2\/comments?post=2633"}],"version-history":[{"count":1,"href":"https:\/\/diariodepe.com.br\/cri\/wp-json\/wp\/v2\/posts\/2633\/revisions"}],"predecessor-version":[{"id":2635,"href":"https:\/\/diariodepe.com.br\/cri\/wp-json\/wp\/v2\/posts\/2633\/revisions\/2635"}],"wp:attachment":[{"href":"https:\/\/diariodepe.com.br\/cri\/wp-json\/wp\/v2\/media?parent=2633"}],"wp:term":[{"taxonomy":"category","embeddable":true,"href":"https:\/\/diariodepe.com.br\/cri\/wp-json\/wp\/v2\/categories?post=2633"},{"taxonomy":"post_tag","embeddable":true,"href":"https:\/\/diariodepe.com.br\/cri\/wp-json\/wp\/v2\/tags?post=2633"}],"curies":[{"name":"wp","href":"https:\/\/api.w.org\/{rel}","templated":true}]}}