{"id":2631,"date":"2023-09-15T05:15:34","date_gmt":"2023-09-15T08:15:34","guid":{"rendered":"https:\/\/diariodepe.com.br\/cri\/?p=2631"},"modified":"2023-09-15T05:15:34","modified_gmt":"2023-09-15T08:15:34","slug":"caso-da-suposta-interferencia-de-trump-nas-eleicoes-de-2020-sera-julgado-em-4-de-marco-de-2024","status":"publish","type":"post","link":"https:\/\/diariodepe.com.br\/cri\/2023\/09\/15\/caso-da-suposta-interferencia-de-trump-nas-eleicoes-de-2020-sera-julgado-em-4-de-marco-de-2024\/","title":{"rendered":"Caso da suposta interfer\u00eancia de Trump nas elei\u00e7\u00f5es de 2020 ser\u00e1 julgado em 4 de mar\u00e7o de 2024"},"content":{"rendered":"<p>A ju\u00edza Tanya Chutkan, do Tribunal Distrital de Washington, marcou nesta segunda-feira (28) o julgamento da suposta interfer\u00eancia do ex-presidente, Donald Trump, nas elei\u00e7\u00f5es presidenciais de 2020, para 4 de mar\u00e7o de 2024. Ela n\u00e3o aceitou o pedido da equipe de Trump para adiar a data do julgamento para abril de 2026.<\/p>\n<p>Ap\u00f3s a decis\u00e3o, Trump disse nas redes sociais que vai apelar para um tribunal superior por uma nova data para o julgamento, sem mencionar detalhes espec\u00edficos.<\/p>\n<p>O caso da suposta interfer\u00eancia nas elei\u00e7\u00f5es de 2020 \u00e9 um dos quatro processos criminais que Trump est\u00e1 enfrentando atualmente. Os outros tr\u00eas s\u00e3o por posse ilegal de documentos secretos, que est\u00e1 programado para ir ao julgamento em maio do pr\u00f3ximo ano, por esconder pagamento para comprar o sil\u00eancio de uma atriz no estado de Nova Iorque que est\u00e1 marcado para ir ao julgamento em mar\u00e7o do pr\u00f3ximo ano e pela suposta anula\u00e7\u00e3o dos resultados da elei\u00e7\u00e3o presidencial de 2020 na Ge\u00f3rgia.<\/p>\n","protected":false},"excerpt":{"rendered":"<p>A ju\u00edza Tanya Chutkan, do Tribunal Distrital de Washington, marcou nesta segunda-feira (28) o julgamento da suposta interfer\u00eancia do ex-presidente, Donald Trump, nas elei\u00e7\u00f5es presidenciais de 2020, para 4 de mar\u00e7o de 2024. Ela n\u00e3o aceitou o pedido da equipe&#8230;<\/p>\n","protected":false},"author":2,"featured_media":0,"comment_status":"open","ping_status":"open","sticky":false,"template":"","format":"standard","meta":{"footnotes":""},"categories":[8],"tags":[],"class_list":["post-2631","post","type-post","status-publish","format-standard","hentry","category-internacional"],"yoast_head":"<!-- This site is optimized with the Yoast SEO plugin v27.4 - https:\/\/yoast.com\/product\/yoast-seo-wordpress\/ -->\n<title>Caso da suposta interfer\u00eancia de Trump nas elei\u00e7\u00f5es de 2020 ser\u00e1 julgado em 4 de mar\u00e7o de 2024 - CRI e Diario de Pernambuco<\/title>\n<meta name=\"robots\" content=\"index, follow, max-snippet:-1, max-image-preview:large, max-video-preview:-1\" \/>\n<link rel=\"canonical\" href=\"https:\/\/diariodepe.com.br\/cri\/2023\/09\/15\/caso-da-suposta-interferencia-de-trump-nas-eleicoes-de-2020-sera-julgado-em-4-de-marco-de-2024\/\" \/>\n<meta property=\"og:locale\" content=\"pt_BR\" \/>\n<meta property=\"og:type\" content=\"article\" \/>\n<meta property=\"og:title\" content=\"Caso da suposta interfer\u00eancia de Trump nas elei\u00e7\u00f5es de 2020 ser\u00e1 julgado em 4 de mar\u00e7o de 2024 - CRI e Diario de Pernambuco\" \/>\n<meta property=\"og:description\" content=\"A ju\u00edza Tanya Chutkan, do Tribunal Distrital de Washington, marcou nesta segunda-feira (28) o julgamento da suposta interfer\u00eancia do ex-presidente, Donald Trump, nas elei\u00e7\u00f5es presidenciais de 2020, para 4 de mar\u00e7o de 2024. Ela n\u00e3o aceitou o pedido da equipe...\" \/>\n<meta property=\"og:url\" content=\"https:\/\/diariodepe.com.br\/cri\/2023\/09\/15\/caso-da-suposta-interferencia-de-trump-nas-eleicoes-de-2020-sera-julgado-em-4-de-marco-de-2024\/\" \/>\n<meta property=\"og:site_name\" content=\"CRI e Diario de Pernambuco\" \/>\n<meta property=\"article:published_time\" content=\"2023-09-15T08:15:34+00:00\" \/>\n<meta name=\"author\" content=\"Ismael Lucas S. Pereira\" \/>\n<meta name=\"twitter:card\" content=\"summary_large_image\" \/>\n<meta name=\"twitter:label1\" content=\"Escrito por\" \/>\n\t<meta name=\"twitter:data1\" content=\"Ismael Lucas S. Pereira\" \/>\n\t<meta name=\"twitter:label2\" content=\"Est. tempo de leitura\" \/>\n\t<meta name=\"twitter:data2\" content=\"1 minuto\" \/>\n<script type=\"application\/ld+json\" class=\"yoast-schema-graph\">{\"@context\":\"https:\\\/\\\/schema.org\",\"@graph\":[{\"@type\":\"Article\",\"@id\":\"https:\\\/\\\/diariodepe.com.br\\\/cri\\\/2023\\\/09\\\/15\\\/caso-da-suposta-interferencia-de-trump-nas-eleicoes-de-2020-sera-julgado-em-4-de-marco-de-2024\\\/#article\",\"isPartOf\":{\"@id\":\"https:\\\/\\\/diariodepe.com.br\\\/cri\\\/2023\\\/09\\\/15\\\/caso-da-suposta-interferencia-de-trump-nas-eleicoes-de-2020-sera-julgado-em-4-de-marco-de-2024\\\/\"},\"author\":{\"name\":\"Ismael Lucas S. Pereira\",\"@id\":\"https:\\\/\\\/diariodepe.com.br\\\/cri\\\/#\\\/schema\\\/person\\\/121bb28d84f1a5b1205ef4ce9c2e0c6b\"},\"headline\":\"Caso da suposta interfer\u00eancia de Trump nas elei\u00e7\u00f5es de 2020 ser\u00e1 julgado em 4 de mar\u00e7o de 2024\",\"datePublished\":\"2023-09-15T08:15:34+00:00\",\"mainEntityOfPage\":{\"@id\":\"https:\\\/\\\/diariodepe.com.br\\\/cri\\\/2023\\\/09\\\/15\\\/caso-da-suposta-interferencia-de-trump-nas-eleicoes-de-2020-sera-julgado-em-4-de-marco-de-2024\\\/\"},\"wordCount\":189,\"commentCount\":0,\"publisher\":{\"@id\":\"https:\\\/\\\/diariodepe.com.br\\\/cri\\\/#organization\"},\"articleSection\":[\"Internacional\"],\"inLanguage\":\"pt-BR\",\"potentialAction\":[{\"@type\":\"CommentAction\",\"name\":\"Comment\",\"target\":[\"https:\\\/\\\/diariodepe.com.br\\\/cri\\\/2023\\\/09\\\/15\\\/caso-da-suposta-interferencia-de-trump-nas-eleicoes-de-2020-sera-julgado-em-4-de-marco-de-2024\\\/#respond\"]}]},{\"@type\":\"WebPage\",\"@id\":\"https:\\\/\\\/diariodepe.com.br\\\/cri\\\/2023\\\/09\\\/15\\\/caso-da-suposta-interferencia-de-trump-nas-eleicoes-de-2020-sera-julgado-em-4-de-marco-de-2024\\\/\",\"url\":\"https:\\\/\\\/diariodepe.com.br\\\/cri\\\/2023\\\/09\\\/15\\\/caso-da-suposta-interferencia-de-trump-nas-eleicoes-de-2020-sera-julgado-em-4-de-marco-de-2024\\\/\",\"name\":\"Caso da suposta interfer\u00eancia de Trump nas elei\u00e7\u00f5es de 2020 ser\u00e1 julgado em 4 de mar\u00e7o de 2024 - CRI e Diario de Pernambuco\",\"isPartOf\":{\"@id\":\"https:\\\/\\\/diariodepe.com.br\\\/cri\\\/#website\"},\"datePublished\":\"2023-09-15T08:15:34+00:00\",\"breadcrumb\":{\"@id\":\"https:\\\/\\\/diariodepe.com.br\\\/cri\\\/2023\\\/09\\\/15\\\/caso-da-suposta-interferencia-de-trump-nas-eleicoes-de-2020-sera-julgado-em-4-de-marco-de-2024\\\/#breadcrumb\"},\"inLanguage\":\"pt-BR\",\"potentialAction\":[{\"@type\":\"ReadAction\",\"target\":[\"https:\\\/\\\/diariodepe.com.br\\\/cri\\\/2023\\\/09\\\/15\\\/caso-da-suposta-interferencia-de-trump-nas-eleicoes-de-2020-sera-julgado-em-4-de-marco-de-2024\\\/\"]}]},{\"@type\":\"BreadcrumbList\",\"@id\":\"https:\\\/\\\/diariodepe.com.br\\\/cri\\\/2023\\\/09\\\/15\\\/caso-da-suposta-interferencia-de-trump-nas-eleicoes-de-2020-sera-julgado-em-4-de-marco-de-2024\\\/#breadcrumb\",\"itemListElement\":[{\"@type\":\"ListItem\",\"position\":1,\"name\":\"In\u00edcio\",\"item\":\"https:\\\/\\\/diariodepe.com.br\\\/cri\\\/\"},{\"@type\":\"ListItem\",\"position\":2,\"name\":\"Caso da suposta interfer\u00eancia de Trump nas elei\u00e7\u00f5es de 2020 ser\u00e1 julgado em 4 de mar\u00e7o de 2024\"}]},{\"@type\":\"WebSite\",\"@id\":\"https:\\\/\\\/diariodepe.com.br\\\/cri\\\/#website\",\"url\":\"https:\\\/\\\/diariodepe.com.br\\\/cri\\\/\",\"name\":\"CRI e Diario de Pernambuco\",\"description\":\"R\u00e1dio Internacional da China\",\"publisher\":{\"@id\":\"https:\\\/\\\/diariodepe.com.br\\\/cri\\\/#organization\"},\"potentialAction\":[{\"@type\":\"SearchAction\",\"target\":{\"@type\":\"EntryPoint\",\"urlTemplate\":\"https:\\\/\\\/diariodepe.com.br\\\/cri\\\/?s={search_term_string}\"},\"query-input\":{\"@type\":\"PropertyValueSpecification\",\"valueRequired\":true,\"valueName\":\"search_term_string\"}}],\"inLanguage\":\"pt-BR\"},{\"@type\":\"Organization\",\"@id\":\"https:\\\/\\\/diariodepe.com.br\\\/cri\\\/#organization\",\"name\":\"CRI e Diario de Pernambuco\",\"url\":\"https:\\\/\\\/diariodepe.com.br\\\/cri\\\/\",\"logo\":{\"@type\":\"ImageObject\",\"inLanguage\":\"pt-BR\",\"@id\":\"https:\\\/\\\/diariodepe.com.br\\\/cri\\\/#\\\/schema\\\/logo\\\/image\\\/\",\"url\":\"https:\\\/\\\/diariodepe.com.br\\\/cri\\\/wp-content\\\/uploads\\\/sites\\\/2\\\/2022\\\/12\\\/cropped-Logo.jpg\",\"contentUrl\":\"https:\\\/\\\/diariodepe.com.br\\\/cri\\\/wp-content\\\/uploads\\\/sites\\\/2\\\/2022\\\/12\\\/cropped-Logo.jpg\",\"width\":700,\"height\":59,\"caption\":\"CRI e Diario de Pernambuco\"},\"image\":{\"@id\":\"https:\\\/\\\/diariodepe.com.br\\\/cri\\\/#\\\/schema\\\/logo\\\/image\\\/\"}},{\"@type\":\"Person\",\"@id\":\"https:\\\/\\\/diariodepe.com.br\\\/cri\\\/#\\\/schema\\\/person\\\/121bb28d84f1a5b1205ef4ce9c2e0c6b\",\"name\":\"Ismael Lucas S. Pereira\",\"image\":{\"@type\":\"ImageObject\",\"inLanguage\":\"pt-BR\",\"@id\":\"https:\\\/\\\/secure.gravatar.com\\\/avatar\\\/887a0f3b5a7ceea963a48499fb883ffce6b5037362def025c52c2505b15d63e4?s=96&d=mm&r=g\",\"url\":\"https:\\\/\\\/secure.gravatar.com\\\/avatar\\\/887a0f3b5a7ceea963a48499fb883ffce6b5037362def025c52c2505b15d63e4?s=96&d=mm&r=g\",\"contentUrl\":\"https:\\\/\\\/secure.gravatar.com\\\/avatar\\\/887a0f3b5a7ceea963a48499fb883ffce6b5037362def025c52c2505b15d63e4?s=96&d=mm&r=g\",\"caption\":\"Ismael Lucas S. Pereira\"},\"url\":\"https:\\\/\\\/diariodepe.com.br\\\/cri\\\/author\\\/ismael-lucas\\\/\"}]}<\/script>\n<!-- \/ Yoast SEO plugin. -->","yoast_head_json":{"title":"Caso da suposta interfer\u00eancia de Trump nas elei\u00e7\u00f5es de 2020 ser\u00e1 julgado em 4 de mar\u00e7o de 2024 - CRI e Diario de Pernambuco","robots":{"index":"index","follow":"follow","max-snippet":"max-snippet:-1","max-image-preview":"max-image-preview:large","max-video-preview":"max-video-preview:-1"},"canonical":"https:\/\/diariodepe.com.br\/cri\/2023\/09\/15\/caso-da-suposta-interferencia-de-trump-nas-eleicoes-de-2020-sera-julgado-em-4-de-marco-de-2024\/","og_locale":"pt_BR","og_type":"article","og_title":"Caso da suposta interfer\u00eancia de Trump nas elei\u00e7\u00f5es de 2020 ser\u00e1 julgado em 4 de mar\u00e7o de 2024 - CRI e Diario de Pernambuco","og_description":"A ju\u00edza Tanya Chutkan, do Tribunal Distrital de Washington, marcou nesta segunda-feira (28) o julgamento da suposta interfer\u00eancia do ex-presidente, Donald Trump, nas elei\u00e7\u00f5es presidenciais de 2020, para 4 de mar\u00e7o de 2024. Ela n\u00e3o aceitou o pedido da equipe...","og_url":"https:\/\/diariodepe.com.br\/cri\/2023\/09\/15\/caso-da-suposta-interferencia-de-trump-nas-eleicoes-de-2020-sera-julgado-em-4-de-marco-de-2024\/","og_site_name":"CRI e Diario de Pernambuco","article_published_time":"2023-09-15T08:15:34+00:00","author":"Ismael Lucas S. Pereira","twitter_card":"summary_large_image","twitter_misc":{"Escrito por":"Ismael Lucas S. Pereira","Est. tempo de leitura":"1 minuto"},"schema":{"@context":"https:\/\/schema.org","@graph":[{"@type":"Article","@id":"https:\/\/diariodepe.com.br\/cri\/2023\/09\/15\/caso-da-suposta-interferencia-de-trump-nas-eleicoes-de-2020-sera-julgado-em-4-de-marco-de-2024\/#article","isPartOf":{"@id":"https:\/\/diariodepe.com.br\/cri\/2023\/09\/15\/caso-da-suposta-interferencia-de-trump-nas-eleicoes-de-2020-sera-julgado-em-4-de-marco-de-2024\/"},"author":{"name":"Ismael Lucas S. Pereira","@id":"https:\/\/diariodepe.com.br\/cri\/#\/schema\/person\/121bb28d84f1a5b1205ef4ce9c2e0c6b"},"headline":"Caso da suposta interfer\u00eancia de Trump nas elei\u00e7\u00f5es de 2020 ser\u00e1 julgado em 4 de mar\u00e7o de 2024","datePublished":"2023-09-15T08:15:34+00:00","mainEntityOfPage":{"@id":"https:\/\/diariodepe.com.br\/cri\/2023\/09\/15\/caso-da-suposta-interferencia-de-trump-nas-eleicoes-de-2020-sera-julgado-em-4-de-marco-de-2024\/"},"wordCount":189,"commentCount":0,"publisher":{"@id":"https:\/\/diariodepe.com.br\/cri\/#organization"},"articleSection":["Internacional"],"inLanguage":"pt-BR","potentialAction":[{"@type":"CommentAction","name":"Comment","target":["https:\/\/diariodepe.com.br\/cri\/2023\/09\/15\/caso-da-suposta-interferencia-de-trump-nas-eleicoes-de-2020-sera-julgado-em-4-de-marco-de-2024\/#respond"]}]},{"@type":"WebPage","@id":"https:\/\/diariodepe.com.br\/cri\/2023\/09\/15\/caso-da-suposta-interferencia-de-trump-nas-eleicoes-de-2020-sera-julgado-em-4-de-marco-de-2024\/","url":"https:\/\/diariodepe.com.br\/cri\/2023\/09\/15\/caso-da-suposta-interferencia-de-trump-nas-eleicoes-de-2020-sera-julgado-em-4-de-marco-de-2024\/","name":"Caso da suposta interfer\u00eancia de Trump nas elei\u00e7\u00f5es de 2020 ser\u00e1 julgado em 4 de mar\u00e7o de 2024 - CRI e Diario de Pernambuco","isPartOf":{"@id":"https:\/\/diariodepe.com.br\/cri\/#website"},"datePublished":"2023-09-15T08:15:34+00:00","breadcrumb":{"@id":"https:\/\/diariodepe.com.br\/cri\/2023\/09\/15\/caso-da-suposta-interferencia-de-trump-nas-eleicoes-de-2020-sera-julgado-em-4-de-marco-de-2024\/#breadcrumb"},"inLanguage":"pt-BR","potentialAction":[{"@type":"ReadAction","target":["https:\/\/diariodepe.com.br\/cri\/2023\/09\/15\/caso-da-suposta-interferencia-de-trump-nas-eleicoes-de-2020-sera-julgado-em-4-de-marco-de-2024\/"]}]},{"@type":"BreadcrumbList","@id":"https:\/\/diariodepe.com.br\/cri\/2023\/09\/15\/caso-da-suposta-interferencia-de-trump-nas-eleicoes-de-2020-sera-julgado-em-4-de-marco-de-2024\/#breadcrumb","itemListElement":[{"@type":"ListItem","position":1,"name":"In\u00edcio","item":"https:\/\/diariodepe.com.br\/cri\/"},{"@type":"ListItem","position":2,"name":"Caso da suposta interfer\u00eancia de Trump nas elei\u00e7\u00f5es de 2020 ser\u00e1 julgado em 4 de mar\u00e7o de 2024"}]},{"@type":"WebSite","@id":"https:\/\/diariodepe.com.br\/cri\/#website","url":"https:\/\/diariodepe.com.br\/cri\/","name":"CRI e Diario de Pernambuco","description":"R\u00e1dio Internacional da China","publisher":{"@id":"https:\/\/diariodepe.com.br\/cri\/#organization"},"potentialAction":[{"@type":"SearchAction","target":{"@type":"EntryPoint","urlTemplate":"https:\/\/diariodepe.com.br\/cri\/?s={search_term_string}"},"query-input":{"@type":"PropertyValueSpecification","valueRequired":true,"valueName":"search_term_string"}}],"inLanguage":"pt-BR"},{"@type":"Organization","@id":"https:\/\/diariodepe.com.br\/cri\/#organization","name":"CRI e Diario de Pernambuco","url":"https:\/\/diariodepe.com.br\/cri\/","logo":{"@type":"ImageObject","inLanguage":"pt-BR","@id":"https:\/\/diariodepe.com.br\/cri\/#\/schema\/logo\/image\/","url":"https:\/\/diariodepe.com.br\/cri\/wp-content\/uploads\/sites\/2\/2022\/12\/cropped-Logo.jpg","contentUrl":"https:\/\/diariodepe.com.br\/cri\/wp-content\/uploads\/sites\/2\/2022\/12\/cropped-Logo.jpg","width":700,"height":59,"caption":"CRI e Diario de Pernambuco"},"image":{"@id":"https:\/\/diariodepe.com.br\/cri\/#\/schema\/logo\/image\/"}},{"@type":"Person","@id":"https:\/\/diariodepe.com.br\/cri\/#\/schema\/person\/121bb28d84f1a5b1205ef4ce9c2e0c6b","name":"Ismael Lucas S. Pereira","image":{"@type":"ImageObject","inLanguage":"pt-BR","@id":"https:\/\/secure.gravatar.com\/avatar\/887a0f3b5a7ceea963a48499fb883ffce6b5037362def025c52c2505b15d63e4?s=96&d=mm&r=g","url":"https:\/\/secure.gravatar.com\/avatar\/887a0f3b5a7ceea963a48499fb883ffce6b5037362def025c52c2505b15d63e4?s=96&d=mm&r=g","contentUrl":"https:\/\/secure.gravatar.com\/avatar\/887a0f3b5a7ceea963a48499fb883ffce6b5037362def025c52c2505b15d63e4?s=96&d=mm&r=g","caption":"Ismael Lucas S. Pereira"},"url":"https:\/\/diariodepe.com.br\/cri\/author\/ismael-lucas\/"}]}},"cc_featured_image_caption":{"caption_text":false,"source_text":false,"source_url":false},"amp_enabled":true,"_links":{"self":[{"href":"https:\/\/diariodepe.com.br\/cri\/wp-json\/wp\/v2\/posts\/2631","targetHints":{"allow":["GET"]}}],"collection":[{"href":"https:\/\/diariodepe.com.br\/cri\/wp-json\/wp\/v2\/posts"}],"about":[{"href":"https:\/\/diariodepe.com.br\/cri\/wp-json\/wp\/v2\/types\/post"}],"author":[{"embeddable":true,"href":"https:\/\/diariodepe.com.br\/cri\/wp-json\/wp\/v2\/users\/2"}],"replies":[{"embeddable":true,"href":"https:\/\/diariodepe.com.br\/cri\/wp-json\/wp\/v2\/comments?post=2631"}],"version-history":[{"count":1,"href":"https:\/\/diariodepe.com.br\/cri\/wp-json\/wp\/v2\/posts\/2631\/revisions"}],"predecessor-version":[{"id":2632,"href":"https:\/\/diariodepe.com.br\/cri\/wp-json\/wp\/v2\/posts\/2631\/revisions\/2632"}],"wp:attachment":[{"href":"https:\/\/diariodepe.com.br\/cri\/wp-json\/wp\/v2\/media?parent=2631"}],"wp:term":[{"taxonomy":"category","embeddable":true,"href":"https:\/\/diariodepe.com.br\/cri\/wp-json\/wp\/v2\/categories?post=2631"},{"taxonomy":"post_tag","embeddable":true,"href":"https:\/\/diariodepe.com.br\/cri\/wp-json\/wp\/v2\/tags?post=2631"}],"curies":[{"name":"wp","href":"https:\/\/api.w.org\/{rel}","templated":true}]}}