{"id":2625,"date":"2023-09-14T23:18:27","date_gmt":"2023-09-15T02:18:27","guid":{"rendered":"https:\/\/diariodepe.com.br\/cri\/?p=2625"},"modified":"2023-09-14T23:18:27","modified_gmt":"2023-09-15T02:18:27","slug":"xi-jinping-envia-mensagem-de-congratulacoes-para-o-forum-de-cultura-de-beijing","status":"publish","type":"post","link":"https:\/\/diariodepe.com.br\/cri\/2023\/09\/14\/xi-jinping-envia-mensagem-de-congratulacoes-para-o-forum-de-cultura-de-beijing\/","title":{"rendered":"Xi Jinping envia mensagem de congratula\u00e7\u00f5es para o F\u00f3rum de Cultura de Beijing"},"content":{"rendered":"<p>O presidente chin\u00eas, Xi Jinping, enviou uma mensagem de congratula\u00e7\u00f5es para o F\u00f3rum de Cultura de Beijing que foi inaugurado nesta quinta-feira (14) com o tema \u201cHerdar a cultura excelente e promover o interc\u00e2mbio e a coopera\u00e7\u00e3o\u201d.<\/p>\n<p>Xi Jinping indica que a na\u00e7\u00e3o chinesa possui uma extraordin\u00e1ria cultura tradicional e uma atitude aberta e inclusiva em rela\u00e7\u00f5es a outras culturas desde a antiguidade. \u201cBeijing, a capital chinesa, tem uma longa hist\u00f3ria e testemunhou a sustentabilidade, criatividade, unidade, inclus\u00e3o e paz da civiliza\u00e7\u00e3o chinesa\u201d, acrescentou o l\u00edder chin\u00eas.<\/p>\n<p>O presidente chin\u00eas salientou que a China vai aproveitar bem as vantagens de Beijing como uma capital antiga e o centro cultural do pa\u00eds para refor\u00e7ar interc\u00e2mbios no setor com todo o mundo e promover o desenvolvimento e a prosperidade da cultura. Ele tamb\u00e9m apontou que o pa\u00eds precisa proteger os patrim\u00f4nios culturais, impulsionar a aprendizagem m\u00fatua entre as civiliza\u00e7\u00f5es, aplicar a Proposta Global da Civiliza\u00e7\u00e3o e contribuir com uma for\u00e7a cultural para o estabelecimento de uma comunidade de futuro compartilhado para a humanidade.<\/p>\n","protected":false},"excerpt":{"rendered":"<p>O presidente chin\u00eas, Xi Jinping, enviou uma mensagem de congratula\u00e7\u00f5es para o F\u00f3rum de Cultura de Beijing que foi inaugurado nesta quinta-feira (14) com o tema \u201cHerdar a cultura excelente e promover o interc\u00e2mbio e a coopera\u00e7\u00e3o\u201d. Xi Jinping indica&#8230;<\/p>\n","protected":false},"author":2,"featured_media":0,"comment_status":"open","ping_status":"open","sticky":false,"template":"","format":"standard","meta":{"footnotes":""},"categories":[3],"tags":[],"class_list":["post-2625","post","type-post","status-publish","format-standard","hentry","category-china"],"yoast_head":"<!-- This site is optimized with the Yoast SEO plugin v27.4 - https:\/\/yoast.com\/product\/yoast-seo-wordpress\/ -->\n<title>Xi Jinping envia mensagem de congratula\u00e7\u00f5es para o F\u00f3rum de Cultura de Beijing - CRI e Diario de Pernambuco<\/title>\n<meta name=\"robots\" content=\"index, follow, max-snippet:-1, max-image-preview:large, max-video-preview:-1\" \/>\n<link rel=\"canonical\" href=\"https:\/\/diariodepe.com.br\/cri\/2023\/09\/14\/xi-jinping-envia-mensagem-de-congratulacoes-para-o-forum-de-cultura-de-beijing\/\" \/>\n<meta property=\"og:locale\" content=\"pt_BR\" \/>\n<meta property=\"og:type\" content=\"article\" \/>\n<meta property=\"og:title\" content=\"Xi Jinping envia mensagem de congratula\u00e7\u00f5es para o F\u00f3rum de Cultura de Beijing - CRI e Diario de Pernambuco\" \/>\n<meta property=\"og:description\" content=\"O presidente chin\u00eas, Xi Jinping, enviou uma mensagem de congratula\u00e7\u00f5es para o F\u00f3rum de Cultura de Beijing que foi inaugurado nesta quinta-feira (14) com o tema \u201cHerdar a cultura excelente e promover o interc\u00e2mbio e a coopera\u00e7\u00e3o\u201d. Xi Jinping indica...\" \/>\n<meta property=\"og:url\" content=\"https:\/\/diariodepe.com.br\/cri\/2023\/09\/14\/xi-jinping-envia-mensagem-de-congratulacoes-para-o-forum-de-cultura-de-beijing\/\" \/>\n<meta property=\"og:site_name\" content=\"CRI e Diario de Pernambuco\" \/>\n<meta property=\"article:published_time\" content=\"2023-09-15T02:18:27+00:00\" \/>\n<meta name=\"author\" content=\"Ismael Lucas S. Pereira\" \/>\n<meta name=\"twitter:card\" content=\"summary_large_image\" \/>\n<meta name=\"twitter:label1\" content=\"Escrito por\" \/>\n\t<meta name=\"twitter:data1\" content=\"Ismael Lucas S. Pereira\" \/>\n\t<meta name=\"twitter:label2\" content=\"Est. tempo de leitura\" \/>\n\t<meta name=\"twitter:data2\" content=\"1 minuto\" \/>\n<script type=\"application\/ld+json\" class=\"yoast-schema-graph\">{\"@context\":\"https:\\\/\\\/schema.org\",\"@graph\":[{\"@type\":\"Article\",\"@id\":\"https:\\\/\\\/diariodepe.com.br\\\/cri\\\/2023\\\/09\\\/14\\\/xi-jinping-envia-mensagem-de-congratulacoes-para-o-forum-de-cultura-de-beijing\\\/#article\",\"isPartOf\":{\"@id\":\"https:\\\/\\\/diariodepe.com.br\\\/cri\\\/2023\\\/09\\\/14\\\/xi-jinping-envia-mensagem-de-congratulacoes-para-o-forum-de-cultura-de-beijing\\\/\"},\"author\":{\"name\":\"Ismael Lucas S. Pereira\",\"@id\":\"https:\\\/\\\/diariodepe.com.br\\\/cri\\\/#\\\/schema\\\/person\\\/121bb28d84f1a5b1205ef4ce9c2e0c6b\"},\"headline\":\"Xi Jinping envia mensagem de congratula\u00e7\u00f5es para o F\u00f3rum de Cultura de Beijing\",\"datePublished\":\"2023-09-15T02:18:27+00:00\",\"mainEntityOfPage\":{\"@id\":\"https:\\\/\\\/diariodepe.com.br\\\/cri\\\/2023\\\/09\\\/14\\\/xi-jinping-envia-mensagem-de-congratulacoes-para-o-forum-de-cultura-de-beijing\\\/\"},\"wordCount\":209,\"commentCount\":0,\"publisher\":{\"@id\":\"https:\\\/\\\/diariodepe.com.br\\\/cri\\\/#organization\"},\"articleSection\":[\"China\"],\"inLanguage\":\"pt-BR\",\"potentialAction\":[{\"@type\":\"CommentAction\",\"name\":\"Comment\",\"target\":[\"https:\\\/\\\/diariodepe.com.br\\\/cri\\\/2023\\\/09\\\/14\\\/xi-jinping-envia-mensagem-de-congratulacoes-para-o-forum-de-cultura-de-beijing\\\/#respond\"]}]},{\"@type\":\"WebPage\",\"@id\":\"https:\\\/\\\/diariodepe.com.br\\\/cri\\\/2023\\\/09\\\/14\\\/xi-jinping-envia-mensagem-de-congratulacoes-para-o-forum-de-cultura-de-beijing\\\/\",\"url\":\"https:\\\/\\\/diariodepe.com.br\\\/cri\\\/2023\\\/09\\\/14\\\/xi-jinping-envia-mensagem-de-congratulacoes-para-o-forum-de-cultura-de-beijing\\\/\",\"name\":\"Xi Jinping envia mensagem de congratula\u00e7\u00f5es para o F\u00f3rum de Cultura de Beijing - CRI e Diario de Pernambuco\",\"isPartOf\":{\"@id\":\"https:\\\/\\\/diariodepe.com.br\\\/cri\\\/#website\"},\"datePublished\":\"2023-09-15T02:18:27+00:00\",\"breadcrumb\":{\"@id\":\"https:\\\/\\\/diariodepe.com.br\\\/cri\\\/2023\\\/09\\\/14\\\/xi-jinping-envia-mensagem-de-congratulacoes-para-o-forum-de-cultura-de-beijing\\\/#breadcrumb\"},\"inLanguage\":\"pt-BR\",\"potentialAction\":[{\"@type\":\"ReadAction\",\"target\":[\"https:\\\/\\\/diariodepe.com.br\\\/cri\\\/2023\\\/09\\\/14\\\/xi-jinping-envia-mensagem-de-congratulacoes-para-o-forum-de-cultura-de-beijing\\\/\"]}]},{\"@type\":\"BreadcrumbList\",\"@id\":\"https:\\\/\\\/diariodepe.com.br\\\/cri\\\/2023\\\/09\\\/14\\\/xi-jinping-envia-mensagem-de-congratulacoes-para-o-forum-de-cultura-de-beijing\\\/#breadcrumb\",\"itemListElement\":[{\"@type\":\"ListItem\",\"position\":1,\"name\":\"In\u00edcio\",\"item\":\"https:\\\/\\\/diariodepe.com.br\\\/cri\\\/\"},{\"@type\":\"ListItem\",\"position\":2,\"name\":\"Xi Jinping envia mensagem de congratula\u00e7\u00f5es para o F\u00f3rum de Cultura de Beijing\"}]},{\"@type\":\"WebSite\",\"@id\":\"https:\\\/\\\/diariodepe.com.br\\\/cri\\\/#website\",\"url\":\"https:\\\/\\\/diariodepe.com.br\\\/cri\\\/\",\"name\":\"CRI e Diario de Pernambuco\",\"description\":\"R\u00e1dio Internacional da China\",\"publisher\":{\"@id\":\"https:\\\/\\\/diariodepe.com.br\\\/cri\\\/#organization\"},\"potentialAction\":[{\"@type\":\"SearchAction\",\"target\":{\"@type\":\"EntryPoint\",\"urlTemplate\":\"https:\\\/\\\/diariodepe.com.br\\\/cri\\\/?s={search_term_string}\"},\"query-input\":{\"@type\":\"PropertyValueSpecification\",\"valueRequired\":true,\"valueName\":\"search_term_string\"}}],\"inLanguage\":\"pt-BR\"},{\"@type\":\"Organization\",\"@id\":\"https:\\\/\\\/diariodepe.com.br\\\/cri\\\/#organization\",\"name\":\"CRI e Diario de Pernambuco\",\"url\":\"https:\\\/\\\/diariodepe.com.br\\\/cri\\\/\",\"logo\":{\"@type\":\"ImageObject\",\"inLanguage\":\"pt-BR\",\"@id\":\"https:\\\/\\\/diariodepe.com.br\\\/cri\\\/#\\\/schema\\\/logo\\\/image\\\/\",\"url\":\"https:\\\/\\\/diariodepe.com.br\\\/cri\\\/wp-content\\\/uploads\\\/sites\\\/2\\\/2022\\\/12\\\/cropped-Logo.jpg\",\"contentUrl\":\"https:\\\/\\\/diariodepe.com.br\\\/cri\\\/wp-content\\\/uploads\\\/sites\\\/2\\\/2022\\\/12\\\/cropped-Logo.jpg\",\"width\":700,\"height\":59,\"caption\":\"CRI e Diario de Pernambuco\"},\"image\":{\"@id\":\"https:\\\/\\\/diariodepe.com.br\\\/cri\\\/#\\\/schema\\\/logo\\\/image\\\/\"}},{\"@type\":\"Person\",\"@id\":\"https:\\\/\\\/diariodepe.com.br\\\/cri\\\/#\\\/schema\\\/person\\\/121bb28d84f1a5b1205ef4ce9c2e0c6b\",\"name\":\"Ismael Lucas S. Pereira\",\"image\":{\"@type\":\"ImageObject\",\"inLanguage\":\"pt-BR\",\"@id\":\"https:\\\/\\\/secure.gravatar.com\\\/avatar\\\/887a0f3b5a7ceea963a48499fb883ffce6b5037362def025c52c2505b15d63e4?s=96&d=mm&r=g\",\"url\":\"https:\\\/\\\/secure.gravatar.com\\\/avatar\\\/887a0f3b5a7ceea963a48499fb883ffce6b5037362def025c52c2505b15d63e4?s=96&d=mm&r=g\",\"contentUrl\":\"https:\\\/\\\/secure.gravatar.com\\\/avatar\\\/887a0f3b5a7ceea963a48499fb883ffce6b5037362def025c52c2505b15d63e4?s=96&d=mm&r=g\",\"caption\":\"Ismael Lucas S. Pereira\"},\"url\":\"https:\\\/\\\/diariodepe.com.br\\\/cri\\\/author\\\/ismael-lucas\\\/\"}]}<\/script>\n<!-- \/ Yoast SEO plugin. -->","yoast_head_json":{"title":"Xi Jinping envia mensagem de congratula\u00e7\u00f5es para o F\u00f3rum de Cultura de Beijing - CRI e Diario de Pernambuco","robots":{"index":"index","follow":"follow","max-snippet":"max-snippet:-1","max-image-preview":"max-image-preview:large","max-video-preview":"max-video-preview:-1"},"canonical":"https:\/\/diariodepe.com.br\/cri\/2023\/09\/14\/xi-jinping-envia-mensagem-de-congratulacoes-para-o-forum-de-cultura-de-beijing\/","og_locale":"pt_BR","og_type":"article","og_title":"Xi Jinping envia mensagem de congratula\u00e7\u00f5es para o F\u00f3rum de Cultura de Beijing - CRI e Diario de Pernambuco","og_description":"O presidente chin\u00eas, Xi Jinping, enviou uma mensagem de congratula\u00e7\u00f5es para o F\u00f3rum de Cultura de Beijing que foi inaugurado nesta quinta-feira (14) com o tema \u201cHerdar a cultura excelente e promover o interc\u00e2mbio e a coopera\u00e7\u00e3o\u201d. Xi Jinping indica...","og_url":"https:\/\/diariodepe.com.br\/cri\/2023\/09\/14\/xi-jinping-envia-mensagem-de-congratulacoes-para-o-forum-de-cultura-de-beijing\/","og_site_name":"CRI e Diario de Pernambuco","article_published_time":"2023-09-15T02:18:27+00:00","author":"Ismael Lucas S. Pereira","twitter_card":"summary_large_image","twitter_misc":{"Escrito por":"Ismael Lucas S. Pereira","Est. tempo de leitura":"1 minuto"},"schema":{"@context":"https:\/\/schema.org","@graph":[{"@type":"Article","@id":"https:\/\/diariodepe.com.br\/cri\/2023\/09\/14\/xi-jinping-envia-mensagem-de-congratulacoes-para-o-forum-de-cultura-de-beijing\/#article","isPartOf":{"@id":"https:\/\/diariodepe.com.br\/cri\/2023\/09\/14\/xi-jinping-envia-mensagem-de-congratulacoes-para-o-forum-de-cultura-de-beijing\/"},"author":{"name":"Ismael Lucas S. Pereira","@id":"https:\/\/diariodepe.com.br\/cri\/#\/schema\/person\/121bb28d84f1a5b1205ef4ce9c2e0c6b"},"headline":"Xi Jinping envia mensagem de congratula\u00e7\u00f5es para o F\u00f3rum de Cultura de Beijing","datePublished":"2023-09-15T02:18:27+00:00","mainEntityOfPage":{"@id":"https:\/\/diariodepe.com.br\/cri\/2023\/09\/14\/xi-jinping-envia-mensagem-de-congratulacoes-para-o-forum-de-cultura-de-beijing\/"},"wordCount":209,"commentCount":0,"publisher":{"@id":"https:\/\/diariodepe.com.br\/cri\/#organization"},"articleSection":["China"],"inLanguage":"pt-BR","potentialAction":[{"@type":"CommentAction","name":"Comment","target":["https:\/\/diariodepe.com.br\/cri\/2023\/09\/14\/xi-jinping-envia-mensagem-de-congratulacoes-para-o-forum-de-cultura-de-beijing\/#respond"]}]},{"@type":"WebPage","@id":"https:\/\/diariodepe.com.br\/cri\/2023\/09\/14\/xi-jinping-envia-mensagem-de-congratulacoes-para-o-forum-de-cultura-de-beijing\/","url":"https:\/\/diariodepe.com.br\/cri\/2023\/09\/14\/xi-jinping-envia-mensagem-de-congratulacoes-para-o-forum-de-cultura-de-beijing\/","name":"Xi Jinping envia mensagem de congratula\u00e7\u00f5es para o F\u00f3rum de Cultura de Beijing - CRI e Diario de Pernambuco","isPartOf":{"@id":"https:\/\/diariodepe.com.br\/cri\/#website"},"datePublished":"2023-09-15T02:18:27+00:00","breadcrumb":{"@id":"https:\/\/diariodepe.com.br\/cri\/2023\/09\/14\/xi-jinping-envia-mensagem-de-congratulacoes-para-o-forum-de-cultura-de-beijing\/#breadcrumb"},"inLanguage":"pt-BR","potentialAction":[{"@type":"ReadAction","target":["https:\/\/diariodepe.com.br\/cri\/2023\/09\/14\/xi-jinping-envia-mensagem-de-congratulacoes-para-o-forum-de-cultura-de-beijing\/"]}]},{"@type":"BreadcrumbList","@id":"https:\/\/diariodepe.com.br\/cri\/2023\/09\/14\/xi-jinping-envia-mensagem-de-congratulacoes-para-o-forum-de-cultura-de-beijing\/#breadcrumb","itemListElement":[{"@type":"ListItem","position":1,"name":"In\u00edcio","item":"https:\/\/diariodepe.com.br\/cri\/"},{"@type":"ListItem","position":2,"name":"Xi Jinping envia mensagem de congratula\u00e7\u00f5es para o F\u00f3rum de Cultura de Beijing"}]},{"@type":"WebSite","@id":"https:\/\/diariodepe.com.br\/cri\/#website","url":"https:\/\/diariodepe.com.br\/cri\/","name":"CRI e Diario de Pernambuco","description":"R\u00e1dio Internacional da China","publisher":{"@id":"https:\/\/diariodepe.com.br\/cri\/#organization"},"potentialAction":[{"@type":"SearchAction","target":{"@type":"EntryPoint","urlTemplate":"https:\/\/diariodepe.com.br\/cri\/?s={search_term_string}"},"query-input":{"@type":"PropertyValueSpecification","valueRequired":true,"valueName":"search_term_string"}}],"inLanguage":"pt-BR"},{"@type":"Organization","@id":"https:\/\/diariodepe.com.br\/cri\/#organization","name":"CRI e Diario de Pernambuco","url":"https:\/\/diariodepe.com.br\/cri\/","logo":{"@type":"ImageObject","inLanguage":"pt-BR","@id":"https:\/\/diariodepe.com.br\/cri\/#\/schema\/logo\/image\/","url":"https:\/\/diariodepe.com.br\/cri\/wp-content\/uploads\/sites\/2\/2022\/12\/cropped-Logo.jpg","contentUrl":"https:\/\/diariodepe.com.br\/cri\/wp-content\/uploads\/sites\/2\/2022\/12\/cropped-Logo.jpg","width":700,"height":59,"caption":"CRI e Diario de Pernambuco"},"image":{"@id":"https:\/\/diariodepe.com.br\/cri\/#\/schema\/logo\/image\/"}},{"@type":"Person","@id":"https:\/\/diariodepe.com.br\/cri\/#\/schema\/person\/121bb28d84f1a5b1205ef4ce9c2e0c6b","name":"Ismael Lucas S. Pereira","image":{"@type":"ImageObject","inLanguage":"pt-BR","@id":"https:\/\/secure.gravatar.com\/avatar\/887a0f3b5a7ceea963a48499fb883ffce6b5037362def025c52c2505b15d63e4?s=96&d=mm&r=g","url":"https:\/\/secure.gravatar.com\/avatar\/887a0f3b5a7ceea963a48499fb883ffce6b5037362def025c52c2505b15d63e4?s=96&d=mm&r=g","contentUrl":"https:\/\/secure.gravatar.com\/avatar\/887a0f3b5a7ceea963a48499fb883ffce6b5037362def025c52c2505b15d63e4?s=96&d=mm&r=g","caption":"Ismael Lucas S. Pereira"},"url":"https:\/\/diariodepe.com.br\/cri\/author\/ismael-lucas\/"}]}},"cc_featured_image_caption":{"caption_text":false,"source_text":false,"source_url":false},"amp_enabled":true,"_links":{"self":[{"href":"https:\/\/diariodepe.com.br\/cri\/wp-json\/wp\/v2\/posts\/2625","targetHints":{"allow":["GET"]}}],"collection":[{"href":"https:\/\/diariodepe.com.br\/cri\/wp-json\/wp\/v2\/posts"}],"about":[{"href":"https:\/\/diariodepe.com.br\/cri\/wp-json\/wp\/v2\/types\/post"}],"author":[{"embeddable":true,"href":"https:\/\/diariodepe.com.br\/cri\/wp-json\/wp\/v2\/users\/2"}],"replies":[{"embeddable":true,"href":"https:\/\/diariodepe.com.br\/cri\/wp-json\/wp\/v2\/comments?post=2625"}],"version-history":[{"count":1,"href":"https:\/\/diariodepe.com.br\/cri\/wp-json\/wp\/v2\/posts\/2625\/revisions"}],"predecessor-version":[{"id":2626,"href":"https:\/\/diariodepe.com.br\/cri\/wp-json\/wp\/v2\/posts\/2625\/revisions\/2626"}],"wp:attachment":[{"href":"https:\/\/diariodepe.com.br\/cri\/wp-json\/wp\/v2\/media?parent=2625"}],"wp:term":[{"taxonomy":"category","embeddable":true,"href":"https:\/\/diariodepe.com.br\/cri\/wp-json\/wp\/v2\/categories?post=2625"},{"taxonomy":"post_tag","embeddable":true,"href":"https:\/\/diariodepe.com.br\/cri\/wp-json\/wp\/v2\/tags?post=2625"}],"curies":[{"name":"wp","href":"https:\/\/api.w.org\/{rel}","templated":true}]}}