{"id":2621,"date":"2023-09-13T23:10:31","date_gmt":"2023-09-14T02:10:31","guid":{"rendered":"https:\/\/diariodepe.com.br\/cri\/?p=2621"},"modified":"2023-09-13T23:10:31","modified_gmt":"2023-09-14T02:10:31","slug":"china-e-venezuela-anunciam-a-parceria-de-cooperacao-estrategica-a-qualquer-tempo","status":"publish","type":"post","link":"https:\/\/diariodepe.com.br\/cri\/2023\/09\/13\/china-e-venezuela-anunciam-a-parceria-de-cooperacao-estrategica-a-qualquer-tempo\/","title":{"rendered":"China e Venezuela anunciam a parceria de coopera\u00e7\u00e3o estrat\u00e9gica a qualquer tempo"},"content":{"rendered":"<p>O presidente chin\u00eas, Xi Jinping, conversou nesta quarta-feira (13) em Beijing com o seu hom\u00f3logo venezuelano, Nicol\u00e1s Maduro Moros,\u00a0que\u00a0est\u00e1 no pa\u00eds\u00a0para uma visita de Estado\u00a0de 8 a 14 deste m\u00eas.<\/p>\n<p>Na ocasi\u00e3o, os dois chefes de Estado anunciaram que elevar\u00e3o o relacionamento bilateral para uma \u201cparceria de coopera\u00e7\u00e3o estrat\u00e9gica a qualquer tempo\u201d.<\/p>\n<p>No encontro, Xi Jinping deu boas-vindas a\u00a0Maduro\u00a0em sua nova miss\u00e3o diplom\u00e1tica. \u201cEsta \u00e9 sua quinta visita \u00e0 China desde que assumiu a presid\u00eancia, refletindo de todo\u00a0a amizade fraterna entre a China e a Venezuela\u201d, disse ele.<\/p>\n<p>O l\u00edder chin\u00eas observou que\u00a0seu pa\u00eds\u00a0e a Venezuela s\u00e3o bons amigos,\u00a0com confian\u00e7a m\u00fatua,\u00a0e bons parceiros para a persecu\u00e7\u00e3o do\u00a0desenvolvimento comum. A China sempre considerou\u00a0o aprimoramento\u00a0das rela\u00e7\u00f5es com o pa\u00eds latino-americano\u00a0a partir de\u00a0uma perspectiva estrat\u00e9gica e de longo prazo e, como sempre, apoiar\u00e1 firmemente os esfor\u00e7os do lado venezuelano para salvaguardar a soberania nacional, a dignidade nacional e a estabilidade social, bem como sua justa oposi\u00e7\u00e3o \u00e0 interfer\u00eancia externa.<\/p>\n<p>O\u00a0pr\u00f3ximo ano marcar\u00e1 os 50 anos\u00a0do estabelecimento de rela\u00e7\u00f5es diplom\u00e1ticas entre os dois pa\u00edses.\u00a0Xi Jinping disse estar\u00a0pronto para trabalhar com Nicol\u00e1s Maduro na elabora\u00e7\u00e3o de um plano sobre o desenvolvimento das rela\u00e7\u00f5es bilaterais, e para consolidar e aprofundar a coopera\u00e7\u00e3o entre ambos\u00a0em v\u00e1rios campos, de modo a trazer mais benef\u00edcios para seus povos\u00a0e injetar mais positividade na\u00a0paz e no desenvolvimento mundiais.<\/p>\n<p>Por sua vez, Maduro expressou, em nome do povo venezuelano, seus melhores votos a Xi Jinping, \u00e0 milenar na\u00e7\u00e3o chinesa e \u00e0 Rep\u00fablica Popular da China. Segundo ele, o relacionamento entre a Venezuela e a China j\u00e1 \u00e9 um exemplo para as rela\u00e7\u00f5es entre os pa\u00edses do Sul Global. \u201cEu estou disposto a trabalhar com a China para inaugurar uma nova e gloriosa era das rela\u00e7\u00f5es entre os dois pa\u00edses&#8221;, disse o presidente venezuelano.<\/p>\n","protected":false},"excerpt":{"rendered":"<p>O presidente chin\u00eas, Xi Jinping, conversou nesta quarta-feira (13) em Beijing com o seu hom\u00f3logo venezuelano, Nicol\u00e1s Maduro Moros,\u00a0que\u00a0est\u00e1 no pa\u00eds\u00a0para uma visita de Estado\u00a0de 8 a 14 deste m\u00eas. Na ocasi\u00e3o, os dois chefes de Estado anunciaram que elevar\u00e3o&#8230;<\/p>\n","protected":false},"author":2,"featured_media":2622,"comment_status":"open","ping_status":"open","sticky":false,"template":"","format":"standard","meta":{"footnotes":""},"categories":[3,5],"tags":[],"class_list":["post-2621","post","type-post","status-publish","format-standard","has-post-thumbnail","hentry","category-china","category-destaques-capa"],"yoast_head":"<!-- This site is optimized with the Yoast SEO plugin v27.4 - https:\/\/yoast.com\/product\/yoast-seo-wordpress\/ -->\n<title>China e Venezuela anunciam a parceria de coopera\u00e7\u00e3o estrat\u00e9gica a qualquer tempo - CRI e Diario de Pernambuco<\/title>\n<meta name=\"robots\" content=\"index, follow, max-snippet:-1, max-image-preview:large, max-video-preview:-1\" \/>\n<link rel=\"canonical\" href=\"https:\/\/diariodepe.com.br\/cri\/2023\/09\/13\/china-e-venezuela-anunciam-a-parceria-de-cooperacao-estrategica-a-qualquer-tempo\/\" \/>\n<meta property=\"og:locale\" content=\"pt_BR\" \/>\n<meta property=\"og:type\" content=\"article\" \/>\n<meta property=\"og:title\" content=\"China e Venezuela anunciam a parceria de coopera\u00e7\u00e3o estrat\u00e9gica a qualquer tempo - CRI e Diario de Pernambuco\" \/>\n<meta property=\"og:description\" content=\"O presidente chin\u00eas, Xi Jinping, conversou nesta quarta-feira (13) em Beijing com o seu hom\u00f3logo venezuelano, Nicol\u00e1s Maduro Moros,\u00a0que\u00a0est\u00e1 no pa\u00eds\u00a0para uma visita de Estado\u00a0de 8 a 14 deste m\u00eas. Na ocasi\u00e3o, os dois chefes de Estado anunciaram que elevar\u00e3o...\" \/>\n<meta property=\"og:url\" content=\"https:\/\/diariodepe.com.br\/cri\/2023\/09\/13\/china-e-venezuela-anunciam-a-parceria-de-cooperacao-estrategica-a-qualquer-tempo\/\" \/>\n<meta property=\"og:site_name\" content=\"CRI e Diario de Pernambuco\" \/>\n<meta property=\"article:published_time\" content=\"2023-09-14T02:10:31+00:00\" \/>\n<meta property=\"og:image\" content=\"https:\/\/diariodepe.com.br\/cri\/wp-content\/uploads\/sites\/2\/2023\/09\/2023091320410662997_\u526f\u672c.jpg\" \/>\n\t<meta property=\"og:image:width\" content=\"2000\" \/>\n\t<meta property=\"og:image:height\" content=\"1125\" \/>\n\t<meta property=\"og:image:type\" content=\"image\/jpeg\" \/>\n<meta name=\"author\" content=\"Ismael Lucas S. Pereira\" \/>\n<meta name=\"twitter:card\" content=\"summary_large_image\" \/>\n<meta name=\"twitter:label1\" content=\"Escrito por\" \/>\n\t<meta name=\"twitter:data1\" content=\"Ismael Lucas S. Pereira\" \/>\n\t<meta name=\"twitter:label2\" content=\"Est. tempo de leitura\" \/>\n\t<meta name=\"twitter:data2\" content=\"2 minutos\" \/>\n<script type=\"application\/ld+json\" class=\"yoast-schema-graph\">{\"@context\":\"https:\\\/\\\/schema.org\",\"@graph\":[{\"@type\":\"Article\",\"@id\":\"https:\\\/\\\/diariodepe.com.br\\\/cri\\\/2023\\\/09\\\/13\\\/china-e-venezuela-anunciam-a-parceria-de-cooperacao-estrategica-a-qualquer-tempo\\\/#article\",\"isPartOf\":{\"@id\":\"https:\\\/\\\/diariodepe.com.br\\\/cri\\\/2023\\\/09\\\/13\\\/china-e-venezuela-anunciam-a-parceria-de-cooperacao-estrategica-a-qualquer-tempo\\\/\"},\"author\":{\"name\":\"Ismael Lucas S. Pereira\",\"@id\":\"https:\\\/\\\/diariodepe.com.br\\\/cri\\\/#\\\/schema\\\/person\\\/121bb28d84f1a5b1205ef4ce9c2e0c6b\"},\"headline\":\"China e Venezuela anunciam a parceria de coopera\u00e7\u00e3o estrat\u00e9gica a qualquer tempo\",\"datePublished\":\"2023-09-14T02:10:31+00:00\",\"mainEntityOfPage\":{\"@id\":\"https:\\\/\\\/diariodepe.com.br\\\/cri\\\/2023\\\/09\\\/13\\\/china-e-venezuela-anunciam-a-parceria-de-cooperacao-estrategica-a-qualquer-tempo\\\/\"},\"wordCount\":359,\"commentCount\":0,\"publisher\":{\"@id\":\"https:\\\/\\\/diariodepe.com.br\\\/cri\\\/#organization\"},\"image\":{\"@id\":\"https:\\\/\\\/diariodepe.com.br\\\/cri\\\/2023\\\/09\\\/13\\\/china-e-venezuela-anunciam-a-parceria-de-cooperacao-estrategica-a-qualquer-tempo\\\/#primaryimage\"},\"thumbnailUrl\":\"https:\\\/\\\/diariodepe.com.br\\\/cri\\\/wp-content\\\/uploads\\\/sites\\\/2\\\/2023\\\/09\\\/2023091320410662997_\u526f\u672c.jpg\",\"articleSection\":[\"China\",\"Destaques Capa\"],\"inLanguage\":\"pt-BR\",\"potentialAction\":[{\"@type\":\"CommentAction\",\"name\":\"Comment\",\"target\":[\"https:\\\/\\\/diariodepe.com.br\\\/cri\\\/2023\\\/09\\\/13\\\/china-e-venezuela-anunciam-a-parceria-de-cooperacao-estrategica-a-qualquer-tempo\\\/#respond\"]}]},{\"@type\":\"WebPage\",\"@id\":\"https:\\\/\\\/diariodepe.com.br\\\/cri\\\/2023\\\/09\\\/13\\\/china-e-venezuela-anunciam-a-parceria-de-cooperacao-estrategica-a-qualquer-tempo\\\/\",\"url\":\"https:\\\/\\\/diariodepe.com.br\\\/cri\\\/2023\\\/09\\\/13\\\/china-e-venezuela-anunciam-a-parceria-de-cooperacao-estrategica-a-qualquer-tempo\\\/\",\"name\":\"China e Venezuela anunciam a parceria de coopera\u00e7\u00e3o estrat\u00e9gica a qualquer tempo - CRI e Diario de Pernambuco\",\"isPartOf\":{\"@id\":\"https:\\\/\\\/diariodepe.com.br\\\/cri\\\/#website\"},\"primaryImageOfPage\":{\"@id\":\"https:\\\/\\\/diariodepe.com.br\\\/cri\\\/2023\\\/09\\\/13\\\/china-e-venezuela-anunciam-a-parceria-de-cooperacao-estrategica-a-qualquer-tempo\\\/#primaryimage\"},\"image\":{\"@id\":\"https:\\\/\\\/diariodepe.com.br\\\/cri\\\/2023\\\/09\\\/13\\\/china-e-venezuela-anunciam-a-parceria-de-cooperacao-estrategica-a-qualquer-tempo\\\/#primaryimage\"},\"thumbnailUrl\":\"https:\\\/\\\/diariodepe.com.br\\\/cri\\\/wp-content\\\/uploads\\\/sites\\\/2\\\/2023\\\/09\\\/2023091320410662997_\u526f\u672c.jpg\",\"datePublished\":\"2023-09-14T02:10:31+00:00\",\"breadcrumb\":{\"@id\":\"https:\\\/\\\/diariodepe.com.br\\\/cri\\\/2023\\\/09\\\/13\\\/china-e-venezuela-anunciam-a-parceria-de-cooperacao-estrategica-a-qualquer-tempo\\\/#breadcrumb\"},\"inLanguage\":\"pt-BR\",\"potentialAction\":[{\"@type\":\"ReadAction\",\"target\":[\"https:\\\/\\\/diariodepe.com.br\\\/cri\\\/2023\\\/09\\\/13\\\/china-e-venezuela-anunciam-a-parceria-de-cooperacao-estrategica-a-qualquer-tempo\\\/\"]}]},{\"@type\":\"ImageObject\",\"inLanguage\":\"pt-BR\",\"@id\":\"https:\\\/\\\/diariodepe.com.br\\\/cri\\\/2023\\\/09\\\/13\\\/china-e-venezuela-anunciam-a-parceria-de-cooperacao-estrategica-a-qualquer-tempo\\\/#primaryimage\",\"url\":\"https:\\\/\\\/diariodepe.com.br\\\/cri\\\/wp-content\\\/uploads\\\/sites\\\/2\\\/2023\\\/09\\\/2023091320410662997_\u526f\u672c.jpg\",\"contentUrl\":\"https:\\\/\\\/diariodepe.com.br\\\/cri\\\/wp-content\\\/uploads\\\/sites\\\/2\\\/2023\\\/09\\\/2023091320410662997_\u526f\u672c.jpg\",\"width\":2000,\"height\":1125},{\"@type\":\"BreadcrumbList\",\"@id\":\"https:\\\/\\\/diariodepe.com.br\\\/cri\\\/2023\\\/09\\\/13\\\/china-e-venezuela-anunciam-a-parceria-de-cooperacao-estrategica-a-qualquer-tempo\\\/#breadcrumb\",\"itemListElement\":[{\"@type\":\"ListItem\",\"position\":1,\"name\":\"In\u00edcio\",\"item\":\"https:\\\/\\\/diariodepe.com.br\\\/cri\\\/\"},{\"@type\":\"ListItem\",\"position\":2,\"name\":\"China e Venezuela anunciam a parceria de coopera\u00e7\u00e3o estrat\u00e9gica a qualquer tempo\"}]},{\"@type\":\"WebSite\",\"@id\":\"https:\\\/\\\/diariodepe.com.br\\\/cri\\\/#website\",\"url\":\"https:\\\/\\\/diariodepe.com.br\\\/cri\\\/\",\"name\":\"CRI e Diario de Pernambuco\",\"description\":\"R\u00e1dio Internacional da China\",\"publisher\":{\"@id\":\"https:\\\/\\\/diariodepe.com.br\\\/cri\\\/#organization\"},\"potentialAction\":[{\"@type\":\"SearchAction\",\"target\":{\"@type\":\"EntryPoint\",\"urlTemplate\":\"https:\\\/\\\/diariodepe.com.br\\\/cri\\\/?s={search_term_string}\"},\"query-input\":{\"@type\":\"PropertyValueSpecification\",\"valueRequired\":true,\"valueName\":\"search_term_string\"}}],\"inLanguage\":\"pt-BR\"},{\"@type\":\"Organization\",\"@id\":\"https:\\\/\\\/diariodepe.com.br\\\/cri\\\/#organization\",\"name\":\"CRI e Diario de Pernambuco\",\"url\":\"https:\\\/\\\/diariodepe.com.br\\\/cri\\\/\",\"logo\":{\"@type\":\"ImageObject\",\"inLanguage\":\"pt-BR\",\"@id\":\"https:\\\/\\\/diariodepe.com.br\\\/cri\\\/#\\\/schema\\\/logo\\\/image\\\/\",\"url\":\"https:\\\/\\\/diariodepe.com.br\\\/cri\\\/wp-content\\\/uploads\\\/sites\\\/2\\\/2022\\\/12\\\/cropped-Logo.jpg\",\"contentUrl\":\"https:\\\/\\\/diariodepe.com.br\\\/cri\\\/wp-content\\\/uploads\\\/sites\\\/2\\\/2022\\\/12\\\/cropped-Logo.jpg\",\"width\":700,\"height\":59,\"caption\":\"CRI e Diario de Pernambuco\"},\"image\":{\"@id\":\"https:\\\/\\\/diariodepe.com.br\\\/cri\\\/#\\\/schema\\\/logo\\\/image\\\/\"}},{\"@type\":\"Person\",\"@id\":\"https:\\\/\\\/diariodepe.com.br\\\/cri\\\/#\\\/schema\\\/person\\\/121bb28d84f1a5b1205ef4ce9c2e0c6b\",\"name\":\"Ismael Lucas S. Pereira\",\"image\":{\"@type\":\"ImageObject\",\"inLanguage\":\"pt-BR\",\"@id\":\"https:\\\/\\\/secure.gravatar.com\\\/avatar\\\/887a0f3b5a7ceea963a48499fb883ffce6b5037362def025c52c2505b15d63e4?s=96&d=mm&r=g\",\"url\":\"https:\\\/\\\/secure.gravatar.com\\\/avatar\\\/887a0f3b5a7ceea963a48499fb883ffce6b5037362def025c52c2505b15d63e4?s=96&d=mm&r=g\",\"contentUrl\":\"https:\\\/\\\/secure.gravatar.com\\\/avatar\\\/887a0f3b5a7ceea963a48499fb883ffce6b5037362def025c52c2505b15d63e4?s=96&d=mm&r=g\",\"caption\":\"Ismael Lucas S. Pereira\"},\"url\":\"https:\\\/\\\/diariodepe.com.br\\\/cri\\\/author\\\/ismael-lucas\\\/\"}]}<\/script>\n<!-- \/ Yoast SEO plugin. -->","yoast_head_json":{"title":"China e Venezuela anunciam a parceria de coopera\u00e7\u00e3o estrat\u00e9gica a qualquer tempo - CRI e Diario de Pernambuco","robots":{"index":"index","follow":"follow","max-snippet":"max-snippet:-1","max-image-preview":"max-image-preview:large","max-video-preview":"max-video-preview:-1"},"canonical":"https:\/\/diariodepe.com.br\/cri\/2023\/09\/13\/china-e-venezuela-anunciam-a-parceria-de-cooperacao-estrategica-a-qualquer-tempo\/","og_locale":"pt_BR","og_type":"article","og_title":"China e Venezuela anunciam a parceria de coopera\u00e7\u00e3o estrat\u00e9gica a qualquer tempo - CRI e Diario de Pernambuco","og_description":"O presidente chin\u00eas, Xi Jinping, conversou nesta quarta-feira (13) em Beijing com o seu hom\u00f3logo venezuelano, Nicol\u00e1s Maduro Moros,\u00a0que\u00a0est\u00e1 no pa\u00eds\u00a0para uma visita de Estado\u00a0de 8 a 14 deste m\u00eas. Na ocasi\u00e3o, os dois chefes de Estado anunciaram que elevar\u00e3o...","og_url":"https:\/\/diariodepe.com.br\/cri\/2023\/09\/13\/china-e-venezuela-anunciam-a-parceria-de-cooperacao-estrategica-a-qualquer-tempo\/","og_site_name":"CRI e Diario de Pernambuco","article_published_time":"2023-09-14T02:10:31+00:00","og_image":[{"width":2000,"height":1125,"url":"https:\/\/diariodepe.com.br\/cri\/wp-content\/uploads\/sites\/2\/2023\/09\/2023091320410662997_\u526f\u672c.jpg","type":"image\/jpeg"}],"author":"Ismael Lucas S. Pereira","twitter_card":"summary_large_image","twitter_misc":{"Escrito por":"Ismael Lucas S. Pereira","Est. tempo de leitura":"2 minutos"},"schema":{"@context":"https:\/\/schema.org","@graph":[{"@type":"Article","@id":"https:\/\/diariodepe.com.br\/cri\/2023\/09\/13\/china-e-venezuela-anunciam-a-parceria-de-cooperacao-estrategica-a-qualquer-tempo\/#article","isPartOf":{"@id":"https:\/\/diariodepe.com.br\/cri\/2023\/09\/13\/china-e-venezuela-anunciam-a-parceria-de-cooperacao-estrategica-a-qualquer-tempo\/"},"author":{"name":"Ismael Lucas S. Pereira","@id":"https:\/\/diariodepe.com.br\/cri\/#\/schema\/person\/121bb28d84f1a5b1205ef4ce9c2e0c6b"},"headline":"China e Venezuela anunciam a parceria de coopera\u00e7\u00e3o estrat\u00e9gica a qualquer tempo","datePublished":"2023-09-14T02:10:31+00:00","mainEntityOfPage":{"@id":"https:\/\/diariodepe.com.br\/cri\/2023\/09\/13\/china-e-venezuela-anunciam-a-parceria-de-cooperacao-estrategica-a-qualquer-tempo\/"},"wordCount":359,"commentCount":0,"publisher":{"@id":"https:\/\/diariodepe.com.br\/cri\/#organization"},"image":{"@id":"https:\/\/diariodepe.com.br\/cri\/2023\/09\/13\/china-e-venezuela-anunciam-a-parceria-de-cooperacao-estrategica-a-qualquer-tempo\/#primaryimage"},"thumbnailUrl":"https:\/\/diariodepe.com.br\/cri\/wp-content\/uploads\/sites\/2\/2023\/09\/2023091320410662997_\u526f\u672c.jpg","articleSection":["China","Destaques Capa"],"inLanguage":"pt-BR","potentialAction":[{"@type":"CommentAction","name":"Comment","target":["https:\/\/diariodepe.com.br\/cri\/2023\/09\/13\/china-e-venezuela-anunciam-a-parceria-de-cooperacao-estrategica-a-qualquer-tempo\/#respond"]}]},{"@type":"WebPage","@id":"https:\/\/diariodepe.com.br\/cri\/2023\/09\/13\/china-e-venezuela-anunciam-a-parceria-de-cooperacao-estrategica-a-qualquer-tempo\/","url":"https:\/\/diariodepe.com.br\/cri\/2023\/09\/13\/china-e-venezuela-anunciam-a-parceria-de-cooperacao-estrategica-a-qualquer-tempo\/","name":"China e Venezuela anunciam a parceria de coopera\u00e7\u00e3o estrat\u00e9gica a qualquer tempo - CRI e Diario de Pernambuco","isPartOf":{"@id":"https:\/\/diariodepe.com.br\/cri\/#website"},"primaryImageOfPage":{"@id":"https:\/\/diariodepe.com.br\/cri\/2023\/09\/13\/china-e-venezuela-anunciam-a-parceria-de-cooperacao-estrategica-a-qualquer-tempo\/#primaryimage"},"image":{"@id":"https:\/\/diariodepe.com.br\/cri\/2023\/09\/13\/china-e-venezuela-anunciam-a-parceria-de-cooperacao-estrategica-a-qualquer-tempo\/#primaryimage"},"thumbnailUrl":"https:\/\/diariodepe.com.br\/cri\/wp-content\/uploads\/sites\/2\/2023\/09\/2023091320410662997_\u526f\u672c.jpg","datePublished":"2023-09-14T02:10:31+00:00","breadcrumb":{"@id":"https:\/\/diariodepe.com.br\/cri\/2023\/09\/13\/china-e-venezuela-anunciam-a-parceria-de-cooperacao-estrategica-a-qualquer-tempo\/#breadcrumb"},"inLanguage":"pt-BR","potentialAction":[{"@type":"ReadAction","target":["https:\/\/diariodepe.com.br\/cri\/2023\/09\/13\/china-e-venezuela-anunciam-a-parceria-de-cooperacao-estrategica-a-qualquer-tempo\/"]}]},{"@type":"ImageObject","inLanguage":"pt-BR","@id":"https:\/\/diariodepe.com.br\/cri\/2023\/09\/13\/china-e-venezuela-anunciam-a-parceria-de-cooperacao-estrategica-a-qualquer-tempo\/#primaryimage","url":"https:\/\/diariodepe.com.br\/cri\/wp-content\/uploads\/sites\/2\/2023\/09\/2023091320410662997_\u526f\u672c.jpg","contentUrl":"https:\/\/diariodepe.com.br\/cri\/wp-content\/uploads\/sites\/2\/2023\/09\/2023091320410662997_\u526f\u672c.jpg","width":2000,"height":1125},{"@type":"BreadcrumbList","@id":"https:\/\/diariodepe.com.br\/cri\/2023\/09\/13\/china-e-venezuela-anunciam-a-parceria-de-cooperacao-estrategica-a-qualquer-tempo\/#breadcrumb","itemListElement":[{"@type":"ListItem","position":1,"name":"In\u00edcio","item":"https:\/\/diariodepe.com.br\/cri\/"},{"@type":"ListItem","position":2,"name":"China e Venezuela anunciam a parceria de coopera\u00e7\u00e3o estrat\u00e9gica a qualquer tempo"}]},{"@type":"WebSite","@id":"https:\/\/diariodepe.com.br\/cri\/#website","url":"https:\/\/diariodepe.com.br\/cri\/","name":"CRI e Diario de Pernambuco","description":"R\u00e1dio Internacional da China","publisher":{"@id":"https:\/\/diariodepe.com.br\/cri\/#organization"},"potentialAction":[{"@type":"SearchAction","target":{"@type":"EntryPoint","urlTemplate":"https:\/\/diariodepe.com.br\/cri\/?s={search_term_string}"},"query-input":{"@type":"PropertyValueSpecification","valueRequired":true,"valueName":"search_term_string"}}],"inLanguage":"pt-BR"},{"@type":"Organization","@id":"https:\/\/diariodepe.com.br\/cri\/#organization","name":"CRI e Diario de Pernambuco","url":"https:\/\/diariodepe.com.br\/cri\/","logo":{"@type":"ImageObject","inLanguage":"pt-BR","@id":"https:\/\/diariodepe.com.br\/cri\/#\/schema\/logo\/image\/","url":"https:\/\/diariodepe.com.br\/cri\/wp-content\/uploads\/sites\/2\/2022\/12\/cropped-Logo.jpg","contentUrl":"https:\/\/diariodepe.com.br\/cri\/wp-content\/uploads\/sites\/2\/2022\/12\/cropped-Logo.jpg","width":700,"height":59,"caption":"CRI e Diario de Pernambuco"},"image":{"@id":"https:\/\/diariodepe.com.br\/cri\/#\/schema\/logo\/image\/"}},{"@type":"Person","@id":"https:\/\/diariodepe.com.br\/cri\/#\/schema\/person\/121bb28d84f1a5b1205ef4ce9c2e0c6b","name":"Ismael Lucas S. Pereira","image":{"@type":"ImageObject","inLanguage":"pt-BR","@id":"https:\/\/secure.gravatar.com\/avatar\/887a0f3b5a7ceea963a48499fb883ffce6b5037362def025c52c2505b15d63e4?s=96&d=mm&r=g","url":"https:\/\/secure.gravatar.com\/avatar\/887a0f3b5a7ceea963a48499fb883ffce6b5037362def025c52c2505b15d63e4?s=96&d=mm&r=g","contentUrl":"https:\/\/secure.gravatar.com\/avatar\/887a0f3b5a7ceea963a48499fb883ffce6b5037362def025c52c2505b15d63e4?s=96&d=mm&r=g","caption":"Ismael Lucas S. Pereira"},"url":"https:\/\/diariodepe.com.br\/cri\/author\/ismael-lucas\/"}]}},"cc_featured_image_caption":{"caption_text":false,"source_text":false,"source_url":false},"amp_enabled":true,"_links":{"self":[{"href":"https:\/\/diariodepe.com.br\/cri\/wp-json\/wp\/v2\/posts\/2621","targetHints":{"allow":["GET"]}}],"collection":[{"href":"https:\/\/diariodepe.com.br\/cri\/wp-json\/wp\/v2\/posts"}],"about":[{"href":"https:\/\/diariodepe.com.br\/cri\/wp-json\/wp\/v2\/types\/post"}],"author":[{"embeddable":true,"href":"https:\/\/diariodepe.com.br\/cri\/wp-json\/wp\/v2\/users\/2"}],"replies":[{"embeddable":true,"href":"https:\/\/diariodepe.com.br\/cri\/wp-json\/wp\/v2\/comments?post=2621"}],"version-history":[{"count":1,"href":"https:\/\/diariodepe.com.br\/cri\/wp-json\/wp\/v2\/posts\/2621\/revisions"}],"predecessor-version":[{"id":2623,"href":"https:\/\/diariodepe.com.br\/cri\/wp-json\/wp\/v2\/posts\/2621\/revisions\/2623"}],"wp:featuredmedia":[{"embeddable":true,"href":"https:\/\/diariodepe.com.br\/cri\/wp-json\/wp\/v2\/media\/2622"}],"wp:attachment":[{"href":"https:\/\/diariodepe.com.br\/cri\/wp-json\/wp\/v2\/media?parent=2621"}],"wp:term":[{"taxonomy":"category","embeddable":true,"href":"https:\/\/diariodepe.com.br\/cri\/wp-json\/wp\/v2\/categories?post=2621"},{"taxonomy":"post_tag","embeddable":true,"href":"https:\/\/diariodepe.com.br\/cri\/wp-json\/wp\/v2\/tags?post=2621"}],"curies":[{"name":"wp","href":"https:\/\/api.w.org\/{rel}","templated":true}]}}