{"id":2613,"date":"2023-09-12T22:52:26","date_gmt":"2023-09-13T01:52:26","guid":{"rendered":"https:\/\/diariodepe.com.br\/cri\/?p=2613"},"modified":"2023-09-12T22:52:26","modified_gmt":"2023-09-13T01:52:26","slug":"uma-faixa-de-progresso-ecologico-uma-rota-de-paz-um-futuro-comum","status":"publish","type":"post","link":"https:\/\/diariodepe.com.br\/cri\/2023\/09\/12\/uma-faixa-de-progresso-ecologico-uma-rota-de-paz-um-futuro-comum\/","title":{"rendered":"Uma Faixa de progresso ecol\u00f3gico, uma Rota de paz, um futuro comum"},"content":{"rendered":"<p>Esgotada que foi, pelo ciclo incontrol\u00e1vel de violentas crises financeiras e ambientais, recess\u00f5es de dimens\u00e3o continental e interven\u00e7\u00f5es militares, a globaliza\u00e7\u00e3o hegemonizada pelos Estados Unidos, abriu-se uma nova ordem internacional multipolar, j\u00e1 anunciada pela constitui\u00e7\u00e3o do Brics e pelos acordos de com\u00e9rcio e coopera\u00e7\u00e3o gerados pela iniciativa do Cintur\u00e3o e Rota (em ingl\u00eas: Belt and Road Initiative).<\/p>\n<p>Esses acordos surgiram como os alicerces de uma Nova Era. Em primeiro lugar, eles promoveram o com\u00e9rcio livre, em p\u00e9 de igualdade, tal como o acesso ao cr\u00e9dito a juros baixos e acess\u00edveis a todos os parceiros. Segundo,\u00a0 respeitaram a decis\u00e3o soberana de cada pa\u00eds sobre a escolha dos seus projetos econ\u00f3micos estrat\u00e9gicos e do seu modelo de governa\u00e7\u00e3o (onde cabem v\u00e1rios tipos de gest\u00e3o partilhada e \u00a0democr\u00e1tica, orientada para a transi\u00e7\u00e3o ecol\u00f3gica). Terceiro, a China subscreveu-os como parceiro que n\u00e3o procura a hegemonia, porque abdicou de criar mecanismos que a podiam garantir. Veja-se o caso do Banco Asi\u00e1tico de Investimento em Infraestrutura (BAII). O Banco tinha um capital autorizado de US$ 100 bilh\u00f5es, dos quais 75% provenientes de pa\u00edses asi\u00e1ticos e da Oce\u00e2nia. Mas a China detinha\u00a0 apenas 26% dos direitos de voto.<\/p>\n<p>A RPCh, apesar do sucesso mundial da iniciativa, n\u00e3o procurou secundarizar o papel das institui\u00e7\u00f5es mundiais que procuram assegurar a estabilidade e a coopera\u00e7\u00e3o pac\u00edfica internacional, como \u00e9 o caso da Organiza\u00e7\u00e3o das Na\u00e7\u00f5es Unidas e das suas institui\u00e7\u00f5es. Quando a China adotou o novo padr\u00e3o de desenvolvimento de &#8220;circula\u00e7\u00e3o dupla&#8221; (dual circulation) em 2020, especulou-se que estava a canalizar para as suas empresas os frutos dessa coopera\u00e7\u00e3o e do desenvolvimento do seu pr\u00f3prio mercado interno, adotando uma nova forma de protecionismo. Mas a Confer\u00eancia das Na\u00e7\u00f5es Unidas sobre Com\u00e9rcio e Desenvolvimento, no seu Relat\u00f3rio de Investimento Mundial 2023, comprova que, embora \u00a0o investimento direto estrangeiro (IED) global tenha ca\u00eddo 12% em 2022,\u00a0 os fluxos de investimento para a China aumentaram 5%, atingindo um recorde de US$ 189,1 bilh\u00f5es, principalmente em manufaturas e ind\u00fastrias de alta tecnologia. No primeiro semestre de 2023, esta tend\u00eancia acentuou-se, cerca de 24 mil novas empresas estrangeiras foram estabelecidas na China, representado um aumento de 35,7%, de acordo com o Minist\u00e9rio do Com\u00e9rcio da China.<\/p>\n<p><strong>Uma Faixa, Uma Rota, Um Futuro Comum, pela democracia integral: pol\u00edtica, economia e social<\/strong><\/p>\n<p>A Iniciativa de Desenvolvimento Global (IDG) e a reforma do sistema financeiro internacional foram \u00a0propostas pela China com vista a concretizar a Agenda 2030 da ONU para o Desenvolvimento Sustent\u00e1vel. Deste modo, a China alargou a toda a comunidade de pa\u00edses das Na\u00e7\u00f5es Unidas, e partilhou com esta institui\u00e7\u00e3o mundial, os prop\u00f3sitos estrat\u00e9gicos de One Belt One Road e acrescentou-lhe One World. A China refor\u00e7ava ent\u00e3o o seu compromisso\u00a0 com a proposta de constru\u00e7\u00e3o de uma comunidade de futuro compartilhado para a humanidade e proclamava: Perante desafios como a pandemia de Covid-19 e os conflitos regionais, o mundo afastou-se ainda mais do cumprimento do prazo acordado globalmente. Mas com a IDG, mais de 100 pa\u00edses participar\u00e3o em projetos de coopera\u00e7\u00e3o em oito \u00e1reas-chave: al\u00edvio da pobreza, seguran\u00e7a alimentar, resposta \u00e0 Covid-19 e vacinas, financiamento para o desenvolvimento, mudan\u00e7as clim\u00e1ticas e desenvolvimento verde, industrializa\u00e7\u00e3o, economia digital e conectividade. A China promovia novos apoios financeiros desde o Fundo Fiduci\u00e1rio de Coopera\u00e7\u00e3o Sul-Sul FAO-China ao Centro de Coopera\u00e7\u00e3o em A\u00e7\u00e3o Clim\u00e1tica China-Pa\u00edses Insulares do Pac\u00edfico. E a sua diplomacia liderou o hist\u00f3rico acordo Kunming-Montreal sobre Biodiversidade Global (mais de 200 pa\u00edses) e o acordo global para proteger a biodiversidade em \u00e1guas internacionais, classificados pela ONU e pela Uni\u00e3o Europeia como \u201cconquistas diplom\u00e1ticas not\u00e1veis \u2013 nas quais a China e a UE trabalharam juntas.\u201d _ segundo afirmou a pr\u00f3pria Comiss\u00e3o Europeia (Von der Leyen (30.03.2023, MICS\/EPC).<\/p>\n<p>Em paralelo, e em parceria com os pa\u00edses da Eur\u00e1sia, desde o leste da China at\u00e9 o ocidente da Europa, come\u00e7ou a desenvolver-se um mercado cont\u00edguo. Somente neste ano, o n\u00famero de viagens de trem de carga China-Europa j\u00e1 ultrapassou mais de 10 mil, registrando um aumento anual de 27%, de acordo com os dados relevados pela China State Railway Group Co., Ltd. Isso faz com que crie uma nova \u00e1rea de integra\u00e7\u00e3o econ\u00f3mica, servida pelos caminhos de ferro que ligam 112 cidades chinesas, mais de 200 cidades em 25 pa\u00edses europeus e mais de 100 cidades em 11 pa\u00edses asi\u00e1ticos.<\/p>\n<p>Enquanto a iniciativa do Cintur\u00e3o e Rota crescia no continente americano e na \u00c1frica, atrav\u00e9s do F\u00f3rum de Coopera\u00e7\u00e3o China-\u00c1frica (FOCAC),\u00a0 ganhava a ades\u00e3o de 52 pa\u00edses africanos,. Sublinho este caminho novo para a \u00c1frica, que procura superar a via do neocolonialismo, como de vital import\u00e2ncia para a Europa, para onde se dirigem as vagas continentais de emigrantes e refugiados pol\u00edticos africanos, fugindo da guerra e da mis\u00e9ria impostas.<\/p>\n<p>Mais recentemente,\u00a0 por iniciativa da Associa\u00e7\u00e3o de Na\u00e7\u00f5es do Sudeste Asi\u00e1tico (Asean), constitui-se a Parceria Econ\u00f3mica Abrangente Regional (RCEP) o maior acordo comercial do mundo em termos de Produto Interno Bruto (PIB), 30%. Em 2022, o com\u00e9rcio entre a China e os demais membros do RCEP registou um aumento de 7,5% em rela\u00e7\u00e3o ao ano anterior, totalizando 12,95 trilh\u00f5es de yuans (aproximadamente US$1,82 trilh\u00f5es). Al\u00e9m disso, os investimentos dos pa\u00edses membros do RCEP na China aumentaram 23,1%, chegando a 23,53 bilh\u00f5es de yuans.<\/p>\n<p><strong>A Iniciativa Global de Seguran\u00e7a, guiada pelo Princ\u00edpio da Seguran\u00e7a Indivis\u00edvel, como alicerce da paz<\/strong><\/p>\n<p>Neste quadro pol\u00edtico, o alargamento da Uni\u00e3o Europeia e o crescimento das rela\u00e7\u00f5es econ\u00f3micas entre a UE e a China foram encarados pelos EUA, hoje completamente controlado pelo complexo militar-industrial, pelos bancos e\u00a0 fundos financeiros gigantes, e pelos cart\u00e9is imobili\u00e1rios e dos combust\u00edveis f\u00f3sseis, que s\u00e3o quem financia o poder monopolizado por dois partidos e controla a comunica\u00e7\u00e3o e as redes sociais, como uma amea\u00e7a. Usando a sua influ\u00eancia pol\u00edtica sobre o Parlamento Europeu, bloquearam o &#8220;Acordo Global UE-China sobre o Investimento&#8221;, e fizeram alinhar a Nova Estrat\u00e9gia da UE face \u00e0 China pelo denominado &#8220;Plano de A\u00e7\u00e3o Estrat\u00e9gica face \u00e0 China, para combater a amea\u00e7a colocada pela Rep\u00fablica Popular da China&#8221; (2021), da responsabilidade do Departamento de Seguran\u00e7a Interna (DHS), dos EUA.<\/p>\n<p>Este documento, que permanece na sombra, \u00e9 a chave para entender a intensifica\u00e7\u00e3o de campanhas hostis sobre Hong Kong, Xinjiang e Taiwan, e contra as empresas chinesas como a Huawei, incidentes como o confronto das Filipinas com a marinha chinesas, a tentativa de sobrevalorizar o G7 e desvalorizar a import\u00e2ncia do G20 e das pr\u00f3prias Na\u00e7\u00f5es Unidas, de fomentar \u00a0novos acordos que excluem a China, como o QUAD \u00a0(Di\u00e1logo Securit\u00e1rio Quadrilateral, formado pela Austr\u00e1lia, \u00cdndia, Jap\u00e3o e EUA) e a Plataforma Econ\u00f3mica Indo-Pac\u00edfico para a Prosperidade. E est\u00e1 na base da iniciativa estrat\u00e9gica Global Gateway, que procura mimetizar o Cintur\u00e3o e Rota e\u00a0 mobiliza hoje os burocratas da Comiss\u00e3o Europeia, numa az\u00e1fama pela Am\u00e9rica e a \u00c1frica, que n\u00e3o tem suporte em nenhum programa de apoio ao seu desenvolvimento sustent\u00e1vel.<\/p>\n<p>O controle da comunica\u00e7\u00e3o social e das redes sociais, das universidades e escolas, das ind\u00fastrias da cultura, no Ocidente, impede que os cidad\u00e3os comuns e mesmo os intelectuais, tenham acesso ao verdadeiro conte\u00fado das propostas pol\u00edticas do governo da RPCh. Mas a \u00a0abertura e a vontade de ades\u00e3o de dezenas de novos pa\u00edses \u00e0 alian\u00e7a do Brics, confirma que o movimento para um mundo multilateral e sem\u00a0 hegemonismo, corresponde \u00e0 vontade dos povos e na\u00e7\u00f5es de todos os continentes. O desenvolvimento das rela\u00e7\u00f5es econ\u00f3micas e de coopera\u00e7\u00e3o, mesmo com os pa\u00edses que os EUA tentam mobilizar como guarda avan\u00e7ada do cerco militar \u00e0 China,\u00a0 demonstram que a pol\u00edtica internacional da China \u00e9 democr\u00e1tica e n\u00e3o hegemonista e por isso capaz de vencer com as armas da paz, com a coopera\u00e7\u00e3o pol\u00edtica, cultural e cient\u00edfica, com o com\u00e9rcio livre e justo, a estrat\u00e9gia norte americana de isolamento, san\u00e7\u00f5es e confronto militar.<\/p>\n<p>A estrat\u00e9gia chinesa para a paz, desde a proclama\u00e7\u00e3o dos cinco princ\u00edpios da Coexist\u00eancia Pac\u00edfica, at\u00e9\u00a0 \u00e0 Iniciativa Global de Seguran\u00e7a para a Paz guiada pelo Princ\u00edpio da Seguran\u00e7a Indivis\u00edvel, recentemente aplicadas nas propostas da China para p\u00f4r fim ao conflito ucraniano, j\u00e1 contribu\u00edram para um melhor entendimento da pol\u00edtica chinesa internacional. Dar a conhecer o que representa para a China e a humanidade o Socialismo com Carater\u00edsticas Chinesas e o projeto de ecociviliza\u00e7\u00e3o \u00e9 outra das dire\u00e7\u00f5es principais da informa\u00e7\u00e3o e da divulga\u00e7\u00e3o cient\u00edfica, que compete aos jornalistas e investigadores, para criar uma frente comum em todos os quadrantes do mundo e ganhar o apoio das novas gera\u00e7\u00f5es, pela\u00a0 paz e pelo progresso ecol\u00f3gico, onde cada na\u00e7\u00e3o constr\u00f3i o seu pr\u00f3prio caminho.<\/p>\n<p>A China pode prosseguir essa via de portas abertas para a Europa e para a consolida\u00e7\u00e3o e desenvolvimento da coopera\u00e7\u00e3o pac\u00edfica entre as na\u00e7\u00f5es europeias, mesmo quando a maioria dos l\u00edderes europeus est\u00e3o de costas voltadas para as necessidades e aspira\u00e7\u00f5es dos seus povos e na\u00e7\u00f5es. No quadro da nova globaliza\u00e7\u00e3o multilateral, uma Europa reconstru\u00edda sobre um caminho original para o federalismo democr\u00e1tico, poder\u00e1 ombrear em p\u00e9 de igualdade com a China na constru\u00e7\u00e3o de um futuro comum pac\u00edfico e pr\u00f3spero e cooperar com os EUA e outras entidades internacionais, para favorecer nesse pa\u00eds e no mundo o triunfo das for\u00e7as democr\u00e1ticas, da paz e dos direitos humanos em toda a sua plenitude!<\/p>\n","protected":false},"excerpt":{"rendered":"<p>Esgotada que foi, pelo ciclo incontrol\u00e1vel de violentas crises financeiras e ambientais, recess\u00f5es de dimens\u00e3o continental e interven\u00e7\u00f5es militares, a globaliza\u00e7\u00e3o hegemonizada pelos Estados Unidos, abriu-se uma nova ordem internacional multipolar, j\u00e1 anunciada pela constitui\u00e7\u00e3o do Brics e pelos acordos&#8230;<\/p>\n","protected":false},"author":2,"featured_media":2614,"comment_status":"open","ping_status":"open","sticky":false,"template":"","format":"standard","meta":{"footnotes":""},"categories":[7],"tags":[],"class_list":["post-2613","post","type-post","status-publish","format-standard","has-post-thumbnail","hentry","category-visao"],"yoast_head":"<!-- This site is optimized with the Yoast SEO plugin v27.4 - https:\/\/yoast.com\/product\/yoast-seo-wordpress\/ -->\n<title>Uma Faixa de progresso ecol\u00f3gico, uma Rota de paz, um futuro comum - CRI e Diario de Pernambuco<\/title>\n<meta name=\"robots\" content=\"index, follow, max-snippet:-1, max-image-preview:large, max-video-preview:-1\" \/>\n<link rel=\"canonical\" href=\"https:\/\/diariodepe.com.br\/cri\/2023\/09\/12\/uma-faixa-de-progresso-ecologico-uma-rota-de-paz-um-futuro-comum\/\" \/>\n<meta property=\"og:locale\" content=\"pt_BR\" \/>\n<meta property=\"og:type\" content=\"article\" \/>\n<meta property=\"og:title\" content=\"Uma Faixa de progresso ecol\u00f3gico, uma Rota de paz, um futuro comum - CRI e Diario de Pernambuco\" \/>\n<meta property=\"og:description\" content=\"Esgotada que foi, pelo ciclo incontrol\u00e1vel de violentas crises financeiras e ambientais, recess\u00f5es de dimens\u00e3o continental e interven\u00e7\u00f5es militares, a globaliza\u00e7\u00e3o hegemonizada pelos Estados Unidos, abriu-se uma nova ordem internacional multipolar, j\u00e1 anunciada pela constitui\u00e7\u00e3o do Brics e pelos acordos...\" \/>\n<meta property=\"og:url\" content=\"https:\/\/diariodepe.com.br\/cri\/2023\/09\/12\/uma-faixa-de-progresso-ecologico-uma-rota-de-paz-um-futuro-comum\/\" \/>\n<meta property=\"og:site_name\" content=\"CRI e Diario de Pernambuco\" \/>\n<meta property=\"article:published_time\" content=\"2023-09-13T01:52:26+00:00\" \/>\n<meta property=\"og:image\" content=\"https:\/\/diariodepe.com.br\/cri\/wp-content\/uploads\/sites\/2\/2023\/09\/2023091309352538326.jpg\" \/>\n\t<meta property=\"og:image:width\" content=\"560\" \/>\n\t<meta property=\"og:image:height\" content=\"371\" \/>\n\t<meta property=\"og:image:type\" content=\"image\/jpeg\" \/>\n<meta name=\"author\" content=\"Ismael Lucas S. Pereira\" \/>\n<meta name=\"twitter:card\" content=\"summary_large_image\" \/>\n<meta name=\"twitter:label1\" content=\"Escrito por\" \/>\n\t<meta name=\"twitter:data1\" content=\"Ismael Lucas S. Pereira\" \/>\n\t<meta name=\"twitter:label2\" content=\"Est. tempo de leitura\" \/>\n\t<meta name=\"twitter:data2\" content=\"9 minutos\" \/>\n<script type=\"application\/ld+json\" class=\"yoast-schema-graph\">{\"@context\":\"https:\\\/\\\/schema.org\",\"@graph\":[{\"@type\":\"Article\",\"@id\":\"https:\\\/\\\/diariodepe.com.br\\\/cri\\\/2023\\\/09\\\/12\\\/uma-faixa-de-progresso-ecologico-uma-rota-de-paz-um-futuro-comum\\\/#article\",\"isPartOf\":{\"@id\":\"https:\\\/\\\/diariodepe.com.br\\\/cri\\\/2023\\\/09\\\/12\\\/uma-faixa-de-progresso-ecologico-uma-rota-de-paz-um-futuro-comum\\\/\"},\"author\":{\"name\":\"Ismael Lucas S. Pereira\",\"@id\":\"https:\\\/\\\/diariodepe.com.br\\\/cri\\\/#\\\/schema\\\/person\\\/121bb28d84f1a5b1205ef4ce9c2e0c6b\"},\"headline\":\"Uma Faixa de progresso ecol\u00f3gico, uma Rota de paz, um futuro comum\",\"datePublished\":\"2023-09-13T01:52:26+00:00\",\"mainEntityOfPage\":{\"@id\":\"https:\\\/\\\/diariodepe.com.br\\\/cri\\\/2023\\\/09\\\/12\\\/uma-faixa-de-progresso-ecologico-uma-rota-de-paz-um-futuro-comum\\\/\"},\"wordCount\":1700,\"commentCount\":0,\"publisher\":{\"@id\":\"https:\\\/\\\/diariodepe.com.br\\\/cri\\\/#organization\"},\"image\":{\"@id\":\"https:\\\/\\\/diariodepe.com.br\\\/cri\\\/2023\\\/09\\\/12\\\/uma-faixa-de-progresso-ecologico-uma-rota-de-paz-um-futuro-comum\\\/#primaryimage\"},\"thumbnailUrl\":\"https:\\\/\\\/diariodepe.com.br\\\/cri\\\/wp-content\\\/uploads\\\/sites\\\/2\\\/2023\\\/09\\\/2023091309352538326.jpg\",\"articleSection\":[\"Vis\u00e3o\"],\"inLanguage\":\"pt-BR\",\"potentialAction\":[{\"@type\":\"CommentAction\",\"name\":\"Comment\",\"target\":[\"https:\\\/\\\/diariodepe.com.br\\\/cri\\\/2023\\\/09\\\/12\\\/uma-faixa-de-progresso-ecologico-uma-rota-de-paz-um-futuro-comum\\\/#respond\"]}]},{\"@type\":\"WebPage\",\"@id\":\"https:\\\/\\\/diariodepe.com.br\\\/cri\\\/2023\\\/09\\\/12\\\/uma-faixa-de-progresso-ecologico-uma-rota-de-paz-um-futuro-comum\\\/\",\"url\":\"https:\\\/\\\/diariodepe.com.br\\\/cri\\\/2023\\\/09\\\/12\\\/uma-faixa-de-progresso-ecologico-uma-rota-de-paz-um-futuro-comum\\\/\",\"name\":\"Uma Faixa de progresso ecol\u00f3gico, uma Rota de paz, um futuro comum - CRI e Diario de Pernambuco\",\"isPartOf\":{\"@id\":\"https:\\\/\\\/diariodepe.com.br\\\/cri\\\/#website\"},\"primaryImageOfPage\":{\"@id\":\"https:\\\/\\\/diariodepe.com.br\\\/cri\\\/2023\\\/09\\\/12\\\/uma-faixa-de-progresso-ecologico-uma-rota-de-paz-um-futuro-comum\\\/#primaryimage\"},\"image\":{\"@id\":\"https:\\\/\\\/diariodepe.com.br\\\/cri\\\/2023\\\/09\\\/12\\\/uma-faixa-de-progresso-ecologico-uma-rota-de-paz-um-futuro-comum\\\/#primaryimage\"},\"thumbnailUrl\":\"https:\\\/\\\/diariodepe.com.br\\\/cri\\\/wp-content\\\/uploads\\\/sites\\\/2\\\/2023\\\/09\\\/2023091309352538326.jpg\",\"datePublished\":\"2023-09-13T01:52:26+00:00\",\"breadcrumb\":{\"@id\":\"https:\\\/\\\/diariodepe.com.br\\\/cri\\\/2023\\\/09\\\/12\\\/uma-faixa-de-progresso-ecologico-uma-rota-de-paz-um-futuro-comum\\\/#breadcrumb\"},\"inLanguage\":\"pt-BR\",\"potentialAction\":[{\"@type\":\"ReadAction\",\"target\":[\"https:\\\/\\\/diariodepe.com.br\\\/cri\\\/2023\\\/09\\\/12\\\/uma-faixa-de-progresso-ecologico-uma-rota-de-paz-um-futuro-comum\\\/\"]}]},{\"@type\":\"ImageObject\",\"inLanguage\":\"pt-BR\",\"@id\":\"https:\\\/\\\/diariodepe.com.br\\\/cri\\\/2023\\\/09\\\/12\\\/uma-faixa-de-progresso-ecologico-uma-rota-de-paz-um-futuro-comum\\\/#primaryimage\",\"url\":\"https:\\\/\\\/diariodepe.com.br\\\/cri\\\/wp-content\\\/uploads\\\/sites\\\/2\\\/2023\\\/09\\\/2023091309352538326.jpg\",\"contentUrl\":\"https:\\\/\\\/diariodepe.com.br\\\/cri\\\/wp-content\\\/uploads\\\/sites\\\/2\\\/2023\\\/09\\\/2023091309352538326.jpg\",\"width\":560,\"height\":371},{\"@type\":\"BreadcrumbList\",\"@id\":\"https:\\\/\\\/diariodepe.com.br\\\/cri\\\/2023\\\/09\\\/12\\\/uma-faixa-de-progresso-ecologico-uma-rota-de-paz-um-futuro-comum\\\/#breadcrumb\",\"itemListElement\":[{\"@type\":\"ListItem\",\"position\":1,\"name\":\"In\u00edcio\",\"item\":\"https:\\\/\\\/diariodepe.com.br\\\/cri\\\/\"},{\"@type\":\"ListItem\",\"position\":2,\"name\":\"Uma Faixa de progresso ecol\u00f3gico, uma Rota de paz, um futuro comum\"}]},{\"@type\":\"WebSite\",\"@id\":\"https:\\\/\\\/diariodepe.com.br\\\/cri\\\/#website\",\"url\":\"https:\\\/\\\/diariodepe.com.br\\\/cri\\\/\",\"name\":\"CRI e Diario de Pernambuco\",\"description\":\"R\u00e1dio Internacional da China\",\"publisher\":{\"@id\":\"https:\\\/\\\/diariodepe.com.br\\\/cri\\\/#organization\"},\"potentialAction\":[{\"@type\":\"SearchAction\",\"target\":{\"@type\":\"EntryPoint\",\"urlTemplate\":\"https:\\\/\\\/diariodepe.com.br\\\/cri\\\/?s={search_term_string}\"},\"query-input\":{\"@type\":\"PropertyValueSpecification\",\"valueRequired\":true,\"valueName\":\"search_term_string\"}}],\"inLanguage\":\"pt-BR\"},{\"@type\":\"Organization\",\"@id\":\"https:\\\/\\\/diariodepe.com.br\\\/cri\\\/#organization\",\"name\":\"CRI e Diario de Pernambuco\",\"url\":\"https:\\\/\\\/diariodepe.com.br\\\/cri\\\/\",\"logo\":{\"@type\":\"ImageObject\",\"inLanguage\":\"pt-BR\",\"@id\":\"https:\\\/\\\/diariodepe.com.br\\\/cri\\\/#\\\/schema\\\/logo\\\/image\\\/\",\"url\":\"https:\\\/\\\/diariodepe.com.br\\\/cri\\\/wp-content\\\/uploads\\\/sites\\\/2\\\/2022\\\/12\\\/cropped-Logo.jpg\",\"contentUrl\":\"https:\\\/\\\/diariodepe.com.br\\\/cri\\\/wp-content\\\/uploads\\\/sites\\\/2\\\/2022\\\/12\\\/cropped-Logo.jpg\",\"width\":700,\"height\":59,\"caption\":\"CRI e Diario de Pernambuco\"},\"image\":{\"@id\":\"https:\\\/\\\/diariodepe.com.br\\\/cri\\\/#\\\/schema\\\/logo\\\/image\\\/\"}},{\"@type\":\"Person\",\"@id\":\"https:\\\/\\\/diariodepe.com.br\\\/cri\\\/#\\\/schema\\\/person\\\/121bb28d84f1a5b1205ef4ce9c2e0c6b\",\"name\":\"Ismael Lucas S. Pereira\",\"image\":{\"@type\":\"ImageObject\",\"inLanguage\":\"pt-BR\",\"@id\":\"https:\\\/\\\/secure.gravatar.com\\\/avatar\\\/887a0f3b5a7ceea963a48499fb883ffce6b5037362def025c52c2505b15d63e4?s=96&d=mm&r=g\",\"url\":\"https:\\\/\\\/secure.gravatar.com\\\/avatar\\\/887a0f3b5a7ceea963a48499fb883ffce6b5037362def025c52c2505b15d63e4?s=96&d=mm&r=g\",\"contentUrl\":\"https:\\\/\\\/secure.gravatar.com\\\/avatar\\\/887a0f3b5a7ceea963a48499fb883ffce6b5037362def025c52c2505b15d63e4?s=96&d=mm&r=g\",\"caption\":\"Ismael Lucas S. Pereira\"},\"url\":\"https:\\\/\\\/diariodepe.com.br\\\/cri\\\/author\\\/ismael-lucas\\\/\"}]}<\/script>\n<!-- \/ Yoast SEO plugin. -->","yoast_head_json":{"title":"Uma Faixa de progresso ecol\u00f3gico, uma Rota de paz, um futuro comum - CRI e Diario de Pernambuco","robots":{"index":"index","follow":"follow","max-snippet":"max-snippet:-1","max-image-preview":"max-image-preview:large","max-video-preview":"max-video-preview:-1"},"canonical":"https:\/\/diariodepe.com.br\/cri\/2023\/09\/12\/uma-faixa-de-progresso-ecologico-uma-rota-de-paz-um-futuro-comum\/","og_locale":"pt_BR","og_type":"article","og_title":"Uma Faixa de progresso ecol\u00f3gico, uma Rota de paz, um futuro comum - CRI e Diario de Pernambuco","og_description":"Esgotada que foi, pelo ciclo incontrol\u00e1vel de violentas crises financeiras e ambientais, recess\u00f5es de dimens\u00e3o continental e interven\u00e7\u00f5es militares, a globaliza\u00e7\u00e3o hegemonizada pelos Estados Unidos, abriu-se uma nova ordem internacional multipolar, j\u00e1 anunciada pela constitui\u00e7\u00e3o do Brics e pelos acordos...","og_url":"https:\/\/diariodepe.com.br\/cri\/2023\/09\/12\/uma-faixa-de-progresso-ecologico-uma-rota-de-paz-um-futuro-comum\/","og_site_name":"CRI e Diario de Pernambuco","article_published_time":"2023-09-13T01:52:26+00:00","og_image":[{"width":560,"height":371,"url":"https:\/\/diariodepe.com.br\/cri\/wp-content\/uploads\/sites\/2\/2023\/09\/2023091309352538326.jpg","type":"image\/jpeg"}],"author":"Ismael Lucas S. Pereira","twitter_card":"summary_large_image","twitter_misc":{"Escrito por":"Ismael Lucas S. Pereira","Est. tempo de leitura":"9 minutos"},"schema":{"@context":"https:\/\/schema.org","@graph":[{"@type":"Article","@id":"https:\/\/diariodepe.com.br\/cri\/2023\/09\/12\/uma-faixa-de-progresso-ecologico-uma-rota-de-paz-um-futuro-comum\/#article","isPartOf":{"@id":"https:\/\/diariodepe.com.br\/cri\/2023\/09\/12\/uma-faixa-de-progresso-ecologico-uma-rota-de-paz-um-futuro-comum\/"},"author":{"name":"Ismael Lucas S. Pereira","@id":"https:\/\/diariodepe.com.br\/cri\/#\/schema\/person\/121bb28d84f1a5b1205ef4ce9c2e0c6b"},"headline":"Uma Faixa de progresso ecol\u00f3gico, uma Rota de paz, um futuro comum","datePublished":"2023-09-13T01:52:26+00:00","mainEntityOfPage":{"@id":"https:\/\/diariodepe.com.br\/cri\/2023\/09\/12\/uma-faixa-de-progresso-ecologico-uma-rota-de-paz-um-futuro-comum\/"},"wordCount":1700,"commentCount":0,"publisher":{"@id":"https:\/\/diariodepe.com.br\/cri\/#organization"},"image":{"@id":"https:\/\/diariodepe.com.br\/cri\/2023\/09\/12\/uma-faixa-de-progresso-ecologico-uma-rota-de-paz-um-futuro-comum\/#primaryimage"},"thumbnailUrl":"https:\/\/diariodepe.com.br\/cri\/wp-content\/uploads\/sites\/2\/2023\/09\/2023091309352538326.jpg","articleSection":["Vis\u00e3o"],"inLanguage":"pt-BR","potentialAction":[{"@type":"CommentAction","name":"Comment","target":["https:\/\/diariodepe.com.br\/cri\/2023\/09\/12\/uma-faixa-de-progresso-ecologico-uma-rota-de-paz-um-futuro-comum\/#respond"]}]},{"@type":"WebPage","@id":"https:\/\/diariodepe.com.br\/cri\/2023\/09\/12\/uma-faixa-de-progresso-ecologico-uma-rota-de-paz-um-futuro-comum\/","url":"https:\/\/diariodepe.com.br\/cri\/2023\/09\/12\/uma-faixa-de-progresso-ecologico-uma-rota-de-paz-um-futuro-comum\/","name":"Uma Faixa de progresso ecol\u00f3gico, uma Rota de paz, um futuro comum - CRI e Diario de Pernambuco","isPartOf":{"@id":"https:\/\/diariodepe.com.br\/cri\/#website"},"primaryImageOfPage":{"@id":"https:\/\/diariodepe.com.br\/cri\/2023\/09\/12\/uma-faixa-de-progresso-ecologico-uma-rota-de-paz-um-futuro-comum\/#primaryimage"},"image":{"@id":"https:\/\/diariodepe.com.br\/cri\/2023\/09\/12\/uma-faixa-de-progresso-ecologico-uma-rota-de-paz-um-futuro-comum\/#primaryimage"},"thumbnailUrl":"https:\/\/diariodepe.com.br\/cri\/wp-content\/uploads\/sites\/2\/2023\/09\/2023091309352538326.jpg","datePublished":"2023-09-13T01:52:26+00:00","breadcrumb":{"@id":"https:\/\/diariodepe.com.br\/cri\/2023\/09\/12\/uma-faixa-de-progresso-ecologico-uma-rota-de-paz-um-futuro-comum\/#breadcrumb"},"inLanguage":"pt-BR","potentialAction":[{"@type":"ReadAction","target":["https:\/\/diariodepe.com.br\/cri\/2023\/09\/12\/uma-faixa-de-progresso-ecologico-uma-rota-de-paz-um-futuro-comum\/"]}]},{"@type":"ImageObject","inLanguage":"pt-BR","@id":"https:\/\/diariodepe.com.br\/cri\/2023\/09\/12\/uma-faixa-de-progresso-ecologico-uma-rota-de-paz-um-futuro-comum\/#primaryimage","url":"https:\/\/diariodepe.com.br\/cri\/wp-content\/uploads\/sites\/2\/2023\/09\/2023091309352538326.jpg","contentUrl":"https:\/\/diariodepe.com.br\/cri\/wp-content\/uploads\/sites\/2\/2023\/09\/2023091309352538326.jpg","width":560,"height":371},{"@type":"BreadcrumbList","@id":"https:\/\/diariodepe.com.br\/cri\/2023\/09\/12\/uma-faixa-de-progresso-ecologico-uma-rota-de-paz-um-futuro-comum\/#breadcrumb","itemListElement":[{"@type":"ListItem","position":1,"name":"In\u00edcio","item":"https:\/\/diariodepe.com.br\/cri\/"},{"@type":"ListItem","position":2,"name":"Uma Faixa de progresso ecol\u00f3gico, uma Rota de paz, um futuro comum"}]},{"@type":"WebSite","@id":"https:\/\/diariodepe.com.br\/cri\/#website","url":"https:\/\/diariodepe.com.br\/cri\/","name":"CRI e Diario de Pernambuco","description":"R\u00e1dio Internacional da China","publisher":{"@id":"https:\/\/diariodepe.com.br\/cri\/#organization"},"potentialAction":[{"@type":"SearchAction","target":{"@type":"EntryPoint","urlTemplate":"https:\/\/diariodepe.com.br\/cri\/?s={search_term_string}"},"query-input":{"@type":"PropertyValueSpecification","valueRequired":true,"valueName":"search_term_string"}}],"inLanguage":"pt-BR"},{"@type":"Organization","@id":"https:\/\/diariodepe.com.br\/cri\/#organization","name":"CRI e Diario de Pernambuco","url":"https:\/\/diariodepe.com.br\/cri\/","logo":{"@type":"ImageObject","inLanguage":"pt-BR","@id":"https:\/\/diariodepe.com.br\/cri\/#\/schema\/logo\/image\/","url":"https:\/\/diariodepe.com.br\/cri\/wp-content\/uploads\/sites\/2\/2022\/12\/cropped-Logo.jpg","contentUrl":"https:\/\/diariodepe.com.br\/cri\/wp-content\/uploads\/sites\/2\/2022\/12\/cropped-Logo.jpg","width":700,"height":59,"caption":"CRI e Diario de Pernambuco"},"image":{"@id":"https:\/\/diariodepe.com.br\/cri\/#\/schema\/logo\/image\/"}},{"@type":"Person","@id":"https:\/\/diariodepe.com.br\/cri\/#\/schema\/person\/121bb28d84f1a5b1205ef4ce9c2e0c6b","name":"Ismael Lucas S. Pereira","image":{"@type":"ImageObject","inLanguage":"pt-BR","@id":"https:\/\/secure.gravatar.com\/avatar\/887a0f3b5a7ceea963a48499fb883ffce6b5037362def025c52c2505b15d63e4?s=96&d=mm&r=g","url":"https:\/\/secure.gravatar.com\/avatar\/887a0f3b5a7ceea963a48499fb883ffce6b5037362def025c52c2505b15d63e4?s=96&d=mm&r=g","contentUrl":"https:\/\/secure.gravatar.com\/avatar\/887a0f3b5a7ceea963a48499fb883ffce6b5037362def025c52c2505b15d63e4?s=96&d=mm&r=g","caption":"Ismael Lucas S. Pereira"},"url":"https:\/\/diariodepe.com.br\/cri\/author\/ismael-lucas\/"}]}},"cc_featured_image_caption":{"caption_text":false,"source_text":false,"source_url":false},"amp_enabled":true,"_links":{"self":[{"href":"https:\/\/diariodepe.com.br\/cri\/wp-json\/wp\/v2\/posts\/2613","targetHints":{"allow":["GET"]}}],"collection":[{"href":"https:\/\/diariodepe.com.br\/cri\/wp-json\/wp\/v2\/posts"}],"about":[{"href":"https:\/\/diariodepe.com.br\/cri\/wp-json\/wp\/v2\/types\/post"}],"author":[{"embeddable":true,"href":"https:\/\/diariodepe.com.br\/cri\/wp-json\/wp\/v2\/users\/2"}],"replies":[{"embeddable":true,"href":"https:\/\/diariodepe.com.br\/cri\/wp-json\/wp\/v2\/comments?post=2613"}],"version-history":[{"count":1,"href":"https:\/\/diariodepe.com.br\/cri\/wp-json\/wp\/v2\/posts\/2613\/revisions"}],"predecessor-version":[{"id":2615,"href":"https:\/\/diariodepe.com.br\/cri\/wp-json\/wp\/v2\/posts\/2613\/revisions\/2615"}],"wp:featuredmedia":[{"embeddable":true,"href":"https:\/\/diariodepe.com.br\/cri\/wp-json\/wp\/v2\/media\/2614"}],"wp:attachment":[{"href":"https:\/\/diariodepe.com.br\/cri\/wp-json\/wp\/v2\/media?parent=2613"}],"wp:term":[{"taxonomy":"category","embeddable":true,"href":"https:\/\/diariodepe.com.br\/cri\/wp-json\/wp\/v2\/categories?post=2613"},{"taxonomy":"post_tag","embeddable":true,"href":"https:\/\/diariodepe.com.br\/cri\/wp-json\/wp\/v2\/tags?post=2613"}],"curies":[{"name":"wp","href":"https:\/\/api.w.org\/{rel}","templated":true}]}}