{"id":2586,"date":"2023-09-08T05:27:35","date_gmt":"2023-09-08T08:27:35","guid":{"rendered":"https:\/\/diariodepe.com.br\/cri\/?p=2586"},"modified":"2023-09-08T05:27:35","modified_gmt":"2023-09-08T08:27:35","slug":"primeiro-ministro-chines-participa-da-cupula-asean-china-japao-e-coreia-do-sul","status":"publish","type":"post","link":"https:\/\/diariodepe.com.br\/cri\/2023\/09\/08\/primeiro-ministro-chines-participa-da-cupula-asean-china-japao-e-coreia-do-sul\/","title":{"rendered":"Primeiro-ministro chin\u00eas participa da C\u00fapula ASEAN, China, Jap\u00e3o e Coreia do Sul"},"content":{"rendered":"<p>O primeiro-ministro chin\u00eas, Li Qiang, participou nesta quarta-feira (6) da 26\u00aa C\u00fapula ASEAN, China, Jap\u00e3o e Coreia do Sul (ASEAN+3 ou 10+3), que est\u00e1 sendo realizada em Jacarta, Indon\u00e9sia.<\/p>\n<p>Na ocasi\u00e3o, o premier chin\u00eas afirmou que, nos \u00faltimos 20 anos, mesmo com prova\u00e7\u00f5es severas, o mecanismo ASEAN+3 vem desempenhando um importante papel no impulso do desenvolvimento e prosperidade da regi\u00e3o.<\/p>\n<p>Para efetivar o novo Programa de Trabalho para a Coopera\u00e7\u00e3o \u201c10+3\u201d, Li Qiang enfatizou a import\u00e2ncia de tr\u00eas pautas centrais: a integra\u00e7\u00e3o econ\u00f4mica regional, a divis\u00e3o internacional do trabalho e a coopera\u00e7\u00e3o na regi\u00e3o e a inova\u00e7\u00e3o cient\u00edfica e tecnol\u00f3gica.<\/p>\n<p>O premier chin\u00eas tamb\u00e9m reafirmou a posi\u00e7\u00e3o do pa\u00eds sobre o despejo da \u00e1gua contaminada no mar pelo Jap\u00e3o. Segundo ele, o vizinho deve cumprir suas obriga\u00e7\u00f5es internacionais quanto ao tratamento de maneira respons\u00e1vel dos res\u00edduos nucleares.<\/p>\n<p>A reuni\u00e3o aprovou, ainda, uma declara\u00e7\u00e3o conjunta sobre o desenvolvimento do ecossistema de autom\u00f3veis el\u00e9tricos.<\/p>\n","protected":false},"excerpt":{"rendered":"<p>O primeiro-ministro chin\u00eas, Li Qiang, participou nesta quarta-feira (6) da 26\u00aa C\u00fapula ASEAN, China, Jap\u00e3o e Coreia do Sul (ASEAN+3 ou 10+3), que est\u00e1 sendo realizada em Jacarta, Indon\u00e9sia. Na ocasi\u00e3o, o premier chin\u00eas afirmou que, nos \u00faltimos 20 anos,&#8230;<\/p>\n","protected":false},"author":2,"featured_media":0,"comment_status":"open","ping_status":"open","sticky":false,"template":"","format":"standard","meta":{"footnotes":""},"categories":[8],"tags":[],"class_list":["post-2586","post","type-post","status-publish","format-standard","hentry","category-internacional"],"yoast_head":"<!-- This site is optimized with the Yoast SEO plugin v27.4 - https:\/\/yoast.com\/product\/yoast-seo-wordpress\/ -->\n<title>Primeiro-ministro chin\u00eas participa da C\u00fapula ASEAN, China, Jap\u00e3o e Coreia do Sul - CRI e Diario de Pernambuco<\/title>\n<meta name=\"robots\" content=\"index, follow, max-snippet:-1, max-image-preview:large, max-video-preview:-1\" \/>\n<link rel=\"canonical\" href=\"https:\/\/diariodepe.com.br\/cri\/2023\/09\/08\/primeiro-ministro-chines-participa-da-cupula-asean-china-japao-e-coreia-do-sul\/\" \/>\n<meta property=\"og:locale\" content=\"pt_BR\" \/>\n<meta property=\"og:type\" content=\"article\" \/>\n<meta property=\"og:title\" content=\"Primeiro-ministro chin\u00eas participa da C\u00fapula ASEAN, China, Jap\u00e3o e Coreia do Sul - CRI e Diario de Pernambuco\" \/>\n<meta property=\"og:description\" content=\"O primeiro-ministro chin\u00eas, Li Qiang, participou nesta quarta-feira (6) da 26\u00aa C\u00fapula ASEAN, China, Jap\u00e3o e Coreia do Sul (ASEAN+3 ou 10+3), que est\u00e1 sendo realizada em Jacarta, Indon\u00e9sia. Na ocasi\u00e3o, o premier chin\u00eas afirmou que, nos \u00faltimos 20 anos,...\" \/>\n<meta property=\"og:url\" content=\"https:\/\/diariodepe.com.br\/cri\/2023\/09\/08\/primeiro-ministro-chines-participa-da-cupula-asean-china-japao-e-coreia-do-sul\/\" \/>\n<meta property=\"og:site_name\" content=\"CRI e Diario de Pernambuco\" \/>\n<meta property=\"article:published_time\" content=\"2023-09-08T08:27:35+00:00\" \/>\n<meta name=\"author\" content=\"Ismael Lucas S. Pereira\" \/>\n<meta name=\"twitter:card\" content=\"summary_large_image\" \/>\n<meta name=\"twitter:label1\" content=\"Escrito por\" \/>\n\t<meta name=\"twitter:data1\" content=\"Ismael Lucas S. Pereira\" \/>\n\t<meta name=\"twitter:label2\" content=\"Est. tempo de leitura\" \/>\n\t<meta name=\"twitter:data2\" content=\"1 minuto\" \/>\n<script type=\"application\/ld+json\" class=\"yoast-schema-graph\">{\"@context\":\"https:\\\/\\\/schema.org\",\"@graph\":[{\"@type\":\"Article\",\"@id\":\"https:\\\/\\\/diariodepe.com.br\\\/cri\\\/2023\\\/09\\\/08\\\/primeiro-ministro-chines-participa-da-cupula-asean-china-japao-e-coreia-do-sul\\\/#article\",\"isPartOf\":{\"@id\":\"https:\\\/\\\/diariodepe.com.br\\\/cri\\\/2023\\\/09\\\/08\\\/primeiro-ministro-chines-participa-da-cupula-asean-china-japao-e-coreia-do-sul\\\/\"},\"author\":{\"name\":\"Ismael Lucas S. Pereira\",\"@id\":\"https:\\\/\\\/diariodepe.com.br\\\/cri\\\/#\\\/schema\\\/person\\\/121bb28d84f1a5b1205ef4ce9c2e0c6b\"},\"headline\":\"Primeiro-ministro chin\u00eas participa da C\u00fapula ASEAN, China, Jap\u00e3o e Coreia do Sul\",\"datePublished\":\"2023-09-08T08:27:35+00:00\",\"mainEntityOfPage\":{\"@id\":\"https:\\\/\\\/diariodepe.com.br\\\/cri\\\/2023\\\/09\\\/08\\\/primeiro-ministro-chines-participa-da-cupula-asean-china-japao-e-coreia-do-sul\\\/\"},\"wordCount\":193,\"commentCount\":0,\"publisher\":{\"@id\":\"https:\\\/\\\/diariodepe.com.br\\\/cri\\\/#organization\"},\"articleSection\":[\"Internacional\"],\"inLanguage\":\"pt-BR\",\"potentialAction\":[{\"@type\":\"CommentAction\",\"name\":\"Comment\",\"target\":[\"https:\\\/\\\/diariodepe.com.br\\\/cri\\\/2023\\\/09\\\/08\\\/primeiro-ministro-chines-participa-da-cupula-asean-china-japao-e-coreia-do-sul\\\/#respond\"]}]},{\"@type\":\"WebPage\",\"@id\":\"https:\\\/\\\/diariodepe.com.br\\\/cri\\\/2023\\\/09\\\/08\\\/primeiro-ministro-chines-participa-da-cupula-asean-china-japao-e-coreia-do-sul\\\/\",\"url\":\"https:\\\/\\\/diariodepe.com.br\\\/cri\\\/2023\\\/09\\\/08\\\/primeiro-ministro-chines-participa-da-cupula-asean-china-japao-e-coreia-do-sul\\\/\",\"name\":\"Primeiro-ministro chin\u00eas participa da C\u00fapula ASEAN, China, Jap\u00e3o e Coreia do Sul - CRI e Diario de Pernambuco\",\"isPartOf\":{\"@id\":\"https:\\\/\\\/diariodepe.com.br\\\/cri\\\/#website\"},\"datePublished\":\"2023-09-08T08:27:35+00:00\",\"breadcrumb\":{\"@id\":\"https:\\\/\\\/diariodepe.com.br\\\/cri\\\/2023\\\/09\\\/08\\\/primeiro-ministro-chines-participa-da-cupula-asean-china-japao-e-coreia-do-sul\\\/#breadcrumb\"},\"inLanguage\":\"pt-BR\",\"potentialAction\":[{\"@type\":\"ReadAction\",\"target\":[\"https:\\\/\\\/diariodepe.com.br\\\/cri\\\/2023\\\/09\\\/08\\\/primeiro-ministro-chines-participa-da-cupula-asean-china-japao-e-coreia-do-sul\\\/\"]}]},{\"@type\":\"BreadcrumbList\",\"@id\":\"https:\\\/\\\/diariodepe.com.br\\\/cri\\\/2023\\\/09\\\/08\\\/primeiro-ministro-chines-participa-da-cupula-asean-china-japao-e-coreia-do-sul\\\/#breadcrumb\",\"itemListElement\":[{\"@type\":\"ListItem\",\"position\":1,\"name\":\"In\u00edcio\",\"item\":\"https:\\\/\\\/diariodepe.com.br\\\/cri\\\/\"},{\"@type\":\"ListItem\",\"position\":2,\"name\":\"Primeiro-ministro chin\u00eas participa da C\u00fapula ASEAN, China, Jap\u00e3o e Coreia do Sul\"}]},{\"@type\":\"WebSite\",\"@id\":\"https:\\\/\\\/diariodepe.com.br\\\/cri\\\/#website\",\"url\":\"https:\\\/\\\/diariodepe.com.br\\\/cri\\\/\",\"name\":\"CRI e Diario de Pernambuco\",\"description\":\"R\u00e1dio Internacional da China\",\"publisher\":{\"@id\":\"https:\\\/\\\/diariodepe.com.br\\\/cri\\\/#organization\"},\"potentialAction\":[{\"@type\":\"SearchAction\",\"target\":{\"@type\":\"EntryPoint\",\"urlTemplate\":\"https:\\\/\\\/diariodepe.com.br\\\/cri\\\/?s={search_term_string}\"},\"query-input\":{\"@type\":\"PropertyValueSpecification\",\"valueRequired\":true,\"valueName\":\"search_term_string\"}}],\"inLanguage\":\"pt-BR\"},{\"@type\":\"Organization\",\"@id\":\"https:\\\/\\\/diariodepe.com.br\\\/cri\\\/#organization\",\"name\":\"CRI e Diario de Pernambuco\",\"url\":\"https:\\\/\\\/diariodepe.com.br\\\/cri\\\/\",\"logo\":{\"@type\":\"ImageObject\",\"inLanguage\":\"pt-BR\",\"@id\":\"https:\\\/\\\/diariodepe.com.br\\\/cri\\\/#\\\/schema\\\/logo\\\/image\\\/\",\"url\":\"https:\\\/\\\/diariodepe.com.br\\\/cri\\\/wp-content\\\/uploads\\\/sites\\\/2\\\/2022\\\/12\\\/cropped-Logo.jpg\",\"contentUrl\":\"https:\\\/\\\/diariodepe.com.br\\\/cri\\\/wp-content\\\/uploads\\\/sites\\\/2\\\/2022\\\/12\\\/cropped-Logo.jpg\",\"width\":700,\"height\":59,\"caption\":\"CRI e Diario de Pernambuco\"},\"image\":{\"@id\":\"https:\\\/\\\/diariodepe.com.br\\\/cri\\\/#\\\/schema\\\/logo\\\/image\\\/\"}},{\"@type\":\"Person\",\"@id\":\"https:\\\/\\\/diariodepe.com.br\\\/cri\\\/#\\\/schema\\\/person\\\/121bb28d84f1a5b1205ef4ce9c2e0c6b\",\"name\":\"Ismael Lucas S. Pereira\",\"image\":{\"@type\":\"ImageObject\",\"inLanguage\":\"pt-BR\",\"@id\":\"https:\\\/\\\/secure.gravatar.com\\\/avatar\\\/887a0f3b5a7ceea963a48499fb883ffce6b5037362def025c52c2505b15d63e4?s=96&d=mm&r=g\",\"url\":\"https:\\\/\\\/secure.gravatar.com\\\/avatar\\\/887a0f3b5a7ceea963a48499fb883ffce6b5037362def025c52c2505b15d63e4?s=96&d=mm&r=g\",\"contentUrl\":\"https:\\\/\\\/secure.gravatar.com\\\/avatar\\\/887a0f3b5a7ceea963a48499fb883ffce6b5037362def025c52c2505b15d63e4?s=96&d=mm&r=g\",\"caption\":\"Ismael Lucas S. Pereira\"},\"url\":\"https:\\\/\\\/diariodepe.com.br\\\/cri\\\/author\\\/ismael-lucas\\\/\"}]}<\/script>\n<!-- \/ Yoast SEO plugin. -->","yoast_head_json":{"title":"Primeiro-ministro chin\u00eas participa da C\u00fapula ASEAN, China, Jap\u00e3o e Coreia do Sul - CRI e Diario de Pernambuco","robots":{"index":"index","follow":"follow","max-snippet":"max-snippet:-1","max-image-preview":"max-image-preview:large","max-video-preview":"max-video-preview:-1"},"canonical":"https:\/\/diariodepe.com.br\/cri\/2023\/09\/08\/primeiro-ministro-chines-participa-da-cupula-asean-china-japao-e-coreia-do-sul\/","og_locale":"pt_BR","og_type":"article","og_title":"Primeiro-ministro chin\u00eas participa da C\u00fapula ASEAN, China, Jap\u00e3o e Coreia do Sul - CRI e Diario de Pernambuco","og_description":"O primeiro-ministro chin\u00eas, Li Qiang, participou nesta quarta-feira (6) da 26\u00aa C\u00fapula ASEAN, China, Jap\u00e3o e Coreia do Sul (ASEAN+3 ou 10+3), que est\u00e1 sendo realizada em Jacarta, Indon\u00e9sia. Na ocasi\u00e3o, o premier chin\u00eas afirmou que, nos \u00faltimos 20 anos,...","og_url":"https:\/\/diariodepe.com.br\/cri\/2023\/09\/08\/primeiro-ministro-chines-participa-da-cupula-asean-china-japao-e-coreia-do-sul\/","og_site_name":"CRI e Diario de Pernambuco","article_published_time":"2023-09-08T08:27:35+00:00","author":"Ismael Lucas S. Pereira","twitter_card":"summary_large_image","twitter_misc":{"Escrito por":"Ismael Lucas S. Pereira","Est. tempo de leitura":"1 minuto"},"schema":{"@context":"https:\/\/schema.org","@graph":[{"@type":"Article","@id":"https:\/\/diariodepe.com.br\/cri\/2023\/09\/08\/primeiro-ministro-chines-participa-da-cupula-asean-china-japao-e-coreia-do-sul\/#article","isPartOf":{"@id":"https:\/\/diariodepe.com.br\/cri\/2023\/09\/08\/primeiro-ministro-chines-participa-da-cupula-asean-china-japao-e-coreia-do-sul\/"},"author":{"name":"Ismael Lucas S. Pereira","@id":"https:\/\/diariodepe.com.br\/cri\/#\/schema\/person\/121bb28d84f1a5b1205ef4ce9c2e0c6b"},"headline":"Primeiro-ministro chin\u00eas participa da C\u00fapula ASEAN, China, Jap\u00e3o e Coreia do Sul","datePublished":"2023-09-08T08:27:35+00:00","mainEntityOfPage":{"@id":"https:\/\/diariodepe.com.br\/cri\/2023\/09\/08\/primeiro-ministro-chines-participa-da-cupula-asean-china-japao-e-coreia-do-sul\/"},"wordCount":193,"commentCount":0,"publisher":{"@id":"https:\/\/diariodepe.com.br\/cri\/#organization"},"articleSection":["Internacional"],"inLanguage":"pt-BR","potentialAction":[{"@type":"CommentAction","name":"Comment","target":["https:\/\/diariodepe.com.br\/cri\/2023\/09\/08\/primeiro-ministro-chines-participa-da-cupula-asean-china-japao-e-coreia-do-sul\/#respond"]}]},{"@type":"WebPage","@id":"https:\/\/diariodepe.com.br\/cri\/2023\/09\/08\/primeiro-ministro-chines-participa-da-cupula-asean-china-japao-e-coreia-do-sul\/","url":"https:\/\/diariodepe.com.br\/cri\/2023\/09\/08\/primeiro-ministro-chines-participa-da-cupula-asean-china-japao-e-coreia-do-sul\/","name":"Primeiro-ministro chin\u00eas participa da C\u00fapula ASEAN, China, Jap\u00e3o e Coreia do Sul - CRI e Diario de Pernambuco","isPartOf":{"@id":"https:\/\/diariodepe.com.br\/cri\/#website"},"datePublished":"2023-09-08T08:27:35+00:00","breadcrumb":{"@id":"https:\/\/diariodepe.com.br\/cri\/2023\/09\/08\/primeiro-ministro-chines-participa-da-cupula-asean-china-japao-e-coreia-do-sul\/#breadcrumb"},"inLanguage":"pt-BR","potentialAction":[{"@type":"ReadAction","target":["https:\/\/diariodepe.com.br\/cri\/2023\/09\/08\/primeiro-ministro-chines-participa-da-cupula-asean-china-japao-e-coreia-do-sul\/"]}]},{"@type":"BreadcrumbList","@id":"https:\/\/diariodepe.com.br\/cri\/2023\/09\/08\/primeiro-ministro-chines-participa-da-cupula-asean-china-japao-e-coreia-do-sul\/#breadcrumb","itemListElement":[{"@type":"ListItem","position":1,"name":"In\u00edcio","item":"https:\/\/diariodepe.com.br\/cri\/"},{"@type":"ListItem","position":2,"name":"Primeiro-ministro chin\u00eas participa da C\u00fapula ASEAN, China, Jap\u00e3o e Coreia do Sul"}]},{"@type":"WebSite","@id":"https:\/\/diariodepe.com.br\/cri\/#website","url":"https:\/\/diariodepe.com.br\/cri\/","name":"CRI e Diario de Pernambuco","description":"R\u00e1dio Internacional da China","publisher":{"@id":"https:\/\/diariodepe.com.br\/cri\/#organization"},"potentialAction":[{"@type":"SearchAction","target":{"@type":"EntryPoint","urlTemplate":"https:\/\/diariodepe.com.br\/cri\/?s={search_term_string}"},"query-input":{"@type":"PropertyValueSpecification","valueRequired":true,"valueName":"search_term_string"}}],"inLanguage":"pt-BR"},{"@type":"Organization","@id":"https:\/\/diariodepe.com.br\/cri\/#organization","name":"CRI e Diario de Pernambuco","url":"https:\/\/diariodepe.com.br\/cri\/","logo":{"@type":"ImageObject","inLanguage":"pt-BR","@id":"https:\/\/diariodepe.com.br\/cri\/#\/schema\/logo\/image\/","url":"https:\/\/diariodepe.com.br\/cri\/wp-content\/uploads\/sites\/2\/2022\/12\/cropped-Logo.jpg","contentUrl":"https:\/\/diariodepe.com.br\/cri\/wp-content\/uploads\/sites\/2\/2022\/12\/cropped-Logo.jpg","width":700,"height":59,"caption":"CRI e Diario de Pernambuco"},"image":{"@id":"https:\/\/diariodepe.com.br\/cri\/#\/schema\/logo\/image\/"}},{"@type":"Person","@id":"https:\/\/diariodepe.com.br\/cri\/#\/schema\/person\/121bb28d84f1a5b1205ef4ce9c2e0c6b","name":"Ismael Lucas S. Pereira","image":{"@type":"ImageObject","inLanguage":"pt-BR","@id":"https:\/\/secure.gravatar.com\/avatar\/887a0f3b5a7ceea963a48499fb883ffce6b5037362def025c52c2505b15d63e4?s=96&d=mm&r=g","url":"https:\/\/secure.gravatar.com\/avatar\/887a0f3b5a7ceea963a48499fb883ffce6b5037362def025c52c2505b15d63e4?s=96&d=mm&r=g","contentUrl":"https:\/\/secure.gravatar.com\/avatar\/887a0f3b5a7ceea963a48499fb883ffce6b5037362def025c52c2505b15d63e4?s=96&d=mm&r=g","caption":"Ismael Lucas S. Pereira"},"url":"https:\/\/diariodepe.com.br\/cri\/author\/ismael-lucas\/"}]}},"cc_featured_image_caption":{"caption_text":false,"source_text":false,"source_url":false},"amp_enabled":true,"_links":{"self":[{"href":"https:\/\/diariodepe.com.br\/cri\/wp-json\/wp\/v2\/posts\/2586","targetHints":{"allow":["GET"]}}],"collection":[{"href":"https:\/\/diariodepe.com.br\/cri\/wp-json\/wp\/v2\/posts"}],"about":[{"href":"https:\/\/diariodepe.com.br\/cri\/wp-json\/wp\/v2\/types\/post"}],"author":[{"embeddable":true,"href":"https:\/\/diariodepe.com.br\/cri\/wp-json\/wp\/v2\/users\/2"}],"replies":[{"embeddable":true,"href":"https:\/\/diariodepe.com.br\/cri\/wp-json\/wp\/v2\/comments?post=2586"}],"version-history":[{"count":1,"href":"https:\/\/diariodepe.com.br\/cri\/wp-json\/wp\/v2\/posts\/2586\/revisions"}],"predecessor-version":[{"id":2587,"href":"https:\/\/diariodepe.com.br\/cri\/wp-json\/wp\/v2\/posts\/2586\/revisions\/2587"}],"wp:attachment":[{"href":"https:\/\/diariodepe.com.br\/cri\/wp-json\/wp\/v2\/media?parent=2586"}],"wp:term":[{"taxonomy":"category","embeddable":true,"href":"https:\/\/diariodepe.com.br\/cri\/wp-json\/wp\/v2\/categories?post=2586"},{"taxonomy":"post_tag","embeddable":true,"href":"https:\/\/diariodepe.com.br\/cri\/wp-json\/wp\/v2\/tags?post=2586"}],"curies":[{"name":"wp","href":"https:\/\/api.w.org\/{rel}","templated":true}]}}