{"id":2570,"date":"2023-09-06T00:22:50","date_gmt":"2023-09-06T03:22:50","guid":{"rendered":"https:\/\/diariodepe.com.br\/cri\/?p=2570"},"modified":"2023-09-06T00:22:50","modified_gmt":"2023-09-06T03:22:50","slug":"lobista-austriaco-afronta-territorios-do-sul-global","status":"publish","type":"post","link":"https:\/\/diariodepe.com.br\/cri\/2023\/09\/06\/lobista-austriaco-afronta-territorios-do-sul-global\/","title":{"rendered":"Lobista austr\u00edaco afronta territ\u00f3rios do Sul Global"},"content":{"rendered":"<p>Os pa\u00edses do Brics, que h\u00e1 mais de dez anos deram in\u00edcio ao mais bem-sucedido bloco de alternativa econ\u00f4mica ao Ocidente imperialista desde o fim da Guerra Fria, sofreram nesta semana grave amea\u00e7a \u00e0s suas integridades nacionais. O ativista Gunther Fehlinger, informalmente ligado \u00e0 Organiza\u00e7\u00e3o do Tratado do Atl\u00e2ntico Norte (Otan), por meio de sua entidade Comit\u00ea Europeu pela Amplia\u00e7\u00e3o da Otan, publicou em suas redes sociais uma proposta de divis\u00e3o territorial dos pa\u00edses integrantes do Brics, ap\u00f3s uma suposta derrota numa suposta guerra que nenhum deles est\u00e1 disposto a travar.<\/p>\n<p>Como a mais poderosa alian\u00e7a armada do mundo, a Otan, que re\u00fane for\u00e7as armadas dos Estados Unidos e quase todos os pa\u00edses da Europa ocidental, vem perdendo espa\u00e7o ante o fortalecimento econ\u00f4mico de v\u00e1rios pa\u00edses, alguns dos quais controlando artefatos nucleares, e que t\u00eam se aliado em defesa de seus interesses. No atual conflito R\u00fassia-Ucr\u00e2nia \u00a0embora a maior parte dos pa\u00edses do Oriente, inclusive a China, se esforcem por terminar o conflito, mas a incapacidade de negocia\u00e7\u00e3o por parte da Ucr\u00e2nia e da pr\u00f3pria Otan, que a abastece, mostra-se, contudo, outro entrave a qualquer solu\u00e7\u00e3o.<\/p>\n<p>Dias depois da postagem, e ap\u00f3s ve\u00edculos respeitados como os russos Sputinik\u00a0e Russia Today\u00a0denunciarem a afronta, Fehlinger renunciou ao que disse e afirmou, por meio da rede social X (antigo Twitter), n\u00e3o ter rela\u00e7\u00f5es com a Otan. \u201cComo v\u00e1rios jornalistas do Brasil t\u00eam me procurado, permitam-me esclarecer: 1. Eu n\u00e3o represento a Otan. 2. A Otan n\u00e3o pretende dividir o Brasil ou qualquer outro pa\u00eds. 3. Meu comit\u00ea n\u00e3o tem Ex\u00e9rcito ou fundos, sou s\u00f3 eu e minhas publica\u00e7\u00f5es. 4. Sim, eu odeio o genocida russo Vladimir Putin.\u201d Entretanto, n\u00e3o fica claro como ele afirma que a Otan n\u00e3o tem planos sobre o Brasil, se ele n\u00e3o tem rela\u00e7\u00f5es dentro da Organiza\u00e7\u00e3o que lhe permitam saber.<\/p>\n<p>A pol\u00edtica, e sobretudo suas a\u00e7\u00f5es mais sombrias, se faz com aproxima\u00e7\u00f5es sucessivas, avan\u00e7ando-se vagarosamente e distanciando-se estrategicamente at\u00e9 que, com o passar do tempo, o que hoje parece absurdo seja relativizado at\u00e9 ser verdade. Os interesses internacionais em rela\u00e7\u00e3o \u00e0 Amaz\u00f4nia, no norte do Brasil, e \u00e0 bacia do Rio da Prata, no sul, s\u00e3o usualmente apontados quando se fala em amea\u00e7a \u00e0 soberania territorial brasileira. O tema vem adormecido desde o s\u00e9culo XIX, quando se encerrou a Guerra do Paraguai, em que Brasil e Paraguai disputaram de forma sangrenta o controle da bacia do Rio da Prata, e a Guerra do Acre, em que Brasil e Bol\u00edvia disputaram parte da Amaz\u00f4nia.<\/p>\n<p>P\u00e1ginas na internet ligadas aos militares brasileiros responderam \u00e0 ofensa do ativista austr\u00edaco. O comunicador Albert Caball\u00e9, diretor do site Velho General, publicou na rede X: \u201cUm zumbi idiotizado, um teleguiado atlanticista posando de intelectual\u201d. O ex-comandante da Marinha, diretor do Canal de Youtube Arte da Guerra, Robinson Farinazzo, disse que\u00a0\u201c\u00e9 muito positivo que a sociedade brasileira tenha recha\u00e7ado imediatamente essas declara\u00e7\u00f5es do Fehlinger. Ele nem \u00e9 autoridade da Otan, \u00e9 um lobista\u201d, entretanto, ele completou com a necessidade de que os brasileiros resistam \u00e0 Otan. \u201cN\u00f3s n\u00e3o temos nenhum motivo para tratar a Otan com simpatia, isso \u00e9 uma proposta de divis\u00e3o do Brasil como foi feito com a Iugosl\u00e1via. Onde ela entrou houve destrui\u00e7\u00e3o. \u00c9 preciso lidar com essa entidade com ressalvas\u201d.<\/p>\n<p>O analista Javier Vadell, entrevistado pela CRI, refor\u00e7ou que, se no momento parecem propostas absurdas, elas n\u00e3o est\u00e3o desconectadas de planos estrat\u00e9gicos geopol\u00edticos que os Estados Unidos e a Otan j\u00e1 tiveram com Russia e China. \u201cO conselheiro de Seguran\u00e7a Nacional dos Estados Unidos nos anos 1990, Zbigniew Brzezinski, escreveu o livro \u2018O grande tabuleiro mundial\u2019, que tinha em mente a fragmenta\u00e7\u00e3o da R\u00fassia. Dividir para reinar \u00e9 uma ideia que vem desde o Imp\u00e9rio Romano e est\u00e1 vinculada \u00e0s t\u00e1ticas de guerra h\u00edbrida do mundo contempor\u00e2neo, explorando as contradi\u00e7\u00f5es regionais de cada pa\u00eds.\u201d<\/p>\n<p>Embora n\u00e3o veja como negligenci\u00e1vel, Vadell avalia esta ideia como retrato do desespero de alguns cidad\u00e3os e entidades europeias, ante a ascens\u00e3o de for\u00e7as econ\u00f4micas e militares ao redor do mundo. \u201cIsso pode ser, inclusive, um bumerangue, as estrat\u00e9gias continuam sendo pouco eficazes. Outros pa\u00edses s\u00e3o alvo desse tipo de pol\u00edticas de fragmenta\u00e7\u00e3o nacional. A quest\u00e3o \u00e9 que os efeitos n\u00e3o desejados dessas estrat\u00e9gias, como as san\u00e7\u00f5es econ\u00f4micas tamb\u00e9m, produzem o efeito inverso de fortalecer o pa\u00eds e seu povo.\u201d<\/p>\n<p>Mais tarde, ve\u00edculos de comunica\u00e7\u00e3o brasileiros trataram de abafar o caso, enfatizando o fato de Fehlinger n\u00e3o ser comiss\u00e1rio da Otan, como inicialmente dito, mas fazendo vistas grossas para o fato de ele ser assumidamente um lobista junto \u00e0 Otan. Grande parte da popula\u00e7\u00e3o brasileira, no entanto, mobilizou-se, prometendo protestar na conta de Fehlinger na rede X. Diante de sua retrata\u00e7\u00e3o, a rea\u00e7\u00e3o arrefeceu. Fica, no entanto, o alerta aos brasileiros e demais cidad\u00e3os de pa\u00edses do Brics, quanto ao potencial ofensivo da inseguran\u00e7a europeia e norte-americana ante a ascens\u00e3o do Sul Global no s\u00e9culo XXI.<\/p>\n","protected":false},"excerpt":{"rendered":"<p>Os pa\u00edses do Brics, que h\u00e1 mais de dez anos deram in\u00edcio ao mais bem-sucedido bloco de alternativa econ\u00f4mica ao Ocidente imperialista desde o fim da Guerra Fria, sofreram nesta semana grave amea\u00e7a \u00e0s suas integridades nacionais. O ativista Gunther&#8230;<\/p>\n","protected":false},"author":2,"featured_media":2571,"comment_status":"open","ping_status":"open","sticky":false,"template":"","format":"standard","meta":{"footnotes":""},"categories":[5,7],"tags":[],"class_list":["post-2570","post","type-post","status-publish","format-standard","has-post-thumbnail","hentry","category-destaques-capa","category-visao"],"yoast_head":"<!-- This site is optimized with the Yoast SEO plugin v27.4 - https:\/\/yoast.com\/product\/yoast-seo-wordpress\/ -->\n<title>Lobista austr\u00edaco afronta territ\u00f3rios do Sul Global - CRI e Diario de Pernambuco<\/title>\n<meta name=\"robots\" content=\"index, follow, max-snippet:-1, max-image-preview:large, max-video-preview:-1\" \/>\n<link rel=\"canonical\" href=\"https:\/\/diariodepe.com.br\/cri\/2023\/09\/06\/lobista-austriaco-afronta-territorios-do-sul-global\/\" \/>\n<meta property=\"og:locale\" content=\"pt_BR\" \/>\n<meta property=\"og:type\" content=\"article\" \/>\n<meta property=\"og:title\" content=\"Lobista austr\u00edaco afronta territ\u00f3rios do Sul Global - CRI e Diario de Pernambuco\" \/>\n<meta property=\"og:description\" content=\"Os pa\u00edses do Brics, que h\u00e1 mais de dez anos deram in\u00edcio ao mais bem-sucedido bloco de alternativa econ\u00f4mica ao Ocidente imperialista desde o fim da Guerra Fria, sofreram nesta semana grave amea\u00e7a \u00e0s suas integridades nacionais. O ativista Gunther...\" \/>\n<meta property=\"og:url\" content=\"https:\/\/diariodepe.com.br\/cri\/2023\/09\/06\/lobista-austriaco-afronta-territorios-do-sul-global\/\" \/>\n<meta property=\"og:site_name\" content=\"CRI e Diario de Pernambuco\" \/>\n<meta property=\"article:published_time\" content=\"2023-09-06T03:22:50+00:00\" \/>\n<meta property=\"og:image\" content=\"https:\/\/diariodepe.com.br\/cri\/wp-content\/uploads\/sites\/2\/2023\/09\/2023090517502132217.jpg\" \/>\n\t<meta property=\"og:image:width\" content=\"800\" \/>\n\t<meta property=\"og:image:height\" content=\"532\" \/>\n\t<meta property=\"og:image:type\" content=\"image\/jpeg\" \/>\n<meta name=\"author\" content=\"Ismael Lucas S. Pereira\" \/>\n<meta name=\"twitter:card\" content=\"summary_large_image\" \/>\n<meta name=\"twitter:label1\" content=\"Escrito por\" \/>\n\t<meta name=\"twitter:data1\" content=\"Ismael Lucas S. Pereira\" \/>\n\t<meta name=\"twitter:label2\" content=\"Est. tempo de leitura\" \/>\n\t<meta name=\"twitter:data2\" content=\"5 minutos\" \/>\n<script type=\"application\/ld+json\" class=\"yoast-schema-graph\">{\"@context\":\"https:\\\/\\\/schema.org\",\"@graph\":[{\"@type\":\"Article\",\"@id\":\"https:\\\/\\\/diariodepe.com.br\\\/cri\\\/2023\\\/09\\\/06\\\/lobista-austriaco-afronta-territorios-do-sul-global\\\/#article\",\"isPartOf\":{\"@id\":\"https:\\\/\\\/diariodepe.com.br\\\/cri\\\/2023\\\/09\\\/06\\\/lobista-austriaco-afronta-territorios-do-sul-global\\\/\"},\"author\":{\"name\":\"Ismael Lucas S. Pereira\",\"@id\":\"https:\\\/\\\/diariodepe.com.br\\\/cri\\\/#\\\/schema\\\/person\\\/121bb28d84f1a5b1205ef4ce9c2e0c6b\"},\"headline\":\"Lobista austr\u00edaco afronta territ\u00f3rios do Sul Global\",\"datePublished\":\"2023-09-06T03:22:50+00:00\",\"mainEntityOfPage\":{\"@id\":\"https:\\\/\\\/diariodepe.com.br\\\/cri\\\/2023\\\/09\\\/06\\\/lobista-austriaco-afronta-territorios-do-sul-global\\\/\"},\"wordCount\":909,\"commentCount\":0,\"publisher\":{\"@id\":\"https:\\\/\\\/diariodepe.com.br\\\/cri\\\/#organization\"},\"image\":{\"@id\":\"https:\\\/\\\/diariodepe.com.br\\\/cri\\\/2023\\\/09\\\/06\\\/lobista-austriaco-afronta-territorios-do-sul-global\\\/#primaryimage\"},\"thumbnailUrl\":\"https:\\\/\\\/diariodepe.com.br\\\/cri\\\/wp-content\\\/uploads\\\/sites\\\/2\\\/2023\\\/09\\\/2023090517502132217.jpg\",\"articleSection\":[\"Destaques Capa\",\"Vis\u00e3o\"],\"inLanguage\":\"pt-BR\",\"potentialAction\":[{\"@type\":\"CommentAction\",\"name\":\"Comment\",\"target\":[\"https:\\\/\\\/diariodepe.com.br\\\/cri\\\/2023\\\/09\\\/06\\\/lobista-austriaco-afronta-territorios-do-sul-global\\\/#respond\"]}]},{\"@type\":\"WebPage\",\"@id\":\"https:\\\/\\\/diariodepe.com.br\\\/cri\\\/2023\\\/09\\\/06\\\/lobista-austriaco-afronta-territorios-do-sul-global\\\/\",\"url\":\"https:\\\/\\\/diariodepe.com.br\\\/cri\\\/2023\\\/09\\\/06\\\/lobista-austriaco-afronta-territorios-do-sul-global\\\/\",\"name\":\"Lobista austr\u00edaco afronta territ\u00f3rios do Sul Global - CRI e Diario de Pernambuco\",\"isPartOf\":{\"@id\":\"https:\\\/\\\/diariodepe.com.br\\\/cri\\\/#website\"},\"primaryImageOfPage\":{\"@id\":\"https:\\\/\\\/diariodepe.com.br\\\/cri\\\/2023\\\/09\\\/06\\\/lobista-austriaco-afronta-territorios-do-sul-global\\\/#primaryimage\"},\"image\":{\"@id\":\"https:\\\/\\\/diariodepe.com.br\\\/cri\\\/2023\\\/09\\\/06\\\/lobista-austriaco-afronta-territorios-do-sul-global\\\/#primaryimage\"},\"thumbnailUrl\":\"https:\\\/\\\/diariodepe.com.br\\\/cri\\\/wp-content\\\/uploads\\\/sites\\\/2\\\/2023\\\/09\\\/2023090517502132217.jpg\",\"datePublished\":\"2023-09-06T03:22:50+00:00\",\"breadcrumb\":{\"@id\":\"https:\\\/\\\/diariodepe.com.br\\\/cri\\\/2023\\\/09\\\/06\\\/lobista-austriaco-afronta-territorios-do-sul-global\\\/#breadcrumb\"},\"inLanguage\":\"pt-BR\",\"potentialAction\":[{\"@type\":\"ReadAction\",\"target\":[\"https:\\\/\\\/diariodepe.com.br\\\/cri\\\/2023\\\/09\\\/06\\\/lobista-austriaco-afronta-territorios-do-sul-global\\\/\"]}]},{\"@type\":\"ImageObject\",\"inLanguage\":\"pt-BR\",\"@id\":\"https:\\\/\\\/diariodepe.com.br\\\/cri\\\/2023\\\/09\\\/06\\\/lobista-austriaco-afronta-territorios-do-sul-global\\\/#primaryimage\",\"url\":\"https:\\\/\\\/diariodepe.com.br\\\/cri\\\/wp-content\\\/uploads\\\/sites\\\/2\\\/2023\\\/09\\\/2023090517502132217.jpg\",\"contentUrl\":\"https:\\\/\\\/diariodepe.com.br\\\/cri\\\/wp-content\\\/uploads\\\/sites\\\/2\\\/2023\\\/09\\\/2023090517502132217.jpg\",\"width\":800,\"height\":532},{\"@type\":\"BreadcrumbList\",\"@id\":\"https:\\\/\\\/diariodepe.com.br\\\/cri\\\/2023\\\/09\\\/06\\\/lobista-austriaco-afronta-territorios-do-sul-global\\\/#breadcrumb\",\"itemListElement\":[{\"@type\":\"ListItem\",\"position\":1,\"name\":\"In\u00edcio\",\"item\":\"https:\\\/\\\/diariodepe.com.br\\\/cri\\\/\"},{\"@type\":\"ListItem\",\"position\":2,\"name\":\"Lobista austr\u00edaco afronta territ\u00f3rios do Sul Global\"}]},{\"@type\":\"WebSite\",\"@id\":\"https:\\\/\\\/diariodepe.com.br\\\/cri\\\/#website\",\"url\":\"https:\\\/\\\/diariodepe.com.br\\\/cri\\\/\",\"name\":\"CRI e Diario de Pernambuco\",\"description\":\"R\u00e1dio Internacional da China\",\"publisher\":{\"@id\":\"https:\\\/\\\/diariodepe.com.br\\\/cri\\\/#organization\"},\"potentialAction\":[{\"@type\":\"SearchAction\",\"target\":{\"@type\":\"EntryPoint\",\"urlTemplate\":\"https:\\\/\\\/diariodepe.com.br\\\/cri\\\/?s={search_term_string}\"},\"query-input\":{\"@type\":\"PropertyValueSpecification\",\"valueRequired\":true,\"valueName\":\"search_term_string\"}}],\"inLanguage\":\"pt-BR\"},{\"@type\":\"Organization\",\"@id\":\"https:\\\/\\\/diariodepe.com.br\\\/cri\\\/#organization\",\"name\":\"CRI e Diario de Pernambuco\",\"url\":\"https:\\\/\\\/diariodepe.com.br\\\/cri\\\/\",\"logo\":{\"@type\":\"ImageObject\",\"inLanguage\":\"pt-BR\",\"@id\":\"https:\\\/\\\/diariodepe.com.br\\\/cri\\\/#\\\/schema\\\/logo\\\/image\\\/\",\"url\":\"https:\\\/\\\/diariodepe.com.br\\\/cri\\\/wp-content\\\/uploads\\\/sites\\\/2\\\/2022\\\/12\\\/cropped-Logo.jpg\",\"contentUrl\":\"https:\\\/\\\/diariodepe.com.br\\\/cri\\\/wp-content\\\/uploads\\\/sites\\\/2\\\/2022\\\/12\\\/cropped-Logo.jpg\",\"width\":700,\"height\":59,\"caption\":\"CRI e Diario de Pernambuco\"},\"image\":{\"@id\":\"https:\\\/\\\/diariodepe.com.br\\\/cri\\\/#\\\/schema\\\/logo\\\/image\\\/\"}},{\"@type\":\"Person\",\"@id\":\"https:\\\/\\\/diariodepe.com.br\\\/cri\\\/#\\\/schema\\\/person\\\/121bb28d84f1a5b1205ef4ce9c2e0c6b\",\"name\":\"Ismael Lucas S. Pereira\",\"image\":{\"@type\":\"ImageObject\",\"inLanguage\":\"pt-BR\",\"@id\":\"https:\\\/\\\/secure.gravatar.com\\\/avatar\\\/887a0f3b5a7ceea963a48499fb883ffce6b5037362def025c52c2505b15d63e4?s=96&d=mm&r=g\",\"url\":\"https:\\\/\\\/secure.gravatar.com\\\/avatar\\\/887a0f3b5a7ceea963a48499fb883ffce6b5037362def025c52c2505b15d63e4?s=96&d=mm&r=g\",\"contentUrl\":\"https:\\\/\\\/secure.gravatar.com\\\/avatar\\\/887a0f3b5a7ceea963a48499fb883ffce6b5037362def025c52c2505b15d63e4?s=96&d=mm&r=g\",\"caption\":\"Ismael Lucas S. Pereira\"},\"url\":\"https:\\\/\\\/diariodepe.com.br\\\/cri\\\/author\\\/ismael-lucas\\\/\"}]}<\/script>\n<!-- \/ Yoast SEO plugin. -->","yoast_head_json":{"title":"Lobista austr\u00edaco afronta territ\u00f3rios do Sul Global - CRI e Diario de Pernambuco","robots":{"index":"index","follow":"follow","max-snippet":"max-snippet:-1","max-image-preview":"max-image-preview:large","max-video-preview":"max-video-preview:-1"},"canonical":"https:\/\/diariodepe.com.br\/cri\/2023\/09\/06\/lobista-austriaco-afronta-territorios-do-sul-global\/","og_locale":"pt_BR","og_type":"article","og_title":"Lobista austr\u00edaco afronta territ\u00f3rios do Sul Global - CRI e Diario de Pernambuco","og_description":"Os pa\u00edses do Brics, que h\u00e1 mais de dez anos deram in\u00edcio ao mais bem-sucedido bloco de alternativa econ\u00f4mica ao Ocidente imperialista desde o fim da Guerra Fria, sofreram nesta semana grave amea\u00e7a \u00e0s suas integridades nacionais. O ativista Gunther...","og_url":"https:\/\/diariodepe.com.br\/cri\/2023\/09\/06\/lobista-austriaco-afronta-territorios-do-sul-global\/","og_site_name":"CRI e Diario de Pernambuco","article_published_time":"2023-09-06T03:22:50+00:00","og_image":[{"width":800,"height":532,"url":"https:\/\/diariodepe.com.br\/cri\/wp-content\/uploads\/sites\/2\/2023\/09\/2023090517502132217.jpg","type":"image\/jpeg"}],"author":"Ismael Lucas S. Pereira","twitter_card":"summary_large_image","twitter_misc":{"Escrito por":"Ismael Lucas S. Pereira","Est. tempo de leitura":"5 minutos"},"schema":{"@context":"https:\/\/schema.org","@graph":[{"@type":"Article","@id":"https:\/\/diariodepe.com.br\/cri\/2023\/09\/06\/lobista-austriaco-afronta-territorios-do-sul-global\/#article","isPartOf":{"@id":"https:\/\/diariodepe.com.br\/cri\/2023\/09\/06\/lobista-austriaco-afronta-territorios-do-sul-global\/"},"author":{"name":"Ismael Lucas S. Pereira","@id":"https:\/\/diariodepe.com.br\/cri\/#\/schema\/person\/121bb28d84f1a5b1205ef4ce9c2e0c6b"},"headline":"Lobista austr\u00edaco afronta territ\u00f3rios do Sul Global","datePublished":"2023-09-06T03:22:50+00:00","mainEntityOfPage":{"@id":"https:\/\/diariodepe.com.br\/cri\/2023\/09\/06\/lobista-austriaco-afronta-territorios-do-sul-global\/"},"wordCount":909,"commentCount":0,"publisher":{"@id":"https:\/\/diariodepe.com.br\/cri\/#organization"},"image":{"@id":"https:\/\/diariodepe.com.br\/cri\/2023\/09\/06\/lobista-austriaco-afronta-territorios-do-sul-global\/#primaryimage"},"thumbnailUrl":"https:\/\/diariodepe.com.br\/cri\/wp-content\/uploads\/sites\/2\/2023\/09\/2023090517502132217.jpg","articleSection":["Destaques Capa","Vis\u00e3o"],"inLanguage":"pt-BR","potentialAction":[{"@type":"CommentAction","name":"Comment","target":["https:\/\/diariodepe.com.br\/cri\/2023\/09\/06\/lobista-austriaco-afronta-territorios-do-sul-global\/#respond"]}]},{"@type":"WebPage","@id":"https:\/\/diariodepe.com.br\/cri\/2023\/09\/06\/lobista-austriaco-afronta-territorios-do-sul-global\/","url":"https:\/\/diariodepe.com.br\/cri\/2023\/09\/06\/lobista-austriaco-afronta-territorios-do-sul-global\/","name":"Lobista austr\u00edaco afronta territ\u00f3rios do Sul Global - CRI e Diario de Pernambuco","isPartOf":{"@id":"https:\/\/diariodepe.com.br\/cri\/#website"},"primaryImageOfPage":{"@id":"https:\/\/diariodepe.com.br\/cri\/2023\/09\/06\/lobista-austriaco-afronta-territorios-do-sul-global\/#primaryimage"},"image":{"@id":"https:\/\/diariodepe.com.br\/cri\/2023\/09\/06\/lobista-austriaco-afronta-territorios-do-sul-global\/#primaryimage"},"thumbnailUrl":"https:\/\/diariodepe.com.br\/cri\/wp-content\/uploads\/sites\/2\/2023\/09\/2023090517502132217.jpg","datePublished":"2023-09-06T03:22:50+00:00","breadcrumb":{"@id":"https:\/\/diariodepe.com.br\/cri\/2023\/09\/06\/lobista-austriaco-afronta-territorios-do-sul-global\/#breadcrumb"},"inLanguage":"pt-BR","potentialAction":[{"@type":"ReadAction","target":["https:\/\/diariodepe.com.br\/cri\/2023\/09\/06\/lobista-austriaco-afronta-territorios-do-sul-global\/"]}]},{"@type":"ImageObject","inLanguage":"pt-BR","@id":"https:\/\/diariodepe.com.br\/cri\/2023\/09\/06\/lobista-austriaco-afronta-territorios-do-sul-global\/#primaryimage","url":"https:\/\/diariodepe.com.br\/cri\/wp-content\/uploads\/sites\/2\/2023\/09\/2023090517502132217.jpg","contentUrl":"https:\/\/diariodepe.com.br\/cri\/wp-content\/uploads\/sites\/2\/2023\/09\/2023090517502132217.jpg","width":800,"height":532},{"@type":"BreadcrumbList","@id":"https:\/\/diariodepe.com.br\/cri\/2023\/09\/06\/lobista-austriaco-afronta-territorios-do-sul-global\/#breadcrumb","itemListElement":[{"@type":"ListItem","position":1,"name":"In\u00edcio","item":"https:\/\/diariodepe.com.br\/cri\/"},{"@type":"ListItem","position":2,"name":"Lobista austr\u00edaco afronta territ\u00f3rios do Sul Global"}]},{"@type":"WebSite","@id":"https:\/\/diariodepe.com.br\/cri\/#website","url":"https:\/\/diariodepe.com.br\/cri\/","name":"CRI e Diario de Pernambuco","description":"R\u00e1dio Internacional da China","publisher":{"@id":"https:\/\/diariodepe.com.br\/cri\/#organization"},"potentialAction":[{"@type":"SearchAction","target":{"@type":"EntryPoint","urlTemplate":"https:\/\/diariodepe.com.br\/cri\/?s={search_term_string}"},"query-input":{"@type":"PropertyValueSpecification","valueRequired":true,"valueName":"search_term_string"}}],"inLanguage":"pt-BR"},{"@type":"Organization","@id":"https:\/\/diariodepe.com.br\/cri\/#organization","name":"CRI e Diario de Pernambuco","url":"https:\/\/diariodepe.com.br\/cri\/","logo":{"@type":"ImageObject","inLanguage":"pt-BR","@id":"https:\/\/diariodepe.com.br\/cri\/#\/schema\/logo\/image\/","url":"https:\/\/diariodepe.com.br\/cri\/wp-content\/uploads\/sites\/2\/2022\/12\/cropped-Logo.jpg","contentUrl":"https:\/\/diariodepe.com.br\/cri\/wp-content\/uploads\/sites\/2\/2022\/12\/cropped-Logo.jpg","width":700,"height":59,"caption":"CRI e Diario de Pernambuco"},"image":{"@id":"https:\/\/diariodepe.com.br\/cri\/#\/schema\/logo\/image\/"}},{"@type":"Person","@id":"https:\/\/diariodepe.com.br\/cri\/#\/schema\/person\/121bb28d84f1a5b1205ef4ce9c2e0c6b","name":"Ismael Lucas S. Pereira","image":{"@type":"ImageObject","inLanguage":"pt-BR","@id":"https:\/\/secure.gravatar.com\/avatar\/887a0f3b5a7ceea963a48499fb883ffce6b5037362def025c52c2505b15d63e4?s=96&d=mm&r=g","url":"https:\/\/secure.gravatar.com\/avatar\/887a0f3b5a7ceea963a48499fb883ffce6b5037362def025c52c2505b15d63e4?s=96&d=mm&r=g","contentUrl":"https:\/\/secure.gravatar.com\/avatar\/887a0f3b5a7ceea963a48499fb883ffce6b5037362def025c52c2505b15d63e4?s=96&d=mm&r=g","caption":"Ismael Lucas S. Pereira"},"url":"https:\/\/diariodepe.com.br\/cri\/author\/ismael-lucas\/"}]}},"cc_featured_image_caption":{"caption_text":false,"source_text":false,"source_url":false},"amp_enabled":true,"_links":{"self":[{"href":"https:\/\/diariodepe.com.br\/cri\/wp-json\/wp\/v2\/posts\/2570","targetHints":{"allow":["GET"]}}],"collection":[{"href":"https:\/\/diariodepe.com.br\/cri\/wp-json\/wp\/v2\/posts"}],"about":[{"href":"https:\/\/diariodepe.com.br\/cri\/wp-json\/wp\/v2\/types\/post"}],"author":[{"embeddable":true,"href":"https:\/\/diariodepe.com.br\/cri\/wp-json\/wp\/v2\/users\/2"}],"replies":[{"embeddable":true,"href":"https:\/\/diariodepe.com.br\/cri\/wp-json\/wp\/v2\/comments?post=2570"}],"version-history":[{"count":1,"href":"https:\/\/diariodepe.com.br\/cri\/wp-json\/wp\/v2\/posts\/2570\/revisions"}],"predecessor-version":[{"id":2572,"href":"https:\/\/diariodepe.com.br\/cri\/wp-json\/wp\/v2\/posts\/2570\/revisions\/2572"}],"wp:featuredmedia":[{"embeddable":true,"href":"https:\/\/diariodepe.com.br\/cri\/wp-json\/wp\/v2\/media\/2571"}],"wp:attachment":[{"href":"https:\/\/diariodepe.com.br\/cri\/wp-json\/wp\/v2\/media?parent=2570"}],"wp:term":[{"taxonomy":"category","embeddable":true,"href":"https:\/\/diariodepe.com.br\/cri\/wp-json\/wp\/v2\/categories?post=2570"},{"taxonomy":"post_tag","embeddable":true,"href":"https:\/\/diariodepe.com.br\/cri\/wp-json\/wp\/v2\/tags?post=2570"}],"curies":[{"name":"wp","href":"https:\/\/api.w.org\/{rel}","templated":true}]}}