{"id":2562,"date":"2023-09-02T09:58:22","date_gmt":"2023-09-02T12:58:22","guid":{"rendered":"https:\/\/diariodepe.com.br\/cri\/?p=2562"},"modified":"2023-09-02T09:58:22","modified_gmt":"2023-09-02T12:58:22","slug":"xi-jinping-discursa-por-video-em-cupula-da-ciftis-2023","status":"publish","type":"post","link":"https:\/\/diariodepe.com.br\/cri\/2023\/09\/02\/xi-jinping-discursa-por-video-em-cupula-da-ciftis-2023\/","title":{"rendered":"Xi Jinping discursa por v\u00eddeo em c\u00fapula da CIFTIS 2023"},"content":{"rendered":"<p>Na manh\u00e3 deste s\u00e1bado (2), o presidente chin\u00eas, Xi Jinping, proferiu um discurso por v\u00eddeo na C\u00fapula Global de Com\u00e9rcio de Servi\u00e7os da Feira Internacional de Com\u00e9rcio de Servi\u00e7os da China 2023 (CIFTIS, na sigla em ingl\u00eas). A CIFTIS 2023, que come\u00e7ou no dia 2 e dura at\u00e9 6 de setembro em Beijing, tem como tema \u201cAbertura orienta o desenvolvimento e a coopera\u00e7\u00e3o para um futuro ganha-ganha.\u201d<\/p>\n<p>Atualmente, as\u00a0grandes mudan\u00e7as\u00a0mundiais s\u00e3o in\u00e9ditas em um\u00a0s\u00e9culo e continuam acelerando, enquanto a economia global carece de impulso para a recupera\u00e7\u00e3o, apontou o l\u00edder chin\u00eas. O com\u00e9rcio de servi\u00e7os \u00e9 uma parte importante do com\u00e9rcio internacional, e essa ind\u00fastria ocupa uma posi\u00e7\u00e3o necess\u00e1ria na coopera\u00e7\u00e3o econ\u00f4mica e comercial internacional. A acelera\u00e7\u00e3o do processo de digitaliza\u00e7\u00e3o, intelig\u00eancia e desenvolvimento verde, bem como o surgimento de novas tecnologias e novos formatos e modelos, injetam uma forte vitalidade na promo\u00e7\u00e3o da globaliza\u00e7\u00e3o, na restaura\u00e7\u00e3o da economia mundial e no refor\u00e7o da resili\u00eancia do crescimento econ\u00f4mico.<\/p>\n<p data-spm-anchor-id=\"0.0.0.i4\">Xi Jinping enfatizou que este ano marca o 45\u00b0 anivers\u00e1rio da reforma e abertura. A China continuar\u00e1 a impulsionar a abertura de alto n\u00edvel e a moderniza\u00e7\u00e3o chinesa motivada pelo desenvolvimento de alta qualidade, de forma a proporcionar novas oportunidades para expans\u00e3o da colabora\u00e7\u00e3o internacional. A China est\u00e1 disposta a trabalhar com outros pa\u00edses para promover a abertura, coopera\u00e7\u00e3o, inova\u00e7\u00e3o e compartilhamento no setor de servi\u00e7os, na tentativa de colocar a economia global no caminho da recupera\u00e7\u00e3o sustentada.<\/p>\n<p>A China criar\u00e1 um ambiente de desenvolvimento mais aberto e inclusivo e expandir\u00e1 uma rede de zonas de livre com\u00e9rcio de alto padr\u00e3o globalmente orientada, al\u00e9m de realizar ativamente negocia\u00e7\u00f5es sobre as listas negativas de com\u00e9rcio e investimento em servi\u00e7os. O pa\u00eds tamb\u00e9m facilitar\u00e1 o acesso ao mercado da ind\u00fastria de servi\u00e7os para expandir de forma ordenada a abertura institucional.<\/p>\n<p>Al\u00e9m disso, a China tamb\u00e9m ir\u00e1 aprofundar sua coopera\u00e7\u00e3o no com\u00e9rcio de servi\u00e7os e no com\u00e9rcio digital com os pa\u00edses do Cintur\u00e3o e Rota,\u00a0com objetivo de promover a facilita\u00e7\u00e3o do fluxo transfronteiri\u00e7o de recursos e elementos e cultivar mais pontos de crescimento da coopera\u00e7\u00e3o econ\u00f4mica.<\/p>\n<p>Segundo Xi Jinping, o pa\u00eds estabelecer\u00e1 um mercado nacional de com\u00e9rcio para a redu\u00e7\u00e3o volunt\u00e1ria de emiss\u00f5es de gases de efeito estufa e apoiar\u00e1 o setor de servi\u00e7os a desempenhar um papel maior no desenvolvimento verde. Al\u00e9m disso, a China tamb\u00e9m vai promover um desenvolvimento integrado do com\u00e9rcio de servi\u00e7os com a ind\u00fastria de servi\u00e7o moderna, a ind\u00fastria de manufatura avan\u00e7ada e a agricultura moderna, a fim de libertar mais vitalidade inovadora.<\/p>\n<p>A China compartilhar\u00e1 com o mundo as conquistas na promo\u00e7\u00e3o da moderniza\u00e7\u00e3o chinesa, se esfor\u00e7ar\u00e1 para expandir a demanda interna e acelerar\u00e1 a constru\u00e7\u00e3o de um mercado interno robusto. O pa\u00eds tamb\u00e9m vai tomar a iniciativa de aumentar suas importa\u00e7\u00f5es de servi\u00e7os de alta qualidade e incentivar mais exporta\u00e7\u00f5es de servi\u00e7os intensivos em conhecimento. A parte chinesa injetar\u00e1 um novo impulso ao desenvolvimento global com as oportunidades geradas pelo vasto mercado, enquanto fornecer\u00e1 ao mundo mais e melhores servi\u00e7os por meio do desenvolvimento de alta qualidade.<\/p>\n<p>O l\u00edder chin\u00eas apelou para os esfor\u00e7os conjuntos a fim de salvaguardar o livre com\u00e9rcio e o sistema comercial multilateral, de forma a trabalhar em conjunto para criar um mundo melhor e mais pr\u00f3spero.<\/p>\n","protected":false},"excerpt":{"rendered":"<p>Na manh\u00e3 deste s\u00e1bado (2), o presidente chin\u00eas, Xi Jinping, proferiu um discurso por v\u00eddeo na C\u00fapula Global de Com\u00e9rcio de Servi\u00e7os da Feira Internacional de Com\u00e9rcio de Servi\u00e7os da China 2023 (CIFTIS, na sigla em ingl\u00eas). A CIFTIS 2023,&#8230;<\/p>\n","protected":false},"author":2,"featured_media":2563,"comment_status":"open","ping_status":"open","sticky":false,"template":"","format":"standard","meta":{"footnotes":""},"categories":[3,5],"tags":[],"class_list":["post-2562","post","type-post","status-publish","format-standard","has-post-thumbnail","hentry","category-china","category-destaques-capa"],"yoast_head":"<!-- This site is optimized with the Yoast SEO plugin v27.4 - https:\/\/yoast.com\/product\/yoast-seo-wordpress\/ -->\n<title>Xi Jinping discursa por v\u00eddeo em c\u00fapula da CIFTIS 2023 - CRI e Diario de Pernambuco<\/title>\n<meta name=\"robots\" content=\"index, follow, max-snippet:-1, max-image-preview:large, max-video-preview:-1\" \/>\n<link rel=\"canonical\" href=\"https:\/\/diariodepe.com.br\/cri\/2023\/09\/02\/xi-jinping-discursa-por-video-em-cupula-da-ciftis-2023\/\" \/>\n<meta property=\"og:locale\" content=\"pt_BR\" \/>\n<meta property=\"og:type\" content=\"article\" \/>\n<meta property=\"og:title\" content=\"Xi Jinping discursa por v\u00eddeo em c\u00fapula da CIFTIS 2023 - CRI e Diario de Pernambuco\" \/>\n<meta property=\"og:description\" content=\"Na manh\u00e3 deste s\u00e1bado (2), o presidente chin\u00eas, Xi Jinping, proferiu um discurso por v\u00eddeo na C\u00fapula Global de Com\u00e9rcio de Servi\u00e7os da Feira Internacional de Com\u00e9rcio de Servi\u00e7os da China 2023 (CIFTIS, na sigla em ingl\u00eas). A CIFTIS 2023,...\" \/>\n<meta property=\"og:url\" content=\"https:\/\/diariodepe.com.br\/cri\/2023\/09\/02\/xi-jinping-discursa-por-video-em-cupula-da-ciftis-2023\/\" \/>\n<meta property=\"og:site_name\" content=\"CRI e Diario de Pernambuco\" \/>\n<meta property=\"article:published_time\" content=\"2023-09-02T12:58:22+00:00\" \/>\n<meta property=\"og:image\" content=\"https:\/\/diariodepe.com.br\/cri\/wp-content\/uploads\/sites\/2\/2023\/09\/2023090219381895011.jpg\" \/>\n\t<meta property=\"og:image:width\" content=\"900\" \/>\n\t<meta property=\"og:image:height\" content=\"527\" \/>\n\t<meta property=\"og:image:type\" content=\"image\/jpeg\" \/>\n<meta name=\"author\" content=\"Ismael Lucas S. Pereira\" \/>\n<meta name=\"twitter:card\" content=\"summary_large_image\" \/>\n<meta name=\"twitter:label1\" content=\"Escrito por\" \/>\n\t<meta name=\"twitter:data1\" content=\"Ismael Lucas S. Pereira\" \/>\n\t<meta name=\"twitter:label2\" content=\"Est. tempo de leitura\" \/>\n\t<meta name=\"twitter:data2\" content=\"3 minutos\" \/>\n<script type=\"application\/ld+json\" class=\"yoast-schema-graph\">{\"@context\":\"https:\\\/\\\/schema.org\",\"@graph\":[{\"@type\":\"Article\",\"@id\":\"https:\\\/\\\/diariodepe.com.br\\\/cri\\\/2023\\\/09\\\/02\\\/xi-jinping-discursa-por-video-em-cupula-da-ciftis-2023\\\/#article\",\"isPartOf\":{\"@id\":\"https:\\\/\\\/diariodepe.com.br\\\/cri\\\/2023\\\/09\\\/02\\\/xi-jinping-discursa-por-video-em-cupula-da-ciftis-2023\\\/\"},\"author\":{\"name\":\"Ismael Lucas S. Pereira\",\"@id\":\"https:\\\/\\\/diariodepe.com.br\\\/cri\\\/#\\\/schema\\\/person\\\/121bb28d84f1a5b1205ef4ce9c2e0c6b\"},\"headline\":\"Xi Jinping discursa por v\u00eddeo em c\u00fapula da CIFTIS 2023\",\"datePublished\":\"2023-09-02T12:58:22+00:00\",\"mainEntityOfPage\":{\"@id\":\"https:\\\/\\\/diariodepe.com.br\\\/cri\\\/2023\\\/09\\\/02\\\/xi-jinping-discursa-por-video-em-cupula-da-ciftis-2023\\\/\"},\"wordCount\":638,\"commentCount\":0,\"publisher\":{\"@id\":\"https:\\\/\\\/diariodepe.com.br\\\/cri\\\/#organization\"},\"image\":{\"@id\":\"https:\\\/\\\/diariodepe.com.br\\\/cri\\\/2023\\\/09\\\/02\\\/xi-jinping-discursa-por-video-em-cupula-da-ciftis-2023\\\/#primaryimage\"},\"thumbnailUrl\":\"https:\\\/\\\/diariodepe.com.br\\\/cri\\\/wp-content\\\/uploads\\\/sites\\\/2\\\/2023\\\/09\\\/2023090219381895011.jpg\",\"articleSection\":[\"China\",\"Destaques Capa\"],\"inLanguage\":\"pt-BR\",\"potentialAction\":[{\"@type\":\"CommentAction\",\"name\":\"Comment\",\"target\":[\"https:\\\/\\\/diariodepe.com.br\\\/cri\\\/2023\\\/09\\\/02\\\/xi-jinping-discursa-por-video-em-cupula-da-ciftis-2023\\\/#respond\"]}]},{\"@type\":\"WebPage\",\"@id\":\"https:\\\/\\\/diariodepe.com.br\\\/cri\\\/2023\\\/09\\\/02\\\/xi-jinping-discursa-por-video-em-cupula-da-ciftis-2023\\\/\",\"url\":\"https:\\\/\\\/diariodepe.com.br\\\/cri\\\/2023\\\/09\\\/02\\\/xi-jinping-discursa-por-video-em-cupula-da-ciftis-2023\\\/\",\"name\":\"Xi Jinping discursa por v\u00eddeo em c\u00fapula da CIFTIS 2023 - CRI e Diario de Pernambuco\",\"isPartOf\":{\"@id\":\"https:\\\/\\\/diariodepe.com.br\\\/cri\\\/#website\"},\"primaryImageOfPage\":{\"@id\":\"https:\\\/\\\/diariodepe.com.br\\\/cri\\\/2023\\\/09\\\/02\\\/xi-jinping-discursa-por-video-em-cupula-da-ciftis-2023\\\/#primaryimage\"},\"image\":{\"@id\":\"https:\\\/\\\/diariodepe.com.br\\\/cri\\\/2023\\\/09\\\/02\\\/xi-jinping-discursa-por-video-em-cupula-da-ciftis-2023\\\/#primaryimage\"},\"thumbnailUrl\":\"https:\\\/\\\/diariodepe.com.br\\\/cri\\\/wp-content\\\/uploads\\\/sites\\\/2\\\/2023\\\/09\\\/2023090219381895011.jpg\",\"datePublished\":\"2023-09-02T12:58:22+00:00\",\"breadcrumb\":{\"@id\":\"https:\\\/\\\/diariodepe.com.br\\\/cri\\\/2023\\\/09\\\/02\\\/xi-jinping-discursa-por-video-em-cupula-da-ciftis-2023\\\/#breadcrumb\"},\"inLanguage\":\"pt-BR\",\"potentialAction\":[{\"@type\":\"ReadAction\",\"target\":[\"https:\\\/\\\/diariodepe.com.br\\\/cri\\\/2023\\\/09\\\/02\\\/xi-jinping-discursa-por-video-em-cupula-da-ciftis-2023\\\/\"]}]},{\"@type\":\"ImageObject\",\"inLanguage\":\"pt-BR\",\"@id\":\"https:\\\/\\\/diariodepe.com.br\\\/cri\\\/2023\\\/09\\\/02\\\/xi-jinping-discursa-por-video-em-cupula-da-ciftis-2023\\\/#primaryimage\",\"url\":\"https:\\\/\\\/diariodepe.com.br\\\/cri\\\/wp-content\\\/uploads\\\/sites\\\/2\\\/2023\\\/09\\\/2023090219381895011.jpg\",\"contentUrl\":\"https:\\\/\\\/diariodepe.com.br\\\/cri\\\/wp-content\\\/uploads\\\/sites\\\/2\\\/2023\\\/09\\\/2023090219381895011.jpg\",\"width\":900,\"height\":527},{\"@type\":\"BreadcrumbList\",\"@id\":\"https:\\\/\\\/diariodepe.com.br\\\/cri\\\/2023\\\/09\\\/02\\\/xi-jinping-discursa-por-video-em-cupula-da-ciftis-2023\\\/#breadcrumb\",\"itemListElement\":[{\"@type\":\"ListItem\",\"position\":1,\"name\":\"In\u00edcio\",\"item\":\"https:\\\/\\\/diariodepe.com.br\\\/cri\\\/\"},{\"@type\":\"ListItem\",\"position\":2,\"name\":\"Xi Jinping discursa por v\u00eddeo em c\u00fapula da CIFTIS 2023\"}]},{\"@type\":\"WebSite\",\"@id\":\"https:\\\/\\\/diariodepe.com.br\\\/cri\\\/#website\",\"url\":\"https:\\\/\\\/diariodepe.com.br\\\/cri\\\/\",\"name\":\"CRI e Diario de Pernambuco\",\"description\":\"R\u00e1dio Internacional da China\",\"publisher\":{\"@id\":\"https:\\\/\\\/diariodepe.com.br\\\/cri\\\/#organization\"},\"potentialAction\":[{\"@type\":\"SearchAction\",\"target\":{\"@type\":\"EntryPoint\",\"urlTemplate\":\"https:\\\/\\\/diariodepe.com.br\\\/cri\\\/?s={search_term_string}\"},\"query-input\":{\"@type\":\"PropertyValueSpecification\",\"valueRequired\":true,\"valueName\":\"search_term_string\"}}],\"inLanguage\":\"pt-BR\"},{\"@type\":\"Organization\",\"@id\":\"https:\\\/\\\/diariodepe.com.br\\\/cri\\\/#organization\",\"name\":\"CRI e Diario de Pernambuco\",\"url\":\"https:\\\/\\\/diariodepe.com.br\\\/cri\\\/\",\"logo\":{\"@type\":\"ImageObject\",\"inLanguage\":\"pt-BR\",\"@id\":\"https:\\\/\\\/diariodepe.com.br\\\/cri\\\/#\\\/schema\\\/logo\\\/image\\\/\",\"url\":\"https:\\\/\\\/diariodepe.com.br\\\/cri\\\/wp-content\\\/uploads\\\/sites\\\/2\\\/2022\\\/12\\\/cropped-Logo.jpg\",\"contentUrl\":\"https:\\\/\\\/diariodepe.com.br\\\/cri\\\/wp-content\\\/uploads\\\/sites\\\/2\\\/2022\\\/12\\\/cropped-Logo.jpg\",\"width\":700,\"height\":59,\"caption\":\"CRI e Diario de Pernambuco\"},\"image\":{\"@id\":\"https:\\\/\\\/diariodepe.com.br\\\/cri\\\/#\\\/schema\\\/logo\\\/image\\\/\"}},{\"@type\":\"Person\",\"@id\":\"https:\\\/\\\/diariodepe.com.br\\\/cri\\\/#\\\/schema\\\/person\\\/121bb28d84f1a5b1205ef4ce9c2e0c6b\",\"name\":\"Ismael Lucas S. Pereira\",\"image\":{\"@type\":\"ImageObject\",\"inLanguage\":\"pt-BR\",\"@id\":\"https:\\\/\\\/secure.gravatar.com\\\/avatar\\\/887a0f3b5a7ceea963a48499fb883ffce6b5037362def025c52c2505b15d63e4?s=96&d=mm&r=g\",\"url\":\"https:\\\/\\\/secure.gravatar.com\\\/avatar\\\/887a0f3b5a7ceea963a48499fb883ffce6b5037362def025c52c2505b15d63e4?s=96&d=mm&r=g\",\"contentUrl\":\"https:\\\/\\\/secure.gravatar.com\\\/avatar\\\/887a0f3b5a7ceea963a48499fb883ffce6b5037362def025c52c2505b15d63e4?s=96&d=mm&r=g\",\"caption\":\"Ismael Lucas S. Pereira\"},\"url\":\"https:\\\/\\\/diariodepe.com.br\\\/cri\\\/author\\\/ismael-lucas\\\/\"}]}<\/script>\n<!-- \/ Yoast SEO plugin. -->","yoast_head_json":{"title":"Xi Jinping discursa por v\u00eddeo em c\u00fapula da CIFTIS 2023 - CRI e Diario de Pernambuco","robots":{"index":"index","follow":"follow","max-snippet":"max-snippet:-1","max-image-preview":"max-image-preview:large","max-video-preview":"max-video-preview:-1"},"canonical":"https:\/\/diariodepe.com.br\/cri\/2023\/09\/02\/xi-jinping-discursa-por-video-em-cupula-da-ciftis-2023\/","og_locale":"pt_BR","og_type":"article","og_title":"Xi Jinping discursa por v\u00eddeo em c\u00fapula da CIFTIS 2023 - CRI e Diario de Pernambuco","og_description":"Na manh\u00e3 deste s\u00e1bado (2), o presidente chin\u00eas, Xi Jinping, proferiu um discurso por v\u00eddeo na C\u00fapula Global de Com\u00e9rcio de Servi\u00e7os da Feira Internacional de Com\u00e9rcio de Servi\u00e7os da China 2023 (CIFTIS, na sigla em ingl\u00eas). A CIFTIS 2023,...","og_url":"https:\/\/diariodepe.com.br\/cri\/2023\/09\/02\/xi-jinping-discursa-por-video-em-cupula-da-ciftis-2023\/","og_site_name":"CRI e Diario de Pernambuco","article_published_time":"2023-09-02T12:58:22+00:00","og_image":[{"width":900,"height":527,"url":"https:\/\/diariodepe.com.br\/cri\/wp-content\/uploads\/sites\/2\/2023\/09\/2023090219381895011.jpg","type":"image\/jpeg"}],"author":"Ismael Lucas S. Pereira","twitter_card":"summary_large_image","twitter_misc":{"Escrito por":"Ismael Lucas S. Pereira","Est. tempo de leitura":"3 minutos"},"schema":{"@context":"https:\/\/schema.org","@graph":[{"@type":"Article","@id":"https:\/\/diariodepe.com.br\/cri\/2023\/09\/02\/xi-jinping-discursa-por-video-em-cupula-da-ciftis-2023\/#article","isPartOf":{"@id":"https:\/\/diariodepe.com.br\/cri\/2023\/09\/02\/xi-jinping-discursa-por-video-em-cupula-da-ciftis-2023\/"},"author":{"name":"Ismael Lucas S. Pereira","@id":"https:\/\/diariodepe.com.br\/cri\/#\/schema\/person\/121bb28d84f1a5b1205ef4ce9c2e0c6b"},"headline":"Xi Jinping discursa por v\u00eddeo em c\u00fapula da CIFTIS 2023","datePublished":"2023-09-02T12:58:22+00:00","mainEntityOfPage":{"@id":"https:\/\/diariodepe.com.br\/cri\/2023\/09\/02\/xi-jinping-discursa-por-video-em-cupula-da-ciftis-2023\/"},"wordCount":638,"commentCount":0,"publisher":{"@id":"https:\/\/diariodepe.com.br\/cri\/#organization"},"image":{"@id":"https:\/\/diariodepe.com.br\/cri\/2023\/09\/02\/xi-jinping-discursa-por-video-em-cupula-da-ciftis-2023\/#primaryimage"},"thumbnailUrl":"https:\/\/diariodepe.com.br\/cri\/wp-content\/uploads\/sites\/2\/2023\/09\/2023090219381895011.jpg","articleSection":["China","Destaques Capa"],"inLanguage":"pt-BR","potentialAction":[{"@type":"CommentAction","name":"Comment","target":["https:\/\/diariodepe.com.br\/cri\/2023\/09\/02\/xi-jinping-discursa-por-video-em-cupula-da-ciftis-2023\/#respond"]}]},{"@type":"WebPage","@id":"https:\/\/diariodepe.com.br\/cri\/2023\/09\/02\/xi-jinping-discursa-por-video-em-cupula-da-ciftis-2023\/","url":"https:\/\/diariodepe.com.br\/cri\/2023\/09\/02\/xi-jinping-discursa-por-video-em-cupula-da-ciftis-2023\/","name":"Xi Jinping discursa por v\u00eddeo em c\u00fapula da CIFTIS 2023 - CRI e Diario de Pernambuco","isPartOf":{"@id":"https:\/\/diariodepe.com.br\/cri\/#website"},"primaryImageOfPage":{"@id":"https:\/\/diariodepe.com.br\/cri\/2023\/09\/02\/xi-jinping-discursa-por-video-em-cupula-da-ciftis-2023\/#primaryimage"},"image":{"@id":"https:\/\/diariodepe.com.br\/cri\/2023\/09\/02\/xi-jinping-discursa-por-video-em-cupula-da-ciftis-2023\/#primaryimage"},"thumbnailUrl":"https:\/\/diariodepe.com.br\/cri\/wp-content\/uploads\/sites\/2\/2023\/09\/2023090219381895011.jpg","datePublished":"2023-09-02T12:58:22+00:00","breadcrumb":{"@id":"https:\/\/diariodepe.com.br\/cri\/2023\/09\/02\/xi-jinping-discursa-por-video-em-cupula-da-ciftis-2023\/#breadcrumb"},"inLanguage":"pt-BR","potentialAction":[{"@type":"ReadAction","target":["https:\/\/diariodepe.com.br\/cri\/2023\/09\/02\/xi-jinping-discursa-por-video-em-cupula-da-ciftis-2023\/"]}]},{"@type":"ImageObject","inLanguage":"pt-BR","@id":"https:\/\/diariodepe.com.br\/cri\/2023\/09\/02\/xi-jinping-discursa-por-video-em-cupula-da-ciftis-2023\/#primaryimage","url":"https:\/\/diariodepe.com.br\/cri\/wp-content\/uploads\/sites\/2\/2023\/09\/2023090219381895011.jpg","contentUrl":"https:\/\/diariodepe.com.br\/cri\/wp-content\/uploads\/sites\/2\/2023\/09\/2023090219381895011.jpg","width":900,"height":527},{"@type":"BreadcrumbList","@id":"https:\/\/diariodepe.com.br\/cri\/2023\/09\/02\/xi-jinping-discursa-por-video-em-cupula-da-ciftis-2023\/#breadcrumb","itemListElement":[{"@type":"ListItem","position":1,"name":"In\u00edcio","item":"https:\/\/diariodepe.com.br\/cri\/"},{"@type":"ListItem","position":2,"name":"Xi Jinping discursa por v\u00eddeo em c\u00fapula da CIFTIS 2023"}]},{"@type":"WebSite","@id":"https:\/\/diariodepe.com.br\/cri\/#website","url":"https:\/\/diariodepe.com.br\/cri\/","name":"CRI e Diario de Pernambuco","description":"R\u00e1dio Internacional da China","publisher":{"@id":"https:\/\/diariodepe.com.br\/cri\/#organization"},"potentialAction":[{"@type":"SearchAction","target":{"@type":"EntryPoint","urlTemplate":"https:\/\/diariodepe.com.br\/cri\/?s={search_term_string}"},"query-input":{"@type":"PropertyValueSpecification","valueRequired":true,"valueName":"search_term_string"}}],"inLanguage":"pt-BR"},{"@type":"Organization","@id":"https:\/\/diariodepe.com.br\/cri\/#organization","name":"CRI e Diario de Pernambuco","url":"https:\/\/diariodepe.com.br\/cri\/","logo":{"@type":"ImageObject","inLanguage":"pt-BR","@id":"https:\/\/diariodepe.com.br\/cri\/#\/schema\/logo\/image\/","url":"https:\/\/diariodepe.com.br\/cri\/wp-content\/uploads\/sites\/2\/2022\/12\/cropped-Logo.jpg","contentUrl":"https:\/\/diariodepe.com.br\/cri\/wp-content\/uploads\/sites\/2\/2022\/12\/cropped-Logo.jpg","width":700,"height":59,"caption":"CRI e Diario de Pernambuco"},"image":{"@id":"https:\/\/diariodepe.com.br\/cri\/#\/schema\/logo\/image\/"}},{"@type":"Person","@id":"https:\/\/diariodepe.com.br\/cri\/#\/schema\/person\/121bb28d84f1a5b1205ef4ce9c2e0c6b","name":"Ismael Lucas S. Pereira","image":{"@type":"ImageObject","inLanguage":"pt-BR","@id":"https:\/\/secure.gravatar.com\/avatar\/887a0f3b5a7ceea963a48499fb883ffce6b5037362def025c52c2505b15d63e4?s=96&d=mm&r=g","url":"https:\/\/secure.gravatar.com\/avatar\/887a0f3b5a7ceea963a48499fb883ffce6b5037362def025c52c2505b15d63e4?s=96&d=mm&r=g","contentUrl":"https:\/\/secure.gravatar.com\/avatar\/887a0f3b5a7ceea963a48499fb883ffce6b5037362def025c52c2505b15d63e4?s=96&d=mm&r=g","caption":"Ismael Lucas S. Pereira"},"url":"https:\/\/diariodepe.com.br\/cri\/author\/ismael-lucas\/"}]}},"cc_featured_image_caption":{"caption_text":false,"source_text":false,"source_url":false},"amp_enabled":true,"_links":{"self":[{"href":"https:\/\/diariodepe.com.br\/cri\/wp-json\/wp\/v2\/posts\/2562","targetHints":{"allow":["GET"]}}],"collection":[{"href":"https:\/\/diariodepe.com.br\/cri\/wp-json\/wp\/v2\/posts"}],"about":[{"href":"https:\/\/diariodepe.com.br\/cri\/wp-json\/wp\/v2\/types\/post"}],"author":[{"embeddable":true,"href":"https:\/\/diariodepe.com.br\/cri\/wp-json\/wp\/v2\/users\/2"}],"replies":[{"embeddable":true,"href":"https:\/\/diariodepe.com.br\/cri\/wp-json\/wp\/v2\/comments?post=2562"}],"version-history":[{"count":1,"href":"https:\/\/diariodepe.com.br\/cri\/wp-json\/wp\/v2\/posts\/2562\/revisions"}],"predecessor-version":[{"id":2564,"href":"https:\/\/diariodepe.com.br\/cri\/wp-json\/wp\/v2\/posts\/2562\/revisions\/2564"}],"wp:featuredmedia":[{"embeddable":true,"href":"https:\/\/diariodepe.com.br\/cri\/wp-json\/wp\/v2\/media\/2563"}],"wp:attachment":[{"href":"https:\/\/diariodepe.com.br\/cri\/wp-json\/wp\/v2\/media?parent=2562"}],"wp:term":[{"taxonomy":"category","embeddable":true,"href":"https:\/\/diariodepe.com.br\/cri\/wp-json\/wp\/v2\/categories?post=2562"},{"taxonomy":"post_tag","embeddable":true,"href":"https:\/\/diariodepe.com.br\/cri\/wp-json\/wp\/v2\/tags?post=2562"}],"curies":[{"name":"wp","href":"https:\/\/api.w.org\/{rel}","templated":true}]}}