{"id":2560,"date":"2023-09-01T10:37:28","date_gmt":"2023-09-01T13:37:28","guid":{"rendered":"https:\/\/diariodepe.com.br\/cri\/?p=2560"},"modified":"2023-09-01T10:37:28","modified_gmt":"2023-09-01T13:37:28","slug":"voz-do-brics-mais-ouvida-pelo-mundo","status":"publish","type":"post","link":"https:\/\/diariodepe.com.br\/cri\/2023\/09\/01\/voz-do-brics-mais-ouvida-pelo-mundo\/","title":{"rendered":"Voz do BRICS, mais Ouvida pelo Mundo"},"content":{"rendered":"<p>Hist\u00f3ria foi escrita em Joanesburgo este agosto. A C\u00fapula do BRICS teve lugar na \u00c1frica pela terceira vez, e os l\u00edderes da China e da \u00c1frica se reuniram de forma presencial ap\u00f3s cinco anos. Juntos, contribu\u00edram para a constru\u00e7\u00e3o de novos consensos sobre a coopera\u00e7\u00e3o Sul-Sul, a forma\u00e7\u00e3o conjunta da comunidade com um futuro compartilhado China-\u00c1frica de alto n\u00edvel e injetaram energia positiva na paz e desenvolvimento.<\/p>\n<p>Um novo ponto de partida para a coopera\u00e7\u00e3o do BRICS<\/p>\n<p>O BRICS iniciou o processo de expans\u00e3o com base em consensos no ano passado, durante a presid\u00eancia chinesa do mecanismo. Foi anunciado, na C\u00fapula na \u00c1frica do Sul,o convite \u00e0 Ar\u00e1bia Saudita, o Eg\u00edpto, os Emirados \u00c1rabes Unidos, a Argentina, o Ir\u00e3 e a Eti\u00f3pia para a fam\u00edlia do BRICS como membros oficiais.<\/p>\n<p>\u00c9 um momento hist\u00f3rico do desenvolvimento do BRICS. \u00c9 um novo ponto de partida da coopera\u00e7\u00e3o do BRICS. De cinco a onze pa\u00edses, a fam\u00edlia do BRICS tem mais membros, maior representa\u00e7\u00e3o geogr\u00e1fica e mais espa\u00e7o de coopera\u00e7\u00e3o. Mais efetivamente promover\u00e1 a multipolariza\u00e7\u00e3o global e a democratiza\u00e7\u00e3o das rela\u00e7\u00f5es internacionais, ajudar\u00e1 a transformar as estruturas de governan\u00e7a pol\u00edtica-econ\u00f4mica global mais justas e equitativas, e aumentar\u00e1 a representa\u00e7\u00e3o e a voz dos mercados emergentes e pa\u00edses em desenvolviemnto nos assuntos internacionais.<\/p>\n<p>Um novo cap\u00edtulo para o Sul Global<\/p>\n<p>O BRICS nasceu na tend\u00eancia hist\u00f3rica da ascens\u00e3o coletiva dos mercados emergentes e pa\u00edses em desenvolvimento, e \u00e9 uma plataforma importante de solidariedade e coopera\u00e7\u00e3o para os pa\u00edses em desenvolvimento. O seu fortalecimento \u00e9 bem acolhido pela grande maioria dos pa\u00edses. No entanto, certos pa\u00edses, obcecados pela mentalidade da Guerra Fria, desprezam a coopera\u00e7\u00e3o do BRICS e tentam o dividir. Por\u00e9m, a presen\u00e7a de mais de 60 l\u00edderes de pa\u00edses africanos, mercados emergentes e pa\u00edses em desenvolvimento na C\u00fapula na \u00c1frica do Sul, demonstra que a coopera\u00e7\u00e3o do BRICS continua sendo atraente e inspiradora\uff0cdando uma resposta contundente aos ru\u00eddos e \u00e0s difama\u00e7\u00f5es.<\/p>\n<p>Perante o surgimento incessante de turbul\u00eancia, tranforma\u00e7\u00e3o, riscos e desafios no mundo atual, os pa\u00edses em desenvolvimento, despertados de maneira coletiva, t\u00eam crescente vontade de buscar a uni\u00e3o e o progresso e de se opor \u00e0 interfer\u00eancia estrangeira. O desenvolvimento pujante do BRICS contribui para a expans\u00e3o da plataforma para a coopera\u00e7\u00e3o Sul-Sul, o fortalecimento das for\u00e7as defensoras da paz e a amplia\u00e7\u00e3o da frente mundial pela justi\u00e7a. \u00c9 mais um marco importante da solidariedade e coopera\u00e7\u00e3o dos pa\u00edses em desenvolvimento, aumentar\u00e1 ainda mais a representa\u00e7\u00e3o e a voz do Sul Global na governan\u00e7a global e fortalecer\u00e1 a confian\u00e7a do Sul Global em realizar desenvolvimento atrav\u00e9s da uni\u00e3o.<\/p>\n<p>Um novo horizonte para a moderniza\u00e7\u00e3o global<\/p>\n<p>Quem \u00e9 o verdadeiro amigo? Quem \u00e9 o verdadeiro parceiro? O presidente Xi Jinping ressaltou que a China sempre respira o mesmo ar e compartilha a mesma sorte com os pa\u00edses em desenvolvimento, e destacou que a China foi, \u00e9 e ser\u00e1 sempre um dos pa\u00edses em desenvolvimento.<\/p>\n<p>Esta declara\u00e7\u00e3o solene foi plenamente expressa nas rela\u00e7\u00f5es China-\u00c1frica. Na \u00faltima d\u00e9cada, a China tem ajudado para a constru\u00e7\u00e3o de mais de 6.000 quil\u00f4metros de ferrovias, mais de 6.000 quil\u00f4metros de estradas e mais de 80 grandes instala\u00e7\u00f5es de energia el\u00e9trica. Estas a\u00e7\u00f5es concretas provam que a China \u00e9 um amigo confi\u00e1vel para a \u00c1frica e uma companheira da \u00c1frica no caminho de moderniza\u00e7\u00e3o.<\/p>\n<p>Desta vez em Joanesburgo, a China anunciou que criar\u00e1 um fundo especial dedicado \u00e0 implementa\u00e7\u00e3o da IDG para garantir que no processo da moderniza\u00e7\u00e3o global, nenhum pa\u00eds \u00e9 deixado para tr\u00e1s. Apresentou tr\u00eas propostas pr\u00e1ticas no Di\u00e1logo dos L\u00edderes China-\u00c1frica, nomeadamente a Iniciativa de Apoio \u00e0 Industraliza\u00e7\u00e3o da \u00c1frica, o Plano de Apoio Chin\u00eas \u00e0 Moderniza\u00e7\u00e3o Agr\u00edcola da \u00c1frica e o Plano da Coopera\u00e7\u00e3o China-\u00c1frica no Desenvolvimento do Talento, com o objetivo de ajudar a \u00c1frica a levar a sua moderniza\u00e7\u00e3o \u00e0 faixa r\u00e1pida. Os l\u00edderes africanos expressaram o firme apoio \u00e0 Iniciativa para o Desenvolvimento Global (IDG), Iniciativa para a Seguran\u00e7a Global (ISG) e Iniciativa para a Civiliza\u00e7\u00e3o Global (ICG), todas apresentadas pela China, e reiteraram o compromisso de dar continuidade \u00e0 promo\u00e7\u00e3o da coopera\u00e7\u00e3o conjunta de alta qualidade do Cintur\u00e3o e Rota. Tudo isto \u00e9 demonstra\u00e7\u00e3o da firme determina\u00e7\u00e3o da China e da \u00c1frica para avan\u00e7ar de m\u00e3os dadas rumo \u00e0 moderniza\u00e7\u00e3o.<\/p>\n<p>Como diz um prov\u00e9rbio africano, \u201cse quer ir r\u00e1pido, v\u00e1 sozinho; se quer ir longe, v\u00e1 em grupo.\u201d No futuro, a grande fam\u00edlia do BRICS continua se cooperando para expandir o modelo \u201cBRICS Plus\u201d, enfrentar desafios comuns com um senso de miss\u00e3o compartilhado, abrir um futuro melhor com prop\u00f3sito comum, avan\u00e7ar juntos na jornada \u00e0 moderniza\u00e7\u00e3o e escrever o novo cap\u00edtulo da busca de desenvolvimento mediante solidariedade e coopera\u00e7\u00e3o dos mercados emergentes e pa\u00edses em desenvolvimento.<\/p>\n<p>(O autor \u00e9 um observador de assuntos internacionais em Beijing)<\/p>\n","protected":false},"excerpt":{"rendered":"<p>Hist\u00f3ria foi escrita em Joanesburgo este agosto. A C\u00fapula do BRICS teve lugar na \u00c1frica pela terceira vez, e os l\u00edderes da China e da \u00c1frica se reuniram de forma presencial ap\u00f3s cinco anos. Juntos, contribu\u00edram para a constru\u00e7\u00e3o de&#8230;<\/p>\n","protected":false},"author":2,"featured_media":0,"comment_status":"open","ping_status":"open","sticky":false,"template":"","format":"standard","meta":{"footnotes":""},"categories":[7],"tags":[],"class_list":["post-2560","post","type-post","status-publish","format-standard","hentry","category-visao"],"yoast_head":"<!-- This site is optimized with the Yoast SEO plugin v27.4 - https:\/\/yoast.com\/product\/yoast-seo-wordpress\/ -->\n<title>Voz do BRICS, mais Ouvida pelo Mundo - CRI e Diario de Pernambuco<\/title>\n<meta name=\"robots\" content=\"index, follow, max-snippet:-1, max-image-preview:large, max-video-preview:-1\" \/>\n<link rel=\"canonical\" href=\"https:\/\/diariodepe.com.br\/cri\/2023\/09\/01\/voz-do-brics-mais-ouvida-pelo-mundo\/\" \/>\n<meta property=\"og:locale\" content=\"pt_BR\" \/>\n<meta property=\"og:type\" content=\"article\" \/>\n<meta property=\"og:title\" content=\"Voz do BRICS, mais Ouvida pelo Mundo - CRI e Diario de Pernambuco\" \/>\n<meta property=\"og:description\" content=\"Hist\u00f3ria foi escrita em Joanesburgo este agosto. A C\u00fapula do BRICS teve lugar na \u00c1frica pela terceira vez, e os l\u00edderes da China e da \u00c1frica se reuniram de forma presencial ap\u00f3s cinco anos. Juntos, contribu\u00edram para a constru\u00e7\u00e3o de...\" \/>\n<meta property=\"og:url\" content=\"https:\/\/diariodepe.com.br\/cri\/2023\/09\/01\/voz-do-brics-mais-ouvida-pelo-mundo\/\" \/>\n<meta property=\"og:site_name\" content=\"CRI e Diario de Pernambuco\" \/>\n<meta property=\"article:published_time\" content=\"2023-09-01T13:37:28+00:00\" \/>\n<meta name=\"author\" content=\"Ismael Lucas S. Pereira\" \/>\n<meta name=\"twitter:card\" content=\"summary_large_image\" \/>\n<meta name=\"twitter:label1\" content=\"Escrito por\" \/>\n\t<meta name=\"twitter:data1\" content=\"Ismael Lucas S. Pereira\" \/>\n\t<meta name=\"twitter:label2\" content=\"Est. tempo de leitura\" \/>\n\t<meta name=\"twitter:data2\" content=\"5 minutos\" \/>\n<script type=\"application\/ld+json\" class=\"yoast-schema-graph\">{\"@context\":\"https:\\\/\\\/schema.org\",\"@graph\":[{\"@type\":\"Article\",\"@id\":\"https:\\\/\\\/diariodepe.com.br\\\/cri\\\/2023\\\/09\\\/01\\\/voz-do-brics-mais-ouvida-pelo-mundo\\\/#article\",\"isPartOf\":{\"@id\":\"https:\\\/\\\/diariodepe.com.br\\\/cri\\\/2023\\\/09\\\/01\\\/voz-do-brics-mais-ouvida-pelo-mundo\\\/\"},\"author\":{\"name\":\"Ismael Lucas S. Pereira\",\"@id\":\"https:\\\/\\\/diariodepe.com.br\\\/cri\\\/#\\\/schema\\\/person\\\/121bb28d84f1a5b1205ef4ce9c2e0c6b\"},\"headline\":\"Voz do BRICS, mais Ouvida pelo Mundo\",\"datePublished\":\"2023-09-01T13:37:28+00:00\",\"mainEntityOfPage\":{\"@id\":\"https:\\\/\\\/diariodepe.com.br\\\/cri\\\/2023\\\/09\\\/01\\\/voz-do-brics-mais-ouvida-pelo-mundo\\\/\"},\"wordCount\":893,\"commentCount\":0,\"publisher\":{\"@id\":\"https:\\\/\\\/diariodepe.com.br\\\/cri\\\/#organization\"},\"articleSection\":[\"Vis\u00e3o\"],\"inLanguage\":\"pt-BR\",\"potentialAction\":[{\"@type\":\"CommentAction\",\"name\":\"Comment\",\"target\":[\"https:\\\/\\\/diariodepe.com.br\\\/cri\\\/2023\\\/09\\\/01\\\/voz-do-brics-mais-ouvida-pelo-mundo\\\/#respond\"]}]},{\"@type\":\"WebPage\",\"@id\":\"https:\\\/\\\/diariodepe.com.br\\\/cri\\\/2023\\\/09\\\/01\\\/voz-do-brics-mais-ouvida-pelo-mundo\\\/\",\"url\":\"https:\\\/\\\/diariodepe.com.br\\\/cri\\\/2023\\\/09\\\/01\\\/voz-do-brics-mais-ouvida-pelo-mundo\\\/\",\"name\":\"Voz do BRICS, mais Ouvida pelo Mundo - CRI e Diario de Pernambuco\",\"isPartOf\":{\"@id\":\"https:\\\/\\\/diariodepe.com.br\\\/cri\\\/#website\"},\"datePublished\":\"2023-09-01T13:37:28+00:00\",\"breadcrumb\":{\"@id\":\"https:\\\/\\\/diariodepe.com.br\\\/cri\\\/2023\\\/09\\\/01\\\/voz-do-brics-mais-ouvida-pelo-mundo\\\/#breadcrumb\"},\"inLanguage\":\"pt-BR\",\"potentialAction\":[{\"@type\":\"ReadAction\",\"target\":[\"https:\\\/\\\/diariodepe.com.br\\\/cri\\\/2023\\\/09\\\/01\\\/voz-do-brics-mais-ouvida-pelo-mundo\\\/\"]}]},{\"@type\":\"BreadcrumbList\",\"@id\":\"https:\\\/\\\/diariodepe.com.br\\\/cri\\\/2023\\\/09\\\/01\\\/voz-do-brics-mais-ouvida-pelo-mundo\\\/#breadcrumb\",\"itemListElement\":[{\"@type\":\"ListItem\",\"position\":1,\"name\":\"In\u00edcio\",\"item\":\"https:\\\/\\\/diariodepe.com.br\\\/cri\\\/\"},{\"@type\":\"ListItem\",\"position\":2,\"name\":\"Voz do BRICS, mais Ouvida pelo Mundo\"}]},{\"@type\":\"WebSite\",\"@id\":\"https:\\\/\\\/diariodepe.com.br\\\/cri\\\/#website\",\"url\":\"https:\\\/\\\/diariodepe.com.br\\\/cri\\\/\",\"name\":\"CRI e Diario de Pernambuco\",\"description\":\"R\u00e1dio Internacional da China\",\"publisher\":{\"@id\":\"https:\\\/\\\/diariodepe.com.br\\\/cri\\\/#organization\"},\"potentialAction\":[{\"@type\":\"SearchAction\",\"target\":{\"@type\":\"EntryPoint\",\"urlTemplate\":\"https:\\\/\\\/diariodepe.com.br\\\/cri\\\/?s={search_term_string}\"},\"query-input\":{\"@type\":\"PropertyValueSpecification\",\"valueRequired\":true,\"valueName\":\"search_term_string\"}}],\"inLanguage\":\"pt-BR\"},{\"@type\":\"Organization\",\"@id\":\"https:\\\/\\\/diariodepe.com.br\\\/cri\\\/#organization\",\"name\":\"CRI e Diario de Pernambuco\",\"url\":\"https:\\\/\\\/diariodepe.com.br\\\/cri\\\/\",\"logo\":{\"@type\":\"ImageObject\",\"inLanguage\":\"pt-BR\",\"@id\":\"https:\\\/\\\/diariodepe.com.br\\\/cri\\\/#\\\/schema\\\/logo\\\/image\\\/\",\"url\":\"https:\\\/\\\/diariodepe.com.br\\\/cri\\\/wp-content\\\/uploads\\\/sites\\\/2\\\/2022\\\/12\\\/cropped-Logo.jpg\",\"contentUrl\":\"https:\\\/\\\/diariodepe.com.br\\\/cri\\\/wp-content\\\/uploads\\\/sites\\\/2\\\/2022\\\/12\\\/cropped-Logo.jpg\",\"width\":700,\"height\":59,\"caption\":\"CRI e Diario de Pernambuco\"},\"image\":{\"@id\":\"https:\\\/\\\/diariodepe.com.br\\\/cri\\\/#\\\/schema\\\/logo\\\/image\\\/\"}},{\"@type\":\"Person\",\"@id\":\"https:\\\/\\\/diariodepe.com.br\\\/cri\\\/#\\\/schema\\\/person\\\/121bb28d84f1a5b1205ef4ce9c2e0c6b\",\"name\":\"Ismael Lucas S. Pereira\",\"image\":{\"@type\":\"ImageObject\",\"inLanguage\":\"pt-BR\",\"@id\":\"https:\\\/\\\/secure.gravatar.com\\\/avatar\\\/887a0f3b5a7ceea963a48499fb883ffce6b5037362def025c52c2505b15d63e4?s=96&d=mm&r=g\",\"url\":\"https:\\\/\\\/secure.gravatar.com\\\/avatar\\\/887a0f3b5a7ceea963a48499fb883ffce6b5037362def025c52c2505b15d63e4?s=96&d=mm&r=g\",\"contentUrl\":\"https:\\\/\\\/secure.gravatar.com\\\/avatar\\\/887a0f3b5a7ceea963a48499fb883ffce6b5037362def025c52c2505b15d63e4?s=96&d=mm&r=g\",\"caption\":\"Ismael Lucas S. Pereira\"},\"url\":\"https:\\\/\\\/diariodepe.com.br\\\/cri\\\/author\\\/ismael-lucas\\\/\"}]}<\/script>\n<!-- \/ Yoast SEO plugin. -->","yoast_head_json":{"title":"Voz do BRICS, mais Ouvida pelo Mundo - CRI e Diario de Pernambuco","robots":{"index":"index","follow":"follow","max-snippet":"max-snippet:-1","max-image-preview":"max-image-preview:large","max-video-preview":"max-video-preview:-1"},"canonical":"https:\/\/diariodepe.com.br\/cri\/2023\/09\/01\/voz-do-brics-mais-ouvida-pelo-mundo\/","og_locale":"pt_BR","og_type":"article","og_title":"Voz do BRICS, mais Ouvida pelo Mundo - CRI e Diario de Pernambuco","og_description":"Hist\u00f3ria foi escrita em Joanesburgo este agosto. A C\u00fapula do BRICS teve lugar na \u00c1frica pela terceira vez, e os l\u00edderes da China e da \u00c1frica se reuniram de forma presencial ap\u00f3s cinco anos. Juntos, contribu\u00edram para a constru\u00e7\u00e3o de...","og_url":"https:\/\/diariodepe.com.br\/cri\/2023\/09\/01\/voz-do-brics-mais-ouvida-pelo-mundo\/","og_site_name":"CRI e Diario de Pernambuco","article_published_time":"2023-09-01T13:37:28+00:00","author":"Ismael Lucas S. Pereira","twitter_card":"summary_large_image","twitter_misc":{"Escrito por":"Ismael Lucas S. Pereira","Est. tempo de leitura":"5 minutos"},"schema":{"@context":"https:\/\/schema.org","@graph":[{"@type":"Article","@id":"https:\/\/diariodepe.com.br\/cri\/2023\/09\/01\/voz-do-brics-mais-ouvida-pelo-mundo\/#article","isPartOf":{"@id":"https:\/\/diariodepe.com.br\/cri\/2023\/09\/01\/voz-do-brics-mais-ouvida-pelo-mundo\/"},"author":{"name":"Ismael Lucas S. Pereira","@id":"https:\/\/diariodepe.com.br\/cri\/#\/schema\/person\/121bb28d84f1a5b1205ef4ce9c2e0c6b"},"headline":"Voz do BRICS, mais Ouvida pelo Mundo","datePublished":"2023-09-01T13:37:28+00:00","mainEntityOfPage":{"@id":"https:\/\/diariodepe.com.br\/cri\/2023\/09\/01\/voz-do-brics-mais-ouvida-pelo-mundo\/"},"wordCount":893,"commentCount":0,"publisher":{"@id":"https:\/\/diariodepe.com.br\/cri\/#organization"},"articleSection":["Vis\u00e3o"],"inLanguage":"pt-BR","potentialAction":[{"@type":"CommentAction","name":"Comment","target":["https:\/\/diariodepe.com.br\/cri\/2023\/09\/01\/voz-do-brics-mais-ouvida-pelo-mundo\/#respond"]}]},{"@type":"WebPage","@id":"https:\/\/diariodepe.com.br\/cri\/2023\/09\/01\/voz-do-brics-mais-ouvida-pelo-mundo\/","url":"https:\/\/diariodepe.com.br\/cri\/2023\/09\/01\/voz-do-brics-mais-ouvida-pelo-mundo\/","name":"Voz do BRICS, mais Ouvida pelo Mundo - CRI e Diario de Pernambuco","isPartOf":{"@id":"https:\/\/diariodepe.com.br\/cri\/#website"},"datePublished":"2023-09-01T13:37:28+00:00","breadcrumb":{"@id":"https:\/\/diariodepe.com.br\/cri\/2023\/09\/01\/voz-do-brics-mais-ouvida-pelo-mundo\/#breadcrumb"},"inLanguage":"pt-BR","potentialAction":[{"@type":"ReadAction","target":["https:\/\/diariodepe.com.br\/cri\/2023\/09\/01\/voz-do-brics-mais-ouvida-pelo-mundo\/"]}]},{"@type":"BreadcrumbList","@id":"https:\/\/diariodepe.com.br\/cri\/2023\/09\/01\/voz-do-brics-mais-ouvida-pelo-mundo\/#breadcrumb","itemListElement":[{"@type":"ListItem","position":1,"name":"In\u00edcio","item":"https:\/\/diariodepe.com.br\/cri\/"},{"@type":"ListItem","position":2,"name":"Voz do BRICS, mais Ouvida pelo Mundo"}]},{"@type":"WebSite","@id":"https:\/\/diariodepe.com.br\/cri\/#website","url":"https:\/\/diariodepe.com.br\/cri\/","name":"CRI e Diario de Pernambuco","description":"R\u00e1dio Internacional da China","publisher":{"@id":"https:\/\/diariodepe.com.br\/cri\/#organization"},"potentialAction":[{"@type":"SearchAction","target":{"@type":"EntryPoint","urlTemplate":"https:\/\/diariodepe.com.br\/cri\/?s={search_term_string}"},"query-input":{"@type":"PropertyValueSpecification","valueRequired":true,"valueName":"search_term_string"}}],"inLanguage":"pt-BR"},{"@type":"Organization","@id":"https:\/\/diariodepe.com.br\/cri\/#organization","name":"CRI e Diario de Pernambuco","url":"https:\/\/diariodepe.com.br\/cri\/","logo":{"@type":"ImageObject","inLanguage":"pt-BR","@id":"https:\/\/diariodepe.com.br\/cri\/#\/schema\/logo\/image\/","url":"https:\/\/diariodepe.com.br\/cri\/wp-content\/uploads\/sites\/2\/2022\/12\/cropped-Logo.jpg","contentUrl":"https:\/\/diariodepe.com.br\/cri\/wp-content\/uploads\/sites\/2\/2022\/12\/cropped-Logo.jpg","width":700,"height":59,"caption":"CRI e Diario de Pernambuco"},"image":{"@id":"https:\/\/diariodepe.com.br\/cri\/#\/schema\/logo\/image\/"}},{"@type":"Person","@id":"https:\/\/diariodepe.com.br\/cri\/#\/schema\/person\/121bb28d84f1a5b1205ef4ce9c2e0c6b","name":"Ismael Lucas S. Pereira","image":{"@type":"ImageObject","inLanguage":"pt-BR","@id":"https:\/\/secure.gravatar.com\/avatar\/887a0f3b5a7ceea963a48499fb883ffce6b5037362def025c52c2505b15d63e4?s=96&d=mm&r=g","url":"https:\/\/secure.gravatar.com\/avatar\/887a0f3b5a7ceea963a48499fb883ffce6b5037362def025c52c2505b15d63e4?s=96&d=mm&r=g","contentUrl":"https:\/\/secure.gravatar.com\/avatar\/887a0f3b5a7ceea963a48499fb883ffce6b5037362def025c52c2505b15d63e4?s=96&d=mm&r=g","caption":"Ismael Lucas S. Pereira"},"url":"https:\/\/diariodepe.com.br\/cri\/author\/ismael-lucas\/"}]}},"cc_featured_image_caption":{"caption_text":false,"source_text":false,"source_url":false},"amp_enabled":true,"_links":{"self":[{"href":"https:\/\/diariodepe.com.br\/cri\/wp-json\/wp\/v2\/posts\/2560","targetHints":{"allow":["GET"]}}],"collection":[{"href":"https:\/\/diariodepe.com.br\/cri\/wp-json\/wp\/v2\/posts"}],"about":[{"href":"https:\/\/diariodepe.com.br\/cri\/wp-json\/wp\/v2\/types\/post"}],"author":[{"embeddable":true,"href":"https:\/\/diariodepe.com.br\/cri\/wp-json\/wp\/v2\/users\/2"}],"replies":[{"embeddable":true,"href":"https:\/\/diariodepe.com.br\/cri\/wp-json\/wp\/v2\/comments?post=2560"}],"version-history":[{"count":1,"href":"https:\/\/diariodepe.com.br\/cri\/wp-json\/wp\/v2\/posts\/2560\/revisions"}],"predecessor-version":[{"id":2561,"href":"https:\/\/diariodepe.com.br\/cri\/wp-json\/wp\/v2\/posts\/2560\/revisions\/2561"}],"wp:attachment":[{"href":"https:\/\/diariodepe.com.br\/cri\/wp-json\/wp\/v2\/media?parent=2560"}],"wp:term":[{"taxonomy":"category","embeddable":true,"href":"https:\/\/diariodepe.com.br\/cri\/wp-json\/wp\/v2\/categories?post=2560"},{"taxonomy":"post_tag","embeddable":true,"href":"https:\/\/diariodepe.com.br\/cri\/wp-json\/wp\/v2\/tags?post=2560"}],"curies":[{"name":"wp","href":"https:\/\/api.w.org\/{rel}","templated":true}]}}