{"id":256,"date":"2022-12-29T09:52:22","date_gmt":"2022-12-29T12:52:22","guid":{"rendered":"https:\/\/diariodepe.com.br\/cri\/?p=256"},"modified":"2022-12-29T09:52:23","modified_gmt":"2022-12-29T12:52:23","slug":"comentario-medidas-antiepidemicas-da-china-sao-elaboradas-com-respeito-a-realidade","status":"publish","type":"post","link":"https:\/\/diariodepe.com.br\/cri\/2022\/12\/29\/comentario-medidas-antiepidemicas-da-china-sao-elaboradas-com-respeito-a-realidade\/","title":{"rendered":"<strong>Coment\u00e1rio: Medidas antiepid\u00eamicas da China s\u00e3o elaboradas com respeito \u00e0 realidade<\/strong>"},"content":{"rendered":"\n<p>Segundo um comunicado divulgado pela Comiss\u00e3o Nacional de Sa\u00fade da China na segunda-feira (26), o pa\u00eds mudou a administra\u00e7\u00e3o das medidas contra Covid-19 de Classe A para B, que entrar\u00e1 em vigor a partir do dia 8 de janeiro de 2023. Al\u00e9m disso, a autoridade renomeou o termo em chin\u00eas da Covid-19 de &#8220;pneumonia do novo coronav\u00edrus&#8221; para &#8220;infec\u00e7\u00e3o do novo coronav\u00edrus&#8221;.<\/p>\n\n\n\n<p>De acordo com o comunicado, ser\u00e3o abandonadas as medidas de quarentena para pessoas infectadas com o novo coronav\u00edrus e n\u00e3o ser\u00e1 mais necess\u00e1rio identificar contatos pr\u00f3ximos ou designar \u00e1reas de alto risco. Tamb\u00e9m n\u00e3o ser\u00e3o aplicadas medidas de controle de doen\u00e7as infecciosas para viajantes estrangeiros e mercadorias importadas.<\/p>\n\n\n\n<p>O reajuste das medidas antiepid\u00eamicas da China foi feito com respeito \u00e0 realidade e \u00e0 ci\u00eancia. O princ\u00edpio de controle e preven\u00e7\u00e3o das doen\u00e7as da China n\u00e3o mudou e continua sendo \u201co povo acima de todos e a vida acima de tudo\u201d.<\/p>\n\n\n\n<p>Nos \u00faltimos tr\u00eas anos, a China vem tomando medidas de Classe A contra a Covid-19, evitando com sucesso a propaga\u00e7\u00e3o do v\u00edrus original e sua variante Delta, que foram mais letais, e ganhando tempo para a pesquisa de rem\u00e9dios e vacinas contra a doen\u00e7a. O n\u00famero de \u00f3bitos causados pela Covid-19 na China sempre foi um dos menores do mundo. Atualmente, o c\u00edrculo cient\u00edfico considera unanimemente que a variante \u00f4micron \u00e9 menos fatal e os infectados raramente manifestam sintomas de pneumonia, por isso, a China mudou seu nome e baixou o n\u00edvel de administra\u00e7\u00e3o das medidas.<\/p>\n\n\n\n<p>No entanto, a Classe B n\u00e3o significa que n\u00e3o h\u00e1 controle ou preven\u00e7\u00e3o. A mudan\u00e7a est\u00e1 na prioridade de \u201cprevenir a infec\u00e7\u00e3o\u201d para \u201cgarantir a sa\u00fade e evitar o estado cr\u00edtico\u201d. Ap\u00f3s a divulga\u00e7\u00e3o das novas medidas, a China prestou mais aten\u00e7\u00e3o para a vacina\u00e7\u00e3o e uso de rem\u00e9dios entre idosos.<\/p>\n\n\n\n<p>Outro ponto previsto \u00e9 que, com a aplica\u00e7\u00e3o das novas medidas antiepid\u00eamicas, os interc\u00e2mbios pessoais entre a China e o exterior poder\u00e3o ser mais facilitados, seguros, bem organizados e eficientes.<\/p>\n\n\n\n<p>Al\u00e9m disso, desde o in\u00edcio de dezembro, os chineses viajam cada vez mais dentro do pa\u00eds. Os restaurantes e cinemas de Beijing e Shanghai voltaram a funcionar e as empresas recuperaram tamb\u00e9m as atividades de produ\u00e7\u00e3o em todo o pa\u00eds.<\/p>\n\n\n\n<p>O Morgan Stanley divulgou recentemente o &#8220;Panorama Macroecon\u00f4mico Global de 2023&#8221;, apontando que a for\u00e7a motriz do crescimento econ\u00f4mico global no pr\u00f3ximo ano ser\u00e1 insuficiente, mas a economia asi\u00e1tica poder\u00e1 ser a mais otimista, e a China e a \u00cdndia dever\u00e3o liderar o desenvolvimento da \u00c1sia.<\/p>\n","protected":false},"excerpt":{"rendered":"<p>Segundo um comunicado divulgado pela Comiss\u00e3o Nacional de Sa\u00fade da China na segunda-feira (26), o pa\u00eds mudou a administra\u00e7\u00e3o das medidas contra Covid-19 de Classe A para B, que entrar\u00e1 em vigor a partir do dia 8 de janeiro de&#8230;<\/p>\n","protected":false},"author":2,"featured_media":257,"comment_status":"open","ping_status":"open","sticky":false,"template":"","format":"standard","meta":{"footnotes":""},"categories":[7],"tags":[],"class_list":["post-256","post","type-post","status-publish","format-standard","has-post-thumbnail","hentry","category-visao"],"yoast_head":"<!-- This site is optimized with the Yoast SEO plugin v27.4 - https:\/\/yoast.com\/product\/yoast-seo-wordpress\/ -->\n<title>Coment\u00e1rio: Medidas antiepid\u00eamicas da China s\u00e3o elaboradas com respeito \u00e0 realidade - CRI e Diario de Pernambuco<\/title>\n<meta name=\"robots\" content=\"index, follow, max-snippet:-1, max-image-preview:large, max-video-preview:-1\" \/>\n<link rel=\"canonical\" href=\"https:\/\/diariodepe.com.br\/cri\/2022\/12\/29\/comentario-medidas-antiepidemicas-da-china-sao-elaboradas-com-respeito-a-realidade\/\" \/>\n<meta property=\"og:locale\" content=\"pt_BR\" \/>\n<meta property=\"og:type\" content=\"article\" \/>\n<meta property=\"og:title\" content=\"Coment\u00e1rio: Medidas antiepid\u00eamicas da China s\u00e3o elaboradas com respeito \u00e0 realidade - CRI e Diario de Pernambuco\" \/>\n<meta property=\"og:description\" content=\"Segundo um comunicado divulgado pela Comiss\u00e3o Nacional de Sa\u00fade da China na segunda-feira (26), o pa\u00eds mudou a administra\u00e7\u00e3o das medidas contra Covid-19 de Classe A para B, que entrar\u00e1 em vigor a partir do dia 8 de janeiro de...\" \/>\n<meta property=\"og:url\" content=\"https:\/\/diariodepe.com.br\/cri\/2022\/12\/29\/comentario-medidas-antiepidemicas-da-china-sao-elaboradas-com-respeito-a-realidade\/\" \/>\n<meta property=\"og:site_name\" content=\"CRI e Diario de Pernambuco\" \/>\n<meta property=\"article:published_time\" content=\"2022-12-29T12:52:22+00:00\" \/>\n<meta property=\"article:modified_time\" content=\"2022-12-29T12:52:23+00:00\" \/>\n<meta property=\"og:image\" content=\"https:\/\/diariodepe.com.br\/cri\/wp-content\/uploads\/sites\/2\/2022\/12\/rBABCWOq_uSAe3KNAAAAAAAAAAA829.1000x563.800x450.jpg\" \/>\n\t<meta property=\"og:image:width\" content=\"800\" \/>\n\t<meta property=\"og:image:height\" content=\"450\" \/>\n\t<meta property=\"og:image:type\" content=\"image\/jpeg\" \/>\n<meta name=\"author\" content=\"Ismael Lucas S. Pereira\" \/>\n<meta name=\"twitter:card\" content=\"summary_large_image\" \/>\n<meta name=\"twitter:label1\" content=\"Escrito por\" \/>\n\t<meta name=\"twitter:data1\" content=\"Ismael Lucas S. Pereira\" \/>\n\t<meta name=\"twitter:label2\" content=\"Est. tempo de leitura\" \/>\n\t<meta name=\"twitter:data2\" content=\"3 minutos\" \/>\n<script type=\"application\/ld+json\" class=\"yoast-schema-graph\">{\"@context\":\"https:\\\/\\\/schema.org\",\"@graph\":[{\"@type\":\"Article\",\"@id\":\"https:\\\/\\\/diariodepe.com.br\\\/cri\\\/2022\\\/12\\\/29\\\/comentario-medidas-antiepidemicas-da-china-sao-elaboradas-com-respeito-a-realidade\\\/#article\",\"isPartOf\":{\"@id\":\"https:\\\/\\\/diariodepe.com.br\\\/cri\\\/2022\\\/12\\\/29\\\/comentario-medidas-antiepidemicas-da-china-sao-elaboradas-com-respeito-a-realidade\\\/\"},\"author\":{\"name\":\"Ismael Lucas S. Pereira\",\"@id\":\"https:\\\/\\\/diariodepe.com.br\\\/cri\\\/#\\\/schema\\\/person\\\/121bb28d84f1a5b1205ef4ce9c2e0c6b\"},\"headline\":\"Coment\u00e1rio: Medidas antiepid\u00eamicas da China s\u00e3o elaboradas com respeito \u00e0 realidade\",\"datePublished\":\"2022-12-29T12:52:22+00:00\",\"dateModified\":\"2022-12-29T12:52:23+00:00\",\"mainEntityOfPage\":{\"@id\":\"https:\\\/\\\/diariodepe.com.br\\\/cri\\\/2022\\\/12\\\/29\\\/comentario-medidas-antiepidemicas-da-china-sao-elaboradas-com-respeito-a-realidade\\\/\"},\"wordCount\":482,\"commentCount\":0,\"publisher\":{\"@id\":\"https:\\\/\\\/diariodepe.com.br\\\/cri\\\/#organization\"},\"image\":{\"@id\":\"https:\\\/\\\/diariodepe.com.br\\\/cri\\\/2022\\\/12\\\/29\\\/comentario-medidas-antiepidemicas-da-china-sao-elaboradas-com-respeito-a-realidade\\\/#primaryimage\"},\"thumbnailUrl\":\"https:\\\/\\\/diariodepe.com.br\\\/cri\\\/wp-content\\\/uploads\\\/sites\\\/2\\\/2022\\\/12\\\/rBABCWOq_uSAe3KNAAAAAAAAAAA829.1000x563.800x450.jpg\",\"articleSection\":[\"Vis\u00e3o\"],\"inLanguage\":\"pt-BR\",\"potentialAction\":[{\"@type\":\"CommentAction\",\"name\":\"Comment\",\"target\":[\"https:\\\/\\\/diariodepe.com.br\\\/cri\\\/2022\\\/12\\\/29\\\/comentario-medidas-antiepidemicas-da-china-sao-elaboradas-com-respeito-a-realidade\\\/#respond\"]}]},{\"@type\":\"WebPage\",\"@id\":\"https:\\\/\\\/diariodepe.com.br\\\/cri\\\/2022\\\/12\\\/29\\\/comentario-medidas-antiepidemicas-da-china-sao-elaboradas-com-respeito-a-realidade\\\/\",\"url\":\"https:\\\/\\\/diariodepe.com.br\\\/cri\\\/2022\\\/12\\\/29\\\/comentario-medidas-antiepidemicas-da-china-sao-elaboradas-com-respeito-a-realidade\\\/\",\"name\":\"Coment\u00e1rio: Medidas antiepid\u00eamicas da China s\u00e3o elaboradas com respeito \u00e0 realidade - CRI e Diario de Pernambuco\",\"isPartOf\":{\"@id\":\"https:\\\/\\\/diariodepe.com.br\\\/cri\\\/#website\"},\"primaryImageOfPage\":{\"@id\":\"https:\\\/\\\/diariodepe.com.br\\\/cri\\\/2022\\\/12\\\/29\\\/comentario-medidas-antiepidemicas-da-china-sao-elaboradas-com-respeito-a-realidade\\\/#primaryimage\"},\"image\":{\"@id\":\"https:\\\/\\\/diariodepe.com.br\\\/cri\\\/2022\\\/12\\\/29\\\/comentario-medidas-antiepidemicas-da-china-sao-elaboradas-com-respeito-a-realidade\\\/#primaryimage\"},\"thumbnailUrl\":\"https:\\\/\\\/diariodepe.com.br\\\/cri\\\/wp-content\\\/uploads\\\/sites\\\/2\\\/2022\\\/12\\\/rBABCWOq_uSAe3KNAAAAAAAAAAA829.1000x563.800x450.jpg\",\"datePublished\":\"2022-12-29T12:52:22+00:00\",\"dateModified\":\"2022-12-29T12:52:23+00:00\",\"breadcrumb\":{\"@id\":\"https:\\\/\\\/diariodepe.com.br\\\/cri\\\/2022\\\/12\\\/29\\\/comentario-medidas-antiepidemicas-da-china-sao-elaboradas-com-respeito-a-realidade\\\/#breadcrumb\"},\"inLanguage\":\"pt-BR\",\"potentialAction\":[{\"@type\":\"ReadAction\",\"target\":[\"https:\\\/\\\/diariodepe.com.br\\\/cri\\\/2022\\\/12\\\/29\\\/comentario-medidas-antiepidemicas-da-china-sao-elaboradas-com-respeito-a-realidade\\\/\"]}]},{\"@type\":\"ImageObject\",\"inLanguage\":\"pt-BR\",\"@id\":\"https:\\\/\\\/diariodepe.com.br\\\/cri\\\/2022\\\/12\\\/29\\\/comentario-medidas-antiepidemicas-da-china-sao-elaboradas-com-respeito-a-realidade\\\/#primaryimage\",\"url\":\"https:\\\/\\\/diariodepe.com.br\\\/cri\\\/wp-content\\\/uploads\\\/sites\\\/2\\\/2022\\\/12\\\/rBABCWOq_uSAe3KNAAAAAAAAAAA829.1000x563.800x450.jpg\",\"contentUrl\":\"https:\\\/\\\/diariodepe.com.br\\\/cri\\\/wp-content\\\/uploads\\\/sites\\\/2\\\/2022\\\/12\\\/rBABCWOq_uSAe3KNAAAAAAAAAAA829.1000x563.800x450.jpg\",\"width\":800,\"height\":450},{\"@type\":\"BreadcrumbList\",\"@id\":\"https:\\\/\\\/diariodepe.com.br\\\/cri\\\/2022\\\/12\\\/29\\\/comentario-medidas-antiepidemicas-da-china-sao-elaboradas-com-respeito-a-realidade\\\/#breadcrumb\",\"itemListElement\":[{\"@type\":\"ListItem\",\"position\":1,\"name\":\"In\u00edcio\",\"item\":\"https:\\\/\\\/diariodepe.com.br\\\/cri\\\/\"},{\"@type\":\"ListItem\",\"position\":2,\"name\":\"Coment\u00e1rio: Medidas antiepid\u00eamicas da China s\u00e3o elaboradas com respeito \u00e0 realidade\"}]},{\"@type\":\"WebSite\",\"@id\":\"https:\\\/\\\/diariodepe.com.br\\\/cri\\\/#website\",\"url\":\"https:\\\/\\\/diariodepe.com.br\\\/cri\\\/\",\"name\":\"CRI e Diario de Pernambuco\",\"description\":\"R\u00e1dio Internacional da China\",\"publisher\":{\"@id\":\"https:\\\/\\\/diariodepe.com.br\\\/cri\\\/#organization\"},\"potentialAction\":[{\"@type\":\"SearchAction\",\"target\":{\"@type\":\"EntryPoint\",\"urlTemplate\":\"https:\\\/\\\/diariodepe.com.br\\\/cri\\\/?s={search_term_string}\"},\"query-input\":{\"@type\":\"PropertyValueSpecification\",\"valueRequired\":true,\"valueName\":\"search_term_string\"}}],\"inLanguage\":\"pt-BR\"},{\"@type\":\"Organization\",\"@id\":\"https:\\\/\\\/diariodepe.com.br\\\/cri\\\/#organization\",\"name\":\"CRI e Diario de Pernambuco\",\"url\":\"https:\\\/\\\/diariodepe.com.br\\\/cri\\\/\",\"logo\":{\"@type\":\"ImageObject\",\"inLanguage\":\"pt-BR\",\"@id\":\"https:\\\/\\\/diariodepe.com.br\\\/cri\\\/#\\\/schema\\\/logo\\\/image\\\/\",\"url\":\"https:\\\/\\\/diariodepe.com.br\\\/cri\\\/wp-content\\\/uploads\\\/sites\\\/2\\\/2022\\\/12\\\/cropped-Logo.jpg\",\"contentUrl\":\"https:\\\/\\\/diariodepe.com.br\\\/cri\\\/wp-content\\\/uploads\\\/sites\\\/2\\\/2022\\\/12\\\/cropped-Logo.jpg\",\"width\":700,\"height\":59,\"caption\":\"CRI e Diario de Pernambuco\"},\"image\":{\"@id\":\"https:\\\/\\\/diariodepe.com.br\\\/cri\\\/#\\\/schema\\\/logo\\\/image\\\/\"}},{\"@type\":\"Person\",\"@id\":\"https:\\\/\\\/diariodepe.com.br\\\/cri\\\/#\\\/schema\\\/person\\\/121bb28d84f1a5b1205ef4ce9c2e0c6b\",\"name\":\"Ismael Lucas S. Pereira\",\"image\":{\"@type\":\"ImageObject\",\"inLanguage\":\"pt-BR\",\"@id\":\"https:\\\/\\\/secure.gravatar.com\\\/avatar\\\/887a0f3b5a7ceea963a48499fb883ffce6b5037362def025c52c2505b15d63e4?s=96&d=mm&r=g\",\"url\":\"https:\\\/\\\/secure.gravatar.com\\\/avatar\\\/887a0f3b5a7ceea963a48499fb883ffce6b5037362def025c52c2505b15d63e4?s=96&d=mm&r=g\",\"contentUrl\":\"https:\\\/\\\/secure.gravatar.com\\\/avatar\\\/887a0f3b5a7ceea963a48499fb883ffce6b5037362def025c52c2505b15d63e4?s=96&d=mm&r=g\",\"caption\":\"Ismael Lucas S. Pereira\"},\"url\":\"https:\\\/\\\/diariodepe.com.br\\\/cri\\\/author\\\/ismael-lucas\\\/\"}]}<\/script>\n<!-- \/ Yoast SEO plugin. -->","yoast_head_json":{"title":"Coment\u00e1rio: Medidas antiepid\u00eamicas da China s\u00e3o elaboradas com respeito \u00e0 realidade - CRI e Diario de Pernambuco","robots":{"index":"index","follow":"follow","max-snippet":"max-snippet:-1","max-image-preview":"max-image-preview:large","max-video-preview":"max-video-preview:-1"},"canonical":"https:\/\/diariodepe.com.br\/cri\/2022\/12\/29\/comentario-medidas-antiepidemicas-da-china-sao-elaboradas-com-respeito-a-realidade\/","og_locale":"pt_BR","og_type":"article","og_title":"Coment\u00e1rio: Medidas antiepid\u00eamicas da China s\u00e3o elaboradas com respeito \u00e0 realidade - CRI e Diario de Pernambuco","og_description":"Segundo um comunicado divulgado pela Comiss\u00e3o Nacional de Sa\u00fade da China na segunda-feira (26), o pa\u00eds mudou a administra\u00e7\u00e3o das medidas contra Covid-19 de Classe A para B, que entrar\u00e1 em vigor a partir do dia 8 de janeiro de...","og_url":"https:\/\/diariodepe.com.br\/cri\/2022\/12\/29\/comentario-medidas-antiepidemicas-da-china-sao-elaboradas-com-respeito-a-realidade\/","og_site_name":"CRI e Diario de Pernambuco","article_published_time":"2022-12-29T12:52:22+00:00","article_modified_time":"2022-12-29T12:52:23+00:00","og_image":[{"width":800,"height":450,"url":"https:\/\/diariodepe.com.br\/cri\/wp-content\/uploads\/sites\/2\/2022\/12\/rBABCWOq_uSAe3KNAAAAAAAAAAA829.1000x563.800x450.jpg","type":"image\/jpeg"}],"author":"Ismael Lucas S. Pereira","twitter_card":"summary_large_image","twitter_misc":{"Escrito por":"Ismael Lucas S. Pereira","Est. tempo de leitura":"3 minutos"},"schema":{"@context":"https:\/\/schema.org","@graph":[{"@type":"Article","@id":"https:\/\/diariodepe.com.br\/cri\/2022\/12\/29\/comentario-medidas-antiepidemicas-da-china-sao-elaboradas-com-respeito-a-realidade\/#article","isPartOf":{"@id":"https:\/\/diariodepe.com.br\/cri\/2022\/12\/29\/comentario-medidas-antiepidemicas-da-china-sao-elaboradas-com-respeito-a-realidade\/"},"author":{"name":"Ismael Lucas S. Pereira","@id":"https:\/\/diariodepe.com.br\/cri\/#\/schema\/person\/121bb28d84f1a5b1205ef4ce9c2e0c6b"},"headline":"Coment\u00e1rio: Medidas antiepid\u00eamicas da China s\u00e3o elaboradas com respeito \u00e0 realidade","datePublished":"2022-12-29T12:52:22+00:00","dateModified":"2022-12-29T12:52:23+00:00","mainEntityOfPage":{"@id":"https:\/\/diariodepe.com.br\/cri\/2022\/12\/29\/comentario-medidas-antiepidemicas-da-china-sao-elaboradas-com-respeito-a-realidade\/"},"wordCount":482,"commentCount":0,"publisher":{"@id":"https:\/\/diariodepe.com.br\/cri\/#organization"},"image":{"@id":"https:\/\/diariodepe.com.br\/cri\/2022\/12\/29\/comentario-medidas-antiepidemicas-da-china-sao-elaboradas-com-respeito-a-realidade\/#primaryimage"},"thumbnailUrl":"https:\/\/diariodepe.com.br\/cri\/wp-content\/uploads\/sites\/2\/2022\/12\/rBABCWOq_uSAe3KNAAAAAAAAAAA829.1000x563.800x450.jpg","articleSection":["Vis\u00e3o"],"inLanguage":"pt-BR","potentialAction":[{"@type":"CommentAction","name":"Comment","target":["https:\/\/diariodepe.com.br\/cri\/2022\/12\/29\/comentario-medidas-antiepidemicas-da-china-sao-elaboradas-com-respeito-a-realidade\/#respond"]}]},{"@type":"WebPage","@id":"https:\/\/diariodepe.com.br\/cri\/2022\/12\/29\/comentario-medidas-antiepidemicas-da-china-sao-elaboradas-com-respeito-a-realidade\/","url":"https:\/\/diariodepe.com.br\/cri\/2022\/12\/29\/comentario-medidas-antiepidemicas-da-china-sao-elaboradas-com-respeito-a-realidade\/","name":"Coment\u00e1rio: Medidas antiepid\u00eamicas da China s\u00e3o elaboradas com respeito \u00e0 realidade - CRI e Diario de Pernambuco","isPartOf":{"@id":"https:\/\/diariodepe.com.br\/cri\/#website"},"primaryImageOfPage":{"@id":"https:\/\/diariodepe.com.br\/cri\/2022\/12\/29\/comentario-medidas-antiepidemicas-da-china-sao-elaboradas-com-respeito-a-realidade\/#primaryimage"},"image":{"@id":"https:\/\/diariodepe.com.br\/cri\/2022\/12\/29\/comentario-medidas-antiepidemicas-da-china-sao-elaboradas-com-respeito-a-realidade\/#primaryimage"},"thumbnailUrl":"https:\/\/diariodepe.com.br\/cri\/wp-content\/uploads\/sites\/2\/2022\/12\/rBABCWOq_uSAe3KNAAAAAAAAAAA829.1000x563.800x450.jpg","datePublished":"2022-12-29T12:52:22+00:00","dateModified":"2022-12-29T12:52:23+00:00","breadcrumb":{"@id":"https:\/\/diariodepe.com.br\/cri\/2022\/12\/29\/comentario-medidas-antiepidemicas-da-china-sao-elaboradas-com-respeito-a-realidade\/#breadcrumb"},"inLanguage":"pt-BR","potentialAction":[{"@type":"ReadAction","target":["https:\/\/diariodepe.com.br\/cri\/2022\/12\/29\/comentario-medidas-antiepidemicas-da-china-sao-elaboradas-com-respeito-a-realidade\/"]}]},{"@type":"ImageObject","inLanguage":"pt-BR","@id":"https:\/\/diariodepe.com.br\/cri\/2022\/12\/29\/comentario-medidas-antiepidemicas-da-china-sao-elaboradas-com-respeito-a-realidade\/#primaryimage","url":"https:\/\/diariodepe.com.br\/cri\/wp-content\/uploads\/sites\/2\/2022\/12\/rBABCWOq_uSAe3KNAAAAAAAAAAA829.1000x563.800x450.jpg","contentUrl":"https:\/\/diariodepe.com.br\/cri\/wp-content\/uploads\/sites\/2\/2022\/12\/rBABCWOq_uSAe3KNAAAAAAAAAAA829.1000x563.800x450.jpg","width":800,"height":450},{"@type":"BreadcrumbList","@id":"https:\/\/diariodepe.com.br\/cri\/2022\/12\/29\/comentario-medidas-antiepidemicas-da-china-sao-elaboradas-com-respeito-a-realidade\/#breadcrumb","itemListElement":[{"@type":"ListItem","position":1,"name":"In\u00edcio","item":"https:\/\/diariodepe.com.br\/cri\/"},{"@type":"ListItem","position":2,"name":"Coment\u00e1rio: Medidas antiepid\u00eamicas da China s\u00e3o elaboradas com respeito \u00e0 realidade"}]},{"@type":"WebSite","@id":"https:\/\/diariodepe.com.br\/cri\/#website","url":"https:\/\/diariodepe.com.br\/cri\/","name":"CRI e Diario de Pernambuco","description":"R\u00e1dio Internacional da China","publisher":{"@id":"https:\/\/diariodepe.com.br\/cri\/#organization"},"potentialAction":[{"@type":"SearchAction","target":{"@type":"EntryPoint","urlTemplate":"https:\/\/diariodepe.com.br\/cri\/?s={search_term_string}"},"query-input":{"@type":"PropertyValueSpecification","valueRequired":true,"valueName":"search_term_string"}}],"inLanguage":"pt-BR"},{"@type":"Organization","@id":"https:\/\/diariodepe.com.br\/cri\/#organization","name":"CRI e Diario de Pernambuco","url":"https:\/\/diariodepe.com.br\/cri\/","logo":{"@type":"ImageObject","inLanguage":"pt-BR","@id":"https:\/\/diariodepe.com.br\/cri\/#\/schema\/logo\/image\/","url":"https:\/\/diariodepe.com.br\/cri\/wp-content\/uploads\/sites\/2\/2022\/12\/cropped-Logo.jpg","contentUrl":"https:\/\/diariodepe.com.br\/cri\/wp-content\/uploads\/sites\/2\/2022\/12\/cropped-Logo.jpg","width":700,"height":59,"caption":"CRI e Diario de Pernambuco"},"image":{"@id":"https:\/\/diariodepe.com.br\/cri\/#\/schema\/logo\/image\/"}},{"@type":"Person","@id":"https:\/\/diariodepe.com.br\/cri\/#\/schema\/person\/121bb28d84f1a5b1205ef4ce9c2e0c6b","name":"Ismael Lucas S. Pereira","image":{"@type":"ImageObject","inLanguage":"pt-BR","@id":"https:\/\/secure.gravatar.com\/avatar\/887a0f3b5a7ceea963a48499fb883ffce6b5037362def025c52c2505b15d63e4?s=96&d=mm&r=g","url":"https:\/\/secure.gravatar.com\/avatar\/887a0f3b5a7ceea963a48499fb883ffce6b5037362def025c52c2505b15d63e4?s=96&d=mm&r=g","contentUrl":"https:\/\/secure.gravatar.com\/avatar\/887a0f3b5a7ceea963a48499fb883ffce6b5037362def025c52c2505b15d63e4?s=96&d=mm&r=g","caption":"Ismael Lucas S. Pereira"},"url":"https:\/\/diariodepe.com.br\/cri\/author\/ismael-lucas\/"}]}},"cc_featured_image_caption":{"caption_text":"","source_text":"","source_url":""},"amp_enabled":true,"_links":{"self":[{"href":"https:\/\/diariodepe.com.br\/cri\/wp-json\/wp\/v2\/posts\/256","targetHints":{"allow":["GET"]}}],"collection":[{"href":"https:\/\/diariodepe.com.br\/cri\/wp-json\/wp\/v2\/posts"}],"about":[{"href":"https:\/\/diariodepe.com.br\/cri\/wp-json\/wp\/v2\/types\/post"}],"author":[{"embeddable":true,"href":"https:\/\/diariodepe.com.br\/cri\/wp-json\/wp\/v2\/users\/2"}],"replies":[{"embeddable":true,"href":"https:\/\/diariodepe.com.br\/cri\/wp-json\/wp\/v2\/comments?post=256"}],"version-history":[{"count":1,"href":"https:\/\/diariodepe.com.br\/cri\/wp-json\/wp\/v2\/posts\/256\/revisions"}],"predecessor-version":[{"id":258,"href":"https:\/\/diariodepe.com.br\/cri\/wp-json\/wp\/v2\/posts\/256\/revisions\/258"}],"wp:featuredmedia":[{"embeddable":true,"href":"https:\/\/diariodepe.com.br\/cri\/wp-json\/wp\/v2\/media\/257"}],"wp:attachment":[{"href":"https:\/\/diariodepe.com.br\/cri\/wp-json\/wp\/v2\/media?parent=256"}],"wp:term":[{"taxonomy":"category","embeddable":true,"href":"https:\/\/diariodepe.com.br\/cri\/wp-json\/wp\/v2\/categories?post=256"},{"taxonomy":"post_tag","embeddable":true,"href":"https:\/\/diariodepe.com.br\/cri\/wp-json\/wp\/v2\/tags?post=256"}],"curies":[{"name":"wp","href":"https:\/\/api.w.org\/{rel}","templated":true}]}}