{"id":2550,"date":"2023-09-01T00:33:51","date_gmt":"2023-09-01T03:33:51","guid":{"rendered":"https:\/\/diariodepe.com.br\/cri\/?p=2550"},"modified":"2023-09-01T00:33:51","modified_gmt":"2023-09-01T03:33:51","slug":"comentario-paises-banhados-do-pacifico-tem-o-direito-de-reivindicar-compensacao-ao-governo-japones-2","status":"publish","type":"post","link":"https:\/\/diariodepe.com.br\/cri\/2023\/09\/01\/comentario-paises-banhados-do-pacifico-tem-o-direito-de-reivindicar-compensacao-ao-governo-japones-2\/","title":{"rendered":"Coment\u00e1rio: pa\u00edses banhados do Pac\u00edfico t\u00eam o direito de reivindicar compensa\u00e7\u00e3o ao governo japon\u00eas!"},"content":{"rendered":"<p data-spm-anchor-id=\"0.0.0.i0\">Nos \u00faltimos dias, \u00e0 medida que a\u00a0\u00e1gua radioativa da usina nuclear de Fukushima entrou no\u00a0Oceano Pac\u00edfico, a condena\u00e7\u00e3o dos pa\u00edses costeiros tem sido cada vez mais alta. Para pa\u00edses insulares como as Ilhas Marshall, que sofreram com a polui\u00e7\u00e3o nuclear, as a\u00e7\u00f5es do Jap\u00e3o lhe trouxeram de volta as mem\u00f3rias dolorosas.<\/p>\n<p>As Ilhas Marshall est\u00e3o localizadas no meio do Oceano Pac\u00edfico. Ap\u00f3s a Segunda Guerra Mundial, o pa\u00eds se tornou o local de testes nucleares do exterior para os\u00a0Estados Unidos. Segundo um artigo publicado pelo jornal The Los Angeles Times\u00a0em 2019, de 1946 a 1958, os Estados Unidos realizaram 67 testes nucleares nas Ilhas Marshall, provocando graves danos \u00e0s ilhas do Pac\u00edfico, \u00e0 ecologia mar\u00edtima e \u00e0 sa\u00fade da popula\u00e7\u00e3o. Al\u00e9m disso, os Estados Unidos despejaram no local mais de 130 toneladas do\u00a0solo radioativo vindo de testes nucleares realizados em\u00a0Nevada. Hoje, os residentes locais ainda sofrem com a radia\u00e7\u00e3o nuclear, a polui\u00e7\u00e3o biol\u00f3gica e o vazamento de res\u00edduos nucleares.<\/p>\n<p>O acidente nuclear de Fukushima foi o de\u00a0n\u00edvel mais alto, que produziu mais de 1,3 milh\u00e3o de toneladas de \u00e1gua polu\u00edda nuclear. V\u00e1rios estudos demonstram que a \u00e1gua radioativa de Fukushima cont\u00e9m mais de 60 tipos de radionucl\u00eddeos, alguns com meia-vida de at\u00e9 centenas de milhares de anos. Mesmo o pr\u00f3prio governo japon\u00eas admitiu que quase 70% da \u00e1gua polu\u00edda tratada pelo sistema de tratamento de multinucl\u00eddeos (ALPS) n\u00e3o cumpre os padr\u00f5es de libera\u00e7\u00e3o. Para poupar\u00a0custos, o governo japon\u00eas optou por transferir o risco de polui\u00e7\u00e3o nuclear para todo o mundo, e deve assumir a responsabilidade pela compensa\u00e7\u00e3o dos danos causados.<\/p>\n<p>Jurisprudencialmente, existem atualmente v\u00e1rios tratados internacionais que regulam o despejo de res\u00edduos radioativos no oceano. Por exemplo, a Conven\u00e7\u00e3o sobre o Alto Mar de 1958 estipula que os pa\u00edses devem impedir o despejo de res\u00edduos radioativos\u00a0e, em coopera\u00e7\u00e3o com organiza\u00e7\u00f5es internacionais, tomar medidas para evitar que qualquer atividade polua a \u00e1gua do mar ou o ar acima dela atrav\u00e9s da utiliza\u00e7\u00e3o de materiais radioativos ou outros agentes nocivos. A Conven\u00e7\u00e3o das Na\u00e7\u00f5es Unidas sobre o Direito do Mar de 1982 estipula que todos os pa\u00edses t\u00eam a obriga\u00e7\u00e3o de proteger e preservar o ambiente mar\u00edtimo e n\u00e3o devem \u201ctransferir danos ou perigos\u201d. O Jap\u00e3o \u00e9\u00a0um\u00a0pa\u00eds que assinou\u00a0muitas conven\u00e7\u00f5es internacionais, incluindo a Conven\u00e7\u00e3o sobre o Alto Mar, a Conven\u00e7\u00e3o das Na\u00e7\u00f5es Unidas sobre o Direito do Mar, a Conven\u00e7\u00e3o sobre Notifica\u00e7\u00e3o R\u00e1pida de um Acidentes Nucleares e a Conven\u00e7\u00e3o de Londres sobre Despejo de Res\u00edduos.<\/p>\n<p>Na pr\u00e1tica, existem muitos precedentes dessa esp\u00e9cie. O tribunal arbitral internacional decidiu de 1938 a 1941 que o di\u00f3xido de enxofre emitido pela Terrell Smelter do Canad\u00e1 causou danos ao estado de Washington, nos Estados Unidos, e exigiu que o Canad\u00e1 compensasse os Estados Unidos. Este caso \u00e9 amplamente considerado como a base do direito internacional para buscar a responsabilidade do Estado por atos de polui\u00e7\u00e3o transfronteiri\u00e7a. Em 1986, os Estados Unidos assinaram um acordo com as Ilhas Marshall, concordando em assumir a compensa\u00e7\u00e3o pelos danos materiais e pessoais causados por testes nucleares aos residentes locais. Um tribunal de arbitragem internacional estabelecido em 1988 decidiu que os Estados Unidos deveriam pagar 2,3 bilh\u00e3o de d\u00f3lares \u00e0s Ilhas Marshall.<\/p>\n<p>Pode-se ver que os pa\u00edses costeiros do\u00a0Pac\u00edfico podem se referir\u00a0a estes casos e utilizar armas legais para exigir indeniza\u00e7\u00f5es ao Jap\u00e3o e defender os seus pr\u00f3prios direitos e interesses leg\u00edtimos.<\/p>\n","protected":false},"excerpt":{"rendered":"<p>Nos \u00faltimos dias, \u00e0 medida que a\u00a0\u00e1gua radioativa da usina nuclear de Fukushima entrou no\u00a0Oceano Pac\u00edfico, a condena\u00e7\u00e3o dos pa\u00edses costeiros tem sido cada vez mais alta. Para pa\u00edses insulares como as Ilhas Marshall, que sofreram com a polui\u00e7\u00e3o nuclear,&#8230;<\/p>\n","protected":false},"author":2,"featured_media":0,"comment_status":"open","ping_status":"open","sticky":false,"template":"","format":"standard","meta":{"footnotes":""},"categories":[7],"tags":[],"class_list":["post-2550","post","type-post","status-publish","format-standard","hentry","category-visao"],"yoast_head":"<!-- This site is optimized with the Yoast SEO plugin v27.4 - https:\/\/yoast.com\/product\/yoast-seo-wordpress\/ -->\n<title>Coment\u00e1rio: pa\u00edses banhados do Pac\u00edfico t\u00eam o direito de reivindicar compensa\u00e7\u00e3o ao governo japon\u00eas! - CRI e Diario de Pernambuco<\/title>\n<meta name=\"robots\" content=\"index, follow, max-snippet:-1, max-image-preview:large, max-video-preview:-1\" \/>\n<link rel=\"canonical\" href=\"https:\/\/diariodepe.com.br\/cri\/2023\/09\/01\/comentario-paises-banhados-do-pacifico-tem-o-direito-de-reivindicar-compensacao-ao-governo-japones-2\/\" \/>\n<meta property=\"og:locale\" content=\"pt_BR\" \/>\n<meta property=\"og:type\" content=\"article\" \/>\n<meta property=\"og:title\" content=\"Coment\u00e1rio: pa\u00edses banhados do Pac\u00edfico t\u00eam o direito de reivindicar compensa\u00e7\u00e3o ao governo japon\u00eas! - CRI e Diario de Pernambuco\" \/>\n<meta property=\"og:description\" content=\"Nos \u00faltimos dias, \u00e0 medida que a\u00a0\u00e1gua radioativa da usina nuclear de Fukushima entrou no\u00a0Oceano Pac\u00edfico, a condena\u00e7\u00e3o dos pa\u00edses costeiros tem sido cada vez mais alta. Para pa\u00edses insulares como as Ilhas Marshall, que sofreram com a polui\u00e7\u00e3o nuclear,...\" \/>\n<meta property=\"og:url\" content=\"https:\/\/diariodepe.com.br\/cri\/2023\/09\/01\/comentario-paises-banhados-do-pacifico-tem-o-direito-de-reivindicar-compensacao-ao-governo-japones-2\/\" \/>\n<meta property=\"og:site_name\" content=\"CRI e Diario de Pernambuco\" \/>\n<meta property=\"article:published_time\" content=\"2023-09-01T03:33:51+00:00\" \/>\n<meta name=\"author\" content=\"Ismael Lucas S. Pereira\" \/>\n<meta name=\"twitter:card\" content=\"summary_large_image\" \/>\n<meta name=\"twitter:label1\" content=\"Escrito por\" \/>\n\t<meta name=\"twitter:data1\" content=\"Ismael Lucas S. Pereira\" \/>\n\t<meta name=\"twitter:label2\" content=\"Est. tempo de leitura\" \/>\n\t<meta name=\"twitter:data2\" content=\"4 minutos\" \/>\n<script type=\"application\/ld+json\" class=\"yoast-schema-graph\">{\"@context\":\"https:\\\/\\\/schema.org\",\"@graph\":[{\"@type\":\"Article\",\"@id\":\"https:\\\/\\\/diariodepe.com.br\\\/cri\\\/2023\\\/09\\\/01\\\/comentario-paises-banhados-do-pacifico-tem-o-direito-de-reivindicar-compensacao-ao-governo-japones-2\\\/#article\",\"isPartOf\":{\"@id\":\"https:\\\/\\\/diariodepe.com.br\\\/cri\\\/2023\\\/09\\\/01\\\/comentario-paises-banhados-do-pacifico-tem-o-direito-de-reivindicar-compensacao-ao-governo-japones-2\\\/\"},\"author\":{\"name\":\"Ismael Lucas S. Pereira\",\"@id\":\"https:\\\/\\\/diariodepe.com.br\\\/cri\\\/#\\\/schema\\\/person\\\/121bb28d84f1a5b1205ef4ce9c2e0c6b\"},\"headline\":\"Coment\u00e1rio: pa\u00edses banhados do Pac\u00edfico t\u00eam o direito de reivindicar compensa\u00e7\u00e3o ao governo japon\u00eas!\",\"datePublished\":\"2023-09-01T03:33:51+00:00\",\"mainEntityOfPage\":{\"@id\":\"https:\\\/\\\/diariodepe.com.br\\\/cri\\\/2023\\\/09\\\/01\\\/comentario-paises-banhados-do-pacifico-tem-o-direito-de-reivindicar-compensacao-ao-governo-japones-2\\\/\"},\"wordCount\":644,\"commentCount\":0,\"publisher\":{\"@id\":\"https:\\\/\\\/diariodepe.com.br\\\/cri\\\/#organization\"},\"articleSection\":[\"Vis\u00e3o\"],\"inLanguage\":\"pt-BR\",\"potentialAction\":[{\"@type\":\"CommentAction\",\"name\":\"Comment\",\"target\":[\"https:\\\/\\\/diariodepe.com.br\\\/cri\\\/2023\\\/09\\\/01\\\/comentario-paises-banhados-do-pacifico-tem-o-direito-de-reivindicar-compensacao-ao-governo-japones-2\\\/#respond\"]}]},{\"@type\":\"WebPage\",\"@id\":\"https:\\\/\\\/diariodepe.com.br\\\/cri\\\/2023\\\/09\\\/01\\\/comentario-paises-banhados-do-pacifico-tem-o-direito-de-reivindicar-compensacao-ao-governo-japones-2\\\/\",\"url\":\"https:\\\/\\\/diariodepe.com.br\\\/cri\\\/2023\\\/09\\\/01\\\/comentario-paises-banhados-do-pacifico-tem-o-direito-de-reivindicar-compensacao-ao-governo-japones-2\\\/\",\"name\":\"Coment\u00e1rio: pa\u00edses banhados do Pac\u00edfico t\u00eam o direito de reivindicar compensa\u00e7\u00e3o ao governo japon\u00eas! - CRI e Diario de Pernambuco\",\"isPartOf\":{\"@id\":\"https:\\\/\\\/diariodepe.com.br\\\/cri\\\/#website\"},\"datePublished\":\"2023-09-01T03:33:51+00:00\",\"breadcrumb\":{\"@id\":\"https:\\\/\\\/diariodepe.com.br\\\/cri\\\/2023\\\/09\\\/01\\\/comentario-paises-banhados-do-pacifico-tem-o-direito-de-reivindicar-compensacao-ao-governo-japones-2\\\/#breadcrumb\"},\"inLanguage\":\"pt-BR\",\"potentialAction\":[{\"@type\":\"ReadAction\",\"target\":[\"https:\\\/\\\/diariodepe.com.br\\\/cri\\\/2023\\\/09\\\/01\\\/comentario-paises-banhados-do-pacifico-tem-o-direito-de-reivindicar-compensacao-ao-governo-japones-2\\\/\"]}]},{\"@type\":\"BreadcrumbList\",\"@id\":\"https:\\\/\\\/diariodepe.com.br\\\/cri\\\/2023\\\/09\\\/01\\\/comentario-paises-banhados-do-pacifico-tem-o-direito-de-reivindicar-compensacao-ao-governo-japones-2\\\/#breadcrumb\",\"itemListElement\":[{\"@type\":\"ListItem\",\"position\":1,\"name\":\"In\u00edcio\",\"item\":\"https:\\\/\\\/diariodepe.com.br\\\/cri\\\/\"},{\"@type\":\"ListItem\",\"position\":2,\"name\":\"Coment\u00e1rio: pa\u00edses banhados do Pac\u00edfico t\u00eam o direito de reivindicar compensa\u00e7\u00e3o ao governo japon\u00eas!\"}]},{\"@type\":\"WebSite\",\"@id\":\"https:\\\/\\\/diariodepe.com.br\\\/cri\\\/#website\",\"url\":\"https:\\\/\\\/diariodepe.com.br\\\/cri\\\/\",\"name\":\"CRI e Diario de Pernambuco\",\"description\":\"R\u00e1dio Internacional da China\",\"publisher\":{\"@id\":\"https:\\\/\\\/diariodepe.com.br\\\/cri\\\/#organization\"},\"potentialAction\":[{\"@type\":\"SearchAction\",\"target\":{\"@type\":\"EntryPoint\",\"urlTemplate\":\"https:\\\/\\\/diariodepe.com.br\\\/cri\\\/?s={search_term_string}\"},\"query-input\":{\"@type\":\"PropertyValueSpecification\",\"valueRequired\":true,\"valueName\":\"search_term_string\"}}],\"inLanguage\":\"pt-BR\"},{\"@type\":\"Organization\",\"@id\":\"https:\\\/\\\/diariodepe.com.br\\\/cri\\\/#organization\",\"name\":\"CRI e Diario de Pernambuco\",\"url\":\"https:\\\/\\\/diariodepe.com.br\\\/cri\\\/\",\"logo\":{\"@type\":\"ImageObject\",\"inLanguage\":\"pt-BR\",\"@id\":\"https:\\\/\\\/diariodepe.com.br\\\/cri\\\/#\\\/schema\\\/logo\\\/image\\\/\",\"url\":\"https:\\\/\\\/diariodepe.com.br\\\/cri\\\/wp-content\\\/uploads\\\/sites\\\/2\\\/2022\\\/12\\\/cropped-Logo.jpg\",\"contentUrl\":\"https:\\\/\\\/diariodepe.com.br\\\/cri\\\/wp-content\\\/uploads\\\/sites\\\/2\\\/2022\\\/12\\\/cropped-Logo.jpg\",\"width\":700,\"height\":59,\"caption\":\"CRI e Diario de Pernambuco\"},\"image\":{\"@id\":\"https:\\\/\\\/diariodepe.com.br\\\/cri\\\/#\\\/schema\\\/logo\\\/image\\\/\"}},{\"@type\":\"Person\",\"@id\":\"https:\\\/\\\/diariodepe.com.br\\\/cri\\\/#\\\/schema\\\/person\\\/121bb28d84f1a5b1205ef4ce9c2e0c6b\",\"name\":\"Ismael Lucas S. Pereira\",\"image\":{\"@type\":\"ImageObject\",\"inLanguage\":\"pt-BR\",\"@id\":\"https:\\\/\\\/secure.gravatar.com\\\/avatar\\\/887a0f3b5a7ceea963a48499fb883ffce6b5037362def025c52c2505b15d63e4?s=96&d=mm&r=g\",\"url\":\"https:\\\/\\\/secure.gravatar.com\\\/avatar\\\/887a0f3b5a7ceea963a48499fb883ffce6b5037362def025c52c2505b15d63e4?s=96&d=mm&r=g\",\"contentUrl\":\"https:\\\/\\\/secure.gravatar.com\\\/avatar\\\/887a0f3b5a7ceea963a48499fb883ffce6b5037362def025c52c2505b15d63e4?s=96&d=mm&r=g\",\"caption\":\"Ismael Lucas S. Pereira\"},\"url\":\"https:\\\/\\\/diariodepe.com.br\\\/cri\\\/author\\\/ismael-lucas\\\/\"}]}<\/script>\n<!-- \/ Yoast SEO plugin. -->","yoast_head_json":{"title":"Coment\u00e1rio: pa\u00edses banhados do Pac\u00edfico t\u00eam o direito de reivindicar compensa\u00e7\u00e3o ao governo japon\u00eas! - CRI e Diario de Pernambuco","robots":{"index":"index","follow":"follow","max-snippet":"max-snippet:-1","max-image-preview":"max-image-preview:large","max-video-preview":"max-video-preview:-1"},"canonical":"https:\/\/diariodepe.com.br\/cri\/2023\/09\/01\/comentario-paises-banhados-do-pacifico-tem-o-direito-de-reivindicar-compensacao-ao-governo-japones-2\/","og_locale":"pt_BR","og_type":"article","og_title":"Coment\u00e1rio: pa\u00edses banhados do Pac\u00edfico t\u00eam o direito de reivindicar compensa\u00e7\u00e3o ao governo japon\u00eas! - CRI e Diario de Pernambuco","og_description":"Nos \u00faltimos dias, \u00e0 medida que a\u00a0\u00e1gua radioativa da usina nuclear de Fukushima entrou no\u00a0Oceano Pac\u00edfico, a condena\u00e7\u00e3o dos pa\u00edses costeiros tem sido cada vez mais alta. Para pa\u00edses insulares como as Ilhas Marshall, que sofreram com a polui\u00e7\u00e3o nuclear,...","og_url":"https:\/\/diariodepe.com.br\/cri\/2023\/09\/01\/comentario-paises-banhados-do-pacifico-tem-o-direito-de-reivindicar-compensacao-ao-governo-japones-2\/","og_site_name":"CRI e Diario de Pernambuco","article_published_time":"2023-09-01T03:33:51+00:00","author":"Ismael Lucas S. Pereira","twitter_card":"summary_large_image","twitter_misc":{"Escrito por":"Ismael Lucas S. Pereira","Est. tempo de leitura":"4 minutos"},"schema":{"@context":"https:\/\/schema.org","@graph":[{"@type":"Article","@id":"https:\/\/diariodepe.com.br\/cri\/2023\/09\/01\/comentario-paises-banhados-do-pacifico-tem-o-direito-de-reivindicar-compensacao-ao-governo-japones-2\/#article","isPartOf":{"@id":"https:\/\/diariodepe.com.br\/cri\/2023\/09\/01\/comentario-paises-banhados-do-pacifico-tem-o-direito-de-reivindicar-compensacao-ao-governo-japones-2\/"},"author":{"name":"Ismael Lucas S. Pereira","@id":"https:\/\/diariodepe.com.br\/cri\/#\/schema\/person\/121bb28d84f1a5b1205ef4ce9c2e0c6b"},"headline":"Coment\u00e1rio: pa\u00edses banhados do Pac\u00edfico t\u00eam o direito de reivindicar compensa\u00e7\u00e3o ao governo japon\u00eas!","datePublished":"2023-09-01T03:33:51+00:00","mainEntityOfPage":{"@id":"https:\/\/diariodepe.com.br\/cri\/2023\/09\/01\/comentario-paises-banhados-do-pacifico-tem-o-direito-de-reivindicar-compensacao-ao-governo-japones-2\/"},"wordCount":644,"commentCount":0,"publisher":{"@id":"https:\/\/diariodepe.com.br\/cri\/#organization"},"articleSection":["Vis\u00e3o"],"inLanguage":"pt-BR","potentialAction":[{"@type":"CommentAction","name":"Comment","target":["https:\/\/diariodepe.com.br\/cri\/2023\/09\/01\/comentario-paises-banhados-do-pacifico-tem-o-direito-de-reivindicar-compensacao-ao-governo-japones-2\/#respond"]}]},{"@type":"WebPage","@id":"https:\/\/diariodepe.com.br\/cri\/2023\/09\/01\/comentario-paises-banhados-do-pacifico-tem-o-direito-de-reivindicar-compensacao-ao-governo-japones-2\/","url":"https:\/\/diariodepe.com.br\/cri\/2023\/09\/01\/comentario-paises-banhados-do-pacifico-tem-o-direito-de-reivindicar-compensacao-ao-governo-japones-2\/","name":"Coment\u00e1rio: pa\u00edses banhados do Pac\u00edfico t\u00eam o direito de reivindicar compensa\u00e7\u00e3o ao governo japon\u00eas! - CRI e Diario de Pernambuco","isPartOf":{"@id":"https:\/\/diariodepe.com.br\/cri\/#website"},"datePublished":"2023-09-01T03:33:51+00:00","breadcrumb":{"@id":"https:\/\/diariodepe.com.br\/cri\/2023\/09\/01\/comentario-paises-banhados-do-pacifico-tem-o-direito-de-reivindicar-compensacao-ao-governo-japones-2\/#breadcrumb"},"inLanguage":"pt-BR","potentialAction":[{"@type":"ReadAction","target":["https:\/\/diariodepe.com.br\/cri\/2023\/09\/01\/comentario-paises-banhados-do-pacifico-tem-o-direito-de-reivindicar-compensacao-ao-governo-japones-2\/"]}]},{"@type":"BreadcrumbList","@id":"https:\/\/diariodepe.com.br\/cri\/2023\/09\/01\/comentario-paises-banhados-do-pacifico-tem-o-direito-de-reivindicar-compensacao-ao-governo-japones-2\/#breadcrumb","itemListElement":[{"@type":"ListItem","position":1,"name":"In\u00edcio","item":"https:\/\/diariodepe.com.br\/cri\/"},{"@type":"ListItem","position":2,"name":"Coment\u00e1rio: pa\u00edses banhados do Pac\u00edfico t\u00eam o direito de reivindicar compensa\u00e7\u00e3o ao governo japon\u00eas!"}]},{"@type":"WebSite","@id":"https:\/\/diariodepe.com.br\/cri\/#website","url":"https:\/\/diariodepe.com.br\/cri\/","name":"CRI e Diario de Pernambuco","description":"R\u00e1dio Internacional da China","publisher":{"@id":"https:\/\/diariodepe.com.br\/cri\/#organization"},"potentialAction":[{"@type":"SearchAction","target":{"@type":"EntryPoint","urlTemplate":"https:\/\/diariodepe.com.br\/cri\/?s={search_term_string}"},"query-input":{"@type":"PropertyValueSpecification","valueRequired":true,"valueName":"search_term_string"}}],"inLanguage":"pt-BR"},{"@type":"Organization","@id":"https:\/\/diariodepe.com.br\/cri\/#organization","name":"CRI e Diario de Pernambuco","url":"https:\/\/diariodepe.com.br\/cri\/","logo":{"@type":"ImageObject","inLanguage":"pt-BR","@id":"https:\/\/diariodepe.com.br\/cri\/#\/schema\/logo\/image\/","url":"https:\/\/diariodepe.com.br\/cri\/wp-content\/uploads\/sites\/2\/2022\/12\/cropped-Logo.jpg","contentUrl":"https:\/\/diariodepe.com.br\/cri\/wp-content\/uploads\/sites\/2\/2022\/12\/cropped-Logo.jpg","width":700,"height":59,"caption":"CRI e Diario de Pernambuco"},"image":{"@id":"https:\/\/diariodepe.com.br\/cri\/#\/schema\/logo\/image\/"}},{"@type":"Person","@id":"https:\/\/diariodepe.com.br\/cri\/#\/schema\/person\/121bb28d84f1a5b1205ef4ce9c2e0c6b","name":"Ismael Lucas S. Pereira","image":{"@type":"ImageObject","inLanguage":"pt-BR","@id":"https:\/\/secure.gravatar.com\/avatar\/887a0f3b5a7ceea963a48499fb883ffce6b5037362def025c52c2505b15d63e4?s=96&d=mm&r=g","url":"https:\/\/secure.gravatar.com\/avatar\/887a0f3b5a7ceea963a48499fb883ffce6b5037362def025c52c2505b15d63e4?s=96&d=mm&r=g","contentUrl":"https:\/\/secure.gravatar.com\/avatar\/887a0f3b5a7ceea963a48499fb883ffce6b5037362def025c52c2505b15d63e4?s=96&d=mm&r=g","caption":"Ismael Lucas S. Pereira"},"url":"https:\/\/diariodepe.com.br\/cri\/author\/ismael-lucas\/"}]}},"cc_featured_image_caption":{"caption_text":false,"source_text":false,"source_url":false},"amp_enabled":true,"_links":{"self":[{"href":"https:\/\/diariodepe.com.br\/cri\/wp-json\/wp\/v2\/posts\/2550","targetHints":{"allow":["GET"]}}],"collection":[{"href":"https:\/\/diariodepe.com.br\/cri\/wp-json\/wp\/v2\/posts"}],"about":[{"href":"https:\/\/diariodepe.com.br\/cri\/wp-json\/wp\/v2\/types\/post"}],"author":[{"embeddable":true,"href":"https:\/\/diariodepe.com.br\/cri\/wp-json\/wp\/v2\/users\/2"}],"replies":[{"embeddable":true,"href":"https:\/\/diariodepe.com.br\/cri\/wp-json\/wp\/v2\/comments?post=2550"}],"version-history":[{"count":1,"href":"https:\/\/diariodepe.com.br\/cri\/wp-json\/wp\/v2\/posts\/2550\/revisions"}],"predecessor-version":[{"id":2551,"href":"https:\/\/diariodepe.com.br\/cri\/wp-json\/wp\/v2\/posts\/2550\/revisions\/2551"}],"wp:attachment":[{"href":"https:\/\/diariodepe.com.br\/cri\/wp-json\/wp\/v2\/media?parent=2550"}],"wp:term":[{"taxonomy":"category","embeddable":true,"href":"https:\/\/diariodepe.com.br\/cri\/wp-json\/wp\/v2\/categories?post=2550"},{"taxonomy":"post_tag","embeddable":true,"href":"https:\/\/diariodepe.com.br\/cri\/wp-json\/wp\/v2\/tags?post=2550"}],"curies":[{"name":"wp","href":"https:\/\/api.w.org\/{rel}","templated":true}]}}