{"id":2546,"date":"2023-08-31T23:50:36","date_gmt":"2023-09-01T02:50:36","guid":{"rendered":"https:\/\/diariodepe.com.br\/cri\/?p=2546"},"modified":"2023-08-31T23:50:36","modified_gmt":"2023-09-01T02:50:36","slug":"neto-de-gilberto-freyre-compartilha-sua-viagem-pela-china-e-as-semelhancas-entre-china-e-brasil","status":"publish","type":"post","link":"https:\/\/diariodepe.com.br\/cri\/2023\/08\/31\/neto-de-gilberto-freyre-compartilha-sua-viagem-pela-china-e-as-semelhancas-entre-china-e-brasil\/","title":{"rendered":"Neto de Gilberto Freyre compartilha sua viagem pela China e as semelhan\u00e7as entre China e Brasil"},"content":{"rendered":"<p>Gilberto Freyre Neto \u00e9 consultor empresarial e ex-secret\u00e1rio de cultura de Pernambuco. Ele \u00e9 tamb\u00e9m neto do famoso autor brasileiro Gilberto Freyre. Recentemente, Gilberto foi convidado pelo Minist\u00e9rio do Com\u00e9rcio da China para passar mais de 20 dias na China participando de um curso. Nesta conversa ele contou qu\u00e3o calorosos foram os chineses que ele encontrou em Beijing, compartilhou as semelhan\u00e7as na cultura e no cotidiano entre a China e o Brasil e expressou o otimismo sobre a perspectiva das rela\u00e7\u00f5es econ\u00f4micas e comerciais entre os dois lados.<\/p>\n<p><iframe title=\"Neto de Gilberto Freyre compartilha sua viagem pela China e as semelhan\u00e7as entre China e Brasil\" width=\"640\" height=\"360\" src=\"https:\/\/www.youtube.com\/embed\/7w13D4CscBc?feature=oembed\" frameborder=\"0\" allow=\"accelerometer; autoplay; clipboard-write; encrypted-media; gyroscope; picture-in-picture; web-share\" referrerpolicy=\"strict-origin-when-cross-origin\" allowfullscreen><\/iframe><\/p>\n","protected":false},"excerpt":{"rendered":"<p>Gilberto Freyre Neto \u00e9 consultor empresarial e ex-secret\u00e1rio de cultura de Pernambuco. Ele \u00e9 tamb\u00e9m neto do famoso autor brasileiro Gilberto Freyre. Recentemente, Gilberto foi convidado pelo Minist\u00e9rio do Com\u00e9rcio da China para passar mais de 20 dias na China&#8230;<\/p>\n","protected":false},"author":2,"featured_media":0,"comment_status":"open","ping_status":"open","sticky":false,"template":"","format":"standard","meta":{"footnotes":""},"categories":[9],"tags":[],"class_list":["post-2546","post","type-post","status-publish","format-standard","hentry","category-dptv-e-cri"],"yoast_head":"<!-- This site is optimized with the Yoast SEO plugin v27.4 - https:\/\/yoast.com\/product\/yoast-seo-wordpress\/ -->\n<title>Neto de Gilberto Freyre compartilha sua viagem pela China e as semelhan\u00e7as entre China e Brasil - CRI e Diario de Pernambuco<\/title>\n<meta name=\"robots\" content=\"index, follow, max-snippet:-1, max-image-preview:large, max-video-preview:-1\" \/>\n<link rel=\"canonical\" href=\"https:\/\/diariodepe.com.br\/cri\/2023\/08\/31\/neto-de-gilberto-freyre-compartilha-sua-viagem-pela-china-e-as-semelhancas-entre-china-e-brasil\/\" \/>\n<meta property=\"og:locale\" content=\"pt_BR\" \/>\n<meta property=\"og:type\" content=\"article\" \/>\n<meta property=\"og:title\" content=\"Neto de Gilberto Freyre compartilha sua viagem pela China e as semelhan\u00e7as entre China e Brasil - CRI e Diario de Pernambuco\" \/>\n<meta property=\"og:description\" content=\"Gilberto Freyre Neto \u00e9 consultor empresarial e ex-secret\u00e1rio de cultura de Pernambuco. Ele \u00e9 tamb\u00e9m neto do famoso autor brasileiro Gilberto Freyre. Recentemente, Gilberto foi convidado pelo Minist\u00e9rio do Com\u00e9rcio da China para passar mais de 20 dias na China...\" \/>\n<meta property=\"og:url\" content=\"https:\/\/diariodepe.com.br\/cri\/2023\/08\/31\/neto-de-gilberto-freyre-compartilha-sua-viagem-pela-china-e-as-semelhancas-entre-china-e-brasil\/\" \/>\n<meta property=\"og:site_name\" content=\"CRI e Diario de Pernambuco\" \/>\n<meta property=\"article:published_time\" content=\"2023-09-01T02:50:36+00:00\" \/>\n<meta name=\"author\" content=\"Ismael Lucas S. Pereira\" \/>\n<meta name=\"twitter:card\" content=\"summary_large_image\" \/>\n<meta name=\"twitter:label1\" content=\"Escrito por\" \/>\n\t<meta name=\"twitter:data1\" content=\"Ismael Lucas S. Pereira\" \/>\n\t<meta name=\"twitter:label2\" content=\"Est. tempo de leitura\" \/>\n\t<meta name=\"twitter:data2\" content=\"1 minuto\" \/>\n<script type=\"application\/ld+json\" class=\"yoast-schema-graph\">{\"@context\":\"https:\\\/\\\/schema.org\",\"@graph\":[{\"@type\":\"Article\",\"@id\":\"https:\\\/\\\/diariodepe.com.br\\\/cri\\\/2023\\\/08\\\/31\\\/neto-de-gilberto-freyre-compartilha-sua-viagem-pela-china-e-as-semelhancas-entre-china-e-brasil\\\/#article\",\"isPartOf\":{\"@id\":\"https:\\\/\\\/diariodepe.com.br\\\/cri\\\/2023\\\/08\\\/31\\\/neto-de-gilberto-freyre-compartilha-sua-viagem-pela-china-e-as-semelhancas-entre-china-e-brasil\\\/\"},\"author\":{\"name\":\"Ismael Lucas S. Pereira\",\"@id\":\"https:\\\/\\\/diariodepe.com.br\\\/cri\\\/#\\\/schema\\\/person\\\/121bb28d84f1a5b1205ef4ce9c2e0c6b\"},\"headline\":\"Neto de Gilberto Freyre compartilha sua viagem pela China e as semelhan\u00e7as entre China e Brasil\",\"datePublished\":\"2023-09-01T02:50:36+00:00\",\"mainEntityOfPage\":{\"@id\":\"https:\\\/\\\/diariodepe.com.br\\\/cri\\\/2023\\\/08\\\/31\\\/neto-de-gilberto-freyre-compartilha-sua-viagem-pela-china-e-as-semelhancas-entre-china-e-brasil\\\/\"},\"wordCount\":121,\"commentCount\":0,\"publisher\":{\"@id\":\"https:\\\/\\\/diariodepe.com.br\\\/cri\\\/#organization\"},\"articleSection\":[\"DPTV e CRI\"],\"inLanguage\":\"pt-BR\",\"potentialAction\":[{\"@type\":\"CommentAction\",\"name\":\"Comment\",\"target\":[\"https:\\\/\\\/diariodepe.com.br\\\/cri\\\/2023\\\/08\\\/31\\\/neto-de-gilberto-freyre-compartilha-sua-viagem-pela-china-e-as-semelhancas-entre-china-e-brasil\\\/#respond\"]}]},{\"@type\":\"WebPage\",\"@id\":\"https:\\\/\\\/diariodepe.com.br\\\/cri\\\/2023\\\/08\\\/31\\\/neto-de-gilberto-freyre-compartilha-sua-viagem-pela-china-e-as-semelhancas-entre-china-e-brasil\\\/\",\"url\":\"https:\\\/\\\/diariodepe.com.br\\\/cri\\\/2023\\\/08\\\/31\\\/neto-de-gilberto-freyre-compartilha-sua-viagem-pela-china-e-as-semelhancas-entre-china-e-brasil\\\/\",\"name\":\"Neto de Gilberto Freyre compartilha sua viagem pela China e as semelhan\u00e7as entre China e Brasil - CRI e Diario de Pernambuco\",\"isPartOf\":{\"@id\":\"https:\\\/\\\/diariodepe.com.br\\\/cri\\\/#website\"},\"datePublished\":\"2023-09-01T02:50:36+00:00\",\"breadcrumb\":{\"@id\":\"https:\\\/\\\/diariodepe.com.br\\\/cri\\\/2023\\\/08\\\/31\\\/neto-de-gilberto-freyre-compartilha-sua-viagem-pela-china-e-as-semelhancas-entre-china-e-brasil\\\/#breadcrumb\"},\"inLanguage\":\"pt-BR\",\"potentialAction\":[{\"@type\":\"ReadAction\",\"target\":[\"https:\\\/\\\/diariodepe.com.br\\\/cri\\\/2023\\\/08\\\/31\\\/neto-de-gilberto-freyre-compartilha-sua-viagem-pela-china-e-as-semelhancas-entre-china-e-brasil\\\/\"]}]},{\"@type\":\"BreadcrumbList\",\"@id\":\"https:\\\/\\\/diariodepe.com.br\\\/cri\\\/2023\\\/08\\\/31\\\/neto-de-gilberto-freyre-compartilha-sua-viagem-pela-china-e-as-semelhancas-entre-china-e-brasil\\\/#breadcrumb\",\"itemListElement\":[{\"@type\":\"ListItem\",\"position\":1,\"name\":\"In\u00edcio\",\"item\":\"https:\\\/\\\/diariodepe.com.br\\\/cri\\\/\"},{\"@type\":\"ListItem\",\"position\":2,\"name\":\"Neto de Gilberto Freyre compartilha sua viagem pela China e as semelhan\u00e7as entre China e Brasil\"}]},{\"@type\":\"WebSite\",\"@id\":\"https:\\\/\\\/diariodepe.com.br\\\/cri\\\/#website\",\"url\":\"https:\\\/\\\/diariodepe.com.br\\\/cri\\\/\",\"name\":\"CRI e Diario de Pernambuco\",\"description\":\"R\u00e1dio Internacional da China\",\"publisher\":{\"@id\":\"https:\\\/\\\/diariodepe.com.br\\\/cri\\\/#organization\"},\"potentialAction\":[{\"@type\":\"SearchAction\",\"target\":{\"@type\":\"EntryPoint\",\"urlTemplate\":\"https:\\\/\\\/diariodepe.com.br\\\/cri\\\/?s={search_term_string}\"},\"query-input\":{\"@type\":\"PropertyValueSpecification\",\"valueRequired\":true,\"valueName\":\"search_term_string\"}}],\"inLanguage\":\"pt-BR\"},{\"@type\":\"Organization\",\"@id\":\"https:\\\/\\\/diariodepe.com.br\\\/cri\\\/#organization\",\"name\":\"CRI e Diario de Pernambuco\",\"url\":\"https:\\\/\\\/diariodepe.com.br\\\/cri\\\/\",\"logo\":{\"@type\":\"ImageObject\",\"inLanguage\":\"pt-BR\",\"@id\":\"https:\\\/\\\/diariodepe.com.br\\\/cri\\\/#\\\/schema\\\/logo\\\/image\\\/\",\"url\":\"https:\\\/\\\/diariodepe.com.br\\\/cri\\\/wp-content\\\/uploads\\\/sites\\\/2\\\/2022\\\/12\\\/cropped-Logo.jpg\",\"contentUrl\":\"https:\\\/\\\/diariodepe.com.br\\\/cri\\\/wp-content\\\/uploads\\\/sites\\\/2\\\/2022\\\/12\\\/cropped-Logo.jpg\",\"width\":700,\"height\":59,\"caption\":\"CRI e Diario de Pernambuco\"},\"image\":{\"@id\":\"https:\\\/\\\/diariodepe.com.br\\\/cri\\\/#\\\/schema\\\/logo\\\/image\\\/\"}},{\"@type\":\"Person\",\"@id\":\"https:\\\/\\\/diariodepe.com.br\\\/cri\\\/#\\\/schema\\\/person\\\/121bb28d84f1a5b1205ef4ce9c2e0c6b\",\"name\":\"Ismael Lucas S. Pereira\",\"image\":{\"@type\":\"ImageObject\",\"inLanguage\":\"pt-BR\",\"@id\":\"https:\\\/\\\/secure.gravatar.com\\\/avatar\\\/887a0f3b5a7ceea963a48499fb883ffce6b5037362def025c52c2505b15d63e4?s=96&d=mm&r=g\",\"url\":\"https:\\\/\\\/secure.gravatar.com\\\/avatar\\\/887a0f3b5a7ceea963a48499fb883ffce6b5037362def025c52c2505b15d63e4?s=96&d=mm&r=g\",\"contentUrl\":\"https:\\\/\\\/secure.gravatar.com\\\/avatar\\\/887a0f3b5a7ceea963a48499fb883ffce6b5037362def025c52c2505b15d63e4?s=96&d=mm&r=g\",\"caption\":\"Ismael Lucas S. Pereira\"},\"url\":\"https:\\\/\\\/diariodepe.com.br\\\/cri\\\/author\\\/ismael-lucas\\\/\"}]}<\/script>\n<!-- \/ Yoast SEO plugin. -->","yoast_head_json":{"title":"Neto de Gilberto Freyre compartilha sua viagem pela China e as semelhan\u00e7as entre China e Brasil - CRI e Diario de Pernambuco","robots":{"index":"index","follow":"follow","max-snippet":"max-snippet:-1","max-image-preview":"max-image-preview:large","max-video-preview":"max-video-preview:-1"},"canonical":"https:\/\/diariodepe.com.br\/cri\/2023\/08\/31\/neto-de-gilberto-freyre-compartilha-sua-viagem-pela-china-e-as-semelhancas-entre-china-e-brasil\/","og_locale":"pt_BR","og_type":"article","og_title":"Neto de Gilberto Freyre compartilha sua viagem pela China e as semelhan\u00e7as entre China e Brasil - CRI e Diario de Pernambuco","og_description":"Gilberto Freyre Neto \u00e9 consultor empresarial e ex-secret\u00e1rio de cultura de Pernambuco. Ele \u00e9 tamb\u00e9m neto do famoso autor brasileiro Gilberto Freyre. Recentemente, Gilberto foi convidado pelo Minist\u00e9rio do Com\u00e9rcio da China para passar mais de 20 dias na China...","og_url":"https:\/\/diariodepe.com.br\/cri\/2023\/08\/31\/neto-de-gilberto-freyre-compartilha-sua-viagem-pela-china-e-as-semelhancas-entre-china-e-brasil\/","og_site_name":"CRI e Diario de Pernambuco","article_published_time":"2023-09-01T02:50:36+00:00","author":"Ismael Lucas S. Pereira","twitter_card":"summary_large_image","twitter_misc":{"Escrito por":"Ismael Lucas S. Pereira","Est. tempo de leitura":"1 minuto"},"schema":{"@context":"https:\/\/schema.org","@graph":[{"@type":"Article","@id":"https:\/\/diariodepe.com.br\/cri\/2023\/08\/31\/neto-de-gilberto-freyre-compartilha-sua-viagem-pela-china-e-as-semelhancas-entre-china-e-brasil\/#article","isPartOf":{"@id":"https:\/\/diariodepe.com.br\/cri\/2023\/08\/31\/neto-de-gilberto-freyre-compartilha-sua-viagem-pela-china-e-as-semelhancas-entre-china-e-brasil\/"},"author":{"name":"Ismael Lucas S. Pereira","@id":"https:\/\/diariodepe.com.br\/cri\/#\/schema\/person\/121bb28d84f1a5b1205ef4ce9c2e0c6b"},"headline":"Neto de Gilberto Freyre compartilha sua viagem pela China e as semelhan\u00e7as entre China e Brasil","datePublished":"2023-09-01T02:50:36+00:00","mainEntityOfPage":{"@id":"https:\/\/diariodepe.com.br\/cri\/2023\/08\/31\/neto-de-gilberto-freyre-compartilha-sua-viagem-pela-china-e-as-semelhancas-entre-china-e-brasil\/"},"wordCount":121,"commentCount":0,"publisher":{"@id":"https:\/\/diariodepe.com.br\/cri\/#organization"},"articleSection":["DPTV e CRI"],"inLanguage":"pt-BR","potentialAction":[{"@type":"CommentAction","name":"Comment","target":["https:\/\/diariodepe.com.br\/cri\/2023\/08\/31\/neto-de-gilberto-freyre-compartilha-sua-viagem-pela-china-e-as-semelhancas-entre-china-e-brasil\/#respond"]}]},{"@type":"WebPage","@id":"https:\/\/diariodepe.com.br\/cri\/2023\/08\/31\/neto-de-gilberto-freyre-compartilha-sua-viagem-pela-china-e-as-semelhancas-entre-china-e-brasil\/","url":"https:\/\/diariodepe.com.br\/cri\/2023\/08\/31\/neto-de-gilberto-freyre-compartilha-sua-viagem-pela-china-e-as-semelhancas-entre-china-e-brasil\/","name":"Neto de Gilberto Freyre compartilha sua viagem pela China e as semelhan\u00e7as entre China e Brasil - CRI e Diario de Pernambuco","isPartOf":{"@id":"https:\/\/diariodepe.com.br\/cri\/#website"},"datePublished":"2023-09-01T02:50:36+00:00","breadcrumb":{"@id":"https:\/\/diariodepe.com.br\/cri\/2023\/08\/31\/neto-de-gilberto-freyre-compartilha-sua-viagem-pela-china-e-as-semelhancas-entre-china-e-brasil\/#breadcrumb"},"inLanguage":"pt-BR","potentialAction":[{"@type":"ReadAction","target":["https:\/\/diariodepe.com.br\/cri\/2023\/08\/31\/neto-de-gilberto-freyre-compartilha-sua-viagem-pela-china-e-as-semelhancas-entre-china-e-brasil\/"]}]},{"@type":"BreadcrumbList","@id":"https:\/\/diariodepe.com.br\/cri\/2023\/08\/31\/neto-de-gilberto-freyre-compartilha-sua-viagem-pela-china-e-as-semelhancas-entre-china-e-brasil\/#breadcrumb","itemListElement":[{"@type":"ListItem","position":1,"name":"In\u00edcio","item":"https:\/\/diariodepe.com.br\/cri\/"},{"@type":"ListItem","position":2,"name":"Neto de Gilberto Freyre compartilha sua viagem pela China e as semelhan\u00e7as entre China e Brasil"}]},{"@type":"WebSite","@id":"https:\/\/diariodepe.com.br\/cri\/#website","url":"https:\/\/diariodepe.com.br\/cri\/","name":"CRI e Diario de Pernambuco","description":"R\u00e1dio Internacional da China","publisher":{"@id":"https:\/\/diariodepe.com.br\/cri\/#organization"},"potentialAction":[{"@type":"SearchAction","target":{"@type":"EntryPoint","urlTemplate":"https:\/\/diariodepe.com.br\/cri\/?s={search_term_string}"},"query-input":{"@type":"PropertyValueSpecification","valueRequired":true,"valueName":"search_term_string"}}],"inLanguage":"pt-BR"},{"@type":"Organization","@id":"https:\/\/diariodepe.com.br\/cri\/#organization","name":"CRI e Diario de Pernambuco","url":"https:\/\/diariodepe.com.br\/cri\/","logo":{"@type":"ImageObject","inLanguage":"pt-BR","@id":"https:\/\/diariodepe.com.br\/cri\/#\/schema\/logo\/image\/","url":"https:\/\/diariodepe.com.br\/cri\/wp-content\/uploads\/sites\/2\/2022\/12\/cropped-Logo.jpg","contentUrl":"https:\/\/diariodepe.com.br\/cri\/wp-content\/uploads\/sites\/2\/2022\/12\/cropped-Logo.jpg","width":700,"height":59,"caption":"CRI e Diario de Pernambuco"},"image":{"@id":"https:\/\/diariodepe.com.br\/cri\/#\/schema\/logo\/image\/"}},{"@type":"Person","@id":"https:\/\/diariodepe.com.br\/cri\/#\/schema\/person\/121bb28d84f1a5b1205ef4ce9c2e0c6b","name":"Ismael Lucas S. Pereira","image":{"@type":"ImageObject","inLanguage":"pt-BR","@id":"https:\/\/secure.gravatar.com\/avatar\/887a0f3b5a7ceea963a48499fb883ffce6b5037362def025c52c2505b15d63e4?s=96&d=mm&r=g","url":"https:\/\/secure.gravatar.com\/avatar\/887a0f3b5a7ceea963a48499fb883ffce6b5037362def025c52c2505b15d63e4?s=96&d=mm&r=g","contentUrl":"https:\/\/secure.gravatar.com\/avatar\/887a0f3b5a7ceea963a48499fb883ffce6b5037362def025c52c2505b15d63e4?s=96&d=mm&r=g","caption":"Ismael Lucas S. Pereira"},"url":"https:\/\/diariodepe.com.br\/cri\/author\/ismael-lucas\/"}]}},"cc_featured_image_caption":{"caption_text":false,"source_text":false,"source_url":false},"amp_enabled":true,"_links":{"self":[{"href":"https:\/\/diariodepe.com.br\/cri\/wp-json\/wp\/v2\/posts\/2546","targetHints":{"allow":["GET"]}}],"collection":[{"href":"https:\/\/diariodepe.com.br\/cri\/wp-json\/wp\/v2\/posts"}],"about":[{"href":"https:\/\/diariodepe.com.br\/cri\/wp-json\/wp\/v2\/types\/post"}],"author":[{"embeddable":true,"href":"https:\/\/diariodepe.com.br\/cri\/wp-json\/wp\/v2\/users\/2"}],"replies":[{"embeddable":true,"href":"https:\/\/diariodepe.com.br\/cri\/wp-json\/wp\/v2\/comments?post=2546"}],"version-history":[{"count":1,"href":"https:\/\/diariodepe.com.br\/cri\/wp-json\/wp\/v2\/posts\/2546\/revisions"}],"predecessor-version":[{"id":2547,"href":"https:\/\/diariodepe.com.br\/cri\/wp-json\/wp\/v2\/posts\/2546\/revisions\/2547"}],"wp:attachment":[{"href":"https:\/\/diariodepe.com.br\/cri\/wp-json\/wp\/v2\/media?parent=2546"}],"wp:term":[{"taxonomy":"category","embeddable":true,"href":"https:\/\/diariodepe.com.br\/cri\/wp-json\/wp\/v2\/categories?post=2546"},{"taxonomy":"post_tag","embeddable":true,"href":"https:\/\/diariodepe.com.br\/cri\/wp-json\/wp\/v2\/tags?post=2546"}],"curies":[{"name":"wp","href":"https:\/\/api.w.org\/{rel}","templated":true}]}}