{"id":2544,"date":"2023-08-31T23:48:39","date_gmt":"2023-09-01T02:48:39","guid":{"rendered":"https:\/\/diariodepe.com.br\/cri\/?p=2544"},"modified":"2023-08-31T23:48:39","modified_gmt":"2023-09-01T02:48:39","slug":"home-noticias-comentario-videos-galeria-de-fotos-especiais-chines-dia-a-dia-comentario-china-e-africa-sao-companheiras-no-caminho-da-modernizacao","status":"publish","type":"post","link":"https:\/\/diariodepe.com.br\/cri\/2023\/08\/31\/home-noticias-comentario-videos-galeria-de-fotos-especiais-chines-dia-a-dia-comentario-china-e-africa-sao-companheiras-no-caminho-da-modernizacao\/","title":{"rendered":"Home Not\u00edcias Coment\u00e1rio V\u00eddeos Galeria de Fotos Especiais Chin\u00eas Dia-a-Dia Coment\u00e1rio: China e \u00c1frica s\u00e3o companheiras no caminho da moderniza\u00e7\u00e3o"},"content":{"rendered":"<p data-spm-anchor-id=\"0.0.0.i1\">Os residentes de Garissa, no nordeste do Qu\u00eania, viram recentemente seus rendimentos aumentarem gra\u00e7as ao abastecimento suficiente de electricidade, o hor\u00e1rio de funcionamento dos restaurantes \u00e9 mais longo e a agricultura est\u00e1 dotada da irriga\u00e7\u00e3o por bombagem. A central fotovoltaica de Garissa, constru\u00edda por uma empresa chinesa, resolveu eficazmente o problema de escassez de energia local e injetou for\u00e7a sustent\u00e1vel ao meio ambiente no desenvolvimento queniano.<\/p>\n<p>Ao longo de 10 anos, a China participou da constru\u00e7\u00e3o de mais de 6 mil quil\u00f4metros de ferrovias, mais de 6 mil quil\u00f4metros de estradas e mais de 80 instala\u00e7\u00f5es el\u00e9tricas de grande escala na \u00c1frica. A implementa\u00e7\u00e3o destes projetos confirmou as palavras do presidente chin\u00eas, Xi Jinping, no seu discurso no Di\u00e1logo dos L\u00edderes China-\u00c1frica, nessa quinta-feira (24), de que o pa\u00eds &#8220;est\u00e1 disposto a ser um companheiro no caminho da moderniza\u00e7\u00e3o da \u00c1frica&#8221;.<\/p>\n<p>A China \u00e9 o maior parceiro comercial do continente por 14 anos consecutivos. Em 2022, as importa\u00e7\u00f5es e exporta\u00e7\u00f5es chinesas para a \u00c1frica somaram 1,87 trilh\u00e3o de yuans, um aumento de 14,8% em compara\u00e7\u00e3o com 2021. Atualmente, a China \u00e9 o segundo maior destino de produtos agr\u00edcolas africanos. O gergelim e o amendoim do continente representam 80% do total das importa\u00e7\u00f5es chinesas dos dois produtos. At\u00e9 2035, o volume anual de com\u00e9rcio entre China e \u00c1frica poder\u00e1 atingir US$ 300 bilh\u00f5es.<\/p>\n<p>Ao mesmo tempo, o governo chin\u00eas tem apoiado os esfor\u00e7os dos pa\u00edses africanos na moderniza\u00e7\u00e3o e no desenvolvimento independente. Em 2015, a Uni\u00e3o Africana aprovou a Agenda 2063, com o objetivo de construir uma nova \u00c1frica de integra\u00e7\u00e3o regional, paz e prosperidade dentro de 50 anos.<\/p>\n<p>O continente tem um grande potencial de industrializa\u00e7\u00e3o. Atualmente, a China estabeleceu um mecanismo de coopera\u00e7\u00e3o em capacidade de produ\u00e7\u00e3o com 15 pa\u00edses africanos, com bases locais de produ\u00e7\u00e3o e processamento e opera\u00e7\u00f5es. No futuro, a China apoiar\u00e1 o desenvolvimento da ind\u00fastria africana e distribuir\u00e1 recursos para impulsionar os projetos de industrializa\u00e7\u00e3o de \u00c1frica, a fim de ajudar os pa\u00edses africanos a concretizar o mais cedo poss\u00edvel uma industrializa\u00e7\u00e3o verde, coordenada e sustent\u00e1vel.<\/p>\n<p>Hoje, a agricultura continua a ser o principal setor econ\u00f4mico e fonte de subsist\u00eancia para a maioria dos pa\u00edses africanos. Nos \u00faltimos anos, os riscos geopol\u00edticos globais, o abastecimento alimentar mundial apertado e a alta dos pre\u00e7os dos alimentos exerceram um impacto direto na seguran\u00e7a alimentar da \u00c1frica. A China prop\u00f4s uma s\u00e9rie de medidas espec\u00edficas, incluindo ajudar o continente a expandir o cultivo de cereais, incentivar as empresas chinesas a aumentarem o investimento na agricultura africana e refor\u00e7ar a coopera\u00e7\u00e3o cient\u00edfica em tecnologia agr\u00edcola.<\/p>\n<p>O governo chin\u00eas e os pa\u00edses africanos t\u00eam opini\u00f5es e solicita\u00e7\u00f5es semelhantes sobre a atual ordem internacional e a melhoria da governa\u00e7\u00e3o global. Ambos s\u00e3o membros da fam\u00edlia do \u201cSul Global\u201d. No recente di\u00e1logo, a China declarou que continuar\u00e1 a apoiar a \u00c1frica a falar em uma s\u00f3 voz nos assuntos internacionais, al\u00e9m de promover ativamente a integra\u00e7\u00e3o da Uni\u00e3o Africana no G20, na C\u00fapula que ser\u00e1 realizada em setembro.<\/p>\n","protected":false},"excerpt":{"rendered":"<p>Os residentes de Garissa, no nordeste do Qu\u00eania, viram recentemente seus rendimentos aumentarem gra\u00e7as ao abastecimento suficiente de electricidade, o hor\u00e1rio de funcionamento dos restaurantes \u00e9 mais longo e a agricultura est\u00e1 dotada da irriga\u00e7\u00e3o por bombagem. A central fotovoltaica&#8230;<\/p>\n","protected":false},"author":2,"featured_media":0,"comment_status":"open","ping_status":"open","sticky":false,"template":"","format":"standard","meta":{"footnotes":""},"categories":[7],"tags":[],"class_list":["post-2544","post","type-post","status-publish","format-standard","hentry","category-visao"],"yoast_head":"<!-- This site is optimized with the Yoast SEO plugin v27.4 - https:\/\/yoast.com\/product\/yoast-seo-wordpress\/ -->\n<title>Home Not\u00edcias Coment\u00e1rio V\u00eddeos Galeria de Fotos Especiais Chin\u00eas Dia-a-Dia Coment\u00e1rio: China e \u00c1frica s\u00e3o companheiras no caminho da moderniza\u00e7\u00e3o - CRI e Diario de Pernambuco<\/title>\n<meta name=\"robots\" content=\"index, follow, max-snippet:-1, max-image-preview:large, max-video-preview:-1\" \/>\n<link rel=\"canonical\" href=\"https:\/\/diariodepe.com.br\/cri\/2023\/08\/31\/home-noticias-comentario-videos-galeria-de-fotos-especiais-chines-dia-a-dia-comentario-china-e-africa-sao-companheiras-no-caminho-da-modernizacao\/\" \/>\n<meta property=\"og:locale\" content=\"pt_BR\" \/>\n<meta property=\"og:type\" content=\"article\" \/>\n<meta property=\"og:title\" content=\"Home Not\u00edcias Coment\u00e1rio V\u00eddeos Galeria de Fotos Especiais Chin\u00eas Dia-a-Dia Coment\u00e1rio: China e \u00c1frica s\u00e3o companheiras no caminho da moderniza\u00e7\u00e3o - CRI e Diario de Pernambuco\" \/>\n<meta property=\"og:description\" content=\"Os residentes de Garissa, no nordeste do Qu\u00eania, viram recentemente seus rendimentos aumentarem gra\u00e7as ao abastecimento suficiente de electricidade, o hor\u00e1rio de funcionamento dos restaurantes \u00e9 mais longo e a agricultura est\u00e1 dotada da irriga\u00e7\u00e3o por bombagem. A central fotovoltaica...\" \/>\n<meta property=\"og:url\" content=\"https:\/\/diariodepe.com.br\/cri\/2023\/08\/31\/home-noticias-comentario-videos-galeria-de-fotos-especiais-chines-dia-a-dia-comentario-china-e-africa-sao-companheiras-no-caminho-da-modernizacao\/\" \/>\n<meta property=\"og:site_name\" content=\"CRI e Diario de Pernambuco\" \/>\n<meta property=\"article:published_time\" content=\"2023-09-01T02:48:39+00:00\" \/>\n<meta name=\"author\" content=\"Ismael Lucas S. Pereira\" \/>\n<meta name=\"twitter:card\" content=\"summary_large_image\" \/>\n<meta name=\"twitter:label1\" content=\"Escrito por\" \/>\n\t<meta name=\"twitter:data1\" content=\"Ismael Lucas S. Pereira\" \/>\n\t<meta name=\"twitter:label2\" content=\"Est. tempo de leitura\" \/>\n\t<meta name=\"twitter:data2\" content=\"3 minutos\" \/>\n<script type=\"application\/ld+json\" class=\"yoast-schema-graph\">{\"@context\":\"https:\\\/\\\/schema.org\",\"@graph\":[{\"@type\":\"Article\",\"@id\":\"https:\\\/\\\/diariodepe.com.br\\\/cri\\\/2023\\\/08\\\/31\\\/home-noticias-comentario-videos-galeria-de-fotos-especiais-chines-dia-a-dia-comentario-china-e-africa-sao-companheiras-no-caminho-da-modernizacao\\\/#article\",\"isPartOf\":{\"@id\":\"https:\\\/\\\/diariodepe.com.br\\\/cri\\\/2023\\\/08\\\/31\\\/home-noticias-comentario-videos-galeria-de-fotos-especiais-chines-dia-a-dia-comentario-china-e-africa-sao-companheiras-no-caminho-da-modernizacao\\\/\"},\"author\":{\"name\":\"Ismael Lucas S. Pereira\",\"@id\":\"https:\\\/\\\/diariodepe.com.br\\\/cri\\\/#\\\/schema\\\/person\\\/121bb28d84f1a5b1205ef4ce9c2e0c6b\"},\"headline\":\"Home Not\u00edcias Coment\u00e1rio V\u00eddeos Galeria de Fotos Especiais Chin\u00eas Dia-a-Dia Coment\u00e1rio: China e \u00c1frica s\u00e3o companheiras no caminho da moderniza\u00e7\u00e3o\",\"datePublished\":\"2023-09-01T02:48:39+00:00\",\"mainEntityOfPage\":{\"@id\":\"https:\\\/\\\/diariodepe.com.br\\\/cri\\\/2023\\\/08\\\/31\\\/home-noticias-comentario-videos-galeria-de-fotos-especiais-chines-dia-a-dia-comentario-china-e-africa-sao-companheiras-no-caminho-da-modernizacao\\\/\"},\"wordCount\":574,\"commentCount\":0,\"publisher\":{\"@id\":\"https:\\\/\\\/diariodepe.com.br\\\/cri\\\/#organization\"},\"articleSection\":[\"Vis\u00e3o\"],\"inLanguage\":\"pt-BR\",\"potentialAction\":[{\"@type\":\"CommentAction\",\"name\":\"Comment\",\"target\":[\"https:\\\/\\\/diariodepe.com.br\\\/cri\\\/2023\\\/08\\\/31\\\/home-noticias-comentario-videos-galeria-de-fotos-especiais-chines-dia-a-dia-comentario-china-e-africa-sao-companheiras-no-caminho-da-modernizacao\\\/#respond\"]}]},{\"@type\":\"WebPage\",\"@id\":\"https:\\\/\\\/diariodepe.com.br\\\/cri\\\/2023\\\/08\\\/31\\\/home-noticias-comentario-videos-galeria-de-fotos-especiais-chines-dia-a-dia-comentario-china-e-africa-sao-companheiras-no-caminho-da-modernizacao\\\/\",\"url\":\"https:\\\/\\\/diariodepe.com.br\\\/cri\\\/2023\\\/08\\\/31\\\/home-noticias-comentario-videos-galeria-de-fotos-especiais-chines-dia-a-dia-comentario-china-e-africa-sao-companheiras-no-caminho-da-modernizacao\\\/\",\"name\":\"Home Not\u00edcias Coment\u00e1rio V\u00eddeos Galeria de Fotos Especiais Chin\u00eas Dia-a-Dia Coment\u00e1rio: China e \u00c1frica s\u00e3o companheiras no caminho da moderniza\u00e7\u00e3o - CRI e Diario de Pernambuco\",\"isPartOf\":{\"@id\":\"https:\\\/\\\/diariodepe.com.br\\\/cri\\\/#website\"},\"datePublished\":\"2023-09-01T02:48:39+00:00\",\"breadcrumb\":{\"@id\":\"https:\\\/\\\/diariodepe.com.br\\\/cri\\\/2023\\\/08\\\/31\\\/home-noticias-comentario-videos-galeria-de-fotos-especiais-chines-dia-a-dia-comentario-china-e-africa-sao-companheiras-no-caminho-da-modernizacao\\\/#breadcrumb\"},\"inLanguage\":\"pt-BR\",\"potentialAction\":[{\"@type\":\"ReadAction\",\"target\":[\"https:\\\/\\\/diariodepe.com.br\\\/cri\\\/2023\\\/08\\\/31\\\/home-noticias-comentario-videos-galeria-de-fotos-especiais-chines-dia-a-dia-comentario-china-e-africa-sao-companheiras-no-caminho-da-modernizacao\\\/\"]}]},{\"@type\":\"BreadcrumbList\",\"@id\":\"https:\\\/\\\/diariodepe.com.br\\\/cri\\\/2023\\\/08\\\/31\\\/home-noticias-comentario-videos-galeria-de-fotos-especiais-chines-dia-a-dia-comentario-china-e-africa-sao-companheiras-no-caminho-da-modernizacao\\\/#breadcrumb\",\"itemListElement\":[{\"@type\":\"ListItem\",\"position\":1,\"name\":\"In\u00edcio\",\"item\":\"https:\\\/\\\/diariodepe.com.br\\\/cri\\\/\"},{\"@type\":\"ListItem\",\"position\":2,\"name\":\"Home Not\u00edcias Coment\u00e1rio V\u00eddeos Galeria de Fotos Especiais Chin\u00eas Dia-a-Dia Coment\u00e1rio: China e \u00c1frica s\u00e3o companheiras no caminho da moderniza\u00e7\u00e3o\"}]},{\"@type\":\"WebSite\",\"@id\":\"https:\\\/\\\/diariodepe.com.br\\\/cri\\\/#website\",\"url\":\"https:\\\/\\\/diariodepe.com.br\\\/cri\\\/\",\"name\":\"CRI e Diario de Pernambuco\",\"description\":\"R\u00e1dio Internacional da China\",\"publisher\":{\"@id\":\"https:\\\/\\\/diariodepe.com.br\\\/cri\\\/#organization\"},\"potentialAction\":[{\"@type\":\"SearchAction\",\"target\":{\"@type\":\"EntryPoint\",\"urlTemplate\":\"https:\\\/\\\/diariodepe.com.br\\\/cri\\\/?s={search_term_string}\"},\"query-input\":{\"@type\":\"PropertyValueSpecification\",\"valueRequired\":true,\"valueName\":\"search_term_string\"}}],\"inLanguage\":\"pt-BR\"},{\"@type\":\"Organization\",\"@id\":\"https:\\\/\\\/diariodepe.com.br\\\/cri\\\/#organization\",\"name\":\"CRI e Diario de Pernambuco\",\"url\":\"https:\\\/\\\/diariodepe.com.br\\\/cri\\\/\",\"logo\":{\"@type\":\"ImageObject\",\"inLanguage\":\"pt-BR\",\"@id\":\"https:\\\/\\\/diariodepe.com.br\\\/cri\\\/#\\\/schema\\\/logo\\\/image\\\/\",\"url\":\"https:\\\/\\\/diariodepe.com.br\\\/cri\\\/wp-content\\\/uploads\\\/sites\\\/2\\\/2022\\\/12\\\/cropped-Logo.jpg\",\"contentUrl\":\"https:\\\/\\\/diariodepe.com.br\\\/cri\\\/wp-content\\\/uploads\\\/sites\\\/2\\\/2022\\\/12\\\/cropped-Logo.jpg\",\"width\":700,\"height\":59,\"caption\":\"CRI e Diario de Pernambuco\"},\"image\":{\"@id\":\"https:\\\/\\\/diariodepe.com.br\\\/cri\\\/#\\\/schema\\\/logo\\\/image\\\/\"}},{\"@type\":\"Person\",\"@id\":\"https:\\\/\\\/diariodepe.com.br\\\/cri\\\/#\\\/schema\\\/person\\\/121bb28d84f1a5b1205ef4ce9c2e0c6b\",\"name\":\"Ismael Lucas S. Pereira\",\"image\":{\"@type\":\"ImageObject\",\"inLanguage\":\"pt-BR\",\"@id\":\"https:\\\/\\\/secure.gravatar.com\\\/avatar\\\/887a0f3b5a7ceea963a48499fb883ffce6b5037362def025c52c2505b15d63e4?s=96&d=mm&r=g\",\"url\":\"https:\\\/\\\/secure.gravatar.com\\\/avatar\\\/887a0f3b5a7ceea963a48499fb883ffce6b5037362def025c52c2505b15d63e4?s=96&d=mm&r=g\",\"contentUrl\":\"https:\\\/\\\/secure.gravatar.com\\\/avatar\\\/887a0f3b5a7ceea963a48499fb883ffce6b5037362def025c52c2505b15d63e4?s=96&d=mm&r=g\",\"caption\":\"Ismael Lucas S. Pereira\"},\"url\":\"https:\\\/\\\/diariodepe.com.br\\\/cri\\\/author\\\/ismael-lucas\\\/\"}]}<\/script>\n<!-- \/ Yoast SEO plugin. -->","yoast_head_json":{"title":"Home Not\u00edcias Coment\u00e1rio V\u00eddeos Galeria de Fotos Especiais Chin\u00eas Dia-a-Dia Coment\u00e1rio: China e \u00c1frica s\u00e3o companheiras no caminho da moderniza\u00e7\u00e3o - CRI e Diario de Pernambuco","robots":{"index":"index","follow":"follow","max-snippet":"max-snippet:-1","max-image-preview":"max-image-preview:large","max-video-preview":"max-video-preview:-1"},"canonical":"https:\/\/diariodepe.com.br\/cri\/2023\/08\/31\/home-noticias-comentario-videos-galeria-de-fotos-especiais-chines-dia-a-dia-comentario-china-e-africa-sao-companheiras-no-caminho-da-modernizacao\/","og_locale":"pt_BR","og_type":"article","og_title":"Home Not\u00edcias Coment\u00e1rio V\u00eddeos Galeria de Fotos Especiais Chin\u00eas Dia-a-Dia Coment\u00e1rio: China e \u00c1frica s\u00e3o companheiras no caminho da moderniza\u00e7\u00e3o - CRI e Diario de Pernambuco","og_description":"Os residentes de Garissa, no nordeste do Qu\u00eania, viram recentemente seus rendimentos aumentarem gra\u00e7as ao abastecimento suficiente de electricidade, o hor\u00e1rio de funcionamento dos restaurantes \u00e9 mais longo e a agricultura est\u00e1 dotada da irriga\u00e7\u00e3o por bombagem. A central fotovoltaica...","og_url":"https:\/\/diariodepe.com.br\/cri\/2023\/08\/31\/home-noticias-comentario-videos-galeria-de-fotos-especiais-chines-dia-a-dia-comentario-china-e-africa-sao-companheiras-no-caminho-da-modernizacao\/","og_site_name":"CRI e Diario de Pernambuco","article_published_time":"2023-09-01T02:48:39+00:00","author":"Ismael Lucas S. Pereira","twitter_card":"summary_large_image","twitter_misc":{"Escrito por":"Ismael Lucas S. Pereira","Est. tempo de leitura":"3 minutos"},"schema":{"@context":"https:\/\/schema.org","@graph":[{"@type":"Article","@id":"https:\/\/diariodepe.com.br\/cri\/2023\/08\/31\/home-noticias-comentario-videos-galeria-de-fotos-especiais-chines-dia-a-dia-comentario-china-e-africa-sao-companheiras-no-caminho-da-modernizacao\/#article","isPartOf":{"@id":"https:\/\/diariodepe.com.br\/cri\/2023\/08\/31\/home-noticias-comentario-videos-galeria-de-fotos-especiais-chines-dia-a-dia-comentario-china-e-africa-sao-companheiras-no-caminho-da-modernizacao\/"},"author":{"name":"Ismael Lucas S. Pereira","@id":"https:\/\/diariodepe.com.br\/cri\/#\/schema\/person\/121bb28d84f1a5b1205ef4ce9c2e0c6b"},"headline":"Home Not\u00edcias Coment\u00e1rio V\u00eddeos Galeria de Fotos Especiais Chin\u00eas Dia-a-Dia Coment\u00e1rio: China e \u00c1frica s\u00e3o companheiras no caminho da moderniza\u00e7\u00e3o","datePublished":"2023-09-01T02:48:39+00:00","mainEntityOfPage":{"@id":"https:\/\/diariodepe.com.br\/cri\/2023\/08\/31\/home-noticias-comentario-videos-galeria-de-fotos-especiais-chines-dia-a-dia-comentario-china-e-africa-sao-companheiras-no-caminho-da-modernizacao\/"},"wordCount":574,"commentCount":0,"publisher":{"@id":"https:\/\/diariodepe.com.br\/cri\/#organization"},"articleSection":["Vis\u00e3o"],"inLanguage":"pt-BR","potentialAction":[{"@type":"CommentAction","name":"Comment","target":["https:\/\/diariodepe.com.br\/cri\/2023\/08\/31\/home-noticias-comentario-videos-galeria-de-fotos-especiais-chines-dia-a-dia-comentario-china-e-africa-sao-companheiras-no-caminho-da-modernizacao\/#respond"]}]},{"@type":"WebPage","@id":"https:\/\/diariodepe.com.br\/cri\/2023\/08\/31\/home-noticias-comentario-videos-galeria-de-fotos-especiais-chines-dia-a-dia-comentario-china-e-africa-sao-companheiras-no-caminho-da-modernizacao\/","url":"https:\/\/diariodepe.com.br\/cri\/2023\/08\/31\/home-noticias-comentario-videos-galeria-de-fotos-especiais-chines-dia-a-dia-comentario-china-e-africa-sao-companheiras-no-caminho-da-modernizacao\/","name":"Home Not\u00edcias Coment\u00e1rio V\u00eddeos Galeria de Fotos Especiais Chin\u00eas Dia-a-Dia Coment\u00e1rio: China e \u00c1frica s\u00e3o companheiras no caminho da moderniza\u00e7\u00e3o - CRI e Diario de Pernambuco","isPartOf":{"@id":"https:\/\/diariodepe.com.br\/cri\/#website"},"datePublished":"2023-09-01T02:48:39+00:00","breadcrumb":{"@id":"https:\/\/diariodepe.com.br\/cri\/2023\/08\/31\/home-noticias-comentario-videos-galeria-de-fotos-especiais-chines-dia-a-dia-comentario-china-e-africa-sao-companheiras-no-caminho-da-modernizacao\/#breadcrumb"},"inLanguage":"pt-BR","potentialAction":[{"@type":"ReadAction","target":["https:\/\/diariodepe.com.br\/cri\/2023\/08\/31\/home-noticias-comentario-videos-galeria-de-fotos-especiais-chines-dia-a-dia-comentario-china-e-africa-sao-companheiras-no-caminho-da-modernizacao\/"]}]},{"@type":"BreadcrumbList","@id":"https:\/\/diariodepe.com.br\/cri\/2023\/08\/31\/home-noticias-comentario-videos-galeria-de-fotos-especiais-chines-dia-a-dia-comentario-china-e-africa-sao-companheiras-no-caminho-da-modernizacao\/#breadcrumb","itemListElement":[{"@type":"ListItem","position":1,"name":"In\u00edcio","item":"https:\/\/diariodepe.com.br\/cri\/"},{"@type":"ListItem","position":2,"name":"Home Not\u00edcias Coment\u00e1rio V\u00eddeos Galeria de Fotos Especiais Chin\u00eas Dia-a-Dia Coment\u00e1rio: China e \u00c1frica s\u00e3o companheiras no caminho da moderniza\u00e7\u00e3o"}]},{"@type":"WebSite","@id":"https:\/\/diariodepe.com.br\/cri\/#website","url":"https:\/\/diariodepe.com.br\/cri\/","name":"CRI e Diario de Pernambuco","description":"R\u00e1dio Internacional da China","publisher":{"@id":"https:\/\/diariodepe.com.br\/cri\/#organization"},"potentialAction":[{"@type":"SearchAction","target":{"@type":"EntryPoint","urlTemplate":"https:\/\/diariodepe.com.br\/cri\/?s={search_term_string}"},"query-input":{"@type":"PropertyValueSpecification","valueRequired":true,"valueName":"search_term_string"}}],"inLanguage":"pt-BR"},{"@type":"Organization","@id":"https:\/\/diariodepe.com.br\/cri\/#organization","name":"CRI e Diario de Pernambuco","url":"https:\/\/diariodepe.com.br\/cri\/","logo":{"@type":"ImageObject","inLanguage":"pt-BR","@id":"https:\/\/diariodepe.com.br\/cri\/#\/schema\/logo\/image\/","url":"https:\/\/diariodepe.com.br\/cri\/wp-content\/uploads\/sites\/2\/2022\/12\/cropped-Logo.jpg","contentUrl":"https:\/\/diariodepe.com.br\/cri\/wp-content\/uploads\/sites\/2\/2022\/12\/cropped-Logo.jpg","width":700,"height":59,"caption":"CRI e Diario de Pernambuco"},"image":{"@id":"https:\/\/diariodepe.com.br\/cri\/#\/schema\/logo\/image\/"}},{"@type":"Person","@id":"https:\/\/diariodepe.com.br\/cri\/#\/schema\/person\/121bb28d84f1a5b1205ef4ce9c2e0c6b","name":"Ismael Lucas S. Pereira","image":{"@type":"ImageObject","inLanguage":"pt-BR","@id":"https:\/\/secure.gravatar.com\/avatar\/887a0f3b5a7ceea963a48499fb883ffce6b5037362def025c52c2505b15d63e4?s=96&d=mm&r=g","url":"https:\/\/secure.gravatar.com\/avatar\/887a0f3b5a7ceea963a48499fb883ffce6b5037362def025c52c2505b15d63e4?s=96&d=mm&r=g","contentUrl":"https:\/\/secure.gravatar.com\/avatar\/887a0f3b5a7ceea963a48499fb883ffce6b5037362def025c52c2505b15d63e4?s=96&d=mm&r=g","caption":"Ismael Lucas S. Pereira"},"url":"https:\/\/diariodepe.com.br\/cri\/author\/ismael-lucas\/"}]}},"cc_featured_image_caption":{"caption_text":false,"source_text":false,"source_url":false},"amp_enabled":true,"_links":{"self":[{"href":"https:\/\/diariodepe.com.br\/cri\/wp-json\/wp\/v2\/posts\/2544","targetHints":{"allow":["GET"]}}],"collection":[{"href":"https:\/\/diariodepe.com.br\/cri\/wp-json\/wp\/v2\/posts"}],"about":[{"href":"https:\/\/diariodepe.com.br\/cri\/wp-json\/wp\/v2\/types\/post"}],"author":[{"embeddable":true,"href":"https:\/\/diariodepe.com.br\/cri\/wp-json\/wp\/v2\/users\/2"}],"replies":[{"embeddable":true,"href":"https:\/\/diariodepe.com.br\/cri\/wp-json\/wp\/v2\/comments?post=2544"}],"version-history":[{"count":1,"href":"https:\/\/diariodepe.com.br\/cri\/wp-json\/wp\/v2\/posts\/2544\/revisions"}],"predecessor-version":[{"id":2545,"href":"https:\/\/diariodepe.com.br\/cri\/wp-json\/wp\/v2\/posts\/2544\/revisions\/2545"}],"wp:attachment":[{"href":"https:\/\/diariodepe.com.br\/cri\/wp-json\/wp\/v2\/media?parent=2544"}],"wp:term":[{"taxonomy":"category","embeddable":true,"href":"https:\/\/diariodepe.com.br\/cri\/wp-json\/wp\/v2\/categories?post=2544"},{"taxonomy":"post_tag","embeddable":true,"href":"https:\/\/diariodepe.com.br\/cri\/wp-json\/wp\/v2\/tags?post=2544"}],"curies":[{"name":"wp","href":"https:\/\/api.w.org\/{rel}","templated":true}]}}