{"id":2520,"date":"2023-08-31T23:38:53","date_gmt":"2023-09-01T02:38:53","guid":{"rendered":"https:\/\/diariodepe.com.br\/cri\/?p=2520"},"modified":"2023-08-31T23:40:08","modified_gmt":"2023-09-01T02:40:08","slug":"home-noticias-comentario-videos-galeria-de-fotos-especiais-chines-dia-a-dia-segunda-temporada-dos-classicos-citados-por-xi-jinping-e-transmitida-por-mais-de-200-veiculos-de-imprensa","status":"publish","type":"post","link":"https:\/\/diariodepe.com.br\/cri\/2023\/08\/31\/home-noticias-comentario-videos-galeria-de-fotos-especiais-chines-dia-a-dia-segunda-temporada-dos-classicos-citados-por-xi-jinping-e-transmitida-por-mais-de-200-veiculos-de-imprensa\/","title":{"rendered":"Segunda temporada dos \u201cCl\u00e1ssicos Citados por Xi Jinping\u201d \u00e9 transmitida por mais de 200 ve\u00edculos de imprensa do mundo"},"content":{"rendered":"<p>Durante a participa\u00e7\u00e3o do presidente chin\u00eas, Xi Jinping, na 15\u00aa Reuni\u00e3o de L\u00edderes dos\u00a0BRICS e sua visita de Estado \u00e0 \u00c1frica do Sul, a segunda temporada dos \u201cCl\u00e1ssicos Citados por Xi Jinping\u201d, produzida pelo Grupo de M\u00eddia da China (CMG, na sigla em ingl\u00eas), foi transmitida por mais de 200 ve\u00edculos de imprensa do mundo,\u00a0com vers\u00f5es em ingl\u00eas, franc\u00eas, russo, \u00e1rabe, portugu\u00eas, hau\u00e7\u00e1 e sua\u00edli, entre outras.<\/p>\n","protected":false},"excerpt":{"rendered":"<p>Durante a participa\u00e7\u00e3o do presidente chin\u00eas, Xi Jinping, na 15\u00aa Reuni\u00e3o de L\u00edderes dos\u00a0BRICS e sua visita de Estado \u00e0 \u00c1frica do Sul, a segunda temporada dos \u201cCl\u00e1ssicos Citados por Xi Jinping\u201d, produzida pelo Grupo de M\u00eddia da China (CMG,&#8230;<\/p>\n","protected":false},"author":2,"featured_media":0,"comment_status":"open","ping_status":"open","sticky":false,"template":"","format":"standard","meta":{"footnotes":""},"categories":[8],"tags":[],"class_list":["post-2520","post","type-post","status-publish","format-standard","hentry","category-internacional"],"yoast_head":"<!-- This site is optimized with the Yoast SEO plugin v27.4 - https:\/\/yoast.com\/product\/yoast-seo-wordpress\/ -->\n<title>Segunda temporada dos \u201cCl\u00e1ssicos Citados por Xi Jinping\u201d \u00e9 transmitida por mais de 200 ve\u00edculos de imprensa do mundo - CRI e Diario de Pernambuco<\/title>\n<meta name=\"robots\" content=\"index, follow, max-snippet:-1, max-image-preview:large, max-video-preview:-1\" \/>\n<link rel=\"canonical\" href=\"https:\/\/diariodepe.com.br\/cri\/2023\/08\/31\/home-noticias-comentario-videos-galeria-de-fotos-especiais-chines-dia-a-dia-segunda-temporada-dos-classicos-citados-por-xi-jinping-e-transmitida-por-mais-de-200-veiculos-de-imprensa\/\" \/>\n<meta property=\"og:locale\" content=\"pt_BR\" \/>\n<meta property=\"og:type\" content=\"article\" \/>\n<meta property=\"og:title\" content=\"Segunda temporada dos \u201cCl\u00e1ssicos Citados por Xi Jinping\u201d \u00e9 transmitida por mais de 200 ve\u00edculos de imprensa do mundo - CRI e Diario de Pernambuco\" \/>\n<meta property=\"og:description\" content=\"Durante a participa\u00e7\u00e3o do presidente chin\u00eas, Xi Jinping, na 15\u00aa Reuni\u00e3o de L\u00edderes dos\u00a0BRICS e sua visita de Estado \u00e0 \u00c1frica do Sul, a segunda temporada dos \u201cCl\u00e1ssicos Citados por Xi Jinping\u201d, produzida pelo Grupo de M\u00eddia da China (CMG,...\" \/>\n<meta property=\"og:url\" content=\"https:\/\/diariodepe.com.br\/cri\/2023\/08\/31\/home-noticias-comentario-videos-galeria-de-fotos-especiais-chines-dia-a-dia-segunda-temporada-dos-classicos-citados-por-xi-jinping-e-transmitida-por-mais-de-200-veiculos-de-imprensa\/\" \/>\n<meta property=\"og:site_name\" content=\"CRI e Diario de Pernambuco\" \/>\n<meta property=\"article:published_time\" content=\"2023-09-01T02:38:53+00:00\" \/>\n<meta property=\"article:modified_time\" content=\"2023-09-01T02:40:08+00:00\" \/>\n<meta name=\"author\" content=\"Ismael Lucas S. Pereira\" \/>\n<meta name=\"twitter:card\" content=\"summary_large_image\" \/>\n<meta name=\"twitter:label1\" content=\"Escrito por\" \/>\n\t<meta name=\"twitter:data1\" content=\"Ismael Lucas S. Pereira\" \/>\n\t<meta name=\"twitter:label2\" content=\"Est. tempo de leitura\" \/>\n\t<meta name=\"twitter:data2\" content=\"1 minuto\" \/>\n<script type=\"application\/ld+json\" class=\"yoast-schema-graph\">{\"@context\":\"https:\\\/\\\/schema.org\",\"@graph\":[{\"@type\":\"Article\",\"@id\":\"https:\\\/\\\/diariodepe.com.br\\\/cri\\\/2023\\\/08\\\/31\\\/home-noticias-comentario-videos-galeria-de-fotos-especiais-chines-dia-a-dia-segunda-temporada-dos-classicos-citados-por-xi-jinping-e-transmitida-por-mais-de-200-veiculos-de-imprensa\\\/#article\",\"isPartOf\":{\"@id\":\"https:\\\/\\\/diariodepe.com.br\\\/cri\\\/2023\\\/08\\\/31\\\/home-noticias-comentario-videos-galeria-de-fotos-especiais-chines-dia-a-dia-segunda-temporada-dos-classicos-citados-por-xi-jinping-e-transmitida-por-mais-de-200-veiculos-de-imprensa\\\/\"},\"author\":{\"name\":\"Ismael Lucas S. Pereira\",\"@id\":\"https:\\\/\\\/diariodepe.com.br\\\/cri\\\/#\\\/schema\\\/person\\\/121bb28d84f1a5b1205ef4ce9c2e0c6b\"},\"headline\":\"Segunda temporada dos \u201cCl\u00e1ssicos Citados por Xi Jinping\u201d \u00e9 transmitida por mais de 200 ve\u00edculos de imprensa do mundo\",\"datePublished\":\"2023-09-01T02:38:53+00:00\",\"dateModified\":\"2023-09-01T02:40:08+00:00\",\"mainEntityOfPage\":{\"@id\":\"https:\\\/\\\/diariodepe.com.br\\\/cri\\\/2023\\\/08\\\/31\\\/home-noticias-comentario-videos-galeria-de-fotos-especiais-chines-dia-a-dia-segunda-temporada-dos-classicos-citados-por-xi-jinping-e-transmitida-por-mais-de-200-veiculos-de-imprensa\\\/\"},\"wordCount\":98,\"commentCount\":0,\"publisher\":{\"@id\":\"https:\\\/\\\/diariodepe.com.br\\\/cri\\\/#organization\"},\"articleSection\":[\"Internacional\"],\"inLanguage\":\"pt-BR\",\"potentialAction\":[{\"@type\":\"CommentAction\",\"name\":\"Comment\",\"target\":[\"https:\\\/\\\/diariodepe.com.br\\\/cri\\\/2023\\\/08\\\/31\\\/home-noticias-comentario-videos-galeria-de-fotos-especiais-chines-dia-a-dia-segunda-temporada-dos-classicos-citados-por-xi-jinping-e-transmitida-por-mais-de-200-veiculos-de-imprensa\\\/#respond\"]}]},{\"@type\":\"WebPage\",\"@id\":\"https:\\\/\\\/diariodepe.com.br\\\/cri\\\/2023\\\/08\\\/31\\\/home-noticias-comentario-videos-galeria-de-fotos-especiais-chines-dia-a-dia-segunda-temporada-dos-classicos-citados-por-xi-jinping-e-transmitida-por-mais-de-200-veiculos-de-imprensa\\\/\",\"url\":\"https:\\\/\\\/diariodepe.com.br\\\/cri\\\/2023\\\/08\\\/31\\\/home-noticias-comentario-videos-galeria-de-fotos-especiais-chines-dia-a-dia-segunda-temporada-dos-classicos-citados-por-xi-jinping-e-transmitida-por-mais-de-200-veiculos-de-imprensa\\\/\",\"name\":\"Segunda temporada dos \u201cCl\u00e1ssicos Citados por Xi Jinping\u201d \u00e9 transmitida por mais de 200 ve\u00edculos de imprensa do mundo - CRI e Diario de Pernambuco\",\"isPartOf\":{\"@id\":\"https:\\\/\\\/diariodepe.com.br\\\/cri\\\/#website\"},\"datePublished\":\"2023-09-01T02:38:53+00:00\",\"dateModified\":\"2023-09-01T02:40:08+00:00\",\"breadcrumb\":{\"@id\":\"https:\\\/\\\/diariodepe.com.br\\\/cri\\\/2023\\\/08\\\/31\\\/home-noticias-comentario-videos-galeria-de-fotos-especiais-chines-dia-a-dia-segunda-temporada-dos-classicos-citados-por-xi-jinping-e-transmitida-por-mais-de-200-veiculos-de-imprensa\\\/#breadcrumb\"},\"inLanguage\":\"pt-BR\",\"potentialAction\":[{\"@type\":\"ReadAction\",\"target\":[\"https:\\\/\\\/diariodepe.com.br\\\/cri\\\/2023\\\/08\\\/31\\\/home-noticias-comentario-videos-galeria-de-fotos-especiais-chines-dia-a-dia-segunda-temporada-dos-classicos-citados-por-xi-jinping-e-transmitida-por-mais-de-200-veiculos-de-imprensa\\\/\"]}]},{\"@type\":\"BreadcrumbList\",\"@id\":\"https:\\\/\\\/diariodepe.com.br\\\/cri\\\/2023\\\/08\\\/31\\\/home-noticias-comentario-videos-galeria-de-fotos-especiais-chines-dia-a-dia-segunda-temporada-dos-classicos-citados-por-xi-jinping-e-transmitida-por-mais-de-200-veiculos-de-imprensa\\\/#breadcrumb\",\"itemListElement\":[{\"@type\":\"ListItem\",\"position\":1,\"name\":\"In\u00edcio\",\"item\":\"https:\\\/\\\/diariodepe.com.br\\\/cri\\\/\"},{\"@type\":\"ListItem\",\"position\":2,\"name\":\"Segunda temporada dos \u201cCl\u00e1ssicos Citados por Xi Jinping\u201d \u00e9 transmitida por mais de 200 ve\u00edculos de imprensa do mundo\"}]},{\"@type\":\"WebSite\",\"@id\":\"https:\\\/\\\/diariodepe.com.br\\\/cri\\\/#website\",\"url\":\"https:\\\/\\\/diariodepe.com.br\\\/cri\\\/\",\"name\":\"CRI e Diario de Pernambuco\",\"description\":\"R\u00e1dio Internacional da China\",\"publisher\":{\"@id\":\"https:\\\/\\\/diariodepe.com.br\\\/cri\\\/#organization\"},\"potentialAction\":[{\"@type\":\"SearchAction\",\"target\":{\"@type\":\"EntryPoint\",\"urlTemplate\":\"https:\\\/\\\/diariodepe.com.br\\\/cri\\\/?s={search_term_string}\"},\"query-input\":{\"@type\":\"PropertyValueSpecification\",\"valueRequired\":true,\"valueName\":\"search_term_string\"}}],\"inLanguage\":\"pt-BR\"},{\"@type\":\"Organization\",\"@id\":\"https:\\\/\\\/diariodepe.com.br\\\/cri\\\/#organization\",\"name\":\"CRI e Diario de Pernambuco\",\"url\":\"https:\\\/\\\/diariodepe.com.br\\\/cri\\\/\",\"logo\":{\"@type\":\"ImageObject\",\"inLanguage\":\"pt-BR\",\"@id\":\"https:\\\/\\\/diariodepe.com.br\\\/cri\\\/#\\\/schema\\\/logo\\\/image\\\/\",\"url\":\"https:\\\/\\\/diariodepe.com.br\\\/cri\\\/wp-content\\\/uploads\\\/sites\\\/2\\\/2022\\\/12\\\/cropped-Logo.jpg\",\"contentUrl\":\"https:\\\/\\\/diariodepe.com.br\\\/cri\\\/wp-content\\\/uploads\\\/sites\\\/2\\\/2022\\\/12\\\/cropped-Logo.jpg\",\"width\":700,\"height\":59,\"caption\":\"CRI e Diario de Pernambuco\"},\"image\":{\"@id\":\"https:\\\/\\\/diariodepe.com.br\\\/cri\\\/#\\\/schema\\\/logo\\\/image\\\/\"}},{\"@type\":\"Person\",\"@id\":\"https:\\\/\\\/diariodepe.com.br\\\/cri\\\/#\\\/schema\\\/person\\\/121bb28d84f1a5b1205ef4ce9c2e0c6b\",\"name\":\"Ismael Lucas S. Pereira\",\"image\":{\"@type\":\"ImageObject\",\"inLanguage\":\"pt-BR\",\"@id\":\"https:\\\/\\\/secure.gravatar.com\\\/avatar\\\/887a0f3b5a7ceea963a48499fb883ffce6b5037362def025c52c2505b15d63e4?s=96&d=mm&r=g\",\"url\":\"https:\\\/\\\/secure.gravatar.com\\\/avatar\\\/887a0f3b5a7ceea963a48499fb883ffce6b5037362def025c52c2505b15d63e4?s=96&d=mm&r=g\",\"contentUrl\":\"https:\\\/\\\/secure.gravatar.com\\\/avatar\\\/887a0f3b5a7ceea963a48499fb883ffce6b5037362def025c52c2505b15d63e4?s=96&d=mm&r=g\",\"caption\":\"Ismael Lucas S. Pereira\"},\"url\":\"https:\\\/\\\/diariodepe.com.br\\\/cri\\\/author\\\/ismael-lucas\\\/\"}]}<\/script>\n<!-- \/ Yoast SEO plugin. -->","yoast_head_json":{"title":"Segunda temporada dos \u201cCl\u00e1ssicos Citados por Xi Jinping\u201d \u00e9 transmitida por mais de 200 ve\u00edculos de imprensa do mundo - CRI e Diario de Pernambuco","robots":{"index":"index","follow":"follow","max-snippet":"max-snippet:-1","max-image-preview":"max-image-preview:large","max-video-preview":"max-video-preview:-1"},"canonical":"https:\/\/diariodepe.com.br\/cri\/2023\/08\/31\/home-noticias-comentario-videos-galeria-de-fotos-especiais-chines-dia-a-dia-segunda-temporada-dos-classicos-citados-por-xi-jinping-e-transmitida-por-mais-de-200-veiculos-de-imprensa\/","og_locale":"pt_BR","og_type":"article","og_title":"Segunda temporada dos \u201cCl\u00e1ssicos Citados por Xi Jinping\u201d \u00e9 transmitida por mais de 200 ve\u00edculos de imprensa do mundo - CRI e Diario de Pernambuco","og_description":"Durante a participa\u00e7\u00e3o do presidente chin\u00eas, Xi Jinping, na 15\u00aa Reuni\u00e3o de L\u00edderes dos\u00a0BRICS e sua visita de Estado \u00e0 \u00c1frica do Sul, a segunda temporada dos \u201cCl\u00e1ssicos Citados por Xi Jinping\u201d, produzida pelo Grupo de M\u00eddia da China (CMG,...","og_url":"https:\/\/diariodepe.com.br\/cri\/2023\/08\/31\/home-noticias-comentario-videos-galeria-de-fotos-especiais-chines-dia-a-dia-segunda-temporada-dos-classicos-citados-por-xi-jinping-e-transmitida-por-mais-de-200-veiculos-de-imprensa\/","og_site_name":"CRI e Diario de Pernambuco","article_published_time":"2023-09-01T02:38:53+00:00","article_modified_time":"2023-09-01T02:40:08+00:00","author":"Ismael Lucas S. Pereira","twitter_card":"summary_large_image","twitter_misc":{"Escrito por":"Ismael Lucas S. Pereira","Est. tempo de leitura":"1 minuto"},"schema":{"@context":"https:\/\/schema.org","@graph":[{"@type":"Article","@id":"https:\/\/diariodepe.com.br\/cri\/2023\/08\/31\/home-noticias-comentario-videos-galeria-de-fotos-especiais-chines-dia-a-dia-segunda-temporada-dos-classicos-citados-por-xi-jinping-e-transmitida-por-mais-de-200-veiculos-de-imprensa\/#article","isPartOf":{"@id":"https:\/\/diariodepe.com.br\/cri\/2023\/08\/31\/home-noticias-comentario-videos-galeria-de-fotos-especiais-chines-dia-a-dia-segunda-temporada-dos-classicos-citados-por-xi-jinping-e-transmitida-por-mais-de-200-veiculos-de-imprensa\/"},"author":{"name":"Ismael Lucas S. Pereira","@id":"https:\/\/diariodepe.com.br\/cri\/#\/schema\/person\/121bb28d84f1a5b1205ef4ce9c2e0c6b"},"headline":"Segunda temporada dos \u201cCl\u00e1ssicos Citados por Xi Jinping\u201d \u00e9 transmitida por mais de 200 ve\u00edculos de imprensa do mundo","datePublished":"2023-09-01T02:38:53+00:00","dateModified":"2023-09-01T02:40:08+00:00","mainEntityOfPage":{"@id":"https:\/\/diariodepe.com.br\/cri\/2023\/08\/31\/home-noticias-comentario-videos-galeria-de-fotos-especiais-chines-dia-a-dia-segunda-temporada-dos-classicos-citados-por-xi-jinping-e-transmitida-por-mais-de-200-veiculos-de-imprensa\/"},"wordCount":98,"commentCount":0,"publisher":{"@id":"https:\/\/diariodepe.com.br\/cri\/#organization"},"articleSection":["Internacional"],"inLanguage":"pt-BR","potentialAction":[{"@type":"CommentAction","name":"Comment","target":["https:\/\/diariodepe.com.br\/cri\/2023\/08\/31\/home-noticias-comentario-videos-galeria-de-fotos-especiais-chines-dia-a-dia-segunda-temporada-dos-classicos-citados-por-xi-jinping-e-transmitida-por-mais-de-200-veiculos-de-imprensa\/#respond"]}]},{"@type":"WebPage","@id":"https:\/\/diariodepe.com.br\/cri\/2023\/08\/31\/home-noticias-comentario-videos-galeria-de-fotos-especiais-chines-dia-a-dia-segunda-temporada-dos-classicos-citados-por-xi-jinping-e-transmitida-por-mais-de-200-veiculos-de-imprensa\/","url":"https:\/\/diariodepe.com.br\/cri\/2023\/08\/31\/home-noticias-comentario-videos-galeria-de-fotos-especiais-chines-dia-a-dia-segunda-temporada-dos-classicos-citados-por-xi-jinping-e-transmitida-por-mais-de-200-veiculos-de-imprensa\/","name":"Segunda temporada dos \u201cCl\u00e1ssicos Citados por Xi Jinping\u201d \u00e9 transmitida por mais de 200 ve\u00edculos de imprensa do mundo - CRI e Diario de Pernambuco","isPartOf":{"@id":"https:\/\/diariodepe.com.br\/cri\/#website"},"datePublished":"2023-09-01T02:38:53+00:00","dateModified":"2023-09-01T02:40:08+00:00","breadcrumb":{"@id":"https:\/\/diariodepe.com.br\/cri\/2023\/08\/31\/home-noticias-comentario-videos-galeria-de-fotos-especiais-chines-dia-a-dia-segunda-temporada-dos-classicos-citados-por-xi-jinping-e-transmitida-por-mais-de-200-veiculos-de-imprensa\/#breadcrumb"},"inLanguage":"pt-BR","potentialAction":[{"@type":"ReadAction","target":["https:\/\/diariodepe.com.br\/cri\/2023\/08\/31\/home-noticias-comentario-videos-galeria-de-fotos-especiais-chines-dia-a-dia-segunda-temporada-dos-classicos-citados-por-xi-jinping-e-transmitida-por-mais-de-200-veiculos-de-imprensa\/"]}]},{"@type":"BreadcrumbList","@id":"https:\/\/diariodepe.com.br\/cri\/2023\/08\/31\/home-noticias-comentario-videos-galeria-de-fotos-especiais-chines-dia-a-dia-segunda-temporada-dos-classicos-citados-por-xi-jinping-e-transmitida-por-mais-de-200-veiculos-de-imprensa\/#breadcrumb","itemListElement":[{"@type":"ListItem","position":1,"name":"In\u00edcio","item":"https:\/\/diariodepe.com.br\/cri\/"},{"@type":"ListItem","position":2,"name":"Segunda temporada dos \u201cCl\u00e1ssicos Citados por Xi Jinping\u201d \u00e9 transmitida por mais de 200 ve\u00edculos de imprensa do mundo"}]},{"@type":"WebSite","@id":"https:\/\/diariodepe.com.br\/cri\/#website","url":"https:\/\/diariodepe.com.br\/cri\/","name":"CRI e Diario de Pernambuco","description":"R\u00e1dio Internacional da China","publisher":{"@id":"https:\/\/diariodepe.com.br\/cri\/#organization"},"potentialAction":[{"@type":"SearchAction","target":{"@type":"EntryPoint","urlTemplate":"https:\/\/diariodepe.com.br\/cri\/?s={search_term_string}"},"query-input":{"@type":"PropertyValueSpecification","valueRequired":true,"valueName":"search_term_string"}}],"inLanguage":"pt-BR"},{"@type":"Organization","@id":"https:\/\/diariodepe.com.br\/cri\/#organization","name":"CRI e Diario de Pernambuco","url":"https:\/\/diariodepe.com.br\/cri\/","logo":{"@type":"ImageObject","inLanguage":"pt-BR","@id":"https:\/\/diariodepe.com.br\/cri\/#\/schema\/logo\/image\/","url":"https:\/\/diariodepe.com.br\/cri\/wp-content\/uploads\/sites\/2\/2022\/12\/cropped-Logo.jpg","contentUrl":"https:\/\/diariodepe.com.br\/cri\/wp-content\/uploads\/sites\/2\/2022\/12\/cropped-Logo.jpg","width":700,"height":59,"caption":"CRI e Diario de Pernambuco"},"image":{"@id":"https:\/\/diariodepe.com.br\/cri\/#\/schema\/logo\/image\/"}},{"@type":"Person","@id":"https:\/\/diariodepe.com.br\/cri\/#\/schema\/person\/121bb28d84f1a5b1205ef4ce9c2e0c6b","name":"Ismael Lucas S. Pereira","image":{"@type":"ImageObject","inLanguage":"pt-BR","@id":"https:\/\/secure.gravatar.com\/avatar\/887a0f3b5a7ceea963a48499fb883ffce6b5037362def025c52c2505b15d63e4?s=96&d=mm&r=g","url":"https:\/\/secure.gravatar.com\/avatar\/887a0f3b5a7ceea963a48499fb883ffce6b5037362def025c52c2505b15d63e4?s=96&d=mm&r=g","contentUrl":"https:\/\/secure.gravatar.com\/avatar\/887a0f3b5a7ceea963a48499fb883ffce6b5037362def025c52c2505b15d63e4?s=96&d=mm&r=g","caption":"Ismael Lucas S. Pereira"},"url":"https:\/\/diariodepe.com.br\/cri\/author\/ismael-lucas\/"}]}},"cc_featured_image_caption":{"caption_text":false,"source_text":false,"source_url":false},"amp_enabled":true,"_links":{"self":[{"href":"https:\/\/diariodepe.com.br\/cri\/wp-json\/wp\/v2\/posts\/2520","targetHints":{"allow":["GET"]}}],"collection":[{"href":"https:\/\/diariodepe.com.br\/cri\/wp-json\/wp\/v2\/posts"}],"about":[{"href":"https:\/\/diariodepe.com.br\/cri\/wp-json\/wp\/v2\/types\/post"}],"author":[{"embeddable":true,"href":"https:\/\/diariodepe.com.br\/cri\/wp-json\/wp\/v2\/users\/2"}],"replies":[{"embeddable":true,"href":"https:\/\/diariodepe.com.br\/cri\/wp-json\/wp\/v2\/comments?post=2520"}],"version-history":[{"count":2,"href":"https:\/\/diariodepe.com.br\/cri\/wp-json\/wp\/v2\/posts\/2520\/revisions"}],"predecessor-version":[{"id":2523,"href":"https:\/\/diariodepe.com.br\/cri\/wp-json\/wp\/v2\/posts\/2520\/revisions\/2523"}],"wp:attachment":[{"href":"https:\/\/diariodepe.com.br\/cri\/wp-json\/wp\/v2\/media?parent=2520"}],"wp:term":[{"taxonomy":"category","embeddable":true,"href":"https:\/\/diariodepe.com.br\/cri\/wp-json\/wp\/v2\/categories?post=2520"},{"taxonomy":"post_tag","embeddable":true,"href":"https:\/\/diariodepe.com.br\/cri\/wp-json\/wp\/v2\/tags?post=2520"}],"curies":[{"name":"wp","href":"https:\/\/api.w.org\/{rel}","templated":true}]}}