{"id":2518,"date":"2023-08-31T23:38:11","date_gmt":"2023-09-01T02:38:11","guid":{"rendered":"https:\/\/diariodepe.com.br\/cri\/?p=2518"},"modified":"2023-08-31T23:38:11","modified_gmt":"2023-09-01T02:38:11","slug":"a-era-de-ouro-entre-china-e-africa-do-sul-vem-em-breve","status":"publish","type":"post","link":"https:\/\/diariodepe.com.br\/cri\/2023\/08\/31\/a-era-de-ouro-entre-china-e-africa-do-sul-vem-em-breve\/","title":{"rendered":"A &#8220;era de ouro&#8221; entre China e \u00c1frica do Sul vem em breve"},"content":{"rendered":"<p data-spm-anchor-id=\"0.0.0.i1\">Este ano marca o 25\u00ba anivers\u00e1rio do estabelecimento das rela\u00e7\u00f5es diplom\u00e1ticas entre a China e a \u00c1frica do Sul. Ao longo de 25 anos, os dois pa\u00edses experimentaram\u00a0vicissitudes da conjuntura internacional e deram um salto das rela\u00e7\u00f5es bilaterais, passando de parceria, posteriormente parceria estrat\u00e9gica, a parceria estrat\u00e9gica abrangente. Esta \u00e9 a quarta visita de Estado do presidente chin\u00eas, Xi Jinping, \u00e0 \u00c1frica do Sul, nessa posi\u00e7\u00e3o. No dia 22, hor\u00e1rio local, ele, juntamente com seu hom\u00f4nimo sul-africano, Cyril Ramaphosa, concordaram em trabalhar juntos para elevar a parceria estrat\u00e9gica abrangente entre os dois pa\u00edses a um novo n\u00edvel e construir conjuntamente uma comunidade de futuro compartilhado China-\u00c1frica do Sul de alto n\u00edvel.<\/p>\n<p>O presidente Xi prop\u00f4s que\u00a0China e\u00a0\u00c1frica do Sul devam ser parceiros estrat\u00e9gicos de elevada confian\u00e7a m\u00fatua, parceiros de desenvolvimento que avan\u00e7am juntos, parceiros amigos, que se conhe\u00e7am bem reciprocamente,\u00a0e parceiros globais que defendam a justi\u00e7a.<\/p>\n<p>O desenvolvimento \u00e9 uma tarefa comum da China e da \u00c1frica do Sul. Esta corresponde\u00a0ao primeiro pa\u00eds africano a aderir \u00e0 Iniciativa \u201cCintur\u00e3o e Rota\u201d e tornou-se por 13 anos consecutivos o maior parceiro comercial da China na \u00c1frica.\u00a0A \u00c1frica do Sul \u00e9 um dos maiores destinos de investimento chineses no continente. O investimento acumulado da China no pa\u00eds ultrapassou os 25 bilh\u00f5es de d\u00f3lares, criando mais de 400 mil postos em seu territ\u00f3rio.<\/p>\n<p>A China deixou claro que apoia a \u00c1frica do Sul no desempenho de um papel mais importante nos assuntos internacionais e regionais, e est\u00e1 disposta a trabalhar com ela\u00a0e os demais pa\u00edses em desenvolvimento para praticar o verdadeiro multilateralismo. A \u00c1frica do Sul declarou que, juntamente com outras economias\u00a0do &#8220;Sul Global&#8221;,\u00a0espera\u00a0fortalecer a solidariedade e a coopera\u00e7\u00e3o com a China e promover o estabelecimento de uma ordem internacional mais equitativa, justa e razo\u00e1vel.<\/p>\n","protected":false},"excerpt":{"rendered":"<p>Este ano marca o 25\u00ba anivers\u00e1rio do estabelecimento das rela\u00e7\u00f5es diplom\u00e1ticas entre a China e a \u00c1frica do Sul. Ao longo de 25 anos, os dois pa\u00edses experimentaram\u00a0vicissitudes da conjuntura internacional e deram um salto das rela\u00e7\u00f5es bilaterais, passando de&#8230;<\/p>\n","protected":false},"author":2,"featured_media":0,"comment_status":"open","ping_status":"open","sticky":false,"template":"","format":"standard","meta":{"footnotes":""},"categories":[7],"tags":[],"class_list":["post-2518","post","type-post","status-publish","format-standard","hentry","category-visao"],"yoast_head":"<!-- This site is optimized with the Yoast SEO plugin v27.4 - https:\/\/yoast.com\/product\/yoast-seo-wordpress\/ -->\n<title>A &quot;era de ouro&quot; entre China e \u00c1frica do Sul vem em breve - CRI e Diario de Pernambuco<\/title>\n<meta name=\"robots\" content=\"index, follow, max-snippet:-1, max-image-preview:large, max-video-preview:-1\" \/>\n<link rel=\"canonical\" href=\"https:\/\/diariodepe.com.br\/cri\/2023\/08\/31\/a-era-de-ouro-entre-china-e-africa-do-sul-vem-em-breve\/\" \/>\n<meta property=\"og:locale\" content=\"pt_BR\" \/>\n<meta property=\"og:type\" content=\"article\" \/>\n<meta property=\"og:title\" content=\"A &quot;era de ouro&quot; entre China e \u00c1frica do Sul vem em breve - CRI e Diario de Pernambuco\" \/>\n<meta property=\"og:description\" content=\"Este ano marca o 25\u00ba anivers\u00e1rio do estabelecimento das rela\u00e7\u00f5es diplom\u00e1ticas entre a China e a \u00c1frica do Sul. Ao longo de 25 anos, os dois pa\u00edses experimentaram\u00a0vicissitudes da conjuntura internacional e deram um salto das rela\u00e7\u00f5es bilaterais, passando de...\" \/>\n<meta property=\"og:url\" content=\"https:\/\/diariodepe.com.br\/cri\/2023\/08\/31\/a-era-de-ouro-entre-china-e-africa-do-sul-vem-em-breve\/\" \/>\n<meta property=\"og:site_name\" content=\"CRI e Diario de Pernambuco\" \/>\n<meta property=\"article:published_time\" content=\"2023-09-01T02:38:11+00:00\" \/>\n<meta name=\"author\" content=\"Ismael Lucas S. Pereira\" \/>\n<meta name=\"twitter:card\" content=\"summary_large_image\" \/>\n<meta name=\"twitter:label1\" content=\"Escrito por\" \/>\n\t<meta name=\"twitter:data1\" content=\"Ismael Lucas S. Pereira\" \/>\n\t<meta name=\"twitter:label2\" content=\"Est. tempo de leitura\" \/>\n\t<meta name=\"twitter:data2\" content=\"2 minutos\" \/>\n<script type=\"application\/ld+json\" class=\"yoast-schema-graph\">{\"@context\":\"https:\\\/\\\/schema.org\",\"@graph\":[{\"@type\":\"Article\",\"@id\":\"https:\\\/\\\/diariodepe.com.br\\\/cri\\\/2023\\\/08\\\/31\\\/a-era-de-ouro-entre-china-e-africa-do-sul-vem-em-breve\\\/#article\",\"isPartOf\":{\"@id\":\"https:\\\/\\\/diariodepe.com.br\\\/cri\\\/2023\\\/08\\\/31\\\/a-era-de-ouro-entre-china-e-africa-do-sul-vem-em-breve\\\/\"},\"author\":{\"name\":\"Ismael Lucas S. Pereira\",\"@id\":\"https:\\\/\\\/diariodepe.com.br\\\/cri\\\/#\\\/schema\\\/person\\\/121bb28d84f1a5b1205ef4ce9c2e0c6b\"},\"headline\":\"A &#8220;era de ouro&#8221; entre China e \u00c1frica do Sul vem em breve\",\"datePublished\":\"2023-09-01T02:38:11+00:00\",\"mainEntityOfPage\":{\"@id\":\"https:\\\/\\\/diariodepe.com.br\\\/cri\\\/2023\\\/08\\\/31\\\/a-era-de-ouro-entre-china-e-africa-do-sul-vem-em-breve\\\/\"},\"wordCount\":336,\"commentCount\":0,\"publisher\":{\"@id\":\"https:\\\/\\\/diariodepe.com.br\\\/cri\\\/#organization\"},\"articleSection\":[\"Vis\u00e3o\"],\"inLanguage\":\"pt-BR\",\"potentialAction\":[{\"@type\":\"CommentAction\",\"name\":\"Comment\",\"target\":[\"https:\\\/\\\/diariodepe.com.br\\\/cri\\\/2023\\\/08\\\/31\\\/a-era-de-ouro-entre-china-e-africa-do-sul-vem-em-breve\\\/#respond\"]}]},{\"@type\":\"WebPage\",\"@id\":\"https:\\\/\\\/diariodepe.com.br\\\/cri\\\/2023\\\/08\\\/31\\\/a-era-de-ouro-entre-china-e-africa-do-sul-vem-em-breve\\\/\",\"url\":\"https:\\\/\\\/diariodepe.com.br\\\/cri\\\/2023\\\/08\\\/31\\\/a-era-de-ouro-entre-china-e-africa-do-sul-vem-em-breve\\\/\",\"name\":\"A \\\"era de ouro\\\" entre China e \u00c1frica do Sul vem em breve - CRI e Diario de Pernambuco\",\"isPartOf\":{\"@id\":\"https:\\\/\\\/diariodepe.com.br\\\/cri\\\/#website\"},\"datePublished\":\"2023-09-01T02:38:11+00:00\",\"breadcrumb\":{\"@id\":\"https:\\\/\\\/diariodepe.com.br\\\/cri\\\/2023\\\/08\\\/31\\\/a-era-de-ouro-entre-china-e-africa-do-sul-vem-em-breve\\\/#breadcrumb\"},\"inLanguage\":\"pt-BR\",\"potentialAction\":[{\"@type\":\"ReadAction\",\"target\":[\"https:\\\/\\\/diariodepe.com.br\\\/cri\\\/2023\\\/08\\\/31\\\/a-era-de-ouro-entre-china-e-africa-do-sul-vem-em-breve\\\/\"]}]},{\"@type\":\"BreadcrumbList\",\"@id\":\"https:\\\/\\\/diariodepe.com.br\\\/cri\\\/2023\\\/08\\\/31\\\/a-era-de-ouro-entre-china-e-africa-do-sul-vem-em-breve\\\/#breadcrumb\",\"itemListElement\":[{\"@type\":\"ListItem\",\"position\":1,\"name\":\"In\u00edcio\",\"item\":\"https:\\\/\\\/diariodepe.com.br\\\/cri\\\/\"},{\"@type\":\"ListItem\",\"position\":2,\"name\":\"A &#8220;era de ouro&#8221; entre China e \u00c1frica do Sul vem em breve\"}]},{\"@type\":\"WebSite\",\"@id\":\"https:\\\/\\\/diariodepe.com.br\\\/cri\\\/#website\",\"url\":\"https:\\\/\\\/diariodepe.com.br\\\/cri\\\/\",\"name\":\"CRI e Diario de Pernambuco\",\"description\":\"R\u00e1dio Internacional da China\",\"publisher\":{\"@id\":\"https:\\\/\\\/diariodepe.com.br\\\/cri\\\/#organization\"},\"potentialAction\":[{\"@type\":\"SearchAction\",\"target\":{\"@type\":\"EntryPoint\",\"urlTemplate\":\"https:\\\/\\\/diariodepe.com.br\\\/cri\\\/?s={search_term_string}\"},\"query-input\":{\"@type\":\"PropertyValueSpecification\",\"valueRequired\":true,\"valueName\":\"search_term_string\"}}],\"inLanguage\":\"pt-BR\"},{\"@type\":\"Organization\",\"@id\":\"https:\\\/\\\/diariodepe.com.br\\\/cri\\\/#organization\",\"name\":\"CRI e Diario de Pernambuco\",\"url\":\"https:\\\/\\\/diariodepe.com.br\\\/cri\\\/\",\"logo\":{\"@type\":\"ImageObject\",\"inLanguage\":\"pt-BR\",\"@id\":\"https:\\\/\\\/diariodepe.com.br\\\/cri\\\/#\\\/schema\\\/logo\\\/image\\\/\",\"url\":\"https:\\\/\\\/diariodepe.com.br\\\/cri\\\/wp-content\\\/uploads\\\/sites\\\/2\\\/2022\\\/12\\\/cropped-Logo.jpg\",\"contentUrl\":\"https:\\\/\\\/diariodepe.com.br\\\/cri\\\/wp-content\\\/uploads\\\/sites\\\/2\\\/2022\\\/12\\\/cropped-Logo.jpg\",\"width\":700,\"height\":59,\"caption\":\"CRI e Diario de Pernambuco\"},\"image\":{\"@id\":\"https:\\\/\\\/diariodepe.com.br\\\/cri\\\/#\\\/schema\\\/logo\\\/image\\\/\"}},{\"@type\":\"Person\",\"@id\":\"https:\\\/\\\/diariodepe.com.br\\\/cri\\\/#\\\/schema\\\/person\\\/121bb28d84f1a5b1205ef4ce9c2e0c6b\",\"name\":\"Ismael Lucas S. Pereira\",\"image\":{\"@type\":\"ImageObject\",\"inLanguage\":\"pt-BR\",\"@id\":\"https:\\\/\\\/secure.gravatar.com\\\/avatar\\\/887a0f3b5a7ceea963a48499fb883ffce6b5037362def025c52c2505b15d63e4?s=96&d=mm&r=g\",\"url\":\"https:\\\/\\\/secure.gravatar.com\\\/avatar\\\/887a0f3b5a7ceea963a48499fb883ffce6b5037362def025c52c2505b15d63e4?s=96&d=mm&r=g\",\"contentUrl\":\"https:\\\/\\\/secure.gravatar.com\\\/avatar\\\/887a0f3b5a7ceea963a48499fb883ffce6b5037362def025c52c2505b15d63e4?s=96&d=mm&r=g\",\"caption\":\"Ismael Lucas S. Pereira\"},\"url\":\"https:\\\/\\\/diariodepe.com.br\\\/cri\\\/author\\\/ismael-lucas\\\/\"}]}<\/script>\n<!-- \/ Yoast SEO plugin. -->","yoast_head_json":{"title":"A \"era de ouro\" entre China e \u00c1frica do Sul vem em breve - CRI e Diario de Pernambuco","robots":{"index":"index","follow":"follow","max-snippet":"max-snippet:-1","max-image-preview":"max-image-preview:large","max-video-preview":"max-video-preview:-1"},"canonical":"https:\/\/diariodepe.com.br\/cri\/2023\/08\/31\/a-era-de-ouro-entre-china-e-africa-do-sul-vem-em-breve\/","og_locale":"pt_BR","og_type":"article","og_title":"A \"era de ouro\" entre China e \u00c1frica do Sul vem em breve - CRI e Diario de Pernambuco","og_description":"Este ano marca o 25\u00ba anivers\u00e1rio do estabelecimento das rela\u00e7\u00f5es diplom\u00e1ticas entre a China e a \u00c1frica do Sul. Ao longo de 25 anos, os dois pa\u00edses experimentaram\u00a0vicissitudes da conjuntura internacional e deram um salto das rela\u00e7\u00f5es bilaterais, passando de...","og_url":"https:\/\/diariodepe.com.br\/cri\/2023\/08\/31\/a-era-de-ouro-entre-china-e-africa-do-sul-vem-em-breve\/","og_site_name":"CRI e Diario de Pernambuco","article_published_time":"2023-09-01T02:38:11+00:00","author":"Ismael Lucas S. Pereira","twitter_card":"summary_large_image","twitter_misc":{"Escrito por":"Ismael Lucas S. Pereira","Est. tempo de leitura":"2 minutos"},"schema":{"@context":"https:\/\/schema.org","@graph":[{"@type":"Article","@id":"https:\/\/diariodepe.com.br\/cri\/2023\/08\/31\/a-era-de-ouro-entre-china-e-africa-do-sul-vem-em-breve\/#article","isPartOf":{"@id":"https:\/\/diariodepe.com.br\/cri\/2023\/08\/31\/a-era-de-ouro-entre-china-e-africa-do-sul-vem-em-breve\/"},"author":{"name":"Ismael Lucas S. Pereira","@id":"https:\/\/diariodepe.com.br\/cri\/#\/schema\/person\/121bb28d84f1a5b1205ef4ce9c2e0c6b"},"headline":"A &#8220;era de ouro&#8221; entre China e \u00c1frica do Sul vem em breve","datePublished":"2023-09-01T02:38:11+00:00","mainEntityOfPage":{"@id":"https:\/\/diariodepe.com.br\/cri\/2023\/08\/31\/a-era-de-ouro-entre-china-e-africa-do-sul-vem-em-breve\/"},"wordCount":336,"commentCount":0,"publisher":{"@id":"https:\/\/diariodepe.com.br\/cri\/#organization"},"articleSection":["Vis\u00e3o"],"inLanguage":"pt-BR","potentialAction":[{"@type":"CommentAction","name":"Comment","target":["https:\/\/diariodepe.com.br\/cri\/2023\/08\/31\/a-era-de-ouro-entre-china-e-africa-do-sul-vem-em-breve\/#respond"]}]},{"@type":"WebPage","@id":"https:\/\/diariodepe.com.br\/cri\/2023\/08\/31\/a-era-de-ouro-entre-china-e-africa-do-sul-vem-em-breve\/","url":"https:\/\/diariodepe.com.br\/cri\/2023\/08\/31\/a-era-de-ouro-entre-china-e-africa-do-sul-vem-em-breve\/","name":"A \"era de ouro\" entre China e \u00c1frica do Sul vem em breve - CRI e Diario de Pernambuco","isPartOf":{"@id":"https:\/\/diariodepe.com.br\/cri\/#website"},"datePublished":"2023-09-01T02:38:11+00:00","breadcrumb":{"@id":"https:\/\/diariodepe.com.br\/cri\/2023\/08\/31\/a-era-de-ouro-entre-china-e-africa-do-sul-vem-em-breve\/#breadcrumb"},"inLanguage":"pt-BR","potentialAction":[{"@type":"ReadAction","target":["https:\/\/diariodepe.com.br\/cri\/2023\/08\/31\/a-era-de-ouro-entre-china-e-africa-do-sul-vem-em-breve\/"]}]},{"@type":"BreadcrumbList","@id":"https:\/\/diariodepe.com.br\/cri\/2023\/08\/31\/a-era-de-ouro-entre-china-e-africa-do-sul-vem-em-breve\/#breadcrumb","itemListElement":[{"@type":"ListItem","position":1,"name":"In\u00edcio","item":"https:\/\/diariodepe.com.br\/cri\/"},{"@type":"ListItem","position":2,"name":"A &#8220;era de ouro&#8221; entre China e \u00c1frica do Sul vem em breve"}]},{"@type":"WebSite","@id":"https:\/\/diariodepe.com.br\/cri\/#website","url":"https:\/\/diariodepe.com.br\/cri\/","name":"CRI e Diario de Pernambuco","description":"R\u00e1dio Internacional da China","publisher":{"@id":"https:\/\/diariodepe.com.br\/cri\/#organization"},"potentialAction":[{"@type":"SearchAction","target":{"@type":"EntryPoint","urlTemplate":"https:\/\/diariodepe.com.br\/cri\/?s={search_term_string}"},"query-input":{"@type":"PropertyValueSpecification","valueRequired":true,"valueName":"search_term_string"}}],"inLanguage":"pt-BR"},{"@type":"Organization","@id":"https:\/\/diariodepe.com.br\/cri\/#organization","name":"CRI e Diario de Pernambuco","url":"https:\/\/diariodepe.com.br\/cri\/","logo":{"@type":"ImageObject","inLanguage":"pt-BR","@id":"https:\/\/diariodepe.com.br\/cri\/#\/schema\/logo\/image\/","url":"https:\/\/diariodepe.com.br\/cri\/wp-content\/uploads\/sites\/2\/2022\/12\/cropped-Logo.jpg","contentUrl":"https:\/\/diariodepe.com.br\/cri\/wp-content\/uploads\/sites\/2\/2022\/12\/cropped-Logo.jpg","width":700,"height":59,"caption":"CRI e Diario de Pernambuco"},"image":{"@id":"https:\/\/diariodepe.com.br\/cri\/#\/schema\/logo\/image\/"}},{"@type":"Person","@id":"https:\/\/diariodepe.com.br\/cri\/#\/schema\/person\/121bb28d84f1a5b1205ef4ce9c2e0c6b","name":"Ismael Lucas S. Pereira","image":{"@type":"ImageObject","inLanguage":"pt-BR","@id":"https:\/\/secure.gravatar.com\/avatar\/887a0f3b5a7ceea963a48499fb883ffce6b5037362def025c52c2505b15d63e4?s=96&d=mm&r=g","url":"https:\/\/secure.gravatar.com\/avatar\/887a0f3b5a7ceea963a48499fb883ffce6b5037362def025c52c2505b15d63e4?s=96&d=mm&r=g","contentUrl":"https:\/\/secure.gravatar.com\/avatar\/887a0f3b5a7ceea963a48499fb883ffce6b5037362def025c52c2505b15d63e4?s=96&d=mm&r=g","caption":"Ismael Lucas S. Pereira"},"url":"https:\/\/diariodepe.com.br\/cri\/author\/ismael-lucas\/"}]}},"cc_featured_image_caption":{"caption_text":false,"source_text":false,"source_url":false},"amp_enabled":true,"_links":{"self":[{"href":"https:\/\/diariodepe.com.br\/cri\/wp-json\/wp\/v2\/posts\/2518","targetHints":{"allow":["GET"]}}],"collection":[{"href":"https:\/\/diariodepe.com.br\/cri\/wp-json\/wp\/v2\/posts"}],"about":[{"href":"https:\/\/diariodepe.com.br\/cri\/wp-json\/wp\/v2\/types\/post"}],"author":[{"embeddable":true,"href":"https:\/\/diariodepe.com.br\/cri\/wp-json\/wp\/v2\/users\/2"}],"replies":[{"embeddable":true,"href":"https:\/\/diariodepe.com.br\/cri\/wp-json\/wp\/v2\/comments?post=2518"}],"version-history":[{"count":1,"href":"https:\/\/diariodepe.com.br\/cri\/wp-json\/wp\/v2\/posts\/2518\/revisions"}],"predecessor-version":[{"id":2519,"href":"https:\/\/diariodepe.com.br\/cri\/wp-json\/wp\/v2\/posts\/2518\/revisions\/2519"}],"wp:attachment":[{"href":"https:\/\/diariodepe.com.br\/cri\/wp-json\/wp\/v2\/media?parent=2518"}],"wp:term":[{"taxonomy":"category","embeddable":true,"href":"https:\/\/diariodepe.com.br\/cri\/wp-json\/wp\/v2\/categories?post=2518"},{"taxonomy":"post_tag","embeddable":true,"href":"https:\/\/diariodepe.com.br\/cri\/wp-json\/wp\/v2\/tags?post=2518"}],"curies":[{"name":"wp","href":"https:\/\/api.w.org\/{rel}","templated":true}]}}