{"id":250,"date":"2022-12-29T09:45:35","date_gmt":"2022-12-29T12:45:35","guid":{"rendered":"https:\/\/diariodepe.com.br\/cri\/?p=250"},"modified":"2022-12-29T09:45:36","modified_gmt":"2022-12-29T12:45:36","slug":"chancelaria-chinesa-situacao-epidemica-chinesa-esta-controlavel","status":"publish","type":"post","link":"https:\/\/diariodepe.com.br\/cri\/2022\/12\/29\/chancelaria-chinesa-situacao-epidemica-chinesa-esta-controlavel\/","title":{"rendered":"<strong>Chancelaria chinesa: situa\u00e7\u00e3o epid\u00eamica chinesa est\u00e1 control\u00e1vel<\/strong>"},"content":{"rendered":"\n<p>O porta-voz da Chancelaria chinesa, Wang Wenbin, refutou hoje (28) reportagens distorcidas de algumas m\u00eddias ocidentais sobre a mudan\u00e7a das pol\u00edticas chinesas de resposta \u00e0 Covid-19.<\/p>\n\n\n\n<p>Na coletiva de imprensa regular, Wang Wenbin apontou que nos \u00faltimos tr\u00eas anos desde o come\u00e7o do surto epid\u00eamico, o governo chin\u00eas tem colocado a vida do povo em primeiro lugar, mobilizando todos os recursos para proteger a vida e a sa\u00fade de cada chin\u00eas, de modo a passar o per\u00edodo mais dif\u00edcil da luta antiepid\u00eamica. As taxas de doen\u00e7as graves e de mortalidade da China s\u00e3o as mais baixas do mundo, a expectativa m\u00e9dia de vida na China aumentou de 77,3 para 78,2 anos, e o \u00cdndice de Desenvolvimento Humano do pa\u00eds subiu 6 posi\u00e7\u00f5es, enquanto o \u00edndice global caiu por dois anos consecutivos.<\/p>\n\n\n\n<p>O porta-voz afirmou que, como a patogenicidade e a virul\u00eancia da cepa mutante Omicron esfraqueceram significativamente e a capacidade de resposta chinesa aumentou, a China mudou a administra\u00e7\u00e3o das medidas contra a Covid-19 de Classe A para B e transformou a prioridade de \u201cprevenir a infec\u00e7\u00e3o\u201d para \u201cgarantir a sa\u00fade e evitar o estado cr\u00edtico\u201d. O objetivo \u00e9 reduzir o impacto da epidemia ao desenvolvimento socioecon\u00f4mico e ao mesmo tempo garantir a seguran\u00e7a de vida do povo.<\/p>\n\n\n\n<p>Wang Wenbin afirmou que, assim como em qualquer outro pa\u00eds, deve-se passar por um per\u00edodo de transi\u00e7\u00e3o quando h\u00e1 ajuste de pol\u00edticas relacionadas \u00e0 epidemia. Atualmente, a situa\u00e7\u00e3o epid\u00eamica da China, no geral, j\u00e1 era esperada e est\u00e1 control\u00e1vel.<\/p>\n\n\n\n<p>O porta-voz enfatizou que alguns ve\u00edculos de imprensa ocidentais exageram deliberadamente e distorcem a mudan\u00e7a das pol\u00edticas chinesas, mas evitam o caos vivido em seus pr\u00f3prios pa\u00edses e o alto pre\u00e7o pago na preven\u00e7\u00e3o da epidemia, o que \u00e9 uma atitude amb\u00edgua e uma viola\u00e7\u00e3o grave da \u00e9tica jornal\u00edstica.<\/p>\n","protected":false},"excerpt":{"rendered":"<p>O porta-voz da Chancelaria chinesa, Wang Wenbin, refutou hoje (28) reportagens distorcidas de algumas m\u00eddias ocidentais sobre a mudan\u00e7a das pol\u00edticas chinesas de resposta \u00e0 Covid-19. Na coletiva de imprensa regular, Wang Wenbin apontou que nos \u00faltimos tr\u00eas anos desde&#8230;<\/p>\n","protected":false},"author":2,"featured_media":0,"comment_status":"open","ping_status":"open","sticky":false,"template":"","format":"standard","meta":{"footnotes":""},"categories":[3],"tags":[],"class_list":["post-250","post","type-post","status-publish","format-standard","hentry","category-china"],"yoast_head":"<!-- This site is optimized with the Yoast SEO plugin v27.4 - https:\/\/yoast.com\/product\/yoast-seo-wordpress\/ -->\n<title>Chancelaria chinesa: situa\u00e7\u00e3o epid\u00eamica chinesa est\u00e1 control\u00e1vel - CRI e Diario de Pernambuco<\/title>\n<meta name=\"robots\" content=\"index, follow, max-snippet:-1, max-image-preview:large, max-video-preview:-1\" \/>\n<link rel=\"canonical\" href=\"https:\/\/diariodepe.com.br\/cri\/2022\/12\/29\/chancelaria-chinesa-situacao-epidemica-chinesa-esta-controlavel\/\" \/>\n<meta property=\"og:locale\" content=\"pt_BR\" \/>\n<meta property=\"og:type\" content=\"article\" \/>\n<meta property=\"og:title\" content=\"Chancelaria chinesa: situa\u00e7\u00e3o epid\u00eamica chinesa est\u00e1 control\u00e1vel - CRI e Diario de Pernambuco\" \/>\n<meta property=\"og:description\" content=\"O porta-voz da Chancelaria chinesa, Wang Wenbin, refutou hoje (28) reportagens distorcidas de algumas m\u00eddias ocidentais sobre a mudan\u00e7a das pol\u00edticas chinesas de resposta \u00e0 Covid-19. Na coletiva de imprensa regular, Wang Wenbin apontou que nos \u00faltimos tr\u00eas anos desde...\" \/>\n<meta property=\"og:url\" content=\"https:\/\/diariodepe.com.br\/cri\/2022\/12\/29\/chancelaria-chinesa-situacao-epidemica-chinesa-esta-controlavel\/\" \/>\n<meta property=\"og:site_name\" content=\"CRI e Diario de Pernambuco\" \/>\n<meta property=\"article:published_time\" content=\"2022-12-29T12:45:35+00:00\" \/>\n<meta property=\"article:modified_time\" content=\"2022-12-29T12:45:36+00:00\" \/>\n<meta name=\"author\" content=\"Ismael Lucas S. Pereira\" \/>\n<meta name=\"twitter:card\" content=\"summary_large_image\" \/>\n<meta name=\"twitter:label1\" content=\"Escrito por\" \/>\n\t<meta name=\"twitter:data1\" content=\"Ismael Lucas S. Pereira\" \/>\n\t<meta name=\"twitter:label2\" content=\"Est. tempo de leitura\" \/>\n\t<meta name=\"twitter:data2\" content=\"2 minutos\" \/>\n<script type=\"application\/ld+json\" class=\"yoast-schema-graph\">{\"@context\":\"https:\\\/\\\/schema.org\",\"@graph\":[{\"@type\":\"Article\",\"@id\":\"https:\\\/\\\/diariodepe.com.br\\\/cri\\\/2022\\\/12\\\/29\\\/chancelaria-chinesa-situacao-epidemica-chinesa-esta-controlavel\\\/#article\",\"isPartOf\":{\"@id\":\"https:\\\/\\\/diariodepe.com.br\\\/cri\\\/2022\\\/12\\\/29\\\/chancelaria-chinesa-situacao-epidemica-chinesa-esta-controlavel\\\/\"},\"author\":{\"name\":\"Ismael Lucas S. Pereira\",\"@id\":\"https:\\\/\\\/diariodepe.com.br\\\/cri\\\/#\\\/schema\\\/person\\\/121bb28d84f1a5b1205ef4ce9c2e0c6b\"},\"headline\":\"Chancelaria chinesa: situa\u00e7\u00e3o epid\u00eamica chinesa est\u00e1 control\u00e1vel\",\"datePublished\":\"2022-12-29T12:45:35+00:00\",\"dateModified\":\"2022-12-29T12:45:36+00:00\",\"mainEntityOfPage\":{\"@id\":\"https:\\\/\\\/diariodepe.com.br\\\/cri\\\/2022\\\/12\\\/29\\\/chancelaria-chinesa-situacao-epidemica-chinesa-esta-controlavel\\\/\"},\"wordCount\":339,\"commentCount\":0,\"publisher\":{\"@id\":\"https:\\\/\\\/diariodepe.com.br\\\/cri\\\/#organization\"},\"articleSection\":[\"China\"],\"inLanguage\":\"pt-BR\",\"potentialAction\":[{\"@type\":\"CommentAction\",\"name\":\"Comment\",\"target\":[\"https:\\\/\\\/diariodepe.com.br\\\/cri\\\/2022\\\/12\\\/29\\\/chancelaria-chinesa-situacao-epidemica-chinesa-esta-controlavel\\\/#respond\"]}]},{\"@type\":\"WebPage\",\"@id\":\"https:\\\/\\\/diariodepe.com.br\\\/cri\\\/2022\\\/12\\\/29\\\/chancelaria-chinesa-situacao-epidemica-chinesa-esta-controlavel\\\/\",\"url\":\"https:\\\/\\\/diariodepe.com.br\\\/cri\\\/2022\\\/12\\\/29\\\/chancelaria-chinesa-situacao-epidemica-chinesa-esta-controlavel\\\/\",\"name\":\"Chancelaria chinesa: situa\u00e7\u00e3o epid\u00eamica chinesa est\u00e1 control\u00e1vel - CRI e Diario de Pernambuco\",\"isPartOf\":{\"@id\":\"https:\\\/\\\/diariodepe.com.br\\\/cri\\\/#website\"},\"datePublished\":\"2022-12-29T12:45:35+00:00\",\"dateModified\":\"2022-12-29T12:45:36+00:00\",\"breadcrumb\":{\"@id\":\"https:\\\/\\\/diariodepe.com.br\\\/cri\\\/2022\\\/12\\\/29\\\/chancelaria-chinesa-situacao-epidemica-chinesa-esta-controlavel\\\/#breadcrumb\"},\"inLanguage\":\"pt-BR\",\"potentialAction\":[{\"@type\":\"ReadAction\",\"target\":[\"https:\\\/\\\/diariodepe.com.br\\\/cri\\\/2022\\\/12\\\/29\\\/chancelaria-chinesa-situacao-epidemica-chinesa-esta-controlavel\\\/\"]}]},{\"@type\":\"BreadcrumbList\",\"@id\":\"https:\\\/\\\/diariodepe.com.br\\\/cri\\\/2022\\\/12\\\/29\\\/chancelaria-chinesa-situacao-epidemica-chinesa-esta-controlavel\\\/#breadcrumb\",\"itemListElement\":[{\"@type\":\"ListItem\",\"position\":1,\"name\":\"In\u00edcio\",\"item\":\"https:\\\/\\\/diariodepe.com.br\\\/cri\\\/\"},{\"@type\":\"ListItem\",\"position\":2,\"name\":\"Chancelaria chinesa: situa\u00e7\u00e3o epid\u00eamica chinesa est\u00e1 control\u00e1vel\"}]},{\"@type\":\"WebSite\",\"@id\":\"https:\\\/\\\/diariodepe.com.br\\\/cri\\\/#website\",\"url\":\"https:\\\/\\\/diariodepe.com.br\\\/cri\\\/\",\"name\":\"CRI e Diario de Pernambuco\",\"description\":\"R\u00e1dio Internacional da China\",\"publisher\":{\"@id\":\"https:\\\/\\\/diariodepe.com.br\\\/cri\\\/#organization\"},\"potentialAction\":[{\"@type\":\"SearchAction\",\"target\":{\"@type\":\"EntryPoint\",\"urlTemplate\":\"https:\\\/\\\/diariodepe.com.br\\\/cri\\\/?s={search_term_string}\"},\"query-input\":{\"@type\":\"PropertyValueSpecification\",\"valueRequired\":true,\"valueName\":\"search_term_string\"}}],\"inLanguage\":\"pt-BR\"},{\"@type\":\"Organization\",\"@id\":\"https:\\\/\\\/diariodepe.com.br\\\/cri\\\/#organization\",\"name\":\"CRI e Diario de Pernambuco\",\"url\":\"https:\\\/\\\/diariodepe.com.br\\\/cri\\\/\",\"logo\":{\"@type\":\"ImageObject\",\"inLanguage\":\"pt-BR\",\"@id\":\"https:\\\/\\\/diariodepe.com.br\\\/cri\\\/#\\\/schema\\\/logo\\\/image\\\/\",\"url\":\"https:\\\/\\\/diariodepe.com.br\\\/cri\\\/wp-content\\\/uploads\\\/sites\\\/2\\\/2022\\\/12\\\/cropped-Logo.jpg\",\"contentUrl\":\"https:\\\/\\\/diariodepe.com.br\\\/cri\\\/wp-content\\\/uploads\\\/sites\\\/2\\\/2022\\\/12\\\/cropped-Logo.jpg\",\"width\":700,\"height\":59,\"caption\":\"CRI e Diario de Pernambuco\"},\"image\":{\"@id\":\"https:\\\/\\\/diariodepe.com.br\\\/cri\\\/#\\\/schema\\\/logo\\\/image\\\/\"}},{\"@type\":\"Person\",\"@id\":\"https:\\\/\\\/diariodepe.com.br\\\/cri\\\/#\\\/schema\\\/person\\\/121bb28d84f1a5b1205ef4ce9c2e0c6b\",\"name\":\"Ismael Lucas S. Pereira\",\"image\":{\"@type\":\"ImageObject\",\"inLanguage\":\"pt-BR\",\"@id\":\"https:\\\/\\\/secure.gravatar.com\\\/avatar\\\/887a0f3b5a7ceea963a48499fb883ffce6b5037362def025c52c2505b15d63e4?s=96&d=mm&r=g\",\"url\":\"https:\\\/\\\/secure.gravatar.com\\\/avatar\\\/887a0f3b5a7ceea963a48499fb883ffce6b5037362def025c52c2505b15d63e4?s=96&d=mm&r=g\",\"contentUrl\":\"https:\\\/\\\/secure.gravatar.com\\\/avatar\\\/887a0f3b5a7ceea963a48499fb883ffce6b5037362def025c52c2505b15d63e4?s=96&d=mm&r=g\",\"caption\":\"Ismael Lucas S. Pereira\"},\"url\":\"https:\\\/\\\/diariodepe.com.br\\\/cri\\\/author\\\/ismael-lucas\\\/\"}]}<\/script>\n<!-- \/ Yoast SEO plugin. -->","yoast_head_json":{"title":"Chancelaria chinesa: situa\u00e7\u00e3o epid\u00eamica chinesa est\u00e1 control\u00e1vel - CRI e Diario de Pernambuco","robots":{"index":"index","follow":"follow","max-snippet":"max-snippet:-1","max-image-preview":"max-image-preview:large","max-video-preview":"max-video-preview:-1"},"canonical":"https:\/\/diariodepe.com.br\/cri\/2022\/12\/29\/chancelaria-chinesa-situacao-epidemica-chinesa-esta-controlavel\/","og_locale":"pt_BR","og_type":"article","og_title":"Chancelaria chinesa: situa\u00e7\u00e3o epid\u00eamica chinesa est\u00e1 control\u00e1vel - CRI e Diario de Pernambuco","og_description":"O porta-voz da Chancelaria chinesa, Wang Wenbin, refutou hoje (28) reportagens distorcidas de algumas m\u00eddias ocidentais sobre a mudan\u00e7a das pol\u00edticas chinesas de resposta \u00e0 Covid-19. Na coletiva de imprensa regular, Wang Wenbin apontou que nos \u00faltimos tr\u00eas anos desde...","og_url":"https:\/\/diariodepe.com.br\/cri\/2022\/12\/29\/chancelaria-chinesa-situacao-epidemica-chinesa-esta-controlavel\/","og_site_name":"CRI e Diario de Pernambuco","article_published_time":"2022-12-29T12:45:35+00:00","article_modified_time":"2022-12-29T12:45:36+00:00","author":"Ismael Lucas S. Pereira","twitter_card":"summary_large_image","twitter_misc":{"Escrito por":"Ismael Lucas S. Pereira","Est. tempo de leitura":"2 minutos"},"schema":{"@context":"https:\/\/schema.org","@graph":[{"@type":"Article","@id":"https:\/\/diariodepe.com.br\/cri\/2022\/12\/29\/chancelaria-chinesa-situacao-epidemica-chinesa-esta-controlavel\/#article","isPartOf":{"@id":"https:\/\/diariodepe.com.br\/cri\/2022\/12\/29\/chancelaria-chinesa-situacao-epidemica-chinesa-esta-controlavel\/"},"author":{"name":"Ismael Lucas S. Pereira","@id":"https:\/\/diariodepe.com.br\/cri\/#\/schema\/person\/121bb28d84f1a5b1205ef4ce9c2e0c6b"},"headline":"Chancelaria chinesa: situa\u00e7\u00e3o epid\u00eamica chinesa est\u00e1 control\u00e1vel","datePublished":"2022-12-29T12:45:35+00:00","dateModified":"2022-12-29T12:45:36+00:00","mainEntityOfPage":{"@id":"https:\/\/diariodepe.com.br\/cri\/2022\/12\/29\/chancelaria-chinesa-situacao-epidemica-chinesa-esta-controlavel\/"},"wordCount":339,"commentCount":0,"publisher":{"@id":"https:\/\/diariodepe.com.br\/cri\/#organization"},"articleSection":["China"],"inLanguage":"pt-BR","potentialAction":[{"@type":"CommentAction","name":"Comment","target":["https:\/\/diariodepe.com.br\/cri\/2022\/12\/29\/chancelaria-chinesa-situacao-epidemica-chinesa-esta-controlavel\/#respond"]}]},{"@type":"WebPage","@id":"https:\/\/diariodepe.com.br\/cri\/2022\/12\/29\/chancelaria-chinesa-situacao-epidemica-chinesa-esta-controlavel\/","url":"https:\/\/diariodepe.com.br\/cri\/2022\/12\/29\/chancelaria-chinesa-situacao-epidemica-chinesa-esta-controlavel\/","name":"Chancelaria chinesa: situa\u00e7\u00e3o epid\u00eamica chinesa est\u00e1 control\u00e1vel - CRI e Diario de Pernambuco","isPartOf":{"@id":"https:\/\/diariodepe.com.br\/cri\/#website"},"datePublished":"2022-12-29T12:45:35+00:00","dateModified":"2022-12-29T12:45:36+00:00","breadcrumb":{"@id":"https:\/\/diariodepe.com.br\/cri\/2022\/12\/29\/chancelaria-chinesa-situacao-epidemica-chinesa-esta-controlavel\/#breadcrumb"},"inLanguage":"pt-BR","potentialAction":[{"@type":"ReadAction","target":["https:\/\/diariodepe.com.br\/cri\/2022\/12\/29\/chancelaria-chinesa-situacao-epidemica-chinesa-esta-controlavel\/"]}]},{"@type":"BreadcrumbList","@id":"https:\/\/diariodepe.com.br\/cri\/2022\/12\/29\/chancelaria-chinesa-situacao-epidemica-chinesa-esta-controlavel\/#breadcrumb","itemListElement":[{"@type":"ListItem","position":1,"name":"In\u00edcio","item":"https:\/\/diariodepe.com.br\/cri\/"},{"@type":"ListItem","position":2,"name":"Chancelaria chinesa: situa\u00e7\u00e3o epid\u00eamica chinesa est\u00e1 control\u00e1vel"}]},{"@type":"WebSite","@id":"https:\/\/diariodepe.com.br\/cri\/#website","url":"https:\/\/diariodepe.com.br\/cri\/","name":"CRI e Diario de Pernambuco","description":"R\u00e1dio Internacional da China","publisher":{"@id":"https:\/\/diariodepe.com.br\/cri\/#organization"},"potentialAction":[{"@type":"SearchAction","target":{"@type":"EntryPoint","urlTemplate":"https:\/\/diariodepe.com.br\/cri\/?s={search_term_string}"},"query-input":{"@type":"PropertyValueSpecification","valueRequired":true,"valueName":"search_term_string"}}],"inLanguage":"pt-BR"},{"@type":"Organization","@id":"https:\/\/diariodepe.com.br\/cri\/#organization","name":"CRI e Diario de Pernambuco","url":"https:\/\/diariodepe.com.br\/cri\/","logo":{"@type":"ImageObject","inLanguage":"pt-BR","@id":"https:\/\/diariodepe.com.br\/cri\/#\/schema\/logo\/image\/","url":"https:\/\/diariodepe.com.br\/cri\/wp-content\/uploads\/sites\/2\/2022\/12\/cropped-Logo.jpg","contentUrl":"https:\/\/diariodepe.com.br\/cri\/wp-content\/uploads\/sites\/2\/2022\/12\/cropped-Logo.jpg","width":700,"height":59,"caption":"CRI e Diario de Pernambuco"},"image":{"@id":"https:\/\/diariodepe.com.br\/cri\/#\/schema\/logo\/image\/"}},{"@type":"Person","@id":"https:\/\/diariodepe.com.br\/cri\/#\/schema\/person\/121bb28d84f1a5b1205ef4ce9c2e0c6b","name":"Ismael Lucas S. Pereira","image":{"@type":"ImageObject","inLanguage":"pt-BR","@id":"https:\/\/secure.gravatar.com\/avatar\/887a0f3b5a7ceea963a48499fb883ffce6b5037362def025c52c2505b15d63e4?s=96&d=mm&r=g","url":"https:\/\/secure.gravatar.com\/avatar\/887a0f3b5a7ceea963a48499fb883ffce6b5037362def025c52c2505b15d63e4?s=96&d=mm&r=g","contentUrl":"https:\/\/secure.gravatar.com\/avatar\/887a0f3b5a7ceea963a48499fb883ffce6b5037362def025c52c2505b15d63e4?s=96&d=mm&r=g","caption":"Ismael Lucas S. Pereira"},"url":"https:\/\/diariodepe.com.br\/cri\/author\/ismael-lucas\/"}]}},"cc_featured_image_caption":{"caption_text":"","source_text":"","source_url":""},"amp_enabled":true,"_links":{"self":[{"href":"https:\/\/diariodepe.com.br\/cri\/wp-json\/wp\/v2\/posts\/250","targetHints":{"allow":["GET"]}}],"collection":[{"href":"https:\/\/diariodepe.com.br\/cri\/wp-json\/wp\/v2\/posts"}],"about":[{"href":"https:\/\/diariodepe.com.br\/cri\/wp-json\/wp\/v2\/types\/post"}],"author":[{"embeddable":true,"href":"https:\/\/diariodepe.com.br\/cri\/wp-json\/wp\/v2\/users\/2"}],"replies":[{"embeddable":true,"href":"https:\/\/diariodepe.com.br\/cri\/wp-json\/wp\/v2\/comments?post=250"}],"version-history":[{"count":1,"href":"https:\/\/diariodepe.com.br\/cri\/wp-json\/wp\/v2\/posts\/250\/revisions"}],"predecessor-version":[{"id":251,"href":"https:\/\/diariodepe.com.br\/cri\/wp-json\/wp\/v2\/posts\/250\/revisions\/251"}],"wp:attachment":[{"href":"https:\/\/diariodepe.com.br\/cri\/wp-json\/wp\/v2\/media?parent=250"}],"wp:term":[{"taxonomy":"category","embeddable":true,"href":"https:\/\/diariodepe.com.br\/cri\/wp-json\/wp\/v2\/categories?post=250"},{"taxonomy":"post_tag","embeddable":true,"href":"https:\/\/diariodepe.com.br\/cri\/wp-json\/wp\/v2\/tags?post=250"}],"curies":[{"name":"wp","href":"https:\/\/api.w.org\/{rel}","templated":true}]}}