{"id":237,"date":"2022-12-27T08:56:58","date_gmt":"2022-12-27T11:56:58","guid":{"rendered":"https:\/\/diariodepe.com.br\/cri\/?p=237"},"modified":"2022-12-27T08:56:59","modified_gmt":"2022-12-27T11:56:59","slug":"eficacia-e-transparencia-pela-saude-e-economia","status":"publish","type":"post","link":"https:\/\/diariodepe.com.br\/cri\/2022\/12\/27\/eficacia-e-transparencia-pela-saude-e-economia\/","title":{"rendered":"<strong>Efic\u00e1cia e transpar\u00eancia pela sa\u00fade e economia<\/strong>"},"content":{"rendered":"\n<p><strong>Governo chin\u00eas busca medidas de r\u00e1pida detec\u00e7\u00e3o, isolamento e reabertura de regi\u00f5es com foco de Covid, para garantir o bem-estar do povo chin\u00eas e do mundo.&nbsp;<\/strong><\/p>\n\n\n\n<p>Desde o in\u00edcio de 2020, quando se espalhou pelo mundo o v\u00edrus da Covid-19, a China, primeira v\u00edtima da doen\u00e7a, buscou sa\u00eddas eficazes para os problemas que decorrem da necessidade de fechar regi\u00f5es e cidades, buscando conter a contamina\u00e7\u00e3o. Num pa\u00eds onde a higieniza\u00e7\u00e3o e o uso de m\u00e1scaras j\u00e1 s\u00e3o h\u00e1bito de longa data, a simples incorpora\u00e7\u00e3o de medidas individuais pode ser insuficiente. Por outro lado, a ado\u00e7\u00e3o de longos per\u00edodos de isolamento social e fechamento da economia, numa na\u00e7\u00e3o de imensa integra\u00e7\u00e3o com &nbsp;as demais pobres e emergentes, pode desencadear uma s\u00e9rie de problemas econ\u00f4micos, dada a import\u00e2ncia que as trocas comerciais com a China adquiriram para metade do mundo, nas \u00faltimas d\u00e9cadas.<\/p>\n\n\n\n<p>Por isso, entre idas e vindas de fechamentos e aberturas, e para tranquilizar a comunidade global quanto aos baixos riscos de paralisa\u00e7\u00e3o da economia chinesa, o governo central publicou, neste m\u00eas de dezembro, um documento listando dez medidas para dar transpar\u00eancia aos seus atos voltados ao combate \u00e0 Covid-19. Dentre elas, destaca-se a delimita\u00e7\u00e3o de \u00e1reas de isolamento, com uso de intelig\u00eancia e colabora\u00e7\u00e3o da popula\u00e7\u00e3o, para r\u00e1pida detec\u00e7\u00e3o da doen\u00e7a e neutraliza\u00e7\u00e3o do espalhamento do v\u00edrus. Com a \u201cveda\u00e7\u00e3o e libera\u00e7\u00e3o\u201d r\u00e1pida, sendo as regi\u00f5es-foco liberadas ap\u00f3s cinco dias do \u00faltimo caso, a socializa\u00e7\u00e3o das pessoas e o funcionamento da economia n\u00e3o ficam prejudicados.<\/p>\n\n\n\n<p>Isso, aliado \u00e0 acelera\u00e7\u00e3o da vacina\u00e7\u00e3o e ao mapeamento da popula\u00e7\u00e3o-chave, pode se mostrar fundamental para a sa\u00fade da economia chinesa e, muito al\u00e9m, para a economia mundial. H\u00e1 de se considerar que trata-se de uma economia ainda emergente, que apesar de ser a segunda do mundo por Produto Interno Bruno (PIB) anual, ainda tem de lidar com problemas de distribui\u00e7\u00e3o de renda para uma popula\u00e7\u00e3o de quase 1,4 bilh\u00e3o de pessoas, portanto este \u00e9 um tema fundamental.<\/p>\n\n\n\n<p>Desde 2020, a China tem obtido n\u00fameros mundiais favor\u00e1veis, no que se refere \u00e0 rea\u00e7\u00e3o econ\u00f4mica \u00e0s medidas de controle da pandemia. Basta lembrar que, neste per\u00edodo, o pa\u00eds erradicou a pobreza absoluta, e cresceu em m\u00e9dia 5,1% (abaixo de seu hist\u00f3rico recente, mas acima de qualquer outro entre as na\u00e7\u00f5es mais afetadas pela Covid), por\u00e9m com uma rea\u00e7\u00e3o forte no \u00faltimo ano, de 8,1%. Ao todo, foram mais de 100 surtos da doen\u00e7a controlados, em quase tr\u00eas anos, e o menor n\u00famero de casos e mortes entre as maiores economias do mundo. Os resultados aparecem ainda mais consistentes em 2022, com as importa\u00e7\u00f5es e exporta\u00e7\u00f5es chinesas crescendo 9,9% nos tr\u00eas primeiros trimestres deste ano.<\/p>\n\n\n\n<p>Contudo, mais que a pr\u00f3pria prosperidade chinesa, a forma como o pa\u00eds responde de forma r\u00e1pida aos focos de Covid-19 \u00e9 importante para todo o mundo. Mais da metade do planeta tem, hoje, la\u00e7os priorit\u00e1rios com as parcerias comerciais firmadas com a pot\u00eancia asi\u00e1tica, visto que ela se tornou uma das principais alternativas para os pa\u00edses pobres e emergentes, que buscam escapar da exclusividade imposta pela hegemonia da Europa, Estados Unidos e Jap\u00e3o ap\u00f3s a Guerra Fria. Hoje, \u00e9 imposs\u00edvel comparar a import\u00e2ncia das medidas anti-Covid nos demais pa\u00edses com as chinesas, n\u00e3o somente pela quest\u00e3o demogr\u00e1fica e pela economia interna, mas tamb\u00e9m pelo papel global da China. Uma crise na ind\u00fastria, no extrativismo e no setor de servi\u00e7os, neste pa\u00eds, causaria transtornos a toda a cadeia de outras economias nacionais.<\/p>\n\n\n\n<p>Saber confluir os interesses humanos e econ\u00f4micos como metas nacionais e com as necessidades da comunidade internacional, no caso do enfrentamento chin\u00eas \u00e0 Covid-19, \u00e9 algo que passa pelos princ\u00edpios do Partido Comunista da China, j\u00e1 que ele preza pela assimila\u00e7\u00e3o dos anseios da classe trabalhadora, em primeiro lugar, sendo as necessidades de mercado uma ferramenta para a prosperidade, e n\u00e3o o contr\u00e1rio. Por isso, como \u00f3rg\u00e3o de representa\u00e7\u00e3o dos trabalhadores no poder do Estado, ele n\u00e3o cede \u00e0s press\u00f5es empresariais por entrega de dividendos econ\u00f4micos imediatos, se isto n\u00e3o servir \u00e0 classe trabalhadora da China e do mundo.<\/p>\n\n\n\n<p>Ademais, est\u00e1 preocupado com a inser\u00e7\u00e3o internacional do pa\u00eds, como parceiro global de diversas na\u00e7\u00f5es que, at\u00e9 poucas d\u00e9cadas atr\u00e1s, n\u00e3o tinham com quem manter rela\u00e7\u00f5es econ\u00f4micas s\u00f3lidas e saud\u00e1veis, resignando-se a serem provedoras de mat\u00e9ria prima e importadoras de bens de valor agregado, destinados a uma pequena elite. Hoje, diversos projetos de desenvolvimento da ind\u00fastria, agricultura e pecu\u00e1ria de alta tecnologia, ou infraestrutura, nos pa\u00edses do assim chamado \u201cterceiro mundo\u201d, dependem da sa\u00fade econ\u00f4mica chinesa, ao que o pa\u00eds responde com diversas iniciativas de colabora\u00e7\u00e3o m\u00fatua em modelo \u201cganha-ganha\u201d que desafogam dois ter\u00e7os da economia mundial.<\/p>\n\n\n\n<p>Tendo isso em vista, efic\u00e1cia e transpar\u00eancia s\u00e3o a prioridade da Rep\u00fablica Popular da China, em seu plano de neutraliza\u00e7\u00e3o da Covid-19. Integridade do povo, bem-estar local e prosperidade global seguem as premissas dos atos de Governo do Partido Comunista da China, no que tange a sa\u00fade p\u00fablica.<\/p>\n\n\n\n<p><em>(Autor: H\u00e9lio de Mendon\u00e7a Rocha, articulista e rep\u00f3rter de pol\u00edtica internacional do Brasil)<\/em><\/p>\n","protected":false},"excerpt":{"rendered":"<p>Governo chin\u00eas busca medidas de r\u00e1pida detec\u00e7\u00e3o, isolamento e reabertura de regi\u00f5es com foco de Covid, para garantir o bem-estar do povo chin\u00eas e do mundo.&nbsp; Desde o in\u00edcio de 2020, quando se espalhou pelo mundo o v\u00edrus da Covid-19,&#8230;<\/p>\n","protected":false},"author":2,"featured_media":238,"comment_status":"open","ping_status":"open","sticky":false,"template":"","format":"standard","meta":{"footnotes":""},"categories":[7],"tags":[],"class_list":["post-237","post","type-post","status-publish","format-standard","has-post-thumbnail","hentry","category-visao"],"yoast_head":"<!-- This site is optimized with the Yoast SEO plugin v27.4 - https:\/\/yoast.com\/product\/yoast-seo-wordpress\/ -->\n<title>Efic\u00e1cia e transpar\u00eancia pela sa\u00fade e economia - CRI e Diario de Pernambuco<\/title>\n<meta name=\"robots\" content=\"index, follow, max-snippet:-1, max-image-preview:large, max-video-preview:-1\" \/>\n<link rel=\"canonical\" href=\"https:\/\/diariodepe.com.br\/cri\/2022\/12\/27\/eficacia-e-transparencia-pela-saude-e-economia\/\" \/>\n<meta property=\"og:locale\" content=\"pt_BR\" \/>\n<meta property=\"og:type\" content=\"article\" \/>\n<meta property=\"og:title\" content=\"Efic\u00e1cia e transpar\u00eancia pela sa\u00fade e economia - CRI e Diario de Pernambuco\" \/>\n<meta property=\"og:description\" content=\"Governo chin\u00eas busca medidas de r\u00e1pida detec\u00e7\u00e3o, isolamento e reabertura de regi\u00f5es com foco de Covid, para garantir o bem-estar do povo chin\u00eas e do mundo.&nbsp; Desde o in\u00edcio de 2020, quando se espalhou pelo mundo o v\u00edrus da Covid-19,...\" \/>\n<meta property=\"og:url\" content=\"https:\/\/diariodepe.com.br\/cri\/2022\/12\/27\/eficacia-e-transparencia-pela-saude-e-economia\/\" \/>\n<meta property=\"og:site_name\" content=\"CRI e Diario de Pernambuco\" \/>\n<meta property=\"article:published_time\" content=\"2022-12-27T11:56:58+00:00\" \/>\n<meta property=\"article:modified_time\" content=\"2022-12-27T11:56:59+00:00\" \/>\n<meta property=\"og:image\" content=\"https:\/\/diariodepe.com.br\/cri\/wp-content\/uploads\/sites\/2\/2022\/12\/2022122617310479046.jpeg\" \/>\n\t<meta property=\"og:image:width\" content=\"650\" \/>\n\t<meta property=\"og:image:height\" content=\"366\" \/>\n\t<meta property=\"og:image:type\" content=\"image\/jpeg\" \/>\n<meta name=\"author\" content=\"Ismael Lucas S. Pereira\" \/>\n<meta name=\"twitter:card\" content=\"summary_large_image\" \/>\n<meta name=\"twitter:label1\" content=\"Escrito por\" \/>\n\t<meta name=\"twitter:data1\" content=\"Ismael Lucas S. Pereira\" \/>\n\t<meta name=\"twitter:label2\" content=\"Est. tempo de leitura\" \/>\n\t<meta name=\"twitter:data2\" content=\"5 minutos\" \/>\n<script type=\"application\/ld+json\" class=\"yoast-schema-graph\">{\"@context\":\"https:\\\/\\\/schema.org\",\"@graph\":[{\"@type\":\"Article\",\"@id\":\"https:\\\/\\\/diariodepe.com.br\\\/cri\\\/2022\\\/12\\\/27\\\/eficacia-e-transparencia-pela-saude-e-economia\\\/#article\",\"isPartOf\":{\"@id\":\"https:\\\/\\\/diariodepe.com.br\\\/cri\\\/2022\\\/12\\\/27\\\/eficacia-e-transparencia-pela-saude-e-economia\\\/\"},\"author\":{\"name\":\"Ismael Lucas S. Pereira\",\"@id\":\"https:\\\/\\\/diariodepe.com.br\\\/cri\\\/#\\\/schema\\\/person\\\/121bb28d84f1a5b1205ef4ce9c2e0c6b\"},\"headline\":\"Efic\u00e1cia e transpar\u00eancia pela sa\u00fade e economia\",\"datePublished\":\"2022-12-27T11:56:58+00:00\",\"dateModified\":\"2022-12-27T11:56:59+00:00\",\"mainEntityOfPage\":{\"@id\":\"https:\\\/\\\/diariodepe.com.br\\\/cri\\\/2022\\\/12\\\/27\\\/eficacia-e-transparencia-pela-saude-e-economia\\\/\"},\"wordCount\":955,\"commentCount\":0,\"publisher\":{\"@id\":\"https:\\\/\\\/diariodepe.com.br\\\/cri\\\/#organization\"},\"image\":{\"@id\":\"https:\\\/\\\/diariodepe.com.br\\\/cri\\\/2022\\\/12\\\/27\\\/eficacia-e-transparencia-pela-saude-e-economia\\\/#primaryimage\"},\"thumbnailUrl\":\"https:\\\/\\\/diariodepe.com.br\\\/cri\\\/wp-content\\\/uploads\\\/sites\\\/2\\\/2022\\\/12\\\/2022122617310479046.jpeg\",\"articleSection\":[\"Vis\u00e3o\"],\"inLanguage\":\"pt-BR\",\"potentialAction\":[{\"@type\":\"CommentAction\",\"name\":\"Comment\",\"target\":[\"https:\\\/\\\/diariodepe.com.br\\\/cri\\\/2022\\\/12\\\/27\\\/eficacia-e-transparencia-pela-saude-e-economia\\\/#respond\"]}]},{\"@type\":\"WebPage\",\"@id\":\"https:\\\/\\\/diariodepe.com.br\\\/cri\\\/2022\\\/12\\\/27\\\/eficacia-e-transparencia-pela-saude-e-economia\\\/\",\"url\":\"https:\\\/\\\/diariodepe.com.br\\\/cri\\\/2022\\\/12\\\/27\\\/eficacia-e-transparencia-pela-saude-e-economia\\\/\",\"name\":\"Efic\u00e1cia e transpar\u00eancia pela sa\u00fade e economia - CRI e Diario de Pernambuco\",\"isPartOf\":{\"@id\":\"https:\\\/\\\/diariodepe.com.br\\\/cri\\\/#website\"},\"primaryImageOfPage\":{\"@id\":\"https:\\\/\\\/diariodepe.com.br\\\/cri\\\/2022\\\/12\\\/27\\\/eficacia-e-transparencia-pela-saude-e-economia\\\/#primaryimage\"},\"image\":{\"@id\":\"https:\\\/\\\/diariodepe.com.br\\\/cri\\\/2022\\\/12\\\/27\\\/eficacia-e-transparencia-pela-saude-e-economia\\\/#primaryimage\"},\"thumbnailUrl\":\"https:\\\/\\\/diariodepe.com.br\\\/cri\\\/wp-content\\\/uploads\\\/sites\\\/2\\\/2022\\\/12\\\/2022122617310479046.jpeg\",\"datePublished\":\"2022-12-27T11:56:58+00:00\",\"dateModified\":\"2022-12-27T11:56:59+00:00\",\"breadcrumb\":{\"@id\":\"https:\\\/\\\/diariodepe.com.br\\\/cri\\\/2022\\\/12\\\/27\\\/eficacia-e-transparencia-pela-saude-e-economia\\\/#breadcrumb\"},\"inLanguage\":\"pt-BR\",\"potentialAction\":[{\"@type\":\"ReadAction\",\"target\":[\"https:\\\/\\\/diariodepe.com.br\\\/cri\\\/2022\\\/12\\\/27\\\/eficacia-e-transparencia-pela-saude-e-economia\\\/\"]}]},{\"@type\":\"ImageObject\",\"inLanguage\":\"pt-BR\",\"@id\":\"https:\\\/\\\/diariodepe.com.br\\\/cri\\\/2022\\\/12\\\/27\\\/eficacia-e-transparencia-pela-saude-e-economia\\\/#primaryimage\",\"url\":\"https:\\\/\\\/diariodepe.com.br\\\/cri\\\/wp-content\\\/uploads\\\/sites\\\/2\\\/2022\\\/12\\\/2022122617310479046.jpeg\",\"contentUrl\":\"https:\\\/\\\/diariodepe.com.br\\\/cri\\\/wp-content\\\/uploads\\\/sites\\\/2\\\/2022\\\/12\\\/2022122617310479046.jpeg\",\"width\":650,\"height\":366},{\"@type\":\"BreadcrumbList\",\"@id\":\"https:\\\/\\\/diariodepe.com.br\\\/cri\\\/2022\\\/12\\\/27\\\/eficacia-e-transparencia-pela-saude-e-economia\\\/#breadcrumb\",\"itemListElement\":[{\"@type\":\"ListItem\",\"position\":1,\"name\":\"In\u00edcio\",\"item\":\"https:\\\/\\\/diariodepe.com.br\\\/cri\\\/\"},{\"@type\":\"ListItem\",\"position\":2,\"name\":\"Efic\u00e1cia e transpar\u00eancia pela sa\u00fade e economia\"}]},{\"@type\":\"WebSite\",\"@id\":\"https:\\\/\\\/diariodepe.com.br\\\/cri\\\/#website\",\"url\":\"https:\\\/\\\/diariodepe.com.br\\\/cri\\\/\",\"name\":\"CRI e Diario de Pernambuco\",\"description\":\"R\u00e1dio Internacional da China\",\"publisher\":{\"@id\":\"https:\\\/\\\/diariodepe.com.br\\\/cri\\\/#organization\"},\"potentialAction\":[{\"@type\":\"SearchAction\",\"target\":{\"@type\":\"EntryPoint\",\"urlTemplate\":\"https:\\\/\\\/diariodepe.com.br\\\/cri\\\/?s={search_term_string}\"},\"query-input\":{\"@type\":\"PropertyValueSpecification\",\"valueRequired\":true,\"valueName\":\"search_term_string\"}}],\"inLanguage\":\"pt-BR\"},{\"@type\":\"Organization\",\"@id\":\"https:\\\/\\\/diariodepe.com.br\\\/cri\\\/#organization\",\"name\":\"CRI e Diario de Pernambuco\",\"url\":\"https:\\\/\\\/diariodepe.com.br\\\/cri\\\/\",\"logo\":{\"@type\":\"ImageObject\",\"inLanguage\":\"pt-BR\",\"@id\":\"https:\\\/\\\/diariodepe.com.br\\\/cri\\\/#\\\/schema\\\/logo\\\/image\\\/\",\"url\":\"https:\\\/\\\/diariodepe.com.br\\\/cri\\\/wp-content\\\/uploads\\\/sites\\\/2\\\/2022\\\/12\\\/cropped-Logo.jpg\",\"contentUrl\":\"https:\\\/\\\/diariodepe.com.br\\\/cri\\\/wp-content\\\/uploads\\\/sites\\\/2\\\/2022\\\/12\\\/cropped-Logo.jpg\",\"width\":700,\"height\":59,\"caption\":\"CRI e Diario de Pernambuco\"},\"image\":{\"@id\":\"https:\\\/\\\/diariodepe.com.br\\\/cri\\\/#\\\/schema\\\/logo\\\/image\\\/\"}},{\"@type\":\"Person\",\"@id\":\"https:\\\/\\\/diariodepe.com.br\\\/cri\\\/#\\\/schema\\\/person\\\/121bb28d84f1a5b1205ef4ce9c2e0c6b\",\"name\":\"Ismael Lucas S. Pereira\",\"image\":{\"@type\":\"ImageObject\",\"inLanguage\":\"pt-BR\",\"@id\":\"https:\\\/\\\/secure.gravatar.com\\\/avatar\\\/887a0f3b5a7ceea963a48499fb883ffce6b5037362def025c52c2505b15d63e4?s=96&d=mm&r=g\",\"url\":\"https:\\\/\\\/secure.gravatar.com\\\/avatar\\\/887a0f3b5a7ceea963a48499fb883ffce6b5037362def025c52c2505b15d63e4?s=96&d=mm&r=g\",\"contentUrl\":\"https:\\\/\\\/secure.gravatar.com\\\/avatar\\\/887a0f3b5a7ceea963a48499fb883ffce6b5037362def025c52c2505b15d63e4?s=96&d=mm&r=g\",\"caption\":\"Ismael Lucas S. Pereira\"},\"url\":\"https:\\\/\\\/diariodepe.com.br\\\/cri\\\/author\\\/ismael-lucas\\\/\"}]}<\/script>\n<!-- \/ Yoast SEO plugin. -->","yoast_head_json":{"title":"Efic\u00e1cia e transpar\u00eancia pela sa\u00fade e economia - CRI e Diario de Pernambuco","robots":{"index":"index","follow":"follow","max-snippet":"max-snippet:-1","max-image-preview":"max-image-preview:large","max-video-preview":"max-video-preview:-1"},"canonical":"https:\/\/diariodepe.com.br\/cri\/2022\/12\/27\/eficacia-e-transparencia-pela-saude-e-economia\/","og_locale":"pt_BR","og_type":"article","og_title":"Efic\u00e1cia e transpar\u00eancia pela sa\u00fade e economia - CRI e Diario de Pernambuco","og_description":"Governo chin\u00eas busca medidas de r\u00e1pida detec\u00e7\u00e3o, isolamento e reabertura de regi\u00f5es com foco de Covid, para garantir o bem-estar do povo chin\u00eas e do mundo.&nbsp; Desde o in\u00edcio de 2020, quando se espalhou pelo mundo o v\u00edrus da Covid-19,...","og_url":"https:\/\/diariodepe.com.br\/cri\/2022\/12\/27\/eficacia-e-transparencia-pela-saude-e-economia\/","og_site_name":"CRI e Diario de Pernambuco","article_published_time":"2022-12-27T11:56:58+00:00","article_modified_time":"2022-12-27T11:56:59+00:00","og_image":[{"width":650,"height":366,"url":"https:\/\/diariodepe.com.br\/cri\/wp-content\/uploads\/sites\/2\/2022\/12\/2022122617310479046.jpeg","type":"image\/jpeg"}],"author":"Ismael Lucas S. Pereira","twitter_card":"summary_large_image","twitter_misc":{"Escrito por":"Ismael Lucas S. Pereira","Est. tempo de leitura":"5 minutos"},"schema":{"@context":"https:\/\/schema.org","@graph":[{"@type":"Article","@id":"https:\/\/diariodepe.com.br\/cri\/2022\/12\/27\/eficacia-e-transparencia-pela-saude-e-economia\/#article","isPartOf":{"@id":"https:\/\/diariodepe.com.br\/cri\/2022\/12\/27\/eficacia-e-transparencia-pela-saude-e-economia\/"},"author":{"name":"Ismael Lucas S. Pereira","@id":"https:\/\/diariodepe.com.br\/cri\/#\/schema\/person\/121bb28d84f1a5b1205ef4ce9c2e0c6b"},"headline":"Efic\u00e1cia e transpar\u00eancia pela sa\u00fade e economia","datePublished":"2022-12-27T11:56:58+00:00","dateModified":"2022-12-27T11:56:59+00:00","mainEntityOfPage":{"@id":"https:\/\/diariodepe.com.br\/cri\/2022\/12\/27\/eficacia-e-transparencia-pela-saude-e-economia\/"},"wordCount":955,"commentCount":0,"publisher":{"@id":"https:\/\/diariodepe.com.br\/cri\/#organization"},"image":{"@id":"https:\/\/diariodepe.com.br\/cri\/2022\/12\/27\/eficacia-e-transparencia-pela-saude-e-economia\/#primaryimage"},"thumbnailUrl":"https:\/\/diariodepe.com.br\/cri\/wp-content\/uploads\/sites\/2\/2022\/12\/2022122617310479046.jpeg","articleSection":["Vis\u00e3o"],"inLanguage":"pt-BR","potentialAction":[{"@type":"CommentAction","name":"Comment","target":["https:\/\/diariodepe.com.br\/cri\/2022\/12\/27\/eficacia-e-transparencia-pela-saude-e-economia\/#respond"]}]},{"@type":"WebPage","@id":"https:\/\/diariodepe.com.br\/cri\/2022\/12\/27\/eficacia-e-transparencia-pela-saude-e-economia\/","url":"https:\/\/diariodepe.com.br\/cri\/2022\/12\/27\/eficacia-e-transparencia-pela-saude-e-economia\/","name":"Efic\u00e1cia e transpar\u00eancia pela sa\u00fade e economia - CRI e Diario de Pernambuco","isPartOf":{"@id":"https:\/\/diariodepe.com.br\/cri\/#website"},"primaryImageOfPage":{"@id":"https:\/\/diariodepe.com.br\/cri\/2022\/12\/27\/eficacia-e-transparencia-pela-saude-e-economia\/#primaryimage"},"image":{"@id":"https:\/\/diariodepe.com.br\/cri\/2022\/12\/27\/eficacia-e-transparencia-pela-saude-e-economia\/#primaryimage"},"thumbnailUrl":"https:\/\/diariodepe.com.br\/cri\/wp-content\/uploads\/sites\/2\/2022\/12\/2022122617310479046.jpeg","datePublished":"2022-12-27T11:56:58+00:00","dateModified":"2022-12-27T11:56:59+00:00","breadcrumb":{"@id":"https:\/\/diariodepe.com.br\/cri\/2022\/12\/27\/eficacia-e-transparencia-pela-saude-e-economia\/#breadcrumb"},"inLanguage":"pt-BR","potentialAction":[{"@type":"ReadAction","target":["https:\/\/diariodepe.com.br\/cri\/2022\/12\/27\/eficacia-e-transparencia-pela-saude-e-economia\/"]}]},{"@type":"ImageObject","inLanguage":"pt-BR","@id":"https:\/\/diariodepe.com.br\/cri\/2022\/12\/27\/eficacia-e-transparencia-pela-saude-e-economia\/#primaryimage","url":"https:\/\/diariodepe.com.br\/cri\/wp-content\/uploads\/sites\/2\/2022\/12\/2022122617310479046.jpeg","contentUrl":"https:\/\/diariodepe.com.br\/cri\/wp-content\/uploads\/sites\/2\/2022\/12\/2022122617310479046.jpeg","width":650,"height":366},{"@type":"BreadcrumbList","@id":"https:\/\/diariodepe.com.br\/cri\/2022\/12\/27\/eficacia-e-transparencia-pela-saude-e-economia\/#breadcrumb","itemListElement":[{"@type":"ListItem","position":1,"name":"In\u00edcio","item":"https:\/\/diariodepe.com.br\/cri\/"},{"@type":"ListItem","position":2,"name":"Efic\u00e1cia e transpar\u00eancia pela sa\u00fade e economia"}]},{"@type":"WebSite","@id":"https:\/\/diariodepe.com.br\/cri\/#website","url":"https:\/\/diariodepe.com.br\/cri\/","name":"CRI e Diario de Pernambuco","description":"R\u00e1dio Internacional da China","publisher":{"@id":"https:\/\/diariodepe.com.br\/cri\/#organization"},"potentialAction":[{"@type":"SearchAction","target":{"@type":"EntryPoint","urlTemplate":"https:\/\/diariodepe.com.br\/cri\/?s={search_term_string}"},"query-input":{"@type":"PropertyValueSpecification","valueRequired":true,"valueName":"search_term_string"}}],"inLanguage":"pt-BR"},{"@type":"Organization","@id":"https:\/\/diariodepe.com.br\/cri\/#organization","name":"CRI e Diario de Pernambuco","url":"https:\/\/diariodepe.com.br\/cri\/","logo":{"@type":"ImageObject","inLanguage":"pt-BR","@id":"https:\/\/diariodepe.com.br\/cri\/#\/schema\/logo\/image\/","url":"https:\/\/diariodepe.com.br\/cri\/wp-content\/uploads\/sites\/2\/2022\/12\/cropped-Logo.jpg","contentUrl":"https:\/\/diariodepe.com.br\/cri\/wp-content\/uploads\/sites\/2\/2022\/12\/cropped-Logo.jpg","width":700,"height":59,"caption":"CRI e Diario de Pernambuco"},"image":{"@id":"https:\/\/diariodepe.com.br\/cri\/#\/schema\/logo\/image\/"}},{"@type":"Person","@id":"https:\/\/diariodepe.com.br\/cri\/#\/schema\/person\/121bb28d84f1a5b1205ef4ce9c2e0c6b","name":"Ismael Lucas S. Pereira","image":{"@type":"ImageObject","inLanguage":"pt-BR","@id":"https:\/\/secure.gravatar.com\/avatar\/887a0f3b5a7ceea963a48499fb883ffce6b5037362def025c52c2505b15d63e4?s=96&d=mm&r=g","url":"https:\/\/secure.gravatar.com\/avatar\/887a0f3b5a7ceea963a48499fb883ffce6b5037362def025c52c2505b15d63e4?s=96&d=mm&r=g","contentUrl":"https:\/\/secure.gravatar.com\/avatar\/887a0f3b5a7ceea963a48499fb883ffce6b5037362def025c52c2505b15d63e4?s=96&d=mm&r=g","caption":"Ismael Lucas S. Pereira"},"url":"https:\/\/diariodepe.com.br\/cri\/author\/ismael-lucas\/"}]}},"cc_featured_image_caption":{"caption_text":"","source_text":"","source_url":""},"amp_enabled":true,"_links":{"self":[{"href":"https:\/\/diariodepe.com.br\/cri\/wp-json\/wp\/v2\/posts\/237","targetHints":{"allow":["GET"]}}],"collection":[{"href":"https:\/\/diariodepe.com.br\/cri\/wp-json\/wp\/v2\/posts"}],"about":[{"href":"https:\/\/diariodepe.com.br\/cri\/wp-json\/wp\/v2\/types\/post"}],"author":[{"embeddable":true,"href":"https:\/\/diariodepe.com.br\/cri\/wp-json\/wp\/v2\/users\/2"}],"replies":[{"embeddable":true,"href":"https:\/\/diariodepe.com.br\/cri\/wp-json\/wp\/v2\/comments?post=237"}],"version-history":[{"count":1,"href":"https:\/\/diariodepe.com.br\/cri\/wp-json\/wp\/v2\/posts\/237\/revisions"}],"predecessor-version":[{"id":239,"href":"https:\/\/diariodepe.com.br\/cri\/wp-json\/wp\/v2\/posts\/237\/revisions\/239"}],"wp:featuredmedia":[{"embeddable":true,"href":"https:\/\/diariodepe.com.br\/cri\/wp-json\/wp\/v2\/media\/238"}],"wp:attachment":[{"href":"https:\/\/diariodepe.com.br\/cri\/wp-json\/wp\/v2\/media?parent=237"}],"wp:term":[{"taxonomy":"category","embeddable":true,"href":"https:\/\/diariodepe.com.br\/cri\/wp-json\/wp\/v2\/categories?post=237"},{"taxonomy":"post_tag","embeddable":true,"href":"https:\/\/diariodepe.com.br\/cri\/wp-json\/wp\/v2\/tags?post=237"}],"curies":[{"name":"wp","href":"https:\/\/api.w.org\/{rel}","templated":true}]}}