{"id":229,"date":"2022-12-23T08:53:34","date_gmt":"2022-12-23T11:53:34","guid":{"rendered":"https:\/\/diariodepe.com.br\/cri\/?p=229"},"modified":"2022-12-23T08:53:35","modified_gmt":"2022-12-23T11:53:35","slug":"comentario-relacoes-china-australia-tem-nova-oportunidade-de-desenvolvimento","status":"publish","type":"post","link":"https:\/\/diariodepe.com.br\/cri\/2022\/12\/23\/comentario-relacoes-china-australia-tem-nova-oportunidade-de-desenvolvimento\/","title":{"rendered":"<strong>Coment\u00e1rio: Rela\u00e7\u00f5es China-Austr\u00e1lia tem nova oportunidade de desenvolvimento<\/strong>"},"content":{"rendered":"\n<p>O presidente chin\u00eas, Xi Jinping, trocou nesta quarta-feira (21) mensagens de felicita\u00e7\u00f5es com o governador-geral da Austr\u00e1lia, David Hurley, e o primeiro-ministro do pa\u00eds, Anthony Albanese, pelos 50 anos do estabelecimento das rela\u00e7\u00f5es diplom\u00e1ticas entre as duas na\u00e7\u00f5es.<\/p>\n\n\n\n<p>No mesmo dia, os ministros das Rela\u00e7\u00f5es Exteriores da China e da Austr\u00e1lia realizaram a sexta rodada do Di\u00e1logo Diplom\u00e1tico e Estrat\u00e9gico em Beijing e chegaram a v\u00e1rios consensos sobre a melhoria das rela\u00e7\u00f5es bilaterais. Os dois lados concordaram que as rela\u00e7\u00f5es China-Austr\u00e1lia devem estar em conformidade com o posicionamento da parceria estrat\u00e9gica integral entre os dois pa\u00edses e embasadas no respeito m\u00fatuo, igualdade e benef\u00edcios rec\u00edprocos e gest\u00e3o e controle das diferen\u00e7as.<\/p>\n\n\n\n<p>Em 1972, a China e a Austr\u00e1lia estabeleceram formalmente as rela\u00e7\u00f5es diplom\u00e1ticas. Em 2014, o relacionamento foi elevado para o n\u00edvel de parceria estrat\u00e9gica integral. Em 2015, o Acordo de Livre Com\u00e9rcio entre os dois pa\u00edses entrou em vigor. A China \u00e9 o maior parceiro comercial da Austr\u00e1lia, enquanto os estudantes chineses s\u00e3o o maior grupo de intercambistas estrangeiros no pa\u00eds e, antes da pandemia de Covid-19, a China era a maior fonte de turistas da Austr\u00e1lia.<\/p>\n\n\n\n<p>Nos \u00faltimos anos, no entanto, sob o pano de fundo da promo\u00e7\u00e3o dos Estados Unidos de competi\u00e7\u00e3o entre grandes pot\u00eancias, alguns pol\u00edticos australianos desistiram da linha pragm\u00e1tica de benef\u00edcios m\u00fatuos e coopera\u00e7\u00e3o amig\u00e1vel com a China e seguiram os Estados Unidos para reprimir o pa\u00eds asi\u00e1tico.<\/p>\n\n\n\n<p>Em maio deste ano, depois que o novo governo do Partido Trabalhista Australiano chegou ao poder, o pa\u00eds mostrou vontade de melhorar e desenvolver as rela\u00e7\u00f5es com a China. Todos os setores sociais na Austr\u00e1lia tamb\u00e9m instaram o novo governo a melhorar o relacionamento sino-australiano. A China respondeu positivamente a isso.<\/p>\n\n\n\n<p>O lado chin\u00eas prop\u00f4s que ambas as partes devem seguir os princ\u00edpios de respeito m\u00fatuo, busca de um terreno comum enquanto deixam de lado suas diferen\u00e7as, assim como benef\u00edcios rec\u00edprocos e resultados ganha-ganha. Os dois lados podem manter contatos e interc\u00e2mbios, lidar adequadamente com as diverg\u00eancias, promover coopera\u00e7\u00f5es pragm\u00e1ticas e interc\u00e2mbios culturais.<\/p>\n\n\n\n<p>N\u00e3o h\u00e1 nenhuma queixa hist\u00f3rica entre a China e a Austr\u00e1lia e nunca houve um conflito de interesses fundamentais. O primeiro-ministro australiano, Anthony Albanese, destacou que a Austr\u00e1lia est\u00e1 disposta a manter a inten\u00e7\u00e3o original de estabelecer rela\u00e7\u00f5es diplom\u00e1ticas com a China e promover o desenvolvimento est\u00e1vel das rela\u00e7\u00f5es bilaterais. O lado australiano tamb\u00e9m afirmou que o novo governo aderir\u00e1 \u00e0 pol\u00edtica de \u201cuma s\u00f3 China\u201d e administrar\u00e1 de forma apropriada as diferen\u00e7as entre os dois pa\u00edses.<\/p>\n\n\n\n<p>O lado australiano deve implementar as declara\u00e7\u00f5es relevantes, respeitar as diferen\u00e7as de sistemas pol\u00edticos, hist\u00f3ria, cultura e valores entre a China e a Austr\u00e1lia, evitar interferir nos assuntos internos chineses em quest\u00f5es como Xinjiang, Hong Kong e direitos humanos e criar novas oportunidades para a China e a Austr\u00e1lia reconstru\u00edrem a confian\u00e7a pol\u00edtica m\u00fatua.<\/p>\n\n\n\n<p>Atualmente, as rela\u00e7\u00f5es China-Austr\u00e1lia ainda enfrentam desafios. Os dois lados devem aproveitar a comemora\u00e7\u00e3o do 50\u00ba anivers\u00e1rio do estabelecimento das rela\u00e7\u00f5es diplom\u00e1ticas como uma oportunidade para implementar conjuntamente os importantes consensos alcan\u00e7ados pelos l\u00edderes dos dois pa\u00edses e promover a melhoria e desenvolvimento das rela\u00e7\u00f5es bilaterais. Uma rela\u00e7\u00e3o sino-australiano saud\u00e1vel e est\u00e1vel n\u00e3o apenas corresponde aos interesses fundamentais dos dois povos, mas tamb\u00e9m conduz \u00e0 promo\u00e7\u00e3o da paz, estabilidade e prosperidade na regi\u00e3o da \u00c1sia-Pac\u00edfico e no mundo.<\/p>\n","protected":false},"excerpt":{"rendered":"<p>O presidente chin\u00eas, Xi Jinping, trocou nesta quarta-feira (21) mensagens de felicita\u00e7\u00f5es com o governador-geral da Austr\u00e1lia, David Hurley, e o primeiro-ministro do pa\u00eds, Anthony Albanese, pelos 50 anos do estabelecimento das rela\u00e7\u00f5es diplom\u00e1ticas entre as duas na\u00e7\u00f5es. No mesmo&#8230;<\/p>\n","protected":false},"author":2,"featured_media":230,"comment_status":"open","ping_status":"open","sticky":false,"template":"","format":"standard","meta":{"footnotes":""},"categories":[7],"tags":[],"class_list":["post-229","post","type-post","status-publish","format-standard","has-post-thumbnail","hentry","category-visao"],"yoast_head":"<!-- This site is optimized with the Yoast SEO plugin v27.4 - https:\/\/yoast.com\/product\/yoast-seo-wordpress\/ -->\n<title>Coment\u00e1rio: Rela\u00e7\u00f5es China-Austr\u00e1lia tem nova oportunidade de desenvolvimento - CRI e Diario de Pernambuco<\/title>\n<meta name=\"robots\" content=\"index, follow, max-snippet:-1, max-image-preview:large, max-video-preview:-1\" \/>\n<link rel=\"canonical\" href=\"https:\/\/diariodepe.com.br\/cri\/2022\/12\/23\/comentario-relacoes-china-australia-tem-nova-oportunidade-de-desenvolvimento\/\" \/>\n<meta property=\"og:locale\" content=\"pt_BR\" \/>\n<meta property=\"og:type\" content=\"article\" \/>\n<meta property=\"og:title\" content=\"Coment\u00e1rio: Rela\u00e7\u00f5es China-Austr\u00e1lia tem nova oportunidade de desenvolvimento - CRI e Diario de Pernambuco\" \/>\n<meta property=\"og:description\" content=\"O presidente chin\u00eas, Xi Jinping, trocou nesta quarta-feira (21) mensagens de felicita\u00e7\u00f5es com o governador-geral da Austr\u00e1lia, David Hurley, e o primeiro-ministro do pa\u00eds, Anthony Albanese, pelos 50 anos do estabelecimento das rela\u00e7\u00f5es diplom\u00e1ticas entre as duas na\u00e7\u00f5es. No mesmo...\" \/>\n<meta property=\"og:url\" content=\"https:\/\/diariodepe.com.br\/cri\/2022\/12\/23\/comentario-relacoes-china-australia-tem-nova-oportunidade-de-desenvolvimento\/\" \/>\n<meta property=\"og:site_name\" content=\"CRI e Diario de Pernambuco\" \/>\n<meta property=\"article:published_time\" content=\"2022-12-23T11:53:34+00:00\" \/>\n<meta property=\"article:modified_time\" content=\"2022-12-23T11:53:35+00:00\" \/>\n<meta property=\"og:image\" content=\"https:\/\/diariodepe.com.br\/cri\/wp-content\/uploads\/sites\/2\/2022\/12\/2022122221400876844.jpg\" \/>\n\t<meta property=\"og:image:width\" content=\"1917\" \/>\n\t<meta property=\"og:image:height\" content=\"1080\" \/>\n\t<meta property=\"og:image:type\" content=\"image\/jpeg\" \/>\n<meta name=\"author\" content=\"Ismael Lucas S. Pereira\" \/>\n<meta name=\"twitter:card\" content=\"summary_large_image\" \/>\n<meta name=\"twitter:label1\" content=\"Escrito por\" \/>\n\t<meta name=\"twitter:data1\" content=\"Ismael Lucas S. Pereira\" \/>\n\t<meta name=\"twitter:label2\" content=\"Est. tempo de leitura\" \/>\n\t<meta name=\"twitter:data2\" content=\"4 minutos\" \/>\n<script type=\"application\/ld+json\" class=\"yoast-schema-graph\">{\"@context\":\"https:\\\/\\\/schema.org\",\"@graph\":[{\"@type\":\"Article\",\"@id\":\"https:\\\/\\\/diariodepe.com.br\\\/cri\\\/2022\\\/12\\\/23\\\/comentario-relacoes-china-australia-tem-nova-oportunidade-de-desenvolvimento\\\/#article\",\"isPartOf\":{\"@id\":\"https:\\\/\\\/diariodepe.com.br\\\/cri\\\/2022\\\/12\\\/23\\\/comentario-relacoes-china-australia-tem-nova-oportunidade-de-desenvolvimento\\\/\"},\"author\":{\"name\":\"Ismael Lucas S. Pereira\",\"@id\":\"https:\\\/\\\/diariodepe.com.br\\\/cri\\\/#\\\/schema\\\/person\\\/121bb28d84f1a5b1205ef4ce9c2e0c6b\"},\"headline\":\"Coment\u00e1rio: Rela\u00e7\u00f5es China-Austr\u00e1lia tem nova oportunidade de desenvolvimento\",\"datePublished\":\"2022-12-23T11:53:34+00:00\",\"dateModified\":\"2022-12-23T11:53:35+00:00\",\"mainEntityOfPage\":{\"@id\":\"https:\\\/\\\/diariodepe.com.br\\\/cri\\\/2022\\\/12\\\/23\\\/comentario-relacoes-china-australia-tem-nova-oportunidade-de-desenvolvimento\\\/\"},\"wordCount\":651,\"commentCount\":0,\"publisher\":{\"@id\":\"https:\\\/\\\/diariodepe.com.br\\\/cri\\\/#organization\"},\"image\":{\"@id\":\"https:\\\/\\\/diariodepe.com.br\\\/cri\\\/2022\\\/12\\\/23\\\/comentario-relacoes-china-australia-tem-nova-oportunidade-de-desenvolvimento\\\/#primaryimage\"},\"thumbnailUrl\":\"https:\\\/\\\/diariodepe.com.br\\\/cri\\\/wp-content\\\/uploads\\\/sites\\\/2\\\/2022\\\/12\\\/2022122221400876844.jpg\",\"articleSection\":[\"Vis\u00e3o\"],\"inLanguage\":\"pt-BR\",\"potentialAction\":[{\"@type\":\"CommentAction\",\"name\":\"Comment\",\"target\":[\"https:\\\/\\\/diariodepe.com.br\\\/cri\\\/2022\\\/12\\\/23\\\/comentario-relacoes-china-australia-tem-nova-oportunidade-de-desenvolvimento\\\/#respond\"]}]},{\"@type\":\"WebPage\",\"@id\":\"https:\\\/\\\/diariodepe.com.br\\\/cri\\\/2022\\\/12\\\/23\\\/comentario-relacoes-china-australia-tem-nova-oportunidade-de-desenvolvimento\\\/\",\"url\":\"https:\\\/\\\/diariodepe.com.br\\\/cri\\\/2022\\\/12\\\/23\\\/comentario-relacoes-china-australia-tem-nova-oportunidade-de-desenvolvimento\\\/\",\"name\":\"Coment\u00e1rio: Rela\u00e7\u00f5es China-Austr\u00e1lia tem nova oportunidade de desenvolvimento - CRI e Diario de Pernambuco\",\"isPartOf\":{\"@id\":\"https:\\\/\\\/diariodepe.com.br\\\/cri\\\/#website\"},\"primaryImageOfPage\":{\"@id\":\"https:\\\/\\\/diariodepe.com.br\\\/cri\\\/2022\\\/12\\\/23\\\/comentario-relacoes-china-australia-tem-nova-oportunidade-de-desenvolvimento\\\/#primaryimage\"},\"image\":{\"@id\":\"https:\\\/\\\/diariodepe.com.br\\\/cri\\\/2022\\\/12\\\/23\\\/comentario-relacoes-china-australia-tem-nova-oportunidade-de-desenvolvimento\\\/#primaryimage\"},\"thumbnailUrl\":\"https:\\\/\\\/diariodepe.com.br\\\/cri\\\/wp-content\\\/uploads\\\/sites\\\/2\\\/2022\\\/12\\\/2022122221400876844.jpg\",\"datePublished\":\"2022-12-23T11:53:34+00:00\",\"dateModified\":\"2022-12-23T11:53:35+00:00\",\"breadcrumb\":{\"@id\":\"https:\\\/\\\/diariodepe.com.br\\\/cri\\\/2022\\\/12\\\/23\\\/comentario-relacoes-china-australia-tem-nova-oportunidade-de-desenvolvimento\\\/#breadcrumb\"},\"inLanguage\":\"pt-BR\",\"potentialAction\":[{\"@type\":\"ReadAction\",\"target\":[\"https:\\\/\\\/diariodepe.com.br\\\/cri\\\/2022\\\/12\\\/23\\\/comentario-relacoes-china-australia-tem-nova-oportunidade-de-desenvolvimento\\\/\"]}]},{\"@type\":\"ImageObject\",\"inLanguage\":\"pt-BR\",\"@id\":\"https:\\\/\\\/diariodepe.com.br\\\/cri\\\/2022\\\/12\\\/23\\\/comentario-relacoes-china-australia-tem-nova-oportunidade-de-desenvolvimento\\\/#primaryimage\",\"url\":\"https:\\\/\\\/diariodepe.com.br\\\/cri\\\/wp-content\\\/uploads\\\/sites\\\/2\\\/2022\\\/12\\\/2022122221400876844.jpg\",\"contentUrl\":\"https:\\\/\\\/diariodepe.com.br\\\/cri\\\/wp-content\\\/uploads\\\/sites\\\/2\\\/2022\\\/12\\\/2022122221400876844.jpg\",\"width\":1917,\"height\":1080},{\"@type\":\"BreadcrumbList\",\"@id\":\"https:\\\/\\\/diariodepe.com.br\\\/cri\\\/2022\\\/12\\\/23\\\/comentario-relacoes-china-australia-tem-nova-oportunidade-de-desenvolvimento\\\/#breadcrumb\",\"itemListElement\":[{\"@type\":\"ListItem\",\"position\":1,\"name\":\"In\u00edcio\",\"item\":\"https:\\\/\\\/diariodepe.com.br\\\/cri\\\/\"},{\"@type\":\"ListItem\",\"position\":2,\"name\":\"Coment\u00e1rio: Rela\u00e7\u00f5es China-Austr\u00e1lia tem nova oportunidade de desenvolvimento\"}]},{\"@type\":\"WebSite\",\"@id\":\"https:\\\/\\\/diariodepe.com.br\\\/cri\\\/#website\",\"url\":\"https:\\\/\\\/diariodepe.com.br\\\/cri\\\/\",\"name\":\"CRI e Diario de Pernambuco\",\"description\":\"R\u00e1dio Internacional da China\",\"publisher\":{\"@id\":\"https:\\\/\\\/diariodepe.com.br\\\/cri\\\/#organization\"},\"potentialAction\":[{\"@type\":\"SearchAction\",\"target\":{\"@type\":\"EntryPoint\",\"urlTemplate\":\"https:\\\/\\\/diariodepe.com.br\\\/cri\\\/?s={search_term_string}\"},\"query-input\":{\"@type\":\"PropertyValueSpecification\",\"valueRequired\":true,\"valueName\":\"search_term_string\"}}],\"inLanguage\":\"pt-BR\"},{\"@type\":\"Organization\",\"@id\":\"https:\\\/\\\/diariodepe.com.br\\\/cri\\\/#organization\",\"name\":\"CRI e Diario de Pernambuco\",\"url\":\"https:\\\/\\\/diariodepe.com.br\\\/cri\\\/\",\"logo\":{\"@type\":\"ImageObject\",\"inLanguage\":\"pt-BR\",\"@id\":\"https:\\\/\\\/diariodepe.com.br\\\/cri\\\/#\\\/schema\\\/logo\\\/image\\\/\",\"url\":\"https:\\\/\\\/diariodepe.com.br\\\/cri\\\/wp-content\\\/uploads\\\/sites\\\/2\\\/2022\\\/12\\\/cropped-Logo.jpg\",\"contentUrl\":\"https:\\\/\\\/diariodepe.com.br\\\/cri\\\/wp-content\\\/uploads\\\/sites\\\/2\\\/2022\\\/12\\\/cropped-Logo.jpg\",\"width\":700,\"height\":59,\"caption\":\"CRI e Diario de Pernambuco\"},\"image\":{\"@id\":\"https:\\\/\\\/diariodepe.com.br\\\/cri\\\/#\\\/schema\\\/logo\\\/image\\\/\"}},{\"@type\":\"Person\",\"@id\":\"https:\\\/\\\/diariodepe.com.br\\\/cri\\\/#\\\/schema\\\/person\\\/121bb28d84f1a5b1205ef4ce9c2e0c6b\",\"name\":\"Ismael Lucas S. Pereira\",\"image\":{\"@type\":\"ImageObject\",\"inLanguage\":\"pt-BR\",\"@id\":\"https:\\\/\\\/secure.gravatar.com\\\/avatar\\\/887a0f3b5a7ceea963a48499fb883ffce6b5037362def025c52c2505b15d63e4?s=96&d=mm&r=g\",\"url\":\"https:\\\/\\\/secure.gravatar.com\\\/avatar\\\/887a0f3b5a7ceea963a48499fb883ffce6b5037362def025c52c2505b15d63e4?s=96&d=mm&r=g\",\"contentUrl\":\"https:\\\/\\\/secure.gravatar.com\\\/avatar\\\/887a0f3b5a7ceea963a48499fb883ffce6b5037362def025c52c2505b15d63e4?s=96&d=mm&r=g\",\"caption\":\"Ismael Lucas S. Pereira\"},\"url\":\"https:\\\/\\\/diariodepe.com.br\\\/cri\\\/author\\\/ismael-lucas\\\/\"}]}<\/script>\n<!-- \/ Yoast SEO plugin. -->","yoast_head_json":{"title":"Coment\u00e1rio: Rela\u00e7\u00f5es China-Austr\u00e1lia tem nova oportunidade de desenvolvimento - CRI e Diario de Pernambuco","robots":{"index":"index","follow":"follow","max-snippet":"max-snippet:-1","max-image-preview":"max-image-preview:large","max-video-preview":"max-video-preview:-1"},"canonical":"https:\/\/diariodepe.com.br\/cri\/2022\/12\/23\/comentario-relacoes-china-australia-tem-nova-oportunidade-de-desenvolvimento\/","og_locale":"pt_BR","og_type":"article","og_title":"Coment\u00e1rio: Rela\u00e7\u00f5es China-Austr\u00e1lia tem nova oportunidade de desenvolvimento - CRI e Diario de Pernambuco","og_description":"O presidente chin\u00eas, Xi Jinping, trocou nesta quarta-feira (21) mensagens de felicita\u00e7\u00f5es com o governador-geral da Austr\u00e1lia, David Hurley, e o primeiro-ministro do pa\u00eds, Anthony Albanese, pelos 50 anos do estabelecimento das rela\u00e7\u00f5es diplom\u00e1ticas entre as duas na\u00e7\u00f5es. No mesmo...","og_url":"https:\/\/diariodepe.com.br\/cri\/2022\/12\/23\/comentario-relacoes-china-australia-tem-nova-oportunidade-de-desenvolvimento\/","og_site_name":"CRI e Diario de Pernambuco","article_published_time":"2022-12-23T11:53:34+00:00","article_modified_time":"2022-12-23T11:53:35+00:00","og_image":[{"width":1917,"height":1080,"url":"https:\/\/diariodepe.com.br\/cri\/wp-content\/uploads\/sites\/2\/2022\/12\/2022122221400876844.jpg","type":"image\/jpeg"}],"author":"Ismael Lucas S. Pereira","twitter_card":"summary_large_image","twitter_misc":{"Escrito por":"Ismael Lucas S. Pereira","Est. tempo de leitura":"4 minutos"},"schema":{"@context":"https:\/\/schema.org","@graph":[{"@type":"Article","@id":"https:\/\/diariodepe.com.br\/cri\/2022\/12\/23\/comentario-relacoes-china-australia-tem-nova-oportunidade-de-desenvolvimento\/#article","isPartOf":{"@id":"https:\/\/diariodepe.com.br\/cri\/2022\/12\/23\/comentario-relacoes-china-australia-tem-nova-oportunidade-de-desenvolvimento\/"},"author":{"name":"Ismael Lucas S. Pereira","@id":"https:\/\/diariodepe.com.br\/cri\/#\/schema\/person\/121bb28d84f1a5b1205ef4ce9c2e0c6b"},"headline":"Coment\u00e1rio: Rela\u00e7\u00f5es China-Austr\u00e1lia tem nova oportunidade de desenvolvimento","datePublished":"2022-12-23T11:53:34+00:00","dateModified":"2022-12-23T11:53:35+00:00","mainEntityOfPage":{"@id":"https:\/\/diariodepe.com.br\/cri\/2022\/12\/23\/comentario-relacoes-china-australia-tem-nova-oportunidade-de-desenvolvimento\/"},"wordCount":651,"commentCount":0,"publisher":{"@id":"https:\/\/diariodepe.com.br\/cri\/#organization"},"image":{"@id":"https:\/\/diariodepe.com.br\/cri\/2022\/12\/23\/comentario-relacoes-china-australia-tem-nova-oportunidade-de-desenvolvimento\/#primaryimage"},"thumbnailUrl":"https:\/\/diariodepe.com.br\/cri\/wp-content\/uploads\/sites\/2\/2022\/12\/2022122221400876844.jpg","articleSection":["Vis\u00e3o"],"inLanguage":"pt-BR","potentialAction":[{"@type":"CommentAction","name":"Comment","target":["https:\/\/diariodepe.com.br\/cri\/2022\/12\/23\/comentario-relacoes-china-australia-tem-nova-oportunidade-de-desenvolvimento\/#respond"]}]},{"@type":"WebPage","@id":"https:\/\/diariodepe.com.br\/cri\/2022\/12\/23\/comentario-relacoes-china-australia-tem-nova-oportunidade-de-desenvolvimento\/","url":"https:\/\/diariodepe.com.br\/cri\/2022\/12\/23\/comentario-relacoes-china-australia-tem-nova-oportunidade-de-desenvolvimento\/","name":"Coment\u00e1rio: Rela\u00e7\u00f5es China-Austr\u00e1lia tem nova oportunidade de desenvolvimento - CRI e Diario de Pernambuco","isPartOf":{"@id":"https:\/\/diariodepe.com.br\/cri\/#website"},"primaryImageOfPage":{"@id":"https:\/\/diariodepe.com.br\/cri\/2022\/12\/23\/comentario-relacoes-china-australia-tem-nova-oportunidade-de-desenvolvimento\/#primaryimage"},"image":{"@id":"https:\/\/diariodepe.com.br\/cri\/2022\/12\/23\/comentario-relacoes-china-australia-tem-nova-oportunidade-de-desenvolvimento\/#primaryimage"},"thumbnailUrl":"https:\/\/diariodepe.com.br\/cri\/wp-content\/uploads\/sites\/2\/2022\/12\/2022122221400876844.jpg","datePublished":"2022-12-23T11:53:34+00:00","dateModified":"2022-12-23T11:53:35+00:00","breadcrumb":{"@id":"https:\/\/diariodepe.com.br\/cri\/2022\/12\/23\/comentario-relacoes-china-australia-tem-nova-oportunidade-de-desenvolvimento\/#breadcrumb"},"inLanguage":"pt-BR","potentialAction":[{"@type":"ReadAction","target":["https:\/\/diariodepe.com.br\/cri\/2022\/12\/23\/comentario-relacoes-china-australia-tem-nova-oportunidade-de-desenvolvimento\/"]}]},{"@type":"ImageObject","inLanguage":"pt-BR","@id":"https:\/\/diariodepe.com.br\/cri\/2022\/12\/23\/comentario-relacoes-china-australia-tem-nova-oportunidade-de-desenvolvimento\/#primaryimage","url":"https:\/\/diariodepe.com.br\/cri\/wp-content\/uploads\/sites\/2\/2022\/12\/2022122221400876844.jpg","contentUrl":"https:\/\/diariodepe.com.br\/cri\/wp-content\/uploads\/sites\/2\/2022\/12\/2022122221400876844.jpg","width":1917,"height":1080},{"@type":"BreadcrumbList","@id":"https:\/\/diariodepe.com.br\/cri\/2022\/12\/23\/comentario-relacoes-china-australia-tem-nova-oportunidade-de-desenvolvimento\/#breadcrumb","itemListElement":[{"@type":"ListItem","position":1,"name":"In\u00edcio","item":"https:\/\/diariodepe.com.br\/cri\/"},{"@type":"ListItem","position":2,"name":"Coment\u00e1rio: Rela\u00e7\u00f5es China-Austr\u00e1lia tem nova oportunidade de desenvolvimento"}]},{"@type":"WebSite","@id":"https:\/\/diariodepe.com.br\/cri\/#website","url":"https:\/\/diariodepe.com.br\/cri\/","name":"CRI e Diario de Pernambuco","description":"R\u00e1dio Internacional da China","publisher":{"@id":"https:\/\/diariodepe.com.br\/cri\/#organization"},"potentialAction":[{"@type":"SearchAction","target":{"@type":"EntryPoint","urlTemplate":"https:\/\/diariodepe.com.br\/cri\/?s={search_term_string}"},"query-input":{"@type":"PropertyValueSpecification","valueRequired":true,"valueName":"search_term_string"}}],"inLanguage":"pt-BR"},{"@type":"Organization","@id":"https:\/\/diariodepe.com.br\/cri\/#organization","name":"CRI e Diario de Pernambuco","url":"https:\/\/diariodepe.com.br\/cri\/","logo":{"@type":"ImageObject","inLanguage":"pt-BR","@id":"https:\/\/diariodepe.com.br\/cri\/#\/schema\/logo\/image\/","url":"https:\/\/diariodepe.com.br\/cri\/wp-content\/uploads\/sites\/2\/2022\/12\/cropped-Logo.jpg","contentUrl":"https:\/\/diariodepe.com.br\/cri\/wp-content\/uploads\/sites\/2\/2022\/12\/cropped-Logo.jpg","width":700,"height":59,"caption":"CRI e Diario de Pernambuco"},"image":{"@id":"https:\/\/diariodepe.com.br\/cri\/#\/schema\/logo\/image\/"}},{"@type":"Person","@id":"https:\/\/diariodepe.com.br\/cri\/#\/schema\/person\/121bb28d84f1a5b1205ef4ce9c2e0c6b","name":"Ismael Lucas S. Pereira","image":{"@type":"ImageObject","inLanguage":"pt-BR","@id":"https:\/\/secure.gravatar.com\/avatar\/887a0f3b5a7ceea963a48499fb883ffce6b5037362def025c52c2505b15d63e4?s=96&d=mm&r=g","url":"https:\/\/secure.gravatar.com\/avatar\/887a0f3b5a7ceea963a48499fb883ffce6b5037362def025c52c2505b15d63e4?s=96&d=mm&r=g","contentUrl":"https:\/\/secure.gravatar.com\/avatar\/887a0f3b5a7ceea963a48499fb883ffce6b5037362def025c52c2505b15d63e4?s=96&d=mm&r=g","caption":"Ismael Lucas S. Pereira"},"url":"https:\/\/diariodepe.com.br\/cri\/author\/ismael-lucas\/"}]}},"cc_featured_image_caption":{"caption_text":"","source_text":"","source_url":""},"amp_enabled":true,"_links":{"self":[{"href":"https:\/\/diariodepe.com.br\/cri\/wp-json\/wp\/v2\/posts\/229","targetHints":{"allow":["GET"]}}],"collection":[{"href":"https:\/\/diariodepe.com.br\/cri\/wp-json\/wp\/v2\/posts"}],"about":[{"href":"https:\/\/diariodepe.com.br\/cri\/wp-json\/wp\/v2\/types\/post"}],"author":[{"embeddable":true,"href":"https:\/\/diariodepe.com.br\/cri\/wp-json\/wp\/v2\/users\/2"}],"replies":[{"embeddable":true,"href":"https:\/\/diariodepe.com.br\/cri\/wp-json\/wp\/v2\/comments?post=229"}],"version-history":[{"count":1,"href":"https:\/\/diariodepe.com.br\/cri\/wp-json\/wp\/v2\/posts\/229\/revisions"}],"predecessor-version":[{"id":231,"href":"https:\/\/diariodepe.com.br\/cri\/wp-json\/wp\/v2\/posts\/229\/revisions\/231"}],"wp:featuredmedia":[{"embeddable":true,"href":"https:\/\/diariodepe.com.br\/cri\/wp-json\/wp\/v2\/media\/230"}],"wp:attachment":[{"href":"https:\/\/diariodepe.com.br\/cri\/wp-json\/wp\/v2\/media?parent=229"}],"wp:term":[{"taxonomy":"category","embeddable":true,"href":"https:\/\/diariodepe.com.br\/cri\/wp-json\/wp\/v2\/categories?post=229"},{"taxonomy":"post_tag","embeddable":true,"href":"https:\/\/diariodepe.com.br\/cri\/wp-json\/wp\/v2\/tags?post=229"}],"curies":[{"name":"wp","href":"https:\/\/api.w.org\/{rel}","templated":true}]}}