{"id":2288,"date":"2023-08-30T03:37:45","date_gmt":"2023-08-30T06:37:45","guid":{"rendered":"https:\/\/diariodepe.com.br\/cri\/?p=2288"},"modified":"2023-08-30T03:37:45","modified_gmt":"2023-08-30T06:37:45","slug":"wang-yi-se-reune-com-enviado-especial-dos-eua-para-o-clima","status":"publish","type":"post","link":"https:\/\/diariodepe.com.br\/cri\/2023\/08\/30\/wang-yi-se-reune-com-enviado-especial-dos-eua-para-o-clima\/","title":{"rendered":"Wang Yi se re\u00fane com enviado especial dos EUA para o clima"},"content":{"rendered":"<p data-spm-anchor-id=\"0.0.0.i1\">No dia 18 de julho de 2023, o membro do Bir\u00f4 Pol\u00edtico do Comit\u00ea Central do Partido Comunista da China (PCCh) e diretor do Escrit\u00f3rio da Comiss\u00e3o de Rela\u00e7\u00f5es Exteriores do Comit\u00ea Central do PCCh, Wang Yi, reuniu-se, em Beijing, com o enviado especial do presidente dos Estados Unidos para assuntos clim\u00e1ticos, John Kerry.<\/p>\n<p>Wang Yi afirmou\u00a0que o l\u00edder chin\u00eas, Xi Jinping, e o presidente estadunidense, Joe Biden, chegaram a importantes consensos durante sua reuni\u00e3o em novembro passado em Bali, na Indon\u00e9sia. Os dois lados devem coloc\u00e1-los em pr\u00e1tica,\u00a0a fim de que\u00a0as rela\u00e7\u00f5es bilaterais voltem ao caminho do desenvolvimento saud\u00e1vel.<\/p>\n<p>O diplomata chin\u00eas\u00a0salientou\u00a0que a China est\u00e1 disposta a fortalecer o di\u00e1logo e a comunica\u00e7\u00e3o com os EUA para abordar a coopera\u00e7\u00e3o de benef\u00edcio rec\u00edproco e responder \u00e0s mudan\u00e7as clim\u00e1ticas. Ele acrescentou\u00a0que espera que o pa\u00eds norte-americano\u00a0siga\u00a0uma pol\u00edtica\u00a0racional, pragm\u00e1tica\u00a0e positiva\u00a0em rela\u00e7\u00e3o \u00e0 China, e continue\u00a0aderindo ao princ\u00edpio de Uma\u00a0s\u00f3 China,\u00a0lidando\u00a0adequadamente com a quest\u00e3o de Taiwan.<\/p>\n<p>Kerry disse que os EUA sempre aderiram \u00e0 pol\u00edtica de Uma s\u00f3 China e est\u00e3o dispostos a fortalecer a coopera\u00e7\u00e3o com o pa\u00eds, administrando apropriadamente\u00a0as diverg\u00eancias e diferen\u00e7as entre os dois pa\u00edses,\u00a0e a enfrentar conjuntamente os desafios globais, como o c\u00e2mbio clim\u00e1tico.<\/p>\n","protected":false},"excerpt":{"rendered":"<p>No dia 18 de julho de 2023, o membro do Bir\u00f4 Pol\u00edtico do Comit\u00ea Central do Partido Comunista da China (PCCh) e diretor do Escrit\u00f3rio da Comiss\u00e3o de Rela\u00e7\u00f5es Exteriores do Comit\u00ea Central do PCCh, Wang Yi, reuniu-se, em Beijing,&#8230;<\/p>\n","protected":false},"author":2,"featured_media":2289,"comment_status":"open","ping_status":"open","sticky":false,"template":"","format":"standard","meta":{"footnotes":""},"categories":[3],"tags":[],"class_list":["post-2288","post","type-post","status-publish","format-standard","has-post-thumbnail","hentry","category-china"],"yoast_head":"<!-- This site is optimized with the Yoast SEO plugin v27.4 - https:\/\/yoast.com\/product\/yoast-seo-wordpress\/ -->\n<title>Wang Yi se re\u00fane com enviado especial dos EUA para o clima - CRI e Diario de Pernambuco<\/title>\n<meta name=\"robots\" content=\"index, follow, max-snippet:-1, max-image-preview:large, max-video-preview:-1\" \/>\n<link rel=\"canonical\" href=\"https:\/\/diariodepe.com.br\/cri\/2023\/08\/30\/wang-yi-se-reune-com-enviado-especial-dos-eua-para-o-clima\/\" \/>\n<meta property=\"og:locale\" content=\"pt_BR\" \/>\n<meta property=\"og:type\" content=\"article\" \/>\n<meta property=\"og:title\" content=\"Wang Yi se re\u00fane com enviado especial dos EUA para o clima - CRI e Diario de Pernambuco\" \/>\n<meta property=\"og:description\" content=\"No dia 18 de julho de 2023, o membro do Bir\u00f4 Pol\u00edtico do Comit\u00ea Central do Partido Comunista da China (PCCh) e diretor do Escrit\u00f3rio da Comiss\u00e3o de Rela\u00e7\u00f5es Exteriores do Comit\u00ea Central do PCCh, Wang Yi, reuniu-se, em Beijing,...\" \/>\n<meta property=\"og:url\" content=\"https:\/\/diariodepe.com.br\/cri\/2023\/08\/30\/wang-yi-se-reune-com-enviado-especial-dos-eua-para-o-clima\/\" \/>\n<meta property=\"og:site_name\" content=\"CRI e Diario de Pernambuco\" \/>\n<meta property=\"article:published_time\" content=\"2023-08-30T06:37:45+00:00\" \/>\n<meta property=\"og:image\" content=\"https:\/\/diariodepe.com.br\/cri\/wp-content\/uploads\/sites\/2\/2023\/08\/2023071817192030256.jpg\" \/>\n\t<meta property=\"og:image:width\" content=\"500\" \/>\n\t<meta property=\"og:image:height\" content=\"375\" \/>\n\t<meta property=\"og:image:type\" content=\"image\/jpeg\" \/>\n<meta name=\"author\" content=\"Ismael Lucas S. Pereira\" \/>\n<meta name=\"twitter:card\" content=\"summary_large_image\" \/>\n<meta name=\"twitter:label1\" content=\"Escrito por\" \/>\n\t<meta name=\"twitter:data1\" content=\"Ismael Lucas S. Pereira\" \/>\n\t<meta name=\"twitter:label2\" content=\"Est. tempo de leitura\" \/>\n\t<meta name=\"twitter:data2\" content=\"2 minutos\" \/>\n<script type=\"application\/ld+json\" class=\"yoast-schema-graph\">{\"@context\":\"https:\\\/\\\/schema.org\",\"@graph\":[{\"@type\":\"Article\",\"@id\":\"https:\\\/\\\/diariodepe.com.br\\\/cri\\\/2023\\\/08\\\/30\\\/wang-yi-se-reune-com-enviado-especial-dos-eua-para-o-clima\\\/#article\",\"isPartOf\":{\"@id\":\"https:\\\/\\\/diariodepe.com.br\\\/cri\\\/2023\\\/08\\\/30\\\/wang-yi-se-reune-com-enviado-especial-dos-eua-para-o-clima\\\/\"},\"author\":{\"name\":\"Ismael Lucas S. Pereira\",\"@id\":\"https:\\\/\\\/diariodepe.com.br\\\/cri\\\/#\\\/schema\\\/person\\\/121bb28d84f1a5b1205ef4ce9c2e0c6b\"},\"headline\":\"Wang Yi se re\u00fane com enviado especial dos EUA para o clima\",\"datePublished\":\"2023-08-30T06:37:45+00:00\",\"mainEntityOfPage\":{\"@id\":\"https:\\\/\\\/diariodepe.com.br\\\/cri\\\/2023\\\/08\\\/30\\\/wang-yi-se-reune-com-enviado-especial-dos-eua-para-o-clima\\\/\"},\"wordCount\":258,\"commentCount\":0,\"publisher\":{\"@id\":\"https:\\\/\\\/diariodepe.com.br\\\/cri\\\/#organization\"},\"image\":{\"@id\":\"https:\\\/\\\/diariodepe.com.br\\\/cri\\\/2023\\\/08\\\/30\\\/wang-yi-se-reune-com-enviado-especial-dos-eua-para-o-clima\\\/#primaryimage\"},\"thumbnailUrl\":\"https:\\\/\\\/diariodepe.com.br\\\/cri\\\/wp-content\\\/uploads\\\/sites\\\/2\\\/2023\\\/08\\\/2023071817192030256.jpg\",\"articleSection\":[\"China\"],\"inLanguage\":\"pt-BR\",\"potentialAction\":[{\"@type\":\"CommentAction\",\"name\":\"Comment\",\"target\":[\"https:\\\/\\\/diariodepe.com.br\\\/cri\\\/2023\\\/08\\\/30\\\/wang-yi-se-reune-com-enviado-especial-dos-eua-para-o-clima\\\/#respond\"]}]},{\"@type\":\"WebPage\",\"@id\":\"https:\\\/\\\/diariodepe.com.br\\\/cri\\\/2023\\\/08\\\/30\\\/wang-yi-se-reune-com-enviado-especial-dos-eua-para-o-clima\\\/\",\"url\":\"https:\\\/\\\/diariodepe.com.br\\\/cri\\\/2023\\\/08\\\/30\\\/wang-yi-se-reune-com-enviado-especial-dos-eua-para-o-clima\\\/\",\"name\":\"Wang Yi se re\u00fane com enviado especial dos EUA para o clima - CRI e Diario de Pernambuco\",\"isPartOf\":{\"@id\":\"https:\\\/\\\/diariodepe.com.br\\\/cri\\\/#website\"},\"primaryImageOfPage\":{\"@id\":\"https:\\\/\\\/diariodepe.com.br\\\/cri\\\/2023\\\/08\\\/30\\\/wang-yi-se-reune-com-enviado-especial-dos-eua-para-o-clima\\\/#primaryimage\"},\"image\":{\"@id\":\"https:\\\/\\\/diariodepe.com.br\\\/cri\\\/2023\\\/08\\\/30\\\/wang-yi-se-reune-com-enviado-especial-dos-eua-para-o-clima\\\/#primaryimage\"},\"thumbnailUrl\":\"https:\\\/\\\/diariodepe.com.br\\\/cri\\\/wp-content\\\/uploads\\\/sites\\\/2\\\/2023\\\/08\\\/2023071817192030256.jpg\",\"datePublished\":\"2023-08-30T06:37:45+00:00\",\"breadcrumb\":{\"@id\":\"https:\\\/\\\/diariodepe.com.br\\\/cri\\\/2023\\\/08\\\/30\\\/wang-yi-se-reune-com-enviado-especial-dos-eua-para-o-clima\\\/#breadcrumb\"},\"inLanguage\":\"pt-BR\",\"potentialAction\":[{\"@type\":\"ReadAction\",\"target\":[\"https:\\\/\\\/diariodepe.com.br\\\/cri\\\/2023\\\/08\\\/30\\\/wang-yi-se-reune-com-enviado-especial-dos-eua-para-o-clima\\\/\"]}]},{\"@type\":\"ImageObject\",\"inLanguage\":\"pt-BR\",\"@id\":\"https:\\\/\\\/diariodepe.com.br\\\/cri\\\/2023\\\/08\\\/30\\\/wang-yi-se-reune-com-enviado-especial-dos-eua-para-o-clima\\\/#primaryimage\",\"url\":\"https:\\\/\\\/diariodepe.com.br\\\/cri\\\/wp-content\\\/uploads\\\/sites\\\/2\\\/2023\\\/08\\\/2023071817192030256.jpg\",\"contentUrl\":\"https:\\\/\\\/diariodepe.com.br\\\/cri\\\/wp-content\\\/uploads\\\/sites\\\/2\\\/2023\\\/08\\\/2023071817192030256.jpg\",\"width\":500,\"height\":375},{\"@type\":\"BreadcrumbList\",\"@id\":\"https:\\\/\\\/diariodepe.com.br\\\/cri\\\/2023\\\/08\\\/30\\\/wang-yi-se-reune-com-enviado-especial-dos-eua-para-o-clima\\\/#breadcrumb\",\"itemListElement\":[{\"@type\":\"ListItem\",\"position\":1,\"name\":\"In\u00edcio\",\"item\":\"https:\\\/\\\/diariodepe.com.br\\\/cri\\\/\"},{\"@type\":\"ListItem\",\"position\":2,\"name\":\"Wang Yi se re\u00fane com enviado especial dos EUA para o clima\"}]},{\"@type\":\"WebSite\",\"@id\":\"https:\\\/\\\/diariodepe.com.br\\\/cri\\\/#website\",\"url\":\"https:\\\/\\\/diariodepe.com.br\\\/cri\\\/\",\"name\":\"CRI e Diario de Pernambuco\",\"description\":\"R\u00e1dio Internacional da China\",\"publisher\":{\"@id\":\"https:\\\/\\\/diariodepe.com.br\\\/cri\\\/#organization\"},\"potentialAction\":[{\"@type\":\"SearchAction\",\"target\":{\"@type\":\"EntryPoint\",\"urlTemplate\":\"https:\\\/\\\/diariodepe.com.br\\\/cri\\\/?s={search_term_string}\"},\"query-input\":{\"@type\":\"PropertyValueSpecification\",\"valueRequired\":true,\"valueName\":\"search_term_string\"}}],\"inLanguage\":\"pt-BR\"},{\"@type\":\"Organization\",\"@id\":\"https:\\\/\\\/diariodepe.com.br\\\/cri\\\/#organization\",\"name\":\"CRI e Diario de Pernambuco\",\"url\":\"https:\\\/\\\/diariodepe.com.br\\\/cri\\\/\",\"logo\":{\"@type\":\"ImageObject\",\"inLanguage\":\"pt-BR\",\"@id\":\"https:\\\/\\\/diariodepe.com.br\\\/cri\\\/#\\\/schema\\\/logo\\\/image\\\/\",\"url\":\"https:\\\/\\\/diariodepe.com.br\\\/cri\\\/wp-content\\\/uploads\\\/sites\\\/2\\\/2022\\\/12\\\/cropped-Logo.jpg\",\"contentUrl\":\"https:\\\/\\\/diariodepe.com.br\\\/cri\\\/wp-content\\\/uploads\\\/sites\\\/2\\\/2022\\\/12\\\/cropped-Logo.jpg\",\"width\":700,\"height\":59,\"caption\":\"CRI e Diario de Pernambuco\"},\"image\":{\"@id\":\"https:\\\/\\\/diariodepe.com.br\\\/cri\\\/#\\\/schema\\\/logo\\\/image\\\/\"}},{\"@type\":\"Person\",\"@id\":\"https:\\\/\\\/diariodepe.com.br\\\/cri\\\/#\\\/schema\\\/person\\\/121bb28d84f1a5b1205ef4ce9c2e0c6b\",\"name\":\"Ismael Lucas S. Pereira\",\"image\":{\"@type\":\"ImageObject\",\"inLanguage\":\"pt-BR\",\"@id\":\"https:\\\/\\\/secure.gravatar.com\\\/avatar\\\/887a0f3b5a7ceea963a48499fb883ffce6b5037362def025c52c2505b15d63e4?s=96&d=mm&r=g\",\"url\":\"https:\\\/\\\/secure.gravatar.com\\\/avatar\\\/887a0f3b5a7ceea963a48499fb883ffce6b5037362def025c52c2505b15d63e4?s=96&d=mm&r=g\",\"contentUrl\":\"https:\\\/\\\/secure.gravatar.com\\\/avatar\\\/887a0f3b5a7ceea963a48499fb883ffce6b5037362def025c52c2505b15d63e4?s=96&d=mm&r=g\",\"caption\":\"Ismael Lucas S. Pereira\"},\"url\":\"https:\\\/\\\/diariodepe.com.br\\\/cri\\\/author\\\/ismael-lucas\\\/\"}]}<\/script>\n<!-- \/ Yoast SEO plugin. -->","yoast_head_json":{"title":"Wang Yi se re\u00fane com enviado especial dos EUA para o clima - CRI e Diario de Pernambuco","robots":{"index":"index","follow":"follow","max-snippet":"max-snippet:-1","max-image-preview":"max-image-preview:large","max-video-preview":"max-video-preview:-1"},"canonical":"https:\/\/diariodepe.com.br\/cri\/2023\/08\/30\/wang-yi-se-reune-com-enviado-especial-dos-eua-para-o-clima\/","og_locale":"pt_BR","og_type":"article","og_title":"Wang Yi se re\u00fane com enviado especial dos EUA para o clima - CRI e Diario de Pernambuco","og_description":"No dia 18 de julho de 2023, o membro do Bir\u00f4 Pol\u00edtico do Comit\u00ea Central do Partido Comunista da China (PCCh) e diretor do Escrit\u00f3rio da Comiss\u00e3o de Rela\u00e7\u00f5es Exteriores do Comit\u00ea Central do PCCh, Wang Yi, reuniu-se, em Beijing,...","og_url":"https:\/\/diariodepe.com.br\/cri\/2023\/08\/30\/wang-yi-se-reune-com-enviado-especial-dos-eua-para-o-clima\/","og_site_name":"CRI e Diario de Pernambuco","article_published_time":"2023-08-30T06:37:45+00:00","og_image":[{"width":500,"height":375,"url":"https:\/\/diariodepe.com.br\/cri\/wp-content\/uploads\/sites\/2\/2023\/08\/2023071817192030256.jpg","type":"image\/jpeg"}],"author":"Ismael Lucas S. Pereira","twitter_card":"summary_large_image","twitter_misc":{"Escrito por":"Ismael Lucas S. Pereira","Est. tempo de leitura":"2 minutos"},"schema":{"@context":"https:\/\/schema.org","@graph":[{"@type":"Article","@id":"https:\/\/diariodepe.com.br\/cri\/2023\/08\/30\/wang-yi-se-reune-com-enviado-especial-dos-eua-para-o-clima\/#article","isPartOf":{"@id":"https:\/\/diariodepe.com.br\/cri\/2023\/08\/30\/wang-yi-se-reune-com-enviado-especial-dos-eua-para-o-clima\/"},"author":{"name":"Ismael Lucas S. Pereira","@id":"https:\/\/diariodepe.com.br\/cri\/#\/schema\/person\/121bb28d84f1a5b1205ef4ce9c2e0c6b"},"headline":"Wang Yi se re\u00fane com enviado especial dos EUA para o clima","datePublished":"2023-08-30T06:37:45+00:00","mainEntityOfPage":{"@id":"https:\/\/diariodepe.com.br\/cri\/2023\/08\/30\/wang-yi-se-reune-com-enviado-especial-dos-eua-para-o-clima\/"},"wordCount":258,"commentCount":0,"publisher":{"@id":"https:\/\/diariodepe.com.br\/cri\/#organization"},"image":{"@id":"https:\/\/diariodepe.com.br\/cri\/2023\/08\/30\/wang-yi-se-reune-com-enviado-especial-dos-eua-para-o-clima\/#primaryimage"},"thumbnailUrl":"https:\/\/diariodepe.com.br\/cri\/wp-content\/uploads\/sites\/2\/2023\/08\/2023071817192030256.jpg","articleSection":["China"],"inLanguage":"pt-BR","potentialAction":[{"@type":"CommentAction","name":"Comment","target":["https:\/\/diariodepe.com.br\/cri\/2023\/08\/30\/wang-yi-se-reune-com-enviado-especial-dos-eua-para-o-clima\/#respond"]}]},{"@type":"WebPage","@id":"https:\/\/diariodepe.com.br\/cri\/2023\/08\/30\/wang-yi-se-reune-com-enviado-especial-dos-eua-para-o-clima\/","url":"https:\/\/diariodepe.com.br\/cri\/2023\/08\/30\/wang-yi-se-reune-com-enviado-especial-dos-eua-para-o-clima\/","name":"Wang Yi se re\u00fane com enviado especial dos EUA para o clima - CRI e Diario de Pernambuco","isPartOf":{"@id":"https:\/\/diariodepe.com.br\/cri\/#website"},"primaryImageOfPage":{"@id":"https:\/\/diariodepe.com.br\/cri\/2023\/08\/30\/wang-yi-se-reune-com-enviado-especial-dos-eua-para-o-clima\/#primaryimage"},"image":{"@id":"https:\/\/diariodepe.com.br\/cri\/2023\/08\/30\/wang-yi-se-reune-com-enviado-especial-dos-eua-para-o-clima\/#primaryimage"},"thumbnailUrl":"https:\/\/diariodepe.com.br\/cri\/wp-content\/uploads\/sites\/2\/2023\/08\/2023071817192030256.jpg","datePublished":"2023-08-30T06:37:45+00:00","breadcrumb":{"@id":"https:\/\/diariodepe.com.br\/cri\/2023\/08\/30\/wang-yi-se-reune-com-enviado-especial-dos-eua-para-o-clima\/#breadcrumb"},"inLanguage":"pt-BR","potentialAction":[{"@type":"ReadAction","target":["https:\/\/diariodepe.com.br\/cri\/2023\/08\/30\/wang-yi-se-reune-com-enviado-especial-dos-eua-para-o-clima\/"]}]},{"@type":"ImageObject","inLanguage":"pt-BR","@id":"https:\/\/diariodepe.com.br\/cri\/2023\/08\/30\/wang-yi-se-reune-com-enviado-especial-dos-eua-para-o-clima\/#primaryimage","url":"https:\/\/diariodepe.com.br\/cri\/wp-content\/uploads\/sites\/2\/2023\/08\/2023071817192030256.jpg","contentUrl":"https:\/\/diariodepe.com.br\/cri\/wp-content\/uploads\/sites\/2\/2023\/08\/2023071817192030256.jpg","width":500,"height":375},{"@type":"BreadcrumbList","@id":"https:\/\/diariodepe.com.br\/cri\/2023\/08\/30\/wang-yi-se-reune-com-enviado-especial-dos-eua-para-o-clima\/#breadcrumb","itemListElement":[{"@type":"ListItem","position":1,"name":"In\u00edcio","item":"https:\/\/diariodepe.com.br\/cri\/"},{"@type":"ListItem","position":2,"name":"Wang Yi se re\u00fane com enviado especial dos EUA para o clima"}]},{"@type":"WebSite","@id":"https:\/\/diariodepe.com.br\/cri\/#website","url":"https:\/\/diariodepe.com.br\/cri\/","name":"CRI e Diario de Pernambuco","description":"R\u00e1dio Internacional da China","publisher":{"@id":"https:\/\/diariodepe.com.br\/cri\/#organization"},"potentialAction":[{"@type":"SearchAction","target":{"@type":"EntryPoint","urlTemplate":"https:\/\/diariodepe.com.br\/cri\/?s={search_term_string}"},"query-input":{"@type":"PropertyValueSpecification","valueRequired":true,"valueName":"search_term_string"}}],"inLanguage":"pt-BR"},{"@type":"Organization","@id":"https:\/\/diariodepe.com.br\/cri\/#organization","name":"CRI e Diario de Pernambuco","url":"https:\/\/diariodepe.com.br\/cri\/","logo":{"@type":"ImageObject","inLanguage":"pt-BR","@id":"https:\/\/diariodepe.com.br\/cri\/#\/schema\/logo\/image\/","url":"https:\/\/diariodepe.com.br\/cri\/wp-content\/uploads\/sites\/2\/2022\/12\/cropped-Logo.jpg","contentUrl":"https:\/\/diariodepe.com.br\/cri\/wp-content\/uploads\/sites\/2\/2022\/12\/cropped-Logo.jpg","width":700,"height":59,"caption":"CRI e Diario de Pernambuco"},"image":{"@id":"https:\/\/diariodepe.com.br\/cri\/#\/schema\/logo\/image\/"}},{"@type":"Person","@id":"https:\/\/diariodepe.com.br\/cri\/#\/schema\/person\/121bb28d84f1a5b1205ef4ce9c2e0c6b","name":"Ismael Lucas S. Pereira","image":{"@type":"ImageObject","inLanguage":"pt-BR","@id":"https:\/\/secure.gravatar.com\/avatar\/887a0f3b5a7ceea963a48499fb883ffce6b5037362def025c52c2505b15d63e4?s=96&d=mm&r=g","url":"https:\/\/secure.gravatar.com\/avatar\/887a0f3b5a7ceea963a48499fb883ffce6b5037362def025c52c2505b15d63e4?s=96&d=mm&r=g","contentUrl":"https:\/\/secure.gravatar.com\/avatar\/887a0f3b5a7ceea963a48499fb883ffce6b5037362def025c52c2505b15d63e4?s=96&d=mm&r=g","caption":"Ismael Lucas S. Pereira"},"url":"https:\/\/diariodepe.com.br\/cri\/author\/ismael-lucas\/"}]}},"cc_featured_image_caption":{"caption_text":false,"source_text":false,"source_url":false},"amp_enabled":true,"_links":{"self":[{"href":"https:\/\/diariodepe.com.br\/cri\/wp-json\/wp\/v2\/posts\/2288","targetHints":{"allow":["GET"]}}],"collection":[{"href":"https:\/\/diariodepe.com.br\/cri\/wp-json\/wp\/v2\/posts"}],"about":[{"href":"https:\/\/diariodepe.com.br\/cri\/wp-json\/wp\/v2\/types\/post"}],"author":[{"embeddable":true,"href":"https:\/\/diariodepe.com.br\/cri\/wp-json\/wp\/v2\/users\/2"}],"replies":[{"embeddable":true,"href":"https:\/\/diariodepe.com.br\/cri\/wp-json\/wp\/v2\/comments?post=2288"}],"version-history":[{"count":1,"href":"https:\/\/diariodepe.com.br\/cri\/wp-json\/wp\/v2\/posts\/2288\/revisions"}],"predecessor-version":[{"id":2290,"href":"https:\/\/diariodepe.com.br\/cri\/wp-json\/wp\/v2\/posts\/2288\/revisions\/2290"}],"wp:featuredmedia":[{"embeddable":true,"href":"https:\/\/diariodepe.com.br\/cri\/wp-json\/wp\/v2\/media\/2289"}],"wp:attachment":[{"href":"https:\/\/diariodepe.com.br\/cri\/wp-json\/wp\/v2\/media?parent=2288"}],"wp:term":[{"taxonomy":"category","embeddable":true,"href":"https:\/\/diariodepe.com.br\/cri\/wp-json\/wp\/v2\/categories?post=2288"},{"taxonomy":"post_tag","embeddable":true,"href":"https:\/\/diariodepe.com.br\/cri\/wp-json\/wp\/v2\/tags?post=2288"}],"curies":[{"name":"wp","href":"https:\/\/api.w.org\/{rel}","templated":true}]}}