{"id":2286,"date":"2023-08-30T03:36:40","date_gmt":"2023-08-30T06:36:40","guid":{"rendered":"https:\/\/diariodepe.com.br\/cri\/?p=2286"},"modified":"2023-08-30T03:36:40","modified_gmt":"2023-08-30T06:36:40","slug":"mau-tempo-no-brasil-traz-riscos-a-seguranca-da-populacao-local","status":"publish","type":"post","link":"https:\/\/diariodepe.com.br\/cri\/2023\/08\/30\/mau-tempo-no-brasil-traz-riscos-a-seguranca-da-populacao-local\/","title":{"rendered":"Mau tempo no Brasil traz riscos \u00e0 seguran\u00e7a da popula\u00e7\u00e3o local"},"content":{"rendered":"<p>Entre os dias 12 e 15 de julho, v\u00e1rios estados no Sul\u00a0e Sudeste\u00a0do Brasil, incluindo\u00a0S\u00e3o Paulo, foram atingidos pelo tempo\u00a0adverso\u00a0que\u00a0causou\u00a0a morte de muitas pessoas. Em Itanha\u00e9m,\u00a0cidade do litoral paulista, embora o mau tempo tenha passado e a ordem local j\u00e1 tenha voltado \u00e0\u00a0normalidade, a popula\u00e7\u00e3o\u00a0ainda se preocupa\u00a0com alguns riscos \u00e0\u00a0seguran\u00e7a\u00a0que\u00a0n\u00e3o foram eliminados.<\/p>\n<p>Segundo informou um rep\u00f3rter do Grupo de M\u00eddia da China (CMG, na sigla em ingl\u00eas), apesar de essa onda de\u00a0mau tempo no estado de S\u00e3o Paulo n\u00e3o haver resultado em alagamentos\u00a0em grande escala, mais de 300 \u00e1rvores de grande porte foram rompidas pelo vento forte,\u00a0a\u00a0uma velocidade de 150km\/h, e pelo menos 20 comunidades sofreram com a interrup\u00e7\u00e3o no abastecimento de \u00e1gua e eletricidade. Em Itanha\u00e9m, um idoso de\u00a080 anos morreu por choque el\u00e9trico, como consequ\u00eancia do vendaval.<\/p>\n","protected":false},"excerpt":{"rendered":"<p>Entre os dias 12 e 15 de julho, v\u00e1rios estados no Sul\u00a0e Sudeste\u00a0do Brasil, incluindo\u00a0S\u00e3o Paulo, foram atingidos pelo tempo\u00a0adverso\u00a0que\u00a0causou\u00a0a morte de muitas pessoas. Em Itanha\u00e9m,\u00a0cidade do litoral paulista, embora o mau tempo tenha passado e a ordem local j\u00e1&#8230;<\/p>\n","protected":false},"author":2,"featured_media":0,"comment_status":"open","ping_status":"open","sticky":false,"template":"","format":"standard","meta":{"footnotes":""},"categories":[8],"tags":[],"class_list":["post-2286","post","type-post","status-publish","format-standard","hentry","category-internacional"],"yoast_head":"<!-- This site is optimized with the Yoast SEO plugin v27.4 - https:\/\/yoast.com\/product\/yoast-seo-wordpress\/ -->\n<title>Mau tempo no Brasil traz riscos \u00e0 seguran\u00e7a da popula\u00e7\u00e3o local - CRI e Diario de Pernambuco<\/title>\n<meta name=\"robots\" content=\"index, follow, max-snippet:-1, max-image-preview:large, max-video-preview:-1\" \/>\n<link rel=\"canonical\" href=\"https:\/\/diariodepe.com.br\/cri\/2023\/08\/30\/mau-tempo-no-brasil-traz-riscos-a-seguranca-da-populacao-local\/\" \/>\n<meta property=\"og:locale\" content=\"pt_BR\" \/>\n<meta property=\"og:type\" content=\"article\" \/>\n<meta property=\"og:title\" content=\"Mau tempo no Brasil traz riscos \u00e0 seguran\u00e7a da popula\u00e7\u00e3o local - CRI e Diario de Pernambuco\" \/>\n<meta property=\"og:description\" content=\"Entre os dias 12 e 15 de julho, v\u00e1rios estados no Sul\u00a0e Sudeste\u00a0do Brasil, incluindo\u00a0S\u00e3o Paulo, foram atingidos pelo tempo\u00a0adverso\u00a0que\u00a0causou\u00a0a morte de muitas pessoas. Em Itanha\u00e9m,\u00a0cidade do litoral paulista, embora o mau tempo tenha passado e a ordem local j\u00e1...\" \/>\n<meta property=\"og:url\" content=\"https:\/\/diariodepe.com.br\/cri\/2023\/08\/30\/mau-tempo-no-brasil-traz-riscos-a-seguranca-da-populacao-local\/\" \/>\n<meta property=\"og:site_name\" content=\"CRI e Diario de Pernambuco\" \/>\n<meta property=\"article:published_time\" content=\"2023-08-30T06:36:40+00:00\" \/>\n<meta name=\"author\" content=\"Ismael Lucas S. Pereira\" \/>\n<meta name=\"twitter:card\" content=\"summary_large_image\" \/>\n<meta name=\"twitter:label1\" content=\"Escrito por\" \/>\n\t<meta name=\"twitter:data1\" content=\"Ismael Lucas S. Pereira\" \/>\n\t<meta name=\"twitter:label2\" content=\"Est. tempo de leitura\" \/>\n\t<meta name=\"twitter:data2\" content=\"1 minuto\" \/>\n<script type=\"application\/ld+json\" class=\"yoast-schema-graph\">{\"@context\":\"https:\\\/\\\/schema.org\",\"@graph\":[{\"@type\":\"Article\",\"@id\":\"https:\\\/\\\/diariodepe.com.br\\\/cri\\\/2023\\\/08\\\/30\\\/mau-tempo-no-brasil-traz-riscos-a-seguranca-da-populacao-local\\\/#article\",\"isPartOf\":{\"@id\":\"https:\\\/\\\/diariodepe.com.br\\\/cri\\\/2023\\\/08\\\/30\\\/mau-tempo-no-brasil-traz-riscos-a-seguranca-da-populacao-local\\\/\"},\"author\":{\"name\":\"Ismael Lucas S. Pereira\",\"@id\":\"https:\\\/\\\/diariodepe.com.br\\\/cri\\\/#\\\/schema\\\/person\\\/121bb28d84f1a5b1205ef4ce9c2e0c6b\"},\"headline\":\"Mau tempo no Brasil traz riscos \u00e0 seguran\u00e7a da popula\u00e7\u00e3o local\",\"datePublished\":\"2023-08-30T06:36:40+00:00\",\"mainEntityOfPage\":{\"@id\":\"https:\\\/\\\/diariodepe.com.br\\\/cri\\\/2023\\\/08\\\/30\\\/mau-tempo-no-brasil-traz-riscos-a-seguranca-da-populacao-local\\\/\"},\"wordCount\":169,\"commentCount\":0,\"publisher\":{\"@id\":\"https:\\\/\\\/diariodepe.com.br\\\/cri\\\/#organization\"},\"articleSection\":[\"Internacional\"],\"inLanguage\":\"pt-BR\",\"potentialAction\":[{\"@type\":\"CommentAction\",\"name\":\"Comment\",\"target\":[\"https:\\\/\\\/diariodepe.com.br\\\/cri\\\/2023\\\/08\\\/30\\\/mau-tempo-no-brasil-traz-riscos-a-seguranca-da-populacao-local\\\/#respond\"]}]},{\"@type\":\"WebPage\",\"@id\":\"https:\\\/\\\/diariodepe.com.br\\\/cri\\\/2023\\\/08\\\/30\\\/mau-tempo-no-brasil-traz-riscos-a-seguranca-da-populacao-local\\\/\",\"url\":\"https:\\\/\\\/diariodepe.com.br\\\/cri\\\/2023\\\/08\\\/30\\\/mau-tempo-no-brasil-traz-riscos-a-seguranca-da-populacao-local\\\/\",\"name\":\"Mau tempo no Brasil traz riscos \u00e0 seguran\u00e7a da popula\u00e7\u00e3o local - CRI e Diario de Pernambuco\",\"isPartOf\":{\"@id\":\"https:\\\/\\\/diariodepe.com.br\\\/cri\\\/#website\"},\"datePublished\":\"2023-08-30T06:36:40+00:00\",\"breadcrumb\":{\"@id\":\"https:\\\/\\\/diariodepe.com.br\\\/cri\\\/2023\\\/08\\\/30\\\/mau-tempo-no-brasil-traz-riscos-a-seguranca-da-populacao-local\\\/#breadcrumb\"},\"inLanguage\":\"pt-BR\",\"potentialAction\":[{\"@type\":\"ReadAction\",\"target\":[\"https:\\\/\\\/diariodepe.com.br\\\/cri\\\/2023\\\/08\\\/30\\\/mau-tempo-no-brasil-traz-riscos-a-seguranca-da-populacao-local\\\/\"]}]},{\"@type\":\"BreadcrumbList\",\"@id\":\"https:\\\/\\\/diariodepe.com.br\\\/cri\\\/2023\\\/08\\\/30\\\/mau-tempo-no-brasil-traz-riscos-a-seguranca-da-populacao-local\\\/#breadcrumb\",\"itemListElement\":[{\"@type\":\"ListItem\",\"position\":1,\"name\":\"In\u00edcio\",\"item\":\"https:\\\/\\\/diariodepe.com.br\\\/cri\\\/\"},{\"@type\":\"ListItem\",\"position\":2,\"name\":\"Mau tempo no Brasil traz riscos \u00e0 seguran\u00e7a da popula\u00e7\u00e3o local\"}]},{\"@type\":\"WebSite\",\"@id\":\"https:\\\/\\\/diariodepe.com.br\\\/cri\\\/#website\",\"url\":\"https:\\\/\\\/diariodepe.com.br\\\/cri\\\/\",\"name\":\"CRI e Diario de Pernambuco\",\"description\":\"R\u00e1dio Internacional da China\",\"publisher\":{\"@id\":\"https:\\\/\\\/diariodepe.com.br\\\/cri\\\/#organization\"},\"potentialAction\":[{\"@type\":\"SearchAction\",\"target\":{\"@type\":\"EntryPoint\",\"urlTemplate\":\"https:\\\/\\\/diariodepe.com.br\\\/cri\\\/?s={search_term_string}\"},\"query-input\":{\"@type\":\"PropertyValueSpecification\",\"valueRequired\":true,\"valueName\":\"search_term_string\"}}],\"inLanguage\":\"pt-BR\"},{\"@type\":\"Organization\",\"@id\":\"https:\\\/\\\/diariodepe.com.br\\\/cri\\\/#organization\",\"name\":\"CRI e Diario de Pernambuco\",\"url\":\"https:\\\/\\\/diariodepe.com.br\\\/cri\\\/\",\"logo\":{\"@type\":\"ImageObject\",\"inLanguage\":\"pt-BR\",\"@id\":\"https:\\\/\\\/diariodepe.com.br\\\/cri\\\/#\\\/schema\\\/logo\\\/image\\\/\",\"url\":\"https:\\\/\\\/diariodepe.com.br\\\/cri\\\/wp-content\\\/uploads\\\/sites\\\/2\\\/2022\\\/12\\\/cropped-Logo.jpg\",\"contentUrl\":\"https:\\\/\\\/diariodepe.com.br\\\/cri\\\/wp-content\\\/uploads\\\/sites\\\/2\\\/2022\\\/12\\\/cropped-Logo.jpg\",\"width\":700,\"height\":59,\"caption\":\"CRI e Diario de Pernambuco\"},\"image\":{\"@id\":\"https:\\\/\\\/diariodepe.com.br\\\/cri\\\/#\\\/schema\\\/logo\\\/image\\\/\"}},{\"@type\":\"Person\",\"@id\":\"https:\\\/\\\/diariodepe.com.br\\\/cri\\\/#\\\/schema\\\/person\\\/121bb28d84f1a5b1205ef4ce9c2e0c6b\",\"name\":\"Ismael Lucas S. Pereira\",\"image\":{\"@type\":\"ImageObject\",\"inLanguage\":\"pt-BR\",\"@id\":\"https:\\\/\\\/secure.gravatar.com\\\/avatar\\\/887a0f3b5a7ceea963a48499fb883ffce6b5037362def025c52c2505b15d63e4?s=96&d=mm&r=g\",\"url\":\"https:\\\/\\\/secure.gravatar.com\\\/avatar\\\/887a0f3b5a7ceea963a48499fb883ffce6b5037362def025c52c2505b15d63e4?s=96&d=mm&r=g\",\"contentUrl\":\"https:\\\/\\\/secure.gravatar.com\\\/avatar\\\/887a0f3b5a7ceea963a48499fb883ffce6b5037362def025c52c2505b15d63e4?s=96&d=mm&r=g\",\"caption\":\"Ismael Lucas S. Pereira\"},\"url\":\"https:\\\/\\\/diariodepe.com.br\\\/cri\\\/author\\\/ismael-lucas\\\/\"}]}<\/script>\n<!-- \/ Yoast SEO plugin. -->","yoast_head_json":{"title":"Mau tempo no Brasil traz riscos \u00e0 seguran\u00e7a da popula\u00e7\u00e3o local - CRI e Diario de Pernambuco","robots":{"index":"index","follow":"follow","max-snippet":"max-snippet:-1","max-image-preview":"max-image-preview:large","max-video-preview":"max-video-preview:-1"},"canonical":"https:\/\/diariodepe.com.br\/cri\/2023\/08\/30\/mau-tempo-no-brasil-traz-riscos-a-seguranca-da-populacao-local\/","og_locale":"pt_BR","og_type":"article","og_title":"Mau tempo no Brasil traz riscos \u00e0 seguran\u00e7a da popula\u00e7\u00e3o local - CRI e Diario de Pernambuco","og_description":"Entre os dias 12 e 15 de julho, v\u00e1rios estados no Sul\u00a0e Sudeste\u00a0do Brasil, incluindo\u00a0S\u00e3o Paulo, foram atingidos pelo tempo\u00a0adverso\u00a0que\u00a0causou\u00a0a morte de muitas pessoas. Em Itanha\u00e9m,\u00a0cidade do litoral paulista, embora o mau tempo tenha passado e a ordem local j\u00e1...","og_url":"https:\/\/diariodepe.com.br\/cri\/2023\/08\/30\/mau-tempo-no-brasil-traz-riscos-a-seguranca-da-populacao-local\/","og_site_name":"CRI e Diario de Pernambuco","article_published_time":"2023-08-30T06:36:40+00:00","author":"Ismael Lucas S. Pereira","twitter_card":"summary_large_image","twitter_misc":{"Escrito por":"Ismael Lucas S. Pereira","Est. tempo de leitura":"1 minuto"},"schema":{"@context":"https:\/\/schema.org","@graph":[{"@type":"Article","@id":"https:\/\/diariodepe.com.br\/cri\/2023\/08\/30\/mau-tempo-no-brasil-traz-riscos-a-seguranca-da-populacao-local\/#article","isPartOf":{"@id":"https:\/\/diariodepe.com.br\/cri\/2023\/08\/30\/mau-tempo-no-brasil-traz-riscos-a-seguranca-da-populacao-local\/"},"author":{"name":"Ismael Lucas S. Pereira","@id":"https:\/\/diariodepe.com.br\/cri\/#\/schema\/person\/121bb28d84f1a5b1205ef4ce9c2e0c6b"},"headline":"Mau tempo no Brasil traz riscos \u00e0 seguran\u00e7a da popula\u00e7\u00e3o local","datePublished":"2023-08-30T06:36:40+00:00","mainEntityOfPage":{"@id":"https:\/\/diariodepe.com.br\/cri\/2023\/08\/30\/mau-tempo-no-brasil-traz-riscos-a-seguranca-da-populacao-local\/"},"wordCount":169,"commentCount":0,"publisher":{"@id":"https:\/\/diariodepe.com.br\/cri\/#organization"},"articleSection":["Internacional"],"inLanguage":"pt-BR","potentialAction":[{"@type":"CommentAction","name":"Comment","target":["https:\/\/diariodepe.com.br\/cri\/2023\/08\/30\/mau-tempo-no-brasil-traz-riscos-a-seguranca-da-populacao-local\/#respond"]}]},{"@type":"WebPage","@id":"https:\/\/diariodepe.com.br\/cri\/2023\/08\/30\/mau-tempo-no-brasil-traz-riscos-a-seguranca-da-populacao-local\/","url":"https:\/\/diariodepe.com.br\/cri\/2023\/08\/30\/mau-tempo-no-brasil-traz-riscos-a-seguranca-da-populacao-local\/","name":"Mau tempo no Brasil traz riscos \u00e0 seguran\u00e7a da popula\u00e7\u00e3o local - CRI e Diario de Pernambuco","isPartOf":{"@id":"https:\/\/diariodepe.com.br\/cri\/#website"},"datePublished":"2023-08-30T06:36:40+00:00","breadcrumb":{"@id":"https:\/\/diariodepe.com.br\/cri\/2023\/08\/30\/mau-tempo-no-brasil-traz-riscos-a-seguranca-da-populacao-local\/#breadcrumb"},"inLanguage":"pt-BR","potentialAction":[{"@type":"ReadAction","target":["https:\/\/diariodepe.com.br\/cri\/2023\/08\/30\/mau-tempo-no-brasil-traz-riscos-a-seguranca-da-populacao-local\/"]}]},{"@type":"BreadcrumbList","@id":"https:\/\/diariodepe.com.br\/cri\/2023\/08\/30\/mau-tempo-no-brasil-traz-riscos-a-seguranca-da-populacao-local\/#breadcrumb","itemListElement":[{"@type":"ListItem","position":1,"name":"In\u00edcio","item":"https:\/\/diariodepe.com.br\/cri\/"},{"@type":"ListItem","position":2,"name":"Mau tempo no Brasil traz riscos \u00e0 seguran\u00e7a da popula\u00e7\u00e3o local"}]},{"@type":"WebSite","@id":"https:\/\/diariodepe.com.br\/cri\/#website","url":"https:\/\/diariodepe.com.br\/cri\/","name":"CRI e Diario de Pernambuco","description":"R\u00e1dio Internacional da China","publisher":{"@id":"https:\/\/diariodepe.com.br\/cri\/#organization"},"potentialAction":[{"@type":"SearchAction","target":{"@type":"EntryPoint","urlTemplate":"https:\/\/diariodepe.com.br\/cri\/?s={search_term_string}"},"query-input":{"@type":"PropertyValueSpecification","valueRequired":true,"valueName":"search_term_string"}}],"inLanguage":"pt-BR"},{"@type":"Organization","@id":"https:\/\/diariodepe.com.br\/cri\/#organization","name":"CRI e Diario de Pernambuco","url":"https:\/\/diariodepe.com.br\/cri\/","logo":{"@type":"ImageObject","inLanguage":"pt-BR","@id":"https:\/\/diariodepe.com.br\/cri\/#\/schema\/logo\/image\/","url":"https:\/\/diariodepe.com.br\/cri\/wp-content\/uploads\/sites\/2\/2022\/12\/cropped-Logo.jpg","contentUrl":"https:\/\/diariodepe.com.br\/cri\/wp-content\/uploads\/sites\/2\/2022\/12\/cropped-Logo.jpg","width":700,"height":59,"caption":"CRI e Diario de Pernambuco"},"image":{"@id":"https:\/\/diariodepe.com.br\/cri\/#\/schema\/logo\/image\/"}},{"@type":"Person","@id":"https:\/\/diariodepe.com.br\/cri\/#\/schema\/person\/121bb28d84f1a5b1205ef4ce9c2e0c6b","name":"Ismael Lucas S. Pereira","image":{"@type":"ImageObject","inLanguage":"pt-BR","@id":"https:\/\/secure.gravatar.com\/avatar\/887a0f3b5a7ceea963a48499fb883ffce6b5037362def025c52c2505b15d63e4?s=96&d=mm&r=g","url":"https:\/\/secure.gravatar.com\/avatar\/887a0f3b5a7ceea963a48499fb883ffce6b5037362def025c52c2505b15d63e4?s=96&d=mm&r=g","contentUrl":"https:\/\/secure.gravatar.com\/avatar\/887a0f3b5a7ceea963a48499fb883ffce6b5037362def025c52c2505b15d63e4?s=96&d=mm&r=g","caption":"Ismael Lucas S. Pereira"},"url":"https:\/\/diariodepe.com.br\/cri\/author\/ismael-lucas\/"}]}},"cc_featured_image_caption":{"caption_text":false,"source_text":false,"source_url":false},"amp_enabled":true,"_links":{"self":[{"href":"https:\/\/diariodepe.com.br\/cri\/wp-json\/wp\/v2\/posts\/2286","targetHints":{"allow":["GET"]}}],"collection":[{"href":"https:\/\/diariodepe.com.br\/cri\/wp-json\/wp\/v2\/posts"}],"about":[{"href":"https:\/\/diariodepe.com.br\/cri\/wp-json\/wp\/v2\/types\/post"}],"author":[{"embeddable":true,"href":"https:\/\/diariodepe.com.br\/cri\/wp-json\/wp\/v2\/users\/2"}],"replies":[{"embeddable":true,"href":"https:\/\/diariodepe.com.br\/cri\/wp-json\/wp\/v2\/comments?post=2286"}],"version-history":[{"count":1,"href":"https:\/\/diariodepe.com.br\/cri\/wp-json\/wp\/v2\/posts\/2286\/revisions"}],"predecessor-version":[{"id":2287,"href":"https:\/\/diariodepe.com.br\/cri\/wp-json\/wp\/v2\/posts\/2286\/revisions\/2287"}],"wp:attachment":[{"href":"https:\/\/diariodepe.com.br\/cri\/wp-json\/wp\/v2\/media?parent=2286"}],"wp:term":[{"taxonomy":"category","embeddable":true,"href":"https:\/\/diariodepe.com.br\/cri\/wp-json\/wp\/v2\/categories?post=2286"},{"taxonomy":"post_tag","embeddable":true,"href":"https:\/\/diariodepe.com.br\/cri\/wp-json\/wp\/v2\/tags?post=2286"}],"curies":[{"name":"wp","href":"https:\/\/api.w.org\/{rel}","templated":true}]}}