{"id":2283,"date":"2023-08-30T03:35:31","date_gmt":"2023-08-30T06:35:31","guid":{"rendered":"https:\/\/diariodepe.com.br\/cri\/?p=2283"},"modified":"2023-08-30T03:35:31","modified_gmt":"2023-08-30T06:35:31","slug":"comentario-china-permanece-como-motor-do-crescimento-global","status":"publish","type":"post","link":"https:\/\/diariodepe.com.br\/cri\/2023\/08\/30\/comentario-china-permanece-como-motor-do-crescimento-global\/","title":{"rendered":"Coment\u00e1rio: China permanece como motor do crescimento global"},"content":{"rendered":"<p>Desde o in\u00edcio deste ano, as empresas chinesas v\u00eam aumentando seus investimentos internos. A confian\u00e7a dos empreendedores foi verificada nos dados econ\u00f4micos do primeiro semestre de 2023, divulgados pelas autoridades chinesas nesta segunda-feira (17). Segundo c\u00e1lculos preliminares, o PIB chin\u00eas ultrapassou 59,3 trilh\u00f5es de yuans nos primeiros seis meses do ano, um aumento de 5,5% em rela\u00e7\u00e3o ao mesmo per\u00edodo de 2022. A taxa de crescimento \u00e9 mais r\u00e1pida do que a das principais economias desenvolvidas do mundo. Portanto, a China continua a ser o motor do crescimento global.<\/p>\n<p data-spm-anchor-id=\"0.0.0.i1\">No primeiro semestre deste ano, as vendas no varejo chin\u00eas de bens de consumo somaram 22,75 trilh\u00f5es de yuans, uma alta de 8,2%. As despesas de consumo contribu\u00edram com mais de 70% do crescimento econ\u00f4mico.<\/p>\n<p>De acordo com a Administra\u00e7\u00e3o Estatal de C\u00e2mbio, nos \u00faltimos cinco anos, a taxa de retorno de investimentos estrangeiros na China foi de 9,1%. Em contraste, a varia\u00e7\u00e3o na Europa e nos Estados Unidos foi de apenas 3%, e nas economias emergentes foi de 4% a 8%. Desde o come\u00e7o deste ano, a China tem promovido ativamente um sistema de mercado de alto padr\u00e3o, acelerando a constru\u00e7\u00e3o de um mercado nacional unificado e ampliando gradualmente a abertura institucional, al\u00e9m de criar um ambiente de neg\u00f3cios legalizado e internacionalizado orientado para o mercado.<\/p>\n<p data-spm-anchor-id=\"0.0.0.i2\">O pa\u00eds asi\u00e1tico fornece atualmente um suporte importante para a opera\u00e7\u00e3o das cadeias globais da ind\u00fastria e de suprimentos. Isso j\u00e1 se tornou um consenso internacional. No primeiro semestre do ano, as importa\u00e7\u00f5es e exporta\u00e7\u00f5es do com\u00e9rcio de bens da China totalizaram 20,1 trilh\u00f5es de yuans, batendo o recorde de 20 trilh\u00f5es de yuans pela primeira vez e registrando um aumento de 2,1% em rela\u00e7\u00e3o ao mesmo per\u00edodo do ano anterior. Em um contexto de demanda internacional desacelerada, esta \u00e9 uma conquista dif\u00edcil de alcan\u00e7ar.<\/p>\n<p data-spm-anchor-id=\"0.0.0.i2\">Atualmente, a economia global enfrenta m\u00faltiplos desafios, incluindo a infla\u00e7\u00e3o alta, os conflitos geopol\u00edticos e as crises energ\u00e9tica e alimentar. Diante da situa\u00e7\u00e3o, a \u201cestabilidade\u201d se tornou um recurso escasso. O que a China oferece \u00e9 exatamente esta certeza. A recupera\u00e7\u00e3o est\u00e1vel assentou uma base para o gigante chin\u00eas alcan\u00e7ar a meta de desenvolvimento econ\u00f4mico e social de todo o ano.<\/p>\n","protected":false},"excerpt":{"rendered":"<p>Desde o in\u00edcio deste ano, as empresas chinesas v\u00eam aumentando seus investimentos internos. A confian\u00e7a dos empreendedores foi verificada nos dados econ\u00f4micos do primeiro semestre de 2023, divulgados pelas autoridades chinesas nesta segunda-feira (17). Segundo c\u00e1lculos preliminares, o PIB chin\u00eas&#8230;<\/p>\n","protected":false},"author":2,"featured_media":2284,"comment_status":"open","ping_status":"open","sticky":false,"template":"","format":"standard","meta":{"footnotes":""},"categories":[7],"tags":[],"class_list":["post-2283","post","type-post","status-publish","format-standard","has-post-thumbnail","hentry","category-visao"],"yoast_head":"<!-- This site is optimized with the Yoast SEO plugin v27.4 - https:\/\/yoast.com\/product\/yoast-seo-wordpress\/ -->\n<title>Coment\u00e1rio: China permanece como motor do crescimento global - CRI e Diario de Pernambuco<\/title>\n<meta name=\"robots\" content=\"index, follow, max-snippet:-1, max-image-preview:large, max-video-preview:-1\" \/>\n<link rel=\"canonical\" href=\"https:\/\/diariodepe.com.br\/cri\/2023\/08\/30\/comentario-china-permanece-como-motor-do-crescimento-global\/\" \/>\n<meta property=\"og:locale\" content=\"pt_BR\" \/>\n<meta property=\"og:type\" content=\"article\" \/>\n<meta property=\"og:title\" content=\"Coment\u00e1rio: China permanece como motor do crescimento global - CRI e Diario de Pernambuco\" \/>\n<meta property=\"og:description\" content=\"Desde o in\u00edcio deste ano, as empresas chinesas v\u00eam aumentando seus investimentos internos. A confian\u00e7a dos empreendedores foi verificada nos dados econ\u00f4micos do primeiro semestre de 2023, divulgados pelas autoridades chinesas nesta segunda-feira (17). Segundo c\u00e1lculos preliminares, o PIB chin\u00eas...\" \/>\n<meta property=\"og:url\" content=\"https:\/\/diariodepe.com.br\/cri\/2023\/08\/30\/comentario-china-permanece-como-motor-do-crescimento-global\/\" \/>\n<meta property=\"og:site_name\" content=\"CRI e Diario de Pernambuco\" \/>\n<meta property=\"article:published_time\" content=\"2023-08-30T06:35:31+00:00\" \/>\n<meta property=\"og:image\" content=\"https:\/\/diariodepe.com.br\/cri\/wp-content\/uploads\/sites\/2\/2023\/08\/2023071722524711152.jpg\" \/>\n\t<meta property=\"og:image:width\" content=\"453\" \/>\n\t<meta property=\"og:image:height\" content=\"239\" \/>\n\t<meta property=\"og:image:type\" content=\"image\/jpeg\" \/>\n<meta name=\"author\" content=\"Ismael Lucas S. Pereira\" \/>\n<meta name=\"twitter:card\" content=\"summary_large_image\" \/>\n<meta name=\"twitter:label1\" content=\"Escrito por\" \/>\n\t<meta name=\"twitter:data1\" content=\"Ismael Lucas S. Pereira\" \/>\n\t<meta name=\"twitter:label2\" content=\"Est. tempo de leitura\" \/>\n\t<meta name=\"twitter:data2\" content=\"2 minutos\" \/>\n<script type=\"application\/ld+json\" class=\"yoast-schema-graph\">{\"@context\":\"https:\\\/\\\/schema.org\",\"@graph\":[{\"@type\":\"Article\",\"@id\":\"https:\\\/\\\/diariodepe.com.br\\\/cri\\\/2023\\\/08\\\/30\\\/comentario-china-permanece-como-motor-do-crescimento-global\\\/#article\",\"isPartOf\":{\"@id\":\"https:\\\/\\\/diariodepe.com.br\\\/cri\\\/2023\\\/08\\\/30\\\/comentario-china-permanece-como-motor-do-crescimento-global\\\/\"},\"author\":{\"name\":\"Ismael Lucas S. Pereira\",\"@id\":\"https:\\\/\\\/diariodepe.com.br\\\/cri\\\/#\\\/schema\\\/person\\\/121bb28d84f1a5b1205ef4ce9c2e0c6b\"},\"headline\":\"Coment\u00e1rio: China permanece como motor do crescimento global\",\"datePublished\":\"2023-08-30T06:35:31+00:00\",\"mainEntityOfPage\":{\"@id\":\"https:\\\/\\\/diariodepe.com.br\\\/cri\\\/2023\\\/08\\\/30\\\/comentario-china-permanece-como-motor-do-crescimento-global\\\/\"},\"wordCount\":398,\"commentCount\":0,\"publisher\":{\"@id\":\"https:\\\/\\\/diariodepe.com.br\\\/cri\\\/#organization\"},\"image\":{\"@id\":\"https:\\\/\\\/diariodepe.com.br\\\/cri\\\/2023\\\/08\\\/30\\\/comentario-china-permanece-como-motor-do-crescimento-global\\\/#primaryimage\"},\"thumbnailUrl\":\"https:\\\/\\\/diariodepe.com.br\\\/cri\\\/wp-content\\\/uploads\\\/sites\\\/2\\\/2023\\\/08\\\/2023071722524711152.jpg\",\"articleSection\":[\"Vis\u00e3o\"],\"inLanguage\":\"pt-BR\",\"potentialAction\":[{\"@type\":\"CommentAction\",\"name\":\"Comment\",\"target\":[\"https:\\\/\\\/diariodepe.com.br\\\/cri\\\/2023\\\/08\\\/30\\\/comentario-china-permanece-como-motor-do-crescimento-global\\\/#respond\"]}]},{\"@type\":\"WebPage\",\"@id\":\"https:\\\/\\\/diariodepe.com.br\\\/cri\\\/2023\\\/08\\\/30\\\/comentario-china-permanece-como-motor-do-crescimento-global\\\/\",\"url\":\"https:\\\/\\\/diariodepe.com.br\\\/cri\\\/2023\\\/08\\\/30\\\/comentario-china-permanece-como-motor-do-crescimento-global\\\/\",\"name\":\"Coment\u00e1rio: China permanece como motor do crescimento global - CRI e Diario de Pernambuco\",\"isPartOf\":{\"@id\":\"https:\\\/\\\/diariodepe.com.br\\\/cri\\\/#website\"},\"primaryImageOfPage\":{\"@id\":\"https:\\\/\\\/diariodepe.com.br\\\/cri\\\/2023\\\/08\\\/30\\\/comentario-china-permanece-como-motor-do-crescimento-global\\\/#primaryimage\"},\"image\":{\"@id\":\"https:\\\/\\\/diariodepe.com.br\\\/cri\\\/2023\\\/08\\\/30\\\/comentario-china-permanece-como-motor-do-crescimento-global\\\/#primaryimage\"},\"thumbnailUrl\":\"https:\\\/\\\/diariodepe.com.br\\\/cri\\\/wp-content\\\/uploads\\\/sites\\\/2\\\/2023\\\/08\\\/2023071722524711152.jpg\",\"datePublished\":\"2023-08-30T06:35:31+00:00\",\"breadcrumb\":{\"@id\":\"https:\\\/\\\/diariodepe.com.br\\\/cri\\\/2023\\\/08\\\/30\\\/comentario-china-permanece-como-motor-do-crescimento-global\\\/#breadcrumb\"},\"inLanguage\":\"pt-BR\",\"potentialAction\":[{\"@type\":\"ReadAction\",\"target\":[\"https:\\\/\\\/diariodepe.com.br\\\/cri\\\/2023\\\/08\\\/30\\\/comentario-china-permanece-como-motor-do-crescimento-global\\\/\"]}]},{\"@type\":\"ImageObject\",\"inLanguage\":\"pt-BR\",\"@id\":\"https:\\\/\\\/diariodepe.com.br\\\/cri\\\/2023\\\/08\\\/30\\\/comentario-china-permanece-como-motor-do-crescimento-global\\\/#primaryimage\",\"url\":\"https:\\\/\\\/diariodepe.com.br\\\/cri\\\/wp-content\\\/uploads\\\/sites\\\/2\\\/2023\\\/08\\\/2023071722524711152.jpg\",\"contentUrl\":\"https:\\\/\\\/diariodepe.com.br\\\/cri\\\/wp-content\\\/uploads\\\/sites\\\/2\\\/2023\\\/08\\\/2023071722524711152.jpg\",\"width\":453,\"height\":239},{\"@type\":\"BreadcrumbList\",\"@id\":\"https:\\\/\\\/diariodepe.com.br\\\/cri\\\/2023\\\/08\\\/30\\\/comentario-china-permanece-como-motor-do-crescimento-global\\\/#breadcrumb\",\"itemListElement\":[{\"@type\":\"ListItem\",\"position\":1,\"name\":\"In\u00edcio\",\"item\":\"https:\\\/\\\/diariodepe.com.br\\\/cri\\\/\"},{\"@type\":\"ListItem\",\"position\":2,\"name\":\"Coment\u00e1rio: China permanece como motor do crescimento global\"}]},{\"@type\":\"WebSite\",\"@id\":\"https:\\\/\\\/diariodepe.com.br\\\/cri\\\/#website\",\"url\":\"https:\\\/\\\/diariodepe.com.br\\\/cri\\\/\",\"name\":\"CRI e Diario de Pernambuco\",\"description\":\"R\u00e1dio Internacional da China\",\"publisher\":{\"@id\":\"https:\\\/\\\/diariodepe.com.br\\\/cri\\\/#organization\"},\"potentialAction\":[{\"@type\":\"SearchAction\",\"target\":{\"@type\":\"EntryPoint\",\"urlTemplate\":\"https:\\\/\\\/diariodepe.com.br\\\/cri\\\/?s={search_term_string}\"},\"query-input\":{\"@type\":\"PropertyValueSpecification\",\"valueRequired\":true,\"valueName\":\"search_term_string\"}}],\"inLanguage\":\"pt-BR\"},{\"@type\":\"Organization\",\"@id\":\"https:\\\/\\\/diariodepe.com.br\\\/cri\\\/#organization\",\"name\":\"CRI e Diario de Pernambuco\",\"url\":\"https:\\\/\\\/diariodepe.com.br\\\/cri\\\/\",\"logo\":{\"@type\":\"ImageObject\",\"inLanguage\":\"pt-BR\",\"@id\":\"https:\\\/\\\/diariodepe.com.br\\\/cri\\\/#\\\/schema\\\/logo\\\/image\\\/\",\"url\":\"https:\\\/\\\/diariodepe.com.br\\\/cri\\\/wp-content\\\/uploads\\\/sites\\\/2\\\/2022\\\/12\\\/cropped-Logo.jpg\",\"contentUrl\":\"https:\\\/\\\/diariodepe.com.br\\\/cri\\\/wp-content\\\/uploads\\\/sites\\\/2\\\/2022\\\/12\\\/cropped-Logo.jpg\",\"width\":700,\"height\":59,\"caption\":\"CRI e Diario de Pernambuco\"},\"image\":{\"@id\":\"https:\\\/\\\/diariodepe.com.br\\\/cri\\\/#\\\/schema\\\/logo\\\/image\\\/\"}},{\"@type\":\"Person\",\"@id\":\"https:\\\/\\\/diariodepe.com.br\\\/cri\\\/#\\\/schema\\\/person\\\/121bb28d84f1a5b1205ef4ce9c2e0c6b\",\"name\":\"Ismael Lucas S. Pereira\",\"image\":{\"@type\":\"ImageObject\",\"inLanguage\":\"pt-BR\",\"@id\":\"https:\\\/\\\/secure.gravatar.com\\\/avatar\\\/887a0f3b5a7ceea963a48499fb883ffce6b5037362def025c52c2505b15d63e4?s=96&d=mm&r=g\",\"url\":\"https:\\\/\\\/secure.gravatar.com\\\/avatar\\\/887a0f3b5a7ceea963a48499fb883ffce6b5037362def025c52c2505b15d63e4?s=96&d=mm&r=g\",\"contentUrl\":\"https:\\\/\\\/secure.gravatar.com\\\/avatar\\\/887a0f3b5a7ceea963a48499fb883ffce6b5037362def025c52c2505b15d63e4?s=96&d=mm&r=g\",\"caption\":\"Ismael Lucas S. Pereira\"},\"url\":\"https:\\\/\\\/diariodepe.com.br\\\/cri\\\/author\\\/ismael-lucas\\\/\"}]}<\/script>\n<!-- \/ Yoast SEO plugin. -->","yoast_head_json":{"title":"Coment\u00e1rio: China permanece como motor do crescimento global - CRI e Diario de Pernambuco","robots":{"index":"index","follow":"follow","max-snippet":"max-snippet:-1","max-image-preview":"max-image-preview:large","max-video-preview":"max-video-preview:-1"},"canonical":"https:\/\/diariodepe.com.br\/cri\/2023\/08\/30\/comentario-china-permanece-como-motor-do-crescimento-global\/","og_locale":"pt_BR","og_type":"article","og_title":"Coment\u00e1rio: China permanece como motor do crescimento global - CRI e Diario de Pernambuco","og_description":"Desde o in\u00edcio deste ano, as empresas chinesas v\u00eam aumentando seus investimentos internos. A confian\u00e7a dos empreendedores foi verificada nos dados econ\u00f4micos do primeiro semestre de 2023, divulgados pelas autoridades chinesas nesta segunda-feira (17). Segundo c\u00e1lculos preliminares, o PIB chin\u00eas...","og_url":"https:\/\/diariodepe.com.br\/cri\/2023\/08\/30\/comentario-china-permanece-como-motor-do-crescimento-global\/","og_site_name":"CRI e Diario de Pernambuco","article_published_time":"2023-08-30T06:35:31+00:00","og_image":[{"width":453,"height":239,"url":"https:\/\/diariodepe.com.br\/cri\/wp-content\/uploads\/sites\/2\/2023\/08\/2023071722524711152.jpg","type":"image\/jpeg"}],"author":"Ismael Lucas S. Pereira","twitter_card":"summary_large_image","twitter_misc":{"Escrito por":"Ismael Lucas S. Pereira","Est. tempo de leitura":"2 minutos"},"schema":{"@context":"https:\/\/schema.org","@graph":[{"@type":"Article","@id":"https:\/\/diariodepe.com.br\/cri\/2023\/08\/30\/comentario-china-permanece-como-motor-do-crescimento-global\/#article","isPartOf":{"@id":"https:\/\/diariodepe.com.br\/cri\/2023\/08\/30\/comentario-china-permanece-como-motor-do-crescimento-global\/"},"author":{"name":"Ismael Lucas S. Pereira","@id":"https:\/\/diariodepe.com.br\/cri\/#\/schema\/person\/121bb28d84f1a5b1205ef4ce9c2e0c6b"},"headline":"Coment\u00e1rio: China permanece como motor do crescimento global","datePublished":"2023-08-30T06:35:31+00:00","mainEntityOfPage":{"@id":"https:\/\/diariodepe.com.br\/cri\/2023\/08\/30\/comentario-china-permanece-como-motor-do-crescimento-global\/"},"wordCount":398,"commentCount":0,"publisher":{"@id":"https:\/\/diariodepe.com.br\/cri\/#organization"},"image":{"@id":"https:\/\/diariodepe.com.br\/cri\/2023\/08\/30\/comentario-china-permanece-como-motor-do-crescimento-global\/#primaryimage"},"thumbnailUrl":"https:\/\/diariodepe.com.br\/cri\/wp-content\/uploads\/sites\/2\/2023\/08\/2023071722524711152.jpg","articleSection":["Vis\u00e3o"],"inLanguage":"pt-BR","potentialAction":[{"@type":"CommentAction","name":"Comment","target":["https:\/\/diariodepe.com.br\/cri\/2023\/08\/30\/comentario-china-permanece-como-motor-do-crescimento-global\/#respond"]}]},{"@type":"WebPage","@id":"https:\/\/diariodepe.com.br\/cri\/2023\/08\/30\/comentario-china-permanece-como-motor-do-crescimento-global\/","url":"https:\/\/diariodepe.com.br\/cri\/2023\/08\/30\/comentario-china-permanece-como-motor-do-crescimento-global\/","name":"Coment\u00e1rio: China permanece como motor do crescimento global - CRI e Diario de Pernambuco","isPartOf":{"@id":"https:\/\/diariodepe.com.br\/cri\/#website"},"primaryImageOfPage":{"@id":"https:\/\/diariodepe.com.br\/cri\/2023\/08\/30\/comentario-china-permanece-como-motor-do-crescimento-global\/#primaryimage"},"image":{"@id":"https:\/\/diariodepe.com.br\/cri\/2023\/08\/30\/comentario-china-permanece-como-motor-do-crescimento-global\/#primaryimage"},"thumbnailUrl":"https:\/\/diariodepe.com.br\/cri\/wp-content\/uploads\/sites\/2\/2023\/08\/2023071722524711152.jpg","datePublished":"2023-08-30T06:35:31+00:00","breadcrumb":{"@id":"https:\/\/diariodepe.com.br\/cri\/2023\/08\/30\/comentario-china-permanece-como-motor-do-crescimento-global\/#breadcrumb"},"inLanguage":"pt-BR","potentialAction":[{"@type":"ReadAction","target":["https:\/\/diariodepe.com.br\/cri\/2023\/08\/30\/comentario-china-permanece-como-motor-do-crescimento-global\/"]}]},{"@type":"ImageObject","inLanguage":"pt-BR","@id":"https:\/\/diariodepe.com.br\/cri\/2023\/08\/30\/comentario-china-permanece-como-motor-do-crescimento-global\/#primaryimage","url":"https:\/\/diariodepe.com.br\/cri\/wp-content\/uploads\/sites\/2\/2023\/08\/2023071722524711152.jpg","contentUrl":"https:\/\/diariodepe.com.br\/cri\/wp-content\/uploads\/sites\/2\/2023\/08\/2023071722524711152.jpg","width":453,"height":239},{"@type":"BreadcrumbList","@id":"https:\/\/diariodepe.com.br\/cri\/2023\/08\/30\/comentario-china-permanece-como-motor-do-crescimento-global\/#breadcrumb","itemListElement":[{"@type":"ListItem","position":1,"name":"In\u00edcio","item":"https:\/\/diariodepe.com.br\/cri\/"},{"@type":"ListItem","position":2,"name":"Coment\u00e1rio: China permanece como motor do crescimento global"}]},{"@type":"WebSite","@id":"https:\/\/diariodepe.com.br\/cri\/#website","url":"https:\/\/diariodepe.com.br\/cri\/","name":"CRI e Diario de Pernambuco","description":"R\u00e1dio Internacional da China","publisher":{"@id":"https:\/\/diariodepe.com.br\/cri\/#organization"},"potentialAction":[{"@type":"SearchAction","target":{"@type":"EntryPoint","urlTemplate":"https:\/\/diariodepe.com.br\/cri\/?s={search_term_string}"},"query-input":{"@type":"PropertyValueSpecification","valueRequired":true,"valueName":"search_term_string"}}],"inLanguage":"pt-BR"},{"@type":"Organization","@id":"https:\/\/diariodepe.com.br\/cri\/#organization","name":"CRI e Diario de Pernambuco","url":"https:\/\/diariodepe.com.br\/cri\/","logo":{"@type":"ImageObject","inLanguage":"pt-BR","@id":"https:\/\/diariodepe.com.br\/cri\/#\/schema\/logo\/image\/","url":"https:\/\/diariodepe.com.br\/cri\/wp-content\/uploads\/sites\/2\/2022\/12\/cropped-Logo.jpg","contentUrl":"https:\/\/diariodepe.com.br\/cri\/wp-content\/uploads\/sites\/2\/2022\/12\/cropped-Logo.jpg","width":700,"height":59,"caption":"CRI e Diario de Pernambuco"},"image":{"@id":"https:\/\/diariodepe.com.br\/cri\/#\/schema\/logo\/image\/"}},{"@type":"Person","@id":"https:\/\/diariodepe.com.br\/cri\/#\/schema\/person\/121bb28d84f1a5b1205ef4ce9c2e0c6b","name":"Ismael Lucas S. Pereira","image":{"@type":"ImageObject","inLanguage":"pt-BR","@id":"https:\/\/secure.gravatar.com\/avatar\/887a0f3b5a7ceea963a48499fb883ffce6b5037362def025c52c2505b15d63e4?s=96&d=mm&r=g","url":"https:\/\/secure.gravatar.com\/avatar\/887a0f3b5a7ceea963a48499fb883ffce6b5037362def025c52c2505b15d63e4?s=96&d=mm&r=g","contentUrl":"https:\/\/secure.gravatar.com\/avatar\/887a0f3b5a7ceea963a48499fb883ffce6b5037362def025c52c2505b15d63e4?s=96&d=mm&r=g","caption":"Ismael Lucas S. Pereira"},"url":"https:\/\/diariodepe.com.br\/cri\/author\/ismael-lucas\/"}]}},"cc_featured_image_caption":{"caption_text":false,"source_text":false,"source_url":false},"amp_enabled":true,"_links":{"self":[{"href":"https:\/\/diariodepe.com.br\/cri\/wp-json\/wp\/v2\/posts\/2283","targetHints":{"allow":["GET"]}}],"collection":[{"href":"https:\/\/diariodepe.com.br\/cri\/wp-json\/wp\/v2\/posts"}],"about":[{"href":"https:\/\/diariodepe.com.br\/cri\/wp-json\/wp\/v2\/types\/post"}],"author":[{"embeddable":true,"href":"https:\/\/diariodepe.com.br\/cri\/wp-json\/wp\/v2\/users\/2"}],"replies":[{"embeddable":true,"href":"https:\/\/diariodepe.com.br\/cri\/wp-json\/wp\/v2\/comments?post=2283"}],"version-history":[{"count":1,"href":"https:\/\/diariodepe.com.br\/cri\/wp-json\/wp\/v2\/posts\/2283\/revisions"}],"predecessor-version":[{"id":2285,"href":"https:\/\/diariodepe.com.br\/cri\/wp-json\/wp\/v2\/posts\/2283\/revisions\/2285"}],"wp:featuredmedia":[{"embeddable":true,"href":"https:\/\/diariodepe.com.br\/cri\/wp-json\/wp\/v2\/media\/2284"}],"wp:attachment":[{"href":"https:\/\/diariodepe.com.br\/cri\/wp-json\/wp\/v2\/media?parent=2283"}],"wp:term":[{"taxonomy":"category","embeddable":true,"href":"https:\/\/diariodepe.com.br\/cri\/wp-json\/wp\/v2\/categories?post=2283"},{"taxonomy":"post_tag","embeddable":true,"href":"https:\/\/diariodepe.com.br\/cri\/wp-json\/wp\/v2\/tags?post=2283"}],"curies":[{"name":"wp","href":"https:\/\/api.w.org\/{rel}","templated":true}]}}