{"id":226,"date":"2022-12-23T08:51:48","date_gmt":"2022-12-23T11:51:48","guid":{"rendered":"https:\/\/diariodepe.com.br\/cri\/?p=226"},"modified":"2022-12-23T08:51:49","modified_gmt":"2022-12-23T11:51:49","slug":"lacos-economicos-e-comerciais-china-ue-foram-fortalecidos-em-2022","status":"publish","type":"post","link":"https:\/\/diariodepe.com.br\/cri\/2022\/12\/23\/lacos-economicos-e-comerciais-china-ue-foram-fortalecidos-em-2022\/","title":{"rendered":"<strong>La\u00e7os econ\u00f4micos e comerciais China-UE foram fortalecidos em 2022<\/strong>"},"content":{"rendered":"\n<p>Em 2022, com a recorr\u00eancia da pandemia de Covid-19 e a cont\u00ednua agita\u00e7\u00e3o geopol\u00edtica, a economia mundial foi bem afetada pela crise energ\u00e9tica e pela alta infla\u00e7\u00e3o, e o risco de recess\u00e3o nas grandes economias aumentou acentuadamente. Apesar disso, \u00e9 not\u00e1vel que as rela\u00e7\u00f5es econ\u00f4micas e comerciais entre a China e a Europa, localizadas nas duas extremidades do continente eurasi\u00e1tico, se tornaram mais s\u00f3lidas neste ano e apresentou uma tend\u00eancia positiva de crescimento.&nbsp;<\/p>\n\n\n\n<p>Nos primeiros dez meses de 2022, o com\u00e9rcio China-UE atingiu US$ 711,4 bilh\u00f5es, um aumento de 6,3%. De janeiro a agosto, os investimentos da UE na China foram de US$ 7,45 bilh\u00f5es, um aumento de 121,1% em rela\u00e7\u00e3o ao ano anterior. Em novembro, uma linha de montagem da aeronave Airbus A321 entrou em opera\u00e7\u00e3o em Tianjin, e prev\u00ea-se que a primeira aeronave A321 seja entregue no primeiro trimestre do pr\u00f3ximo ano.&nbsp;<\/p>\n\n\n\n<p>O instituto de pesquisa europeu Rhodium destacou em seu relat\u00f3rio que as 10 maiores empresas europeias que mais investiram na China por ano de 2018 a 2022 foram respons\u00e1veis por quase 80% de todos os investimentos diretos europeus no pa\u00eds asi\u00e1tico. \u00c9 justo dizer que a China e a Europa formaram uma forte simbiose econ\u00f4mica.&nbsp;<\/p>\n\n\n\n<p>No in\u00edcio de dezembro, durante sua visita \u00e0 China, o presidente do Conselho Europeu, Charles Michel, deixou claro que a UE est\u00e1 pronta para ser uma parceira confi\u00e1vel e previs\u00edvel para a China. O l\u00edder chin\u00eas enfatizou que \u00e9 de interesse comum da China, da Europa e da comunidade internacional manter a din\u00e2mica ascendente das rela\u00e7\u00f5es China-UE e persistir nos benef\u00edcios m\u00fatuos.&nbsp;<\/p>\n\n\n\n<p>O ex-primeiro-ministro tcheco Jiri Paroubek argumentou que os EUA est\u00e3o tentando minar a coopera\u00e7\u00e3o UE-China. Para ele, a Europa deve abandonar sua chamada abordagem de confronto, e apontou que a perda do enorme mercado de vendas da China provocar\u00e1 consequ\u00eancias fatais para a Europa.&nbsp;<\/p>\n\n\n\n<p>O ex-diretor do Departamento para os Assuntos Europeus e Internacionais do estado alem\u00e3o de Hesse Michael Borchmann disse que tanto a UE quanto a China t\u00eam uma grande participa\u00e7\u00e3o na ordem mundial baseada na Carta das Na\u00e7\u00f5es Unidas. O crescimento da China durante as \u00faltimas d\u00e9cadas beneficiou tanto a UE quanto a pr\u00f3pria China e a coopera\u00e7\u00e3o com a China \u00e9 o \u00fanico caminho l\u00f3gico a seguir.<\/p>\n","protected":false},"excerpt":{"rendered":"<p>Em 2022, com a recorr\u00eancia da pandemia de Covid-19 e a cont\u00ednua agita\u00e7\u00e3o geopol\u00edtica, a economia mundial foi bem afetada pela crise energ\u00e9tica e pela alta infla\u00e7\u00e3o, e o risco de recess\u00e3o nas grandes economias aumentou acentuadamente. Apesar disso, \u00e9&#8230;<\/p>\n","protected":false},"author":2,"featured_media":227,"comment_status":"open","ping_status":"open","sticky":false,"template":"","format":"standard","meta":{"footnotes":""},"categories":[7],"tags":[],"class_list":["post-226","post","type-post","status-publish","format-standard","has-post-thumbnail","hentry","category-visao"],"yoast_head":"<!-- This site is optimized with the Yoast SEO plugin v27.4 - https:\/\/yoast.com\/product\/yoast-seo-wordpress\/ -->\n<title>La\u00e7os econ\u00f4micos e comerciais China-UE foram fortalecidos em 2022 - CRI e Diario de Pernambuco<\/title>\n<meta name=\"robots\" content=\"index, follow, max-snippet:-1, max-image-preview:large, max-video-preview:-1\" \/>\n<link rel=\"canonical\" href=\"https:\/\/diariodepe.com.br\/cri\/2022\/12\/23\/lacos-economicos-e-comerciais-china-ue-foram-fortalecidos-em-2022\/\" \/>\n<meta property=\"og:locale\" content=\"pt_BR\" \/>\n<meta property=\"og:type\" content=\"article\" \/>\n<meta property=\"og:title\" content=\"La\u00e7os econ\u00f4micos e comerciais China-UE foram fortalecidos em 2022 - CRI e Diario de Pernambuco\" \/>\n<meta property=\"og:description\" content=\"Em 2022, com a recorr\u00eancia da pandemia de Covid-19 e a cont\u00ednua agita\u00e7\u00e3o geopol\u00edtica, a economia mundial foi bem afetada pela crise energ\u00e9tica e pela alta infla\u00e7\u00e3o, e o risco de recess\u00e3o nas grandes economias aumentou acentuadamente. Apesar disso, \u00e9...\" \/>\n<meta property=\"og:url\" content=\"https:\/\/diariodepe.com.br\/cri\/2022\/12\/23\/lacos-economicos-e-comerciais-china-ue-foram-fortalecidos-em-2022\/\" \/>\n<meta property=\"og:site_name\" content=\"CRI e Diario de Pernambuco\" \/>\n<meta property=\"article:published_time\" content=\"2022-12-23T11:51:48+00:00\" \/>\n<meta property=\"article:modified_time\" content=\"2022-12-23T11:51:49+00:00\" \/>\n<meta property=\"og:image\" content=\"https:\/\/diariodepe.com.br\/cri\/wp-content\/uploads\/sites\/2\/2022\/12\/2022122310571919328.png\" \/>\n\t<meta property=\"og:image:width\" content=\"1270\" \/>\n\t<meta property=\"og:image:height\" content=\"714\" \/>\n\t<meta property=\"og:image:type\" content=\"image\/png\" \/>\n<meta name=\"author\" content=\"Ismael Lucas S. Pereira\" \/>\n<meta name=\"twitter:card\" content=\"summary_large_image\" \/>\n<meta name=\"twitter:label1\" content=\"Escrito por\" \/>\n\t<meta name=\"twitter:data1\" content=\"Ismael Lucas S. Pereira\" \/>\n\t<meta name=\"twitter:label2\" content=\"Est. tempo de leitura\" \/>\n\t<meta name=\"twitter:data2\" content=\"3 minutos\" \/>\n<script type=\"application\/ld+json\" class=\"yoast-schema-graph\">{\"@context\":\"https:\\\/\\\/schema.org\",\"@graph\":[{\"@type\":\"Article\",\"@id\":\"https:\\\/\\\/diariodepe.com.br\\\/cri\\\/2022\\\/12\\\/23\\\/lacos-economicos-e-comerciais-china-ue-foram-fortalecidos-em-2022\\\/#article\",\"isPartOf\":{\"@id\":\"https:\\\/\\\/diariodepe.com.br\\\/cri\\\/2022\\\/12\\\/23\\\/lacos-economicos-e-comerciais-china-ue-foram-fortalecidos-em-2022\\\/\"},\"author\":{\"name\":\"Ismael Lucas S. Pereira\",\"@id\":\"https:\\\/\\\/diariodepe.com.br\\\/cri\\\/#\\\/schema\\\/person\\\/121bb28d84f1a5b1205ef4ce9c2e0c6b\"},\"headline\":\"La\u00e7os econ\u00f4micos e comerciais China-UE foram fortalecidos em 2022\",\"datePublished\":\"2022-12-23T11:51:48+00:00\",\"dateModified\":\"2022-12-23T11:51:49+00:00\",\"mainEntityOfPage\":{\"@id\":\"https:\\\/\\\/diariodepe.com.br\\\/cri\\\/2022\\\/12\\\/23\\\/lacos-economicos-e-comerciais-china-ue-foram-fortalecidos-em-2022\\\/\"},\"wordCount\":417,\"commentCount\":0,\"publisher\":{\"@id\":\"https:\\\/\\\/diariodepe.com.br\\\/cri\\\/#organization\"},\"image\":{\"@id\":\"https:\\\/\\\/diariodepe.com.br\\\/cri\\\/2022\\\/12\\\/23\\\/lacos-economicos-e-comerciais-china-ue-foram-fortalecidos-em-2022\\\/#primaryimage\"},\"thumbnailUrl\":\"https:\\\/\\\/diariodepe.com.br\\\/cri\\\/wp-content\\\/uploads\\\/sites\\\/2\\\/2022\\\/12\\\/2022122310571919328.png\",\"articleSection\":[\"Vis\u00e3o\"],\"inLanguage\":\"pt-BR\",\"potentialAction\":[{\"@type\":\"CommentAction\",\"name\":\"Comment\",\"target\":[\"https:\\\/\\\/diariodepe.com.br\\\/cri\\\/2022\\\/12\\\/23\\\/lacos-economicos-e-comerciais-china-ue-foram-fortalecidos-em-2022\\\/#respond\"]}]},{\"@type\":\"WebPage\",\"@id\":\"https:\\\/\\\/diariodepe.com.br\\\/cri\\\/2022\\\/12\\\/23\\\/lacos-economicos-e-comerciais-china-ue-foram-fortalecidos-em-2022\\\/\",\"url\":\"https:\\\/\\\/diariodepe.com.br\\\/cri\\\/2022\\\/12\\\/23\\\/lacos-economicos-e-comerciais-china-ue-foram-fortalecidos-em-2022\\\/\",\"name\":\"La\u00e7os econ\u00f4micos e comerciais China-UE foram fortalecidos em 2022 - CRI e Diario de Pernambuco\",\"isPartOf\":{\"@id\":\"https:\\\/\\\/diariodepe.com.br\\\/cri\\\/#website\"},\"primaryImageOfPage\":{\"@id\":\"https:\\\/\\\/diariodepe.com.br\\\/cri\\\/2022\\\/12\\\/23\\\/lacos-economicos-e-comerciais-china-ue-foram-fortalecidos-em-2022\\\/#primaryimage\"},\"image\":{\"@id\":\"https:\\\/\\\/diariodepe.com.br\\\/cri\\\/2022\\\/12\\\/23\\\/lacos-economicos-e-comerciais-china-ue-foram-fortalecidos-em-2022\\\/#primaryimage\"},\"thumbnailUrl\":\"https:\\\/\\\/diariodepe.com.br\\\/cri\\\/wp-content\\\/uploads\\\/sites\\\/2\\\/2022\\\/12\\\/2022122310571919328.png\",\"datePublished\":\"2022-12-23T11:51:48+00:00\",\"dateModified\":\"2022-12-23T11:51:49+00:00\",\"breadcrumb\":{\"@id\":\"https:\\\/\\\/diariodepe.com.br\\\/cri\\\/2022\\\/12\\\/23\\\/lacos-economicos-e-comerciais-china-ue-foram-fortalecidos-em-2022\\\/#breadcrumb\"},\"inLanguage\":\"pt-BR\",\"potentialAction\":[{\"@type\":\"ReadAction\",\"target\":[\"https:\\\/\\\/diariodepe.com.br\\\/cri\\\/2022\\\/12\\\/23\\\/lacos-economicos-e-comerciais-china-ue-foram-fortalecidos-em-2022\\\/\"]}]},{\"@type\":\"ImageObject\",\"inLanguage\":\"pt-BR\",\"@id\":\"https:\\\/\\\/diariodepe.com.br\\\/cri\\\/2022\\\/12\\\/23\\\/lacos-economicos-e-comerciais-china-ue-foram-fortalecidos-em-2022\\\/#primaryimage\",\"url\":\"https:\\\/\\\/diariodepe.com.br\\\/cri\\\/wp-content\\\/uploads\\\/sites\\\/2\\\/2022\\\/12\\\/2022122310571919328.png\",\"contentUrl\":\"https:\\\/\\\/diariodepe.com.br\\\/cri\\\/wp-content\\\/uploads\\\/sites\\\/2\\\/2022\\\/12\\\/2022122310571919328.png\",\"width\":1270,\"height\":714},{\"@type\":\"BreadcrumbList\",\"@id\":\"https:\\\/\\\/diariodepe.com.br\\\/cri\\\/2022\\\/12\\\/23\\\/lacos-economicos-e-comerciais-china-ue-foram-fortalecidos-em-2022\\\/#breadcrumb\",\"itemListElement\":[{\"@type\":\"ListItem\",\"position\":1,\"name\":\"In\u00edcio\",\"item\":\"https:\\\/\\\/diariodepe.com.br\\\/cri\\\/\"},{\"@type\":\"ListItem\",\"position\":2,\"name\":\"La\u00e7os econ\u00f4micos e comerciais China-UE foram fortalecidos em 2022\"}]},{\"@type\":\"WebSite\",\"@id\":\"https:\\\/\\\/diariodepe.com.br\\\/cri\\\/#website\",\"url\":\"https:\\\/\\\/diariodepe.com.br\\\/cri\\\/\",\"name\":\"CRI e Diario de Pernambuco\",\"description\":\"R\u00e1dio Internacional da China\",\"publisher\":{\"@id\":\"https:\\\/\\\/diariodepe.com.br\\\/cri\\\/#organization\"},\"potentialAction\":[{\"@type\":\"SearchAction\",\"target\":{\"@type\":\"EntryPoint\",\"urlTemplate\":\"https:\\\/\\\/diariodepe.com.br\\\/cri\\\/?s={search_term_string}\"},\"query-input\":{\"@type\":\"PropertyValueSpecification\",\"valueRequired\":true,\"valueName\":\"search_term_string\"}}],\"inLanguage\":\"pt-BR\"},{\"@type\":\"Organization\",\"@id\":\"https:\\\/\\\/diariodepe.com.br\\\/cri\\\/#organization\",\"name\":\"CRI e Diario de Pernambuco\",\"url\":\"https:\\\/\\\/diariodepe.com.br\\\/cri\\\/\",\"logo\":{\"@type\":\"ImageObject\",\"inLanguage\":\"pt-BR\",\"@id\":\"https:\\\/\\\/diariodepe.com.br\\\/cri\\\/#\\\/schema\\\/logo\\\/image\\\/\",\"url\":\"https:\\\/\\\/diariodepe.com.br\\\/cri\\\/wp-content\\\/uploads\\\/sites\\\/2\\\/2022\\\/12\\\/cropped-Logo.jpg\",\"contentUrl\":\"https:\\\/\\\/diariodepe.com.br\\\/cri\\\/wp-content\\\/uploads\\\/sites\\\/2\\\/2022\\\/12\\\/cropped-Logo.jpg\",\"width\":700,\"height\":59,\"caption\":\"CRI e Diario de Pernambuco\"},\"image\":{\"@id\":\"https:\\\/\\\/diariodepe.com.br\\\/cri\\\/#\\\/schema\\\/logo\\\/image\\\/\"}},{\"@type\":\"Person\",\"@id\":\"https:\\\/\\\/diariodepe.com.br\\\/cri\\\/#\\\/schema\\\/person\\\/121bb28d84f1a5b1205ef4ce9c2e0c6b\",\"name\":\"Ismael Lucas S. Pereira\",\"image\":{\"@type\":\"ImageObject\",\"inLanguage\":\"pt-BR\",\"@id\":\"https:\\\/\\\/secure.gravatar.com\\\/avatar\\\/887a0f3b5a7ceea963a48499fb883ffce6b5037362def025c52c2505b15d63e4?s=96&d=mm&r=g\",\"url\":\"https:\\\/\\\/secure.gravatar.com\\\/avatar\\\/887a0f3b5a7ceea963a48499fb883ffce6b5037362def025c52c2505b15d63e4?s=96&d=mm&r=g\",\"contentUrl\":\"https:\\\/\\\/secure.gravatar.com\\\/avatar\\\/887a0f3b5a7ceea963a48499fb883ffce6b5037362def025c52c2505b15d63e4?s=96&d=mm&r=g\",\"caption\":\"Ismael Lucas S. Pereira\"},\"url\":\"https:\\\/\\\/diariodepe.com.br\\\/cri\\\/author\\\/ismael-lucas\\\/\"}]}<\/script>\n<!-- \/ Yoast SEO plugin. -->","yoast_head_json":{"title":"La\u00e7os econ\u00f4micos e comerciais China-UE foram fortalecidos em 2022 - CRI e Diario de Pernambuco","robots":{"index":"index","follow":"follow","max-snippet":"max-snippet:-1","max-image-preview":"max-image-preview:large","max-video-preview":"max-video-preview:-1"},"canonical":"https:\/\/diariodepe.com.br\/cri\/2022\/12\/23\/lacos-economicos-e-comerciais-china-ue-foram-fortalecidos-em-2022\/","og_locale":"pt_BR","og_type":"article","og_title":"La\u00e7os econ\u00f4micos e comerciais China-UE foram fortalecidos em 2022 - CRI e Diario de Pernambuco","og_description":"Em 2022, com a recorr\u00eancia da pandemia de Covid-19 e a cont\u00ednua agita\u00e7\u00e3o geopol\u00edtica, a economia mundial foi bem afetada pela crise energ\u00e9tica e pela alta infla\u00e7\u00e3o, e o risco de recess\u00e3o nas grandes economias aumentou acentuadamente. Apesar disso, \u00e9...","og_url":"https:\/\/diariodepe.com.br\/cri\/2022\/12\/23\/lacos-economicos-e-comerciais-china-ue-foram-fortalecidos-em-2022\/","og_site_name":"CRI e Diario de Pernambuco","article_published_time":"2022-12-23T11:51:48+00:00","article_modified_time":"2022-12-23T11:51:49+00:00","og_image":[{"width":1270,"height":714,"url":"https:\/\/diariodepe.com.br\/cri\/wp-content\/uploads\/sites\/2\/2022\/12\/2022122310571919328.png","type":"image\/png"}],"author":"Ismael Lucas S. Pereira","twitter_card":"summary_large_image","twitter_misc":{"Escrito por":"Ismael Lucas S. Pereira","Est. tempo de leitura":"3 minutos"},"schema":{"@context":"https:\/\/schema.org","@graph":[{"@type":"Article","@id":"https:\/\/diariodepe.com.br\/cri\/2022\/12\/23\/lacos-economicos-e-comerciais-china-ue-foram-fortalecidos-em-2022\/#article","isPartOf":{"@id":"https:\/\/diariodepe.com.br\/cri\/2022\/12\/23\/lacos-economicos-e-comerciais-china-ue-foram-fortalecidos-em-2022\/"},"author":{"name":"Ismael Lucas S. Pereira","@id":"https:\/\/diariodepe.com.br\/cri\/#\/schema\/person\/121bb28d84f1a5b1205ef4ce9c2e0c6b"},"headline":"La\u00e7os econ\u00f4micos e comerciais China-UE foram fortalecidos em 2022","datePublished":"2022-12-23T11:51:48+00:00","dateModified":"2022-12-23T11:51:49+00:00","mainEntityOfPage":{"@id":"https:\/\/diariodepe.com.br\/cri\/2022\/12\/23\/lacos-economicos-e-comerciais-china-ue-foram-fortalecidos-em-2022\/"},"wordCount":417,"commentCount":0,"publisher":{"@id":"https:\/\/diariodepe.com.br\/cri\/#organization"},"image":{"@id":"https:\/\/diariodepe.com.br\/cri\/2022\/12\/23\/lacos-economicos-e-comerciais-china-ue-foram-fortalecidos-em-2022\/#primaryimage"},"thumbnailUrl":"https:\/\/diariodepe.com.br\/cri\/wp-content\/uploads\/sites\/2\/2022\/12\/2022122310571919328.png","articleSection":["Vis\u00e3o"],"inLanguage":"pt-BR","potentialAction":[{"@type":"CommentAction","name":"Comment","target":["https:\/\/diariodepe.com.br\/cri\/2022\/12\/23\/lacos-economicos-e-comerciais-china-ue-foram-fortalecidos-em-2022\/#respond"]}]},{"@type":"WebPage","@id":"https:\/\/diariodepe.com.br\/cri\/2022\/12\/23\/lacos-economicos-e-comerciais-china-ue-foram-fortalecidos-em-2022\/","url":"https:\/\/diariodepe.com.br\/cri\/2022\/12\/23\/lacos-economicos-e-comerciais-china-ue-foram-fortalecidos-em-2022\/","name":"La\u00e7os econ\u00f4micos e comerciais China-UE foram fortalecidos em 2022 - CRI e Diario de Pernambuco","isPartOf":{"@id":"https:\/\/diariodepe.com.br\/cri\/#website"},"primaryImageOfPage":{"@id":"https:\/\/diariodepe.com.br\/cri\/2022\/12\/23\/lacos-economicos-e-comerciais-china-ue-foram-fortalecidos-em-2022\/#primaryimage"},"image":{"@id":"https:\/\/diariodepe.com.br\/cri\/2022\/12\/23\/lacos-economicos-e-comerciais-china-ue-foram-fortalecidos-em-2022\/#primaryimage"},"thumbnailUrl":"https:\/\/diariodepe.com.br\/cri\/wp-content\/uploads\/sites\/2\/2022\/12\/2022122310571919328.png","datePublished":"2022-12-23T11:51:48+00:00","dateModified":"2022-12-23T11:51:49+00:00","breadcrumb":{"@id":"https:\/\/diariodepe.com.br\/cri\/2022\/12\/23\/lacos-economicos-e-comerciais-china-ue-foram-fortalecidos-em-2022\/#breadcrumb"},"inLanguage":"pt-BR","potentialAction":[{"@type":"ReadAction","target":["https:\/\/diariodepe.com.br\/cri\/2022\/12\/23\/lacos-economicos-e-comerciais-china-ue-foram-fortalecidos-em-2022\/"]}]},{"@type":"ImageObject","inLanguage":"pt-BR","@id":"https:\/\/diariodepe.com.br\/cri\/2022\/12\/23\/lacos-economicos-e-comerciais-china-ue-foram-fortalecidos-em-2022\/#primaryimage","url":"https:\/\/diariodepe.com.br\/cri\/wp-content\/uploads\/sites\/2\/2022\/12\/2022122310571919328.png","contentUrl":"https:\/\/diariodepe.com.br\/cri\/wp-content\/uploads\/sites\/2\/2022\/12\/2022122310571919328.png","width":1270,"height":714},{"@type":"BreadcrumbList","@id":"https:\/\/diariodepe.com.br\/cri\/2022\/12\/23\/lacos-economicos-e-comerciais-china-ue-foram-fortalecidos-em-2022\/#breadcrumb","itemListElement":[{"@type":"ListItem","position":1,"name":"In\u00edcio","item":"https:\/\/diariodepe.com.br\/cri\/"},{"@type":"ListItem","position":2,"name":"La\u00e7os econ\u00f4micos e comerciais China-UE foram fortalecidos em 2022"}]},{"@type":"WebSite","@id":"https:\/\/diariodepe.com.br\/cri\/#website","url":"https:\/\/diariodepe.com.br\/cri\/","name":"CRI e Diario de Pernambuco","description":"R\u00e1dio Internacional da China","publisher":{"@id":"https:\/\/diariodepe.com.br\/cri\/#organization"},"potentialAction":[{"@type":"SearchAction","target":{"@type":"EntryPoint","urlTemplate":"https:\/\/diariodepe.com.br\/cri\/?s={search_term_string}"},"query-input":{"@type":"PropertyValueSpecification","valueRequired":true,"valueName":"search_term_string"}}],"inLanguage":"pt-BR"},{"@type":"Organization","@id":"https:\/\/diariodepe.com.br\/cri\/#organization","name":"CRI e Diario de Pernambuco","url":"https:\/\/diariodepe.com.br\/cri\/","logo":{"@type":"ImageObject","inLanguage":"pt-BR","@id":"https:\/\/diariodepe.com.br\/cri\/#\/schema\/logo\/image\/","url":"https:\/\/diariodepe.com.br\/cri\/wp-content\/uploads\/sites\/2\/2022\/12\/cropped-Logo.jpg","contentUrl":"https:\/\/diariodepe.com.br\/cri\/wp-content\/uploads\/sites\/2\/2022\/12\/cropped-Logo.jpg","width":700,"height":59,"caption":"CRI e Diario de Pernambuco"},"image":{"@id":"https:\/\/diariodepe.com.br\/cri\/#\/schema\/logo\/image\/"}},{"@type":"Person","@id":"https:\/\/diariodepe.com.br\/cri\/#\/schema\/person\/121bb28d84f1a5b1205ef4ce9c2e0c6b","name":"Ismael Lucas S. Pereira","image":{"@type":"ImageObject","inLanguage":"pt-BR","@id":"https:\/\/secure.gravatar.com\/avatar\/887a0f3b5a7ceea963a48499fb883ffce6b5037362def025c52c2505b15d63e4?s=96&d=mm&r=g","url":"https:\/\/secure.gravatar.com\/avatar\/887a0f3b5a7ceea963a48499fb883ffce6b5037362def025c52c2505b15d63e4?s=96&d=mm&r=g","contentUrl":"https:\/\/secure.gravatar.com\/avatar\/887a0f3b5a7ceea963a48499fb883ffce6b5037362def025c52c2505b15d63e4?s=96&d=mm&r=g","caption":"Ismael Lucas S. Pereira"},"url":"https:\/\/diariodepe.com.br\/cri\/author\/ismael-lucas\/"}]}},"cc_featured_image_caption":{"caption_text":"","source_text":"","source_url":""},"amp_enabled":true,"_links":{"self":[{"href":"https:\/\/diariodepe.com.br\/cri\/wp-json\/wp\/v2\/posts\/226","targetHints":{"allow":["GET"]}}],"collection":[{"href":"https:\/\/diariodepe.com.br\/cri\/wp-json\/wp\/v2\/posts"}],"about":[{"href":"https:\/\/diariodepe.com.br\/cri\/wp-json\/wp\/v2\/types\/post"}],"author":[{"embeddable":true,"href":"https:\/\/diariodepe.com.br\/cri\/wp-json\/wp\/v2\/users\/2"}],"replies":[{"embeddable":true,"href":"https:\/\/diariodepe.com.br\/cri\/wp-json\/wp\/v2\/comments?post=226"}],"version-history":[{"count":1,"href":"https:\/\/diariodepe.com.br\/cri\/wp-json\/wp\/v2\/posts\/226\/revisions"}],"predecessor-version":[{"id":228,"href":"https:\/\/diariodepe.com.br\/cri\/wp-json\/wp\/v2\/posts\/226\/revisions\/228"}],"wp:featuredmedia":[{"embeddable":true,"href":"https:\/\/diariodepe.com.br\/cri\/wp-json\/wp\/v2\/media\/227"}],"wp:attachment":[{"href":"https:\/\/diariodepe.com.br\/cri\/wp-json\/wp\/v2\/media?parent=226"}],"wp:term":[{"taxonomy":"category","embeddable":true,"href":"https:\/\/diariodepe.com.br\/cri\/wp-json\/wp\/v2\/categories?post=226"},{"taxonomy":"post_tag","embeddable":true,"href":"https:\/\/diariodepe.com.br\/cri\/wp-json\/wp\/v2\/tags?post=226"}],"curies":[{"name":"wp","href":"https:\/\/api.w.org\/{rel}","templated":true}]}}