{"id":2230,"date":"2023-08-17T10:36:49","date_gmt":"2023-08-17T13:36:49","guid":{"rendered":"https:\/\/diariodepe.com.br\/cri\/?p=2230"},"modified":"2023-08-17T10:36:49","modified_gmt":"2023-08-17T13:36:49","slug":"biden-poe-retrocesso-economico-a-vista","status":"publish","type":"post","link":"https:\/\/diariodepe.com.br\/cri\/2023\/08\/17\/biden-poe-retrocesso-economico-a-vista\/","title":{"rendered":"Biden p\u00f5e retrocesso econ\u00f4mico \u00e0 vista"},"content":{"rendered":"<p>Autoridades chinesas e especialistas mostram preocupa\u00e7\u00e3o com travamento do setor de tecnologias de informa\u00e7\u00e3o ap\u00f3s restri\u00e7\u00e3o comercial norte-americana<\/p>\n<p>Um novo cap\u00edtulo das recorrentes crises bilaterais entre Estados Unidos e China, todas causadas pela pot\u00eancia ocidental desde, pelo menos, o governo de Donald Trump, foi estabelecido esta semana pelo presidente Joe Biden. Ele assinou na \u00faltima quarta-feira, 9 de agosto, uma ordem executiva proibindo investimentos de seu pa\u00eds em empresas de tecnologias de informa\u00e7\u00e3o chinesas. Os setores atingidos foram tecnologia de informa\u00e7\u00e3o qu\u00e2ntica, intelig\u00eancia artificial e semicondutores. Tamb\u00e9m foi estabelecido que empresas que j\u00e1 tenham neg\u00f3cios com a China nestes\u00a0setores\u00a0estejam livres da obriga\u00e7\u00e3o, mantendo seus acordos, mas que prestem satisfa\u00e7\u00f5es regulares \u00e0 Casa Branca.<\/p>\n<p>Tal medida evidencia que, ao menos em mat\u00e9ria de assuntos internacionais, pouco importa quem assume o Estado americano na dissimulada democracia estadunidense, em que dois grupos pol\u00edticos com ideias praticamente iguais se alternam no poder. Atualmente, os esfor\u00e7os dos Estados Unidos apontam no sentido de arregimentar os pa\u00edses ocidentais, sobretudo as pot\u00eancias europeias, numa nova polariza\u00e7\u00e3o global que reviva a Guerra Fria, fazendo girar a roda do capital americano por meio do exclusivismo de mercado, justificado por disputa ideol\u00f3gica.<\/p>\n<p>A justificativa oficial dos Estados Unidos foi a de sempre: o pa\u00eds estaria se resguardando ante setores estrat\u00e9gicos, que amea\u00e7am a seguran\u00e7a de Estado. Entretanto, a mesma medida n\u00e3o vale para outro pa\u00eds que tenha a economia, a ind\u00fastria e setor militar avan\u00e7ados, n\u00e3o havendo explica\u00e7\u00e3o de por que apenas a China teria sido obstru\u00edda. Por outro lado, a China reprovou veementemente a decis\u00e3o de Biden, comunicando-se por meio do Minist\u00e9rio das Rela\u00e7\u00f5es Exteriores. De acordo com o jornal Di\u00e1rio do Povo, um porta-voz do minist\u00e9rio (n\u00e3o identificado na mat\u00e9ria) declarou:<\/p>\n<p>\u201cIsso \u00e9 coer\u00e7\u00e3o econ\u00f4mica e bullying tecnol\u00f3gico flagrantes, um ato que viola seriamente os princ\u00edpios da economia de mercado e concorr\u00eancia leal, mina a ordem econ\u00f4mica e comercial internacional, desestabiliza as cadeias industriais e de suprimentos globais e prejudica os interesses da China e dos Estados Unidos e da comunidade empresarial global\u201d, destacou o porta-voz.\u00a0\u201cIsso \u00e9 desglobaliza\u00e7\u00e3o e um movimento para excluir a China gradualmente.\u201d<\/p>\n<p>N\u00e3o apenas a China e as rela\u00e7\u00f5es globais, mas o setor de tecnologias de informa\u00e7\u00e3o pode pagar o pre\u00e7o da m\u00e1 decis\u00e3o de Joe Biden. Segundo o professor-associado de ci\u00eancia pol\u00edtica da Universidade da Calif\u00f3rnia,\u00a0Victor Shih, em entrevista \u00e0 ag\u00eancia Xinhua, \u201cAs\u00a0empresas de chips dos EUA, como qualquer empresa, est\u00e3o muito interessadas em expandir a participa\u00e7\u00e3o no mercado, e vender para o mercado chin\u00eas \u00e9 muito importante, j\u00e1 que a China \u00e9 agora o maior consumidor de chips do mundo\u201d.<\/p>\n<p>De acordo com a Associa\u00e7\u00e3o da Ind\u00fastria de Semicondutores, as vendas mundiais totalizaram 556 bilh\u00f5es de d\u00f3lares em 2021, \u00faltimo levantamento realizado. Shih afirma que, para manter esse fluxo de com\u00e9rcio, n\u00e3o se sabe se a ind\u00fastria vai se sustentar sem o mercado e as ind\u00fastrias chinesas, sobretudo numa situa\u00e7\u00e3o de retalia\u00e7\u00e3o, que pode prejudicar a rede necess\u00e1ria para mat\u00e9rias-primas, produ\u00e7\u00e3o industrial e at\u00e9 a forma\u00e7\u00e3o de profissionais qualificados. \u201cA base de custo mais alta nos EUA n\u00e3o mudar\u00e1 no curto prazo. No m\u00e9dio prazo, ainda n\u00e3o est\u00e1 claro se os EUA podem estabelecer um programa de aprendizado para treinar um n\u00famero suficiente de t\u00e9cnicos para f\u00e1bricas de semicondutores.\u201d<\/p>\n<p>A posi\u00e7\u00e3o inicial do governo chin\u00eas \u00e9 de espera. Entretanto, o embaixador da China nos Estados Unidos, Xie Feng, j\u00e1 havia afirmado durante o F\u00f3rum de Seguran\u00e7a de Aspen, no fim de julho, que seu pa\u00eds quer evitar de toda forma a guerra comercial, mas ser\u00e1 obrigado a retaliar se n\u00e3o houver razoabilidade da parte americana. \u201cO governo da China n\u00e3o pode simplesmente ficar de bra\u00e7os cruzados. H\u00e1 um ditado chin\u00eas que diz que n\u00e3o faremos provoca\u00e7\u00f5es, mas n\u00e3o recuaremos diante de uma.\u201d Na sequ\u00eancia, ele disse: \u201cN\u00e3o queremos uma guerra comercial, uma guerra tecnol\u00f3gica, queremos dizer adeus \u00e0 Cortina de Ferro, bem como \u00e0 Cortina de Sil\u00edcio.\u201d<\/p>\n<p>Tais informa\u00e7\u00f5es, de conjunto, demonstram o perigo n\u00e3o somente pol\u00edtico, mas econ\u00f4mico, da guerra ideol\u00f3gica transformada em guerra comercial pelos Estados Unidos. Aquele que \u00e9, hoje, o setor econ\u00f4mico que mais cresce no mundo, tendo representado o grande avan\u00e7o tecnol\u00f3gico da \u00faltima d\u00e9cada, pode ter seu fluxo de capitais travado por uma ruptura unilateral das leis de mercado, por parte de Joe Biden. A China, que n\u00e3o s\u00f3 no atual momento, mas na hist\u00f3ria, n\u00e3o tem sequer um caso de a\u00e7\u00e3o civil ou militar contra a soberania de outros povos, sendo mundialmente conhecida por sua diplomacia eficaz, paga o pre\u00e7o de ser a principal na\u00e7\u00e3o emergente do mundo.<\/p>\n<p>A m\u00e1quina de propaganda ocidental seguir\u00e1 falando em democracia e direitos humanos,\u00a0levantando o fantasma do comunismo sovi\u00e9tico\u00a0e tudo mais, mas a verdade \u00e9 que o mundo j\u00e1 chegou \u00e0 guerra na Europa, e pode chegar ao retrocesso econ\u00f4mico, gra\u00e7as \u00e0 relut\u00e2ncia ocidental em aceitar a prosperidade de outros pa\u00edses, bem como um projeto de rela\u00e7\u00f5es globais que n\u00e3o passe pela centralidade do capital norte-americano.<\/p>\n<p>Por H\u00e9lio de Mendon\u00e7a Rocha, articulista e rep\u00f3rter de pol\u00edtica internacional<\/p>\n","protected":false},"excerpt":{"rendered":"<p>Autoridades chinesas e especialistas mostram preocupa\u00e7\u00e3o com travamento do setor de tecnologias de informa\u00e7\u00e3o ap\u00f3s restri\u00e7\u00e3o comercial norte-americana Um novo cap\u00edtulo das recorrentes crises bilaterais entre Estados Unidos e China, todas causadas pela pot\u00eancia ocidental desde, pelo menos, o governo&#8230;<\/p>\n","protected":false},"author":2,"featured_media":2231,"comment_status":"open","ping_status":"open","sticky":false,"template":"","format":"standard","meta":{"footnotes":""},"categories":[5,7],"tags":[],"class_list":["post-2230","post","type-post","status-publish","format-standard","has-post-thumbnail","hentry","category-destaques-capa","category-visao"],"yoast_head":"<!-- This site is optimized with the Yoast SEO plugin v27.4 - https:\/\/yoast.com\/product\/yoast-seo-wordpress\/ -->\n<title>Biden p\u00f5e retrocesso econ\u00f4mico \u00e0 vista - CRI e Diario de Pernambuco<\/title>\n<meta name=\"robots\" content=\"index, follow, max-snippet:-1, max-image-preview:large, max-video-preview:-1\" \/>\n<link rel=\"canonical\" href=\"https:\/\/diariodepe.com.br\/cri\/2023\/08\/17\/biden-poe-retrocesso-economico-a-vista\/\" \/>\n<meta property=\"og:locale\" content=\"pt_BR\" \/>\n<meta property=\"og:type\" content=\"article\" \/>\n<meta property=\"og:title\" content=\"Biden p\u00f5e retrocesso econ\u00f4mico \u00e0 vista - CRI e Diario de Pernambuco\" \/>\n<meta property=\"og:description\" content=\"Autoridades chinesas e especialistas mostram preocupa\u00e7\u00e3o com travamento do setor de tecnologias de informa\u00e7\u00e3o ap\u00f3s restri\u00e7\u00e3o comercial norte-americana Um novo cap\u00edtulo das recorrentes crises bilaterais entre Estados Unidos e China, todas causadas pela pot\u00eancia ocidental desde, pelo menos, o governo...\" \/>\n<meta property=\"og:url\" content=\"https:\/\/diariodepe.com.br\/cri\/2023\/08\/17\/biden-poe-retrocesso-economico-a-vista\/\" \/>\n<meta property=\"og:site_name\" content=\"CRI e Diario de Pernambuco\" \/>\n<meta property=\"article:published_time\" content=\"2023-08-17T13:36:49+00:00\" \/>\n<meta property=\"og:image\" content=\"https:\/\/diariodepe.com.br\/cri\/wp-content\/uploads\/sites\/2\/2023\/08\/2023081610470231192.jpeg\" \/>\n\t<meta property=\"og:image:width\" content=\"800\" \/>\n\t<meta property=\"og:image:height\" content=\"532\" \/>\n\t<meta property=\"og:image:type\" content=\"image\/jpeg\" \/>\n<meta name=\"author\" content=\"Ismael Lucas S. Pereira\" \/>\n<meta name=\"twitter:card\" content=\"summary_large_image\" \/>\n<meta name=\"twitter:label1\" content=\"Escrito por\" \/>\n\t<meta name=\"twitter:data1\" content=\"Ismael Lucas S. Pereira\" \/>\n\t<meta name=\"twitter:label2\" content=\"Est. tempo de leitura\" \/>\n\t<meta name=\"twitter:data2\" content=\"5 minutos\" \/>\n<script type=\"application\/ld+json\" class=\"yoast-schema-graph\">{\"@context\":\"https:\\\/\\\/schema.org\",\"@graph\":[{\"@type\":\"Article\",\"@id\":\"https:\\\/\\\/diariodepe.com.br\\\/cri\\\/2023\\\/08\\\/17\\\/biden-poe-retrocesso-economico-a-vista\\\/#article\",\"isPartOf\":{\"@id\":\"https:\\\/\\\/diariodepe.com.br\\\/cri\\\/2023\\\/08\\\/17\\\/biden-poe-retrocesso-economico-a-vista\\\/\"},\"author\":{\"name\":\"Ismael Lucas S. Pereira\",\"@id\":\"https:\\\/\\\/diariodepe.com.br\\\/cri\\\/#\\\/schema\\\/person\\\/121bb28d84f1a5b1205ef4ce9c2e0c6b\"},\"headline\":\"Biden p\u00f5e retrocesso econ\u00f4mico \u00e0 vista\",\"datePublished\":\"2023-08-17T13:36:49+00:00\",\"mainEntityOfPage\":{\"@id\":\"https:\\\/\\\/diariodepe.com.br\\\/cri\\\/2023\\\/08\\\/17\\\/biden-poe-retrocesso-economico-a-vista\\\/\"},\"wordCount\":948,\"commentCount\":0,\"publisher\":{\"@id\":\"https:\\\/\\\/diariodepe.com.br\\\/cri\\\/#organization\"},\"image\":{\"@id\":\"https:\\\/\\\/diariodepe.com.br\\\/cri\\\/2023\\\/08\\\/17\\\/biden-poe-retrocesso-economico-a-vista\\\/#primaryimage\"},\"thumbnailUrl\":\"https:\\\/\\\/diariodepe.com.br\\\/cri\\\/wp-content\\\/uploads\\\/sites\\\/2\\\/2023\\\/08\\\/2023081610470231192.jpeg\",\"articleSection\":[\"Destaques Capa\",\"Vis\u00e3o\"],\"inLanguage\":\"pt-BR\",\"potentialAction\":[{\"@type\":\"CommentAction\",\"name\":\"Comment\",\"target\":[\"https:\\\/\\\/diariodepe.com.br\\\/cri\\\/2023\\\/08\\\/17\\\/biden-poe-retrocesso-economico-a-vista\\\/#respond\"]}]},{\"@type\":\"WebPage\",\"@id\":\"https:\\\/\\\/diariodepe.com.br\\\/cri\\\/2023\\\/08\\\/17\\\/biden-poe-retrocesso-economico-a-vista\\\/\",\"url\":\"https:\\\/\\\/diariodepe.com.br\\\/cri\\\/2023\\\/08\\\/17\\\/biden-poe-retrocesso-economico-a-vista\\\/\",\"name\":\"Biden p\u00f5e retrocesso econ\u00f4mico \u00e0 vista - CRI e Diario de Pernambuco\",\"isPartOf\":{\"@id\":\"https:\\\/\\\/diariodepe.com.br\\\/cri\\\/#website\"},\"primaryImageOfPage\":{\"@id\":\"https:\\\/\\\/diariodepe.com.br\\\/cri\\\/2023\\\/08\\\/17\\\/biden-poe-retrocesso-economico-a-vista\\\/#primaryimage\"},\"image\":{\"@id\":\"https:\\\/\\\/diariodepe.com.br\\\/cri\\\/2023\\\/08\\\/17\\\/biden-poe-retrocesso-economico-a-vista\\\/#primaryimage\"},\"thumbnailUrl\":\"https:\\\/\\\/diariodepe.com.br\\\/cri\\\/wp-content\\\/uploads\\\/sites\\\/2\\\/2023\\\/08\\\/2023081610470231192.jpeg\",\"datePublished\":\"2023-08-17T13:36:49+00:00\",\"breadcrumb\":{\"@id\":\"https:\\\/\\\/diariodepe.com.br\\\/cri\\\/2023\\\/08\\\/17\\\/biden-poe-retrocesso-economico-a-vista\\\/#breadcrumb\"},\"inLanguage\":\"pt-BR\",\"potentialAction\":[{\"@type\":\"ReadAction\",\"target\":[\"https:\\\/\\\/diariodepe.com.br\\\/cri\\\/2023\\\/08\\\/17\\\/biden-poe-retrocesso-economico-a-vista\\\/\"]}]},{\"@type\":\"ImageObject\",\"inLanguage\":\"pt-BR\",\"@id\":\"https:\\\/\\\/diariodepe.com.br\\\/cri\\\/2023\\\/08\\\/17\\\/biden-poe-retrocesso-economico-a-vista\\\/#primaryimage\",\"url\":\"https:\\\/\\\/diariodepe.com.br\\\/cri\\\/wp-content\\\/uploads\\\/sites\\\/2\\\/2023\\\/08\\\/2023081610470231192.jpeg\",\"contentUrl\":\"https:\\\/\\\/diariodepe.com.br\\\/cri\\\/wp-content\\\/uploads\\\/sites\\\/2\\\/2023\\\/08\\\/2023081610470231192.jpeg\",\"width\":800,\"height\":532},{\"@type\":\"BreadcrumbList\",\"@id\":\"https:\\\/\\\/diariodepe.com.br\\\/cri\\\/2023\\\/08\\\/17\\\/biden-poe-retrocesso-economico-a-vista\\\/#breadcrumb\",\"itemListElement\":[{\"@type\":\"ListItem\",\"position\":1,\"name\":\"In\u00edcio\",\"item\":\"https:\\\/\\\/diariodepe.com.br\\\/cri\\\/\"},{\"@type\":\"ListItem\",\"position\":2,\"name\":\"Biden p\u00f5e retrocesso econ\u00f4mico \u00e0 vista\"}]},{\"@type\":\"WebSite\",\"@id\":\"https:\\\/\\\/diariodepe.com.br\\\/cri\\\/#website\",\"url\":\"https:\\\/\\\/diariodepe.com.br\\\/cri\\\/\",\"name\":\"CRI e Diario de Pernambuco\",\"description\":\"R\u00e1dio Internacional da China\",\"publisher\":{\"@id\":\"https:\\\/\\\/diariodepe.com.br\\\/cri\\\/#organization\"},\"potentialAction\":[{\"@type\":\"SearchAction\",\"target\":{\"@type\":\"EntryPoint\",\"urlTemplate\":\"https:\\\/\\\/diariodepe.com.br\\\/cri\\\/?s={search_term_string}\"},\"query-input\":{\"@type\":\"PropertyValueSpecification\",\"valueRequired\":true,\"valueName\":\"search_term_string\"}}],\"inLanguage\":\"pt-BR\"},{\"@type\":\"Organization\",\"@id\":\"https:\\\/\\\/diariodepe.com.br\\\/cri\\\/#organization\",\"name\":\"CRI e Diario de Pernambuco\",\"url\":\"https:\\\/\\\/diariodepe.com.br\\\/cri\\\/\",\"logo\":{\"@type\":\"ImageObject\",\"inLanguage\":\"pt-BR\",\"@id\":\"https:\\\/\\\/diariodepe.com.br\\\/cri\\\/#\\\/schema\\\/logo\\\/image\\\/\",\"url\":\"https:\\\/\\\/diariodepe.com.br\\\/cri\\\/wp-content\\\/uploads\\\/sites\\\/2\\\/2022\\\/12\\\/cropped-Logo.jpg\",\"contentUrl\":\"https:\\\/\\\/diariodepe.com.br\\\/cri\\\/wp-content\\\/uploads\\\/sites\\\/2\\\/2022\\\/12\\\/cropped-Logo.jpg\",\"width\":700,\"height\":59,\"caption\":\"CRI e Diario de Pernambuco\"},\"image\":{\"@id\":\"https:\\\/\\\/diariodepe.com.br\\\/cri\\\/#\\\/schema\\\/logo\\\/image\\\/\"}},{\"@type\":\"Person\",\"@id\":\"https:\\\/\\\/diariodepe.com.br\\\/cri\\\/#\\\/schema\\\/person\\\/121bb28d84f1a5b1205ef4ce9c2e0c6b\",\"name\":\"Ismael Lucas S. Pereira\",\"image\":{\"@type\":\"ImageObject\",\"inLanguage\":\"pt-BR\",\"@id\":\"https:\\\/\\\/secure.gravatar.com\\\/avatar\\\/887a0f3b5a7ceea963a48499fb883ffce6b5037362def025c52c2505b15d63e4?s=96&d=mm&r=g\",\"url\":\"https:\\\/\\\/secure.gravatar.com\\\/avatar\\\/887a0f3b5a7ceea963a48499fb883ffce6b5037362def025c52c2505b15d63e4?s=96&d=mm&r=g\",\"contentUrl\":\"https:\\\/\\\/secure.gravatar.com\\\/avatar\\\/887a0f3b5a7ceea963a48499fb883ffce6b5037362def025c52c2505b15d63e4?s=96&d=mm&r=g\",\"caption\":\"Ismael Lucas S. Pereira\"},\"url\":\"https:\\\/\\\/diariodepe.com.br\\\/cri\\\/author\\\/ismael-lucas\\\/\"}]}<\/script>\n<!-- \/ Yoast SEO plugin. -->","yoast_head_json":{"title":"Biden p\u00f5e retrocesso econ\u00f4mico \u00e0 vista - CRI e Diario de Pernambuco","robots":{"index":"index","follow":"follow","max-snippet":"max-snippet:-1","max-image-preview":"max-image-preview:large","max-video-preview":"max-video-preview:-1"},"canonical":"https:\/\/diariodepe.com.br\/cri\/2023\/08\/17\/biden-poe-retrocesso-economico-a-vista\/","og_locale":"pt_BR","og_type":"article","og_title":"Biden p\u00f5e retrocesso econ\u00f4mico \u00e0 vista - CRI e Diario de Pernambuco","og_description":"Autoridades chinesas e especialistas mostram preocupa\u00e7\u00e3o com travamento do setor de tecnologias de informa\u00e7\u00e3o ap\u00f3s restri\u00e7\u00e3o comercial norte-americana Um novo cap\u00edtulo das recorrentes crises bilaterais entre Estados Unidos e China, todas causadas pela pot\u00eancia ocidental desde, pelo menos, o governo...","og_url":"https:\/\/diariodepe.com.br\/cri\/2023\/08\/17\/biden-poe-retrocesso-economico-a-vista\/","og_site_name":"CRI e Diario de Pernambuco","article_published_time":"2023-08-17T13:36:49+00:00","og_image":[{"width":800,"height":532,"url":"https:\/\/diariodepe.com.br\/cri\/wp-content\/uploads\/sites\/2\/2023\/08\/2023081610470231192.jpeg","type":"image\/jpeg"}],"author":"Ismael Lucas S. Pereira","twitter_card":"summary_large_image","twitter_misc":{"Escrito por":"Ismael Lucas S. Pereira","Est. tempo de leitura":"5 minutos"},"schema":{"@context":"https:\/\/schema.org","@graph":[{"@type":"Article","@id":"https:\/\/diariodepe.com.br\/cri\/2023\/08\/17\/biden-poe-retrocesso-economico-a-vista\/#article","isPartOf":{"@id":"https:\/\/diariodepe.com.br\/cri\/2023\/08\/17\/biden-poe-retrocesso-economico-a-vista\/"},"author":{"name":"Ismael Lucas S. Pereira","@id":"https:\/\/diariodepe.com.br\/cri\/#\/schema\/person\/121bb28d84f1a5b1205ef4ce9c2e0c6b"},"headline":"Biden p\u00f5e retrocesso econ\u00f4mico \u00e0 vista","datePublished":"2023-08-17T13:36:49+00:00","mainEntityOfPage":{"@id":"https:\/\/diariodepe.com.br\/cri\/2023\/08\/17\/biden-poe-retrocesso-economico-a-vista\/"},"wordCount":948,"commentCount":0,"publisher":{"@id":"https:\/\/diariodepe.com.br\/cri\/#organization"},"image":{"@id":"https:\/\/diariodepe.com.br\/cri\/2023\/08\/17\/biden-poe-retrocesso-economico-a-vista\/#primaryimage"},"thumbnailUrl":"https:\/\/diariodepe.com.br\/cri\/wp-content\/uploads\/sites\/2\/2023\/08\/2023081610470231192.jpeg","articleSection":["Destaques Capa","Vis\u00e3o"],"inLanguage":"pt-BR","potentialAction":[{"@type":"CommentAction","name":"Comment","target":["https:\/\/diariodepe.com.br\/cri\/2023\/08\/17\/biden-poe-retrocesso-economico-a-vista\/#respond"]}]},{"@type":"WebPage","@id":"https:\/\/diariodepe.com.br\/cri\/2023\/08\/17\/biden-poe-retrocesso-economico-a-vista\/","url":"https:\/\/diariodepe.com.br\/cri\/2023\/08\/17\/biden-poe-retrocesso-economico-a-vista\/","name":"Biden p\u00f5e retrocesso econ\u00f4mico \u00e0 vista - CRI e Diario de Pernambuco","isPartOf":{"@id":"https:\/\/diariodepe.com.br\/cri\/#website"},"primaryImageOfPage":{"@id":"https:\/\/diariodepe.com.br\/cri\/2023\/08\/17\/biden-poe-retrocesso-economico-a-vista\/#primaryimage"},"image":{"@id":"https:\/\/diariodepe.com.br\/cri\/2023\/08\/17\/biden-poe-retrocesso-economico-a-vista\/#primaryimage"},"thumbnailUrl":"https:\/\/diariodepe.com.br\/cri\/wp-content\/uploads\/sites\/2\/2023\/08\/2023081610470231192.jpeg","datePublished":"2023-08-17T13:36:49+00:00","breadcrumb":{"@id":"https:\/\/diariodepe.com.br\/cri\/2023\/08\/17\/biden-poe-retrocesso-economico-a-vista\/#breadcrumb"},"inLanguage":"pt-BR","potentialAction":[{"@type":"ReadAction","target":["https:\/\/diariodepe.com.br\/cri\/2023\/08\/17\/biden-poe-retrocesso-economico-a-vista\/"]}]},{"@type":"ImageObject","inLanguage":"pt-BR","@id":"https:\/\/diariodepe.com.br\/cri\/2023\/08\/17\/biden-poe-retrocesso-economico-a-vista\/#primaryimage","url":"https:\/\/diariodepe.com.br\/cri\/wp-content\/uploads\/sites\/2\/2023\/08\/2023081610470231192.jpeg","contentUrl":"https:\/\/diariodepe.com.br\/cri\/wp-content\/uploads\/sites\/2\/2023\/08\/2023081610470231192.jpeg","width":800,"height":532},{"@type":"BreadcrumbList","@id":"https:\/\/diariodepe.com.br\/cri\/2023\/08\/17\/biden-poe-retrocesso-economico-a-vista\/#breadcrumb","itemListElement":[{"@type":"ListItem","position":1,"name":"In\u00edcio","item":"https:\/\/diariodepe.com.br\/cri\/"},{"@type":"ListItem","position":2,"name":"Biden p\u00f5e retrocesso econ\u00f4mico \u00e0 vista"}]},{"@type":"WebSite","@id":"https:\/\/diariodepe.com.br\/cri\/#website","url":"https:\/\/diariodepe.com.br\/cri\/","name":"CRI e Diario de Pernambuco","description":"R\u00e1dio Internacional da China","publisher":{"@id":"https:\/\/diariodepe.com.br\/cri\/#organization"},"potentialAction":[{"@type":"SearchAction","target":{"@type":"EntryPoint","urlTemplate":"https:\/\/diariodepe.com.br\/cri\/?s={search_term_string}"},"query-input":{"@type":"PropertyValueSpecification","valueRequired":true,"valueName":"search_term_string"}}],"inLanguage":"pt-BR"},{"@type":"Organization","@id":"https:\/\/diariodepe.com.br\/cri\/#organization","name":"CRI e Diario de Pernambuco","url":"https:\/\/diariodepe.com.br\/cri\/","logo":{"@type":"ImageObject","inLanguage":"pt-BR","@id":"https:\/\/diariodepe.com.br\/cri\/#\/schema\/logo\/image\/","url":"https:\/\/diariodepe.com.br\/cri\/wp-content\/uploads\/sites\/2\/2022\/12\/cropped-Logo.jpg","contentUrl":"https:\/\/diariodepe.com.br\/cri\/wp-content\/uploads\/sites\/2\/2022\/12\/cropped-Logo.jpg","width":700,"height":59,"caption":"CRI e Diario de Pernambuco"},"image":{"@id":"https:\/\/diariodepe.com.br\/cri\/#\/schema\/logo\/image\/"}},{"@type":"Person","@id":"https:\/\/diariodepe.com.br\/cri\/#\/schema\/person\/121bb28d84f1a5b1205ef4ce9c2e0c6b","name":"Ismael Lucas S. Pereira","image":{"@type":"ImageObject","inLanguage":"pt-BR","@id":"https:\/\/secure.gravatar.com\/avatar\/887a0f3b5a7ceea963a48499fb883ffce6b5037362def025c52c2505b15d63e4?s=96&d=mm&r=g","url":"https:\/\/secure.gravatar.com\/avatar\/887a0f3b5a7ceea963a48499fb883ffce6b5037362def025c52c2505b15d63e4?s=96&d=mm&r=g","contentUrl":"https:\/\/secure.gravatar.com\/avatar\/887a0f3b5a7ceea963a48499fb883ffce6b5037362def025c52c2505b15d63e4?s=96&d=mm&r=g","caption":"Ismael Lucas S. Pereira"},"url":"https:\/\/diariodepe.com.br\/cri\/author\/ismael-lucas\/"}]}},"cc_featured_image_caption":{"caption_text":false,"source_text":false,"source_url":false},"amp_enabled":true,"_links":{"self":[{"href":"https:\/\/diariodepe.com.br\/cri\/wp-json\/wp\/v2\/posts\/2230","targetHints":{"allow":["GET"]}}],"collection":[{"href":"https:\/\/diariodepe.com.br\/cri\/wp-json\/wp\/v2\/posts"}],"about":[{"href":"https:\/\/diariodepe.com.br\/cri\/wp-json\/wp\/v2\/types\/post"}],"author":[{"embeddable":true,"href":"https:\/\/diariodepe.com.br\/cri\/wp-json\/wp\/v2\/users\/2"}],"replies":[{"embeddable":true,"href":"https:\/\/diariodepe.com.br\/cri\/wp-json\/wp\/v2\/comments?post=2230"}],"version-history":[{"count":1,"href":"https:\/\/diariodepe.com.br\/cri\/wp-json\/wp\/v2\/posts\/2230\/revisions"}],"predecessor-version":[{"id":2232,"href":"https:\/\/diariodepe.com.br\/cri\/wp-json\/wp\/v2\/posts\/2230\/revisions\/2232"}],"wp:featuredmedia":[{"embeddable":true,"href":"https:\/\/diariodepe.com.br\/cri\/wp-json\/wp\/v2\/media\/2231"}],"wp:attachment":[{"href":"https:\/\/diariodepe.com.br\/cri\/wp-json\/wp\/v2\/media?parent=2230"}],"wp:term":[{"taxonomy":"category","embeddable":true,"href":"https:\/\/diariodepe.com.br\/cri\/wp-json\/wp\/v2\/categories?post=2230"},{"taxonomy":"post_tag","embeddable":true,"href":"https:\/\/diariodepe.com.br\/cri\/wp-json\/wp\/v2\/tags?post=2230"}],"curies":[{"name":"wp","href":"https:\/\/api.w.org\/{rel}","templated":true}]}}