{"id":223,"date":"2022-12-23T08:49:16","date_gmt":"2022-12-23T11:49:16","guid":{"rendered":"https:\/\/diariodepe.com.br\/cri\/?p=223"},"modified":"2022-12-23T08:49:17","modified_gmt":"2022-12-23T11:49:17","slug":"lancadas-a-identidade-visual-e-a-mascote-da-gala-do-festival-da-primavera-2023","status":"publish","type":"post","link":"https:\/\/diariodepe.com.br\/cri\/2022\/12\/23\/lancadas-a-identidade-visual-e-a-mascote-da-gala-do-festival-da-primavera-2023\/","title":{"rendered":"<strong>Lan\u00e7adas a identidade visual e a mascote da Gala do Festival da Primavera 2023<\/strong>"},"content":{"rendered":"\n<p>Foram lan\u00e7adas nesta quinta-feira, 22 de dezembro, a mascote e a identidade visual da Gala do Festival da Primavera 2023 do Grupo de M\u00eddia da China (CMG, sigla em ingl\u00eas).\u00a0<\/p>\n\n\n\n<p>O que voc\u00ea achou da mascote para a gala do ano do coelho no calend\u00e1rio lunar chin\u00eas? Ap\u00f3s recolher as tend\u00eancias favoritas do p\u00fablico, nasceu o coelho bonitinho e macio Tu Yuanyuan. Trata-se da primeira cria\u00e7\u00e3o original de mascote feita por meio da an\u00e1lise e pesquisa com big data na hist\u00f3ria de 40 anos da Gala do Festival da Primavera.\u00a0<\/p>\n\n\n\n<p>Junto com a mascote, foi lan\u00e7ada tamb\u00e9m a principal identidade visual da celebra\u00e7\u00e3o. Ela vem da postura de salto do coelho Tu Yuanyuan e da escrita cursiva do caractere chin\u00eas \u201c\u536f\u201d. O design, cheio de dinamismo e for\u00e7a, destaca a est\u00e9tica \u00fanica do caractere chin\u00eas e interpreta a esperan\u00e7a do ano do coelho.<br><\/p>\n","protected":false},"excerpt":{"rendered":"<p>Foram lan\u00e7adas nesta quinta-feira, 22 de dezembro, a mascote e a identidade visual da Gala do Festival da Primavera 2023 do Grupo de M\u00eddia da China (CMG, sigla em ingl\u00eas).\u00a0 O que voc\u00ea achou da mascote para a gala do&#8230;<\/p>\n","protected":false},"author":2,"featured_media":224,"comment_status":"open","ping_status":"open","sticky":false,"template":"","format":"standard","meta":{"footnotes":""},"categories":[5],"tags":[],"class_list":["post-223","post","type-post","status-publish","format-standard","has-post-thumbnail","hentry","category-destaques-capa"],"yoast_head":"<!-- This site is optimized with the Yoast SEO plugin v27.4 - https:\/\/yoast.com\/product\/yoast-seo-wordpress\/ -->\n<title>Lan\u00e7adas a identidade visual e a mascote da Gala do Festival da Primavera 2023 - CRI e Diario de Pernambuco<\/title>\n<meta name=\"robots\" content=\"index, follow, max-snippet:-1, max-image-preview:large, max-video-preview:-1\" \/>\n<link rel=\"canonical\" href=\"https:\/\/diariodepe.com.br\/cri\/2022\/12\/23\/lancadas-a-identidade-visual-e-a-mascote-da-gala-do-festival-da-primavera-2023\/\" \/>\n<meta property=\"og:locale\" content=\"pt_BR\" \/>\n<meta property=\"og:type\" content=\"article\" \/>\n<meta property=\"og:title\" content=\"Lan\u00e7adas a identidade visual e a mascote da Gala do Festival da Primavera 2023 - CRI e Diario de Pernambuco\" \/>\n<meta property=\"og:description\" content=\"Foram lan\u00e7adas nesta quinta-feira, 22 de dezembro, a mascote e a identidade visual da Gala do Festival da Primavera 2023 do Grupo de M\u00eddia da China (CMG, sigla em ingl\u00eas).\u00a0 O que voc\u00ea achou da mascote para a gala do...\" \/>\n<meta property=\"og:url\" content=\"https:\/\/diariodepe.com.br\/cri\/2022\/12\/23\/lancadas-a-identidade-visual-e-a-mascote-da-gala-do-festival-da-primavera-2023\/\" \/>\n<meta property=\"og:site_name\" content=\"CRI e Diario de Pernambuco\" \/>\n<meta property=\"article:published_time\" content=\"2022-12-23T11:49:16+00:00\" \/>\n<meta property=\"article:modified_time\" content=\"2022-12-23T11:49:17+00:00\" \/>\n<meta property=\"og:image\" content=\"https:\/\/diariodepe.com.br\/cri\/wp-content\/uploads\/sites\/2\/2022\/12\/2022122211350486606-scaled.jpg\" \/>\n\t<meta property=\"og:image:width\" content=\"2560\" \/>\n\t<meta property=\"og:image:height\" content=\"1537\" \/>\n\t<meta property=\"og:image:type\" content=\"image\/jpeg\" \/>\n<meta name=\"author\" content=\"Ismael Lucas S. Pereira\" \/>\n<meta name=\"twitter:card\" content=\"summary_large_image\" \/>\n<meta name=\"twitter:label1\" content=\"Escrito por\" \/>\n\t<meta name=\"twitter:data1\" content=\"Ismael Lucas S. Pereira\" \/>\n\t<meta name=\"twitter:label2\" content=\"Est. tempo de leitura\" \/>\n\t<meta name=\"twitter:data2\" content=\"1 minuto\" \/>\n<script type=\"application\/ld+json\" class=\"yoast-schema-graph\">{\"@context\":\"https:\\\/\\\/schema.org\",\"@graph\":[{\"@type\":\"Article\",\"@id\":\"https:\\\/\\\/diariodepe.com.br\\\/cri\\\/2022\\\/12\\\/23\\\/lancadas-a-identidade-visual-e-a-mascote-da-gala-do-festival-da-primavera-2023\\\/#article\",\"isPartOf\":{\"@id\":\"https:\\\/\\\/diariodepe.com.br\\\/cri\\\/2022\\\/12\\\/23\\\/lancadas-a-identidade-visual-e-a-mascote-da-gala-do-festival-da-primavera-2023\\\/\"},\"author\":{\"name\":\"Ismael Lucas S. Pereira\",\"@id\":\"https:\\\/\\\/diariodepe.com.br\\\/cri\\\/#\\\/schema\\\/person\\\/121bb28d84f1a5b1205ef4ce9c2e0c6b\"},\"headline\":\"Lan\u00e7adas a identidade visual e a mascote da Gala do Festival da Primavera 2023\",\"datePublished\":\"2022-12-23T11:49:16+00:00\",\"dateModified\":\"2022-12-23T11:49:17+00:00\",\"mainEntityOfPage\":{\"@id\":\"https:\\\/\\\/diariodepe.com.br\\\/cri\\\/2022\\\/12\\\/23\\\/lancadas-a-identidade-visual-e-a-mascote-da-gala-do-festival-da-primavera-2023\\\/\"},\"wordCount\":172,\"commentCount\":0,\"publisher\":{\"@id\":\"https:\\\/\\\/diariodepe.com.br\\\/cri\\\/#organization\"},\"image\":{\"@id\":\"https:\\\/\\\/diariodepe.com.br\\\/cri\\\/2022\\\/12\\\/23\\\/lancadas-a-identidade-visual-e-a-mascote-da-gala-do-festival-da-primavera-2023\\\/#primaryimage\"},\"thumbnailUrl\":\"https:\\\/\\\/diariodepe.com.br\\\/cri\\\/wp-content\\\/uploads\\\/sites\\\/2\\\/2022\\\/12\\\/2022122211350486606-scaled.jpg\",\"articleSection\":[\"Destaques Capa\"],\"inLanguage\":\"pt-BR\",\"potentialAction\":[{\"@type\":\"CommentAction\",\"name\":\"Comment\",\"target\":[\"https:\\\/\\\/diariodepe.com.br\\\/cri\\\/2022\\\/12\\\/23\\\/lancadas-a-identidade-visual-e-a-mascote-da-gala-do-festival-da-primavera-2023\\\/#respond\"]}]},{\"@type\":\"WebPage\",\"@id\":\"https:\\\/\\\/diariodepe.com.br\\\/cri\\\/2022\\\/12\\\/23\\\/lancadas-a-identidade-visual-e-a-mascote-da-gala-do-festival-da-primavera-2023\\\/\",\"url\":\"https:\\\/\\\/diariodepe.com.br\\\/cri\\\/2022\\\/12\\\/23\\\/lancadas-a-identidade-visual-e-a-mascote-da-gala-do-festival-da-primavera-2023\\\/\",\"name\":\"Lan\u00e7adas a identidade visual e a mascote da Gala do Festival da Primavera 2023 - CRI e Diario de Pernambuco\",\"isPartOf\":{\"@id\":\"https:\\\/\\\/diariodepe.com.br\\\/cri\\\/#website\"},\"primaryImageOfPage\":{\"@id\":\"https:\\\/\\\/diariodepe.com.br\\\/cri\\\/2022\\\/12\\\/23\\\/lancadas-a-identidade-visual-e-a-mascote-da-gala-do-festival-da-primavera-2023\\\/#primaryimage\"},\"image\":{\"@id\":\"https:\\\/\\\/diariodepe.com.br\\\/cri\\\/2022\\\/12\\\/23\\\/lancadas-a-identidade-visual-e-a-mascote-da-gala-do-festival-da-primavera-2023\\\/#primaryimage\"},\"thumbnailUrl\":\"https:\\\/\\\/diariodepe.com.br\\\/cri\\\/wp-content\\\/uploads\\\/sites\\\/2\\\/2022\\\/12\\\/2022122211350486606-scaled.jpg\",\"datePublished\":\"2022-12-23T11:49:16+00:00\",\"dateModified\":\"2022-12-23T11:49:17+00:00\",\"breadcrumb\":{\"@id\":\"https:\\\/\\\/diariodepe.com.br\\\/cri\\\/2022\\\/12\\\/23\\\/lancadas-a-identidade-visual-e-a-mascote-da-gala-do-festival-da-primavera-2023\\\/#breadcrumb\"},\"inLanguage\":\"pt-BR\",\"potentialAction\":[{\"@type\":\"ReadAction\",\"target\":[\"https:\\\/\\\/diariodepe.com.br\\\/cri\\\/2022\\\/12\\\/23\\\/lancadas-a-identidade-visual-e-a-mascote-da-gala-do-festival-da-primavera-2023\\\/\"]}]},{\"@type\":\"ImageObject\",\"inLanguage\":\"pt-BR\",\"@id\":\"https:\\\/\\\/diariodepe.com.br\\\/cri\\\/2022\\\/12\\\/23\\\/lancadas-a-identidade-visual-e-a-mascote-da-gala-do-festival-da-primavera-2023\\\/#primaryimage\",\"url\":\"https:\\\/\\\/diariodepe.com.br\\\/cri\\\/wp-content\\\/uploads\\\/sites\\\/2\\\/2022\\\/12\\\/2022122211350486606-scaled.jpg\",\"contentUrl\":\"https:\\\/\\\/diariodepe.com.br\\\/cri\\\/wp-content\\\/uploads\\\/sites\\\/2\\\/2022\\\/12\\\/2022122211350486606-scaled.jpg\",\"width\":2560,\"height\":1537},{\"@type\":\"BreadcrumbList\",\"@id\":\"https:\\\/\\\/diariodepe.com.br\\\/cri\\\/2022\\\/12\\\/23\\\/lancadas-a-identidade-visual-e-a-mascote-da-gala-do-festival-da-primavera-2023\\\/#breadcrumb\",\"itemListElement\":[{\"@type\":\"ListItem\",\"position\":1,\"name\":\"In\u00edcio\",\"item\":\"https:\\\/\\\/diariodepe.com.br\\\/cri\\\/\"},{\"@type\":\"ListItem\",\"position\":2,\"name\":\"Lan\u00e7adas a identidade visual e a mascote da Gala do Festival da Primavera 2023\"}]},{\"@type\":\"WebSite\",\"@id\":\"https:\\\/\\\/diariodepe.com.br\\\/cri\\\/#website\",\"url\":\"https:\\\/\\\/diariodepe.com.br\\\/cri\\\/\",\"name\":\"CRI e Diario de Pernambuco\",\"description\":\"R\u00e1dio Internacional da China\",\"publisher\":{\"@id\":\"https:\\\/\\\/diariodepe.com.br\\\/cri\\\/#organization\"},\"potentialAction\":[{\"@type\":\"SearchAction\",\"target\":{\"@type\":\"EntryPoint\",\"urlTemplate\":\"https:\\\/\\\/diariodepe.com.br\\\/cri\\\/?s={search_term_string}\"},\"query-input\":{\"@type\":\"PropertyValueSpecification\",\"valueRequired\":true,\"valueName\":\"search_term_string\"}}],\"inLanguage\":\"pt-BR\"},{\"@type\":\"Organization\",\"@id\":\"https:\\\/\\\/diariodepe.com.br\\\/cri\\\/#organization\",\"name\":\"CRI e Diario de Pernambuco\",\"url\":\"https:\\\/\\\/diariodepe.com.br\\\/cri\\\/\",\"logo\":{\"@type\":\"ImageObject\",\"inLanguage\":\"pt-BR\",\"@id\":\"https:\\\/\\\/diariodepe.com.br\\\/cri\\\/#\\\/schema\\\/logo\\\/image\\\/\",\"url\":\"https:\\\/\\\/diariodepe.com.br\\\/cri\\\/wp-content\\\/uploads\\\/sites\\\/2\\\/2022\\\/12\\\/cropped-Logo.jpg\",\"contentUrl\":\"https:\\\/\\\/diariodepe.com.br\\\/cri\\\/wp-content\\\/uploads\\\/sites\\\/2\\\/2022\\\/12\\\/cropped-Logo.jpg\",\"width\":700,\"height\":59,\"caption\":\"CRI e Diario de Pernambuco\"},\"image\":{\"@id\":\"https:\\\/\\\/diariodepe.com.br\\\/cri\\\/#\\\/schema\\\/logo\\\/image\\\/\"}},{\"@type\":\"Person\",\"@id\":\"https:\\\/\\\/diariodepe.com.br\\\/cri\\\/#\\\/schema\\\/person\\\/121bb28d84f1a5b1205ef4ce9c2e0c6b\",\"name\":\"Ismael Lucas S. Pereira\",\"image\":{\"@type\":\"ImageObject\",\"inLanguage\":\"pt-BR\",\"@id\":\"https:\\\/\\\/secure.gravatar.com\\\/avatar\\\/887a0f3b5a7ceea963a48499fb883ffce6b5037362def025c52c2505b15d63e4?s=96&d=mm&r=g\",\"url\":\"https:\\\/\\\/secure.gravatar.com\\\/avatar\\\/887a0f3b5a7ceea963a48499fb883ffce6b5037362def025c52c2505b15d63e4?s=96&d=mm&r=g\",\"contentUrl\":\"https:\\\/\\\/secure.gravatar.com\\\/avatar\\\/887a0f3b5a7ceea963a48499fb883ffce6b5037362def025c52c2505b15d63e4?s=96&d=mm&r=g\",\"caption\":\"Ismael Lucas S. Pereira\"},\"url\":\"https:\\\/\\\/diariodepe.com.br\\\/cri\\\/author\\\/ismael-lucas\\\/\"}]}<\/script>\n<!-- \/ Yoast SEO plugin. -->","yoast_head_json":{"title":"Lan\u00e7adas a identidade visual e a mascote da Gala do Festival da Primavera 2023 - CRI e Diario de Pernambuco","robots":{"index":"index","follow":"follow","max-snippet":"max-snippet:-1","max-image-preview":"max-image-preview:large","max-video-preview":"max-video-preview:-1"},"canonical":"https:\/\/diariodepe.com.br\/cri\/2022\/12\/23\/lancadas-a-identidade-visual-e-a-mascote-da-gala-do-festival-da-primavera-2023\/","og_locale":"pt_BR","og_type":"article","og_title":"Lan\u00e7adas a identidade visual e a mascote da Gala do Festival da Primavera 2023 - CRI e Diario de Pernambuco","og_description":"Foram lan\u00e7adas nesta quinta-feira, 22 de dezembro, a mascote e a identidade visual da Gala do Festival da Primavera 2023 do Grupo de M\u00eddia da China (CMG, sigla em ingl\u00eas).\u00a0 O que voc\u00ea achou da mascote para a gala do...","og_url":"https:\/\/diariodepe.com.br\/cri\/2022\/12\/23\/lancadas-a-identidade-visual-e-a-mascote-da-gala-do-festival-da-primavera-2023\/","og_site_name":"CRI e Diario de Pernambuco","article_published_time":"2022-12-23T11:49:16+00:00","article_modified_time":"2022-12-23T11:49:17+00:00","og_image":[{"width":2560,"height":1537,"url":"https:\/\/diariodepe.com.br\/cri\/wp-content\/uploads\/sites\/2\/2022\/12\/2022122211350486606-scaled.jpg","type":"image\/jpeg"}],"author":"Ismael Lucas S. Pereira","twitter_card":"summary_large_image","twitter_misc":{"Escrito por":"Ismael Lucas S. Pereira","Est. tempo de leitura":"1 minuto"},"schema":{"@context":"https:\/\/schema.org","@graph":[{"@type":"Article","@id":"https:\/\/diariodepe.com.br\/cri\/2022\/12\/23\/lancadas-a-identidade-visual-e-a-mascote-da-gala-do-festival-da-primavera-2023\/#article","isPartOf":{"@id":"https:\/\/diariodepe.com.br\/cri\/2022\/12\/23\/lancadas-a-identidade-visual-e-a-mascote-da-gala-do-festival-da-primavera-2023\/"},"author":{"name":"Ismael Lucas S. Pereira","@id":"https:\/\/diariodepe.com.br\/cri\/#\/schema\/person\/121bb28d84f1a5b1205ef4ce9c2e0c6b"},"headline":"Lan\u00e7adas a identidade visual e a mascote da Gala do Festival da Primavera 2023","datePublished":"2022-12-23T11:49:16+00:00","dateModified":"2022-12-23T11:49:17+00:00","mainEntityOfPage":{"@id":"https:\/\/diariodepe.com.br\/cri\/2022\/12\/23\/lancadas-a-identidade-visual-e-a-mascote-da-gala-do-festival-da-primavera-2023\/"},"wordCount":172,"commentCount":0,"publisher":{"@id":"https:\/\/diariodepe.com.br\/cri\/#organization"},"image":{"@id":"https:\/\/diariodepe.com.br\/cri\/2022\/12\/23\/lancadas-a-identidade-visual-e-a-mascote-da-gala-do-festival-da-primavera-2023\/#primaryimage"},"thumbnailUrl":"https:\/\/diariodepe.com.br\/cri\/wp-content\/uploads\/sites\/2\/2022\/12\/2022122211350486606-scaled.jpg","articleSection":["Destaques Capa"],"inLanguage":"pt-BR","potentialAction":[{"@type":"CommentAction","name":"Comment","target":["https:\/\/diariodepe.com.br\/cri\/2022\/12\/23\/lancadas-a-identidade-visual-e-a-mascote-da-gala-do-festival-da-primavera-2023\/#respond"]}]},{"@type":"WebPage","@id":"https:\/\/diariodepe.com.br\/cri\/2022\/12\/23\/lancadas-a-identidade-visual-e-a-mascote-da-gala-do-festival-da-primavera-2023\/","url":"https:\/\/diariodepe.com.br\/cri\/2022\/12\/23\/lancadas-a-identidade-visual-e-a-mascote-da-gala-do-festival-da-primavera-2023\/","name":"Lan\u00e7adas a identidade visual e a mascote da Gala do Festival da Primavera 2023 - CRI e Diario de Pernambuco","isPartOf":{"@id":"https:\/\/diariodepe.com.br\/cri\/#website"},"primaryImageOfPage":{"@id":"https:\/\/diariodepe.com.br\/cri\/2022\/12\/23\/lancadas-a-identidade-visual-e-a-mascote-da-gala-do-festival-da-primavera-2023\/#primaryimage"},"image":{"@id":"https:\/\/diariodepe.com.br\/cri\/2022\/12\/23\/lancadas-a-identidade-visual-e-a-mascote-da-gala-do-festival-da-primavera-2023\/#primaryimage"},"thumbnailUrl":"https:\/\/diariodepe.com.br\/cri\/wp-content\/uploads\/sites\/2\/2022\/12\/2022122211350486606-scaled.jpg","datePublished":"2022-12-23T11:49:16+00:00","dateModified":"2022-12-23T11:49:17+00:00","breadcrumb":{"@id":"https:\/\/diariodepe.com.br\/cri\/2022\/12\/23\/lancadas-a-identidade-visual-e-a-mascote-da-gala-do-festival-da-primavera-2023\/#breadcrumb"},"inLanguage":"pt-BR","potentialAction":[{"@type":"ReadAction","target":["https:\/\/diariodepe.com.br\/cri\/2022\/12\/23\/lancadas-a-identidade-visual-e-a-mascote-da-gala-do-festival-da-primavera-2023\/"]}]},{"@type":"ImageObject","inLanguage":"pt-BR","@id":"https:\/\/diariodepe.com.br\/cri\/2022\/12\/23\/lancadas-a-identidade-visual-e-a-mascote-da-gala-do-festival-da-primavera-2023\/#primaryimage","url":"https:\/\/diariodepe.com.br\/cri\/wp-content\/uploads\/sites\/2\/2022\/12\/2022122211350486606-scaled.jpg","contentUrl":"https:\/\/diariodepe.com.br\/cri\/wp-content\/uploads\/sites\/2\/2022\/12\/2022122211350486606-scaled.jpg","width":2560,"height":1537},{"@type":"BreadcrumbList","@id":"https:\/\/diariodepe.com.br\/cri\/2022\/12\/23\/lancadas-a-identidade-visual-e-a-mascote-da-gala-do-festival-da-primavera-2023\/#breadcrumb","itemListElement":[{"@type":"ListItem","position":1,"name":"In\u00edcio","item":"https:\/\/diariodepe.com.br\/cri\/"},{"@type":"ListItem","position":2,"name":"Lan\u00e7adas a identidade visual e a mascote da Gala do Festival da Primavera 2023"}]},{"@type":"WebSite","@id":"https:\/\/diariodepe.com.br\/cri\/#website","url":"https:\/\/diariodepe.com.br\/cri\/","name":"CRI e Diario de Pernambuco","description":"R\u00e1dio Internacional da China","publisher":{"@id":"https:\/\/diariodepe.com.br\/cri\/#organization"},"potentialAction":[{"@type":"SearchAction","target":{"@type":"EntryPoint","urlTemplate":"https:\/\/diariodepe.com.br\/cri\/?s={search_term_string}"},"query-input":{"@type":"PropertyValueSpecification","valueRequired":true,"valueName":"search_term_string"}}],"inLanguage":"pt-BR"},{"@type":"Organization","@id":"https:\/\/diariodepe.com.br\/cri\/#organization","name":"CRI e Diario de Pernambuco","url":"https:\/\/diariodepe.com.br\/cri\/","logo":{"@type":"ImageObject","inLanguage":"pt-BR","@id":"https:\/\/diariodepe.com.br\/cri\/#\/schema\/logo\/image\/","url":"https:\/\/diariodepe.com.br\/cri\/wp-content\/uploads\/sites\/2\/2022\/12\/cropped-Logo.jpg","contentUrl":"https:\/\/diariodepe.com.br\/cri\/wp-content\/uploads\/sites\/2\/2022\/12\/cropped-Logo.jpg","width":700,"height":59,"caption":"CRI e Diario de Pernambuco"},"image":{"@id":"https:\/\/diariodepe.com.br\/cri\/#\/schema\/logo\/image\/"}},{"@type":"Person","@id":"https:\/\/diariodepe.com.br\/cri\/#\/schema\/person\/121bb28d84f1a5b1205ef4ce9c2e0c6b","name":"Ismael Lucas S. Pereira","image":{"@type":"ImageObject","inLanguage":"pt-BR","@id":"https:\/\/secure.gravatar.com\/avatar\/887a0f3b5a7ceea963a48499fb883ffce6b5037362def025c52c2505b15d63e4?s=96&d=mm&r=g","url":"https:\/\/secure.gravatar.com\/avatar\/887a0f3b5a7ceea963a48499fb883ffce6b5037362def025c52c2505b15d63e4?s=96&d=mm&r=g","contentUrl":"https:\/\/secure.gravatar.com\/avatar\/887a0f3b5a7ceea963a48499fb883ffce6b5037362def025c52c2505b15d63e4?s=96&d=mm&r=g","caption":"Ismael Lucas S. Pereira"},"url":"https:\/\/diariodepe.com.br\/cri\/author\/ismael-lucas\/"}]}},"cc_featured_image_caption":{"caption_text":"","source_text":"","source_url":""},"amp_enabled":true,"_links":{"self":[{"href":"https:\/\/diariodepe.com.br\/cri\/wp-json\/wp\/v2\/posts\/223","targetHints":{"allow":["GET"]}}],"collection":[{"href":"https:\/\/diariodepe.com.br\/cri\/wp-json\/wp\/v2\/posts"}],"about":[{"href":"https:\/\/diariodepe.com.br\/cri\/wp-json\/wp\/v2\/types\/post"}],"author":[{"embeddable":true,"href":"https:\/\/diariodepe.com.br\/cri\/wp-json\/wp\/v2\/users\/2"}],"replies":[{"embeddable":true,"href":"https:\/\/diariodepe.com.br\/cri\/wp-json\/wp\/v2\/comments?post=223"}],"version-history":[{"count":1,"href":"https:\/\/diariodepe.com.br\/cri\/wp-json\/wp\/v2\/posts\/223\/revisions"}],"predecessor-version":[{"id":225,"href":"https:\/\/diariodepe.com.br\/cri\/wp-json\/wp\/v2\/posts\/223\/revisions\/225"}],"wp:featuredmedia":[{"embeddable":true,"href":"https:\/\/diariodepe.com.br\/cri\/wp-json\/wp\/v2\/media\/224"}],"wp:attachment":[{"href":"https:\/\/diariodepe.com.br\/cri\/wp-json\/wp\/v2\/media?parent=223"}],"wp:term":[{"taxonomy":"category","embeddable":true,"href":"https:\/\/diariodepe.com.br\/cri\/wp-json\/wp\/v2\/categories?post=223"},{"taxonomy":"post_tag","embeddable":true,"href":"https:\/\/diariodepe.com.br\/cri\/wp-json\/wp\/v2\/tags?post=223"}],"curies":[{"name":"wp","href":"https:\/\/api.w.org\/{rel}","templated":true}]}}