{"id":2227,"date":"2023-08-15T12:05:29","date_gmt":"2023-08-15T15:05:29","guid":{"rendered":"https:\/\/diariodepe.com.br\/cri\/?p=2227"},"modified":"2023-08-15T12:05:29","modified_gmt":"2023-08-15T15:05:29","slug":"dia-da-imigracao-chinesa-no-brasil-destaca-amizade-e-cooperacao-dos-dois-povos","status":"publish","type":"post","link":"https:\/\/diariodepe.com.br\/cri\/2023\/08\/15\/dia-da-imigracao-chinesa-no-brasil-destaca-amizade-e-cooperacao-dos-dois-povos\/","title":{"rendered":"Dia da Imigra\u00e7\u00e3o Chinesa no Brasil destaca amizade e coopera\u00e7\u00e3o dos dois povos"},"content":{"rendered":"<p>Todos os anos, o Brasil comemora em 15 de agosto o Dia Nacional da Imigra\u00e7\u00e3o Chinesa. A data marca tamb\u00e9m as rela\u00e7\u00f5es diplom\u00e1ticas entre o Brasil e a China, que este ano comemora o 49\u00b0 anivers\u00e1rio do estabelecimento dos la\u00e7os bilaterais. A China \u00e9 o principal parceiro comercial do Brasil e a atua\u00e7\u00e3o entre os dois pa\u00edses pode ser vista tamb\u00e9m em setores cultural, educacional e tecnol\u00f3gico, como voc\u00ea confere nesta reportagem especial.<\/p>\n<p><iframe title=\"Dia da Imigra\u00e7\u00e3o Chinesa no Brasil destaca amizade e coopera\u00e7\u00e3o dos dois povos\" width=\"640\" height=\"360\" src=\"https:\/\/www.youtube.com\/embed\/bAuOyGshh0Y?feature=oembed\" frameborder=\"0\" allow=\"accelerometer; autoplay; clipboard-write; encrypted-media; gyroscope; picture-in-picture; web-share\" referrerpolicy=\"strict-origin-when-cross-origin\" allowfullscreen><\/iframe><\/p>\n","protected":false},"excerpt":{"rendered":"<p>Todos os anos, o Brasil comemora em 15 de agosto o Dia Nacional da Imigra\u00e7\u00e3o Chinesa. A data marca tamb\u00e9m as rela\u00e7\u00f5es diplom\u00e1ticas entre o Brasil e a China, que este ano comemora o 49\u00b0 anivers\u00e1rio do estabelecimento dos la\u00e7os&#8230;<\/p>\n","protected":false},"author":2,"featured_media":0,"comment_status":"open","ping_status":"open","sticky":false,"template":"","format":"standard","meta":{"footnotes":""},"categories":[9],"tags":[],"class_list":["post-2227","post","type-post","status-publish","format-standard","hentry","category-dptv-e-cri"],"yoast_head":"<!-- This site is optimized with the Yoast SEO plugin v27.4 - https:\/\/yoast.com\/product\/yoast-seo-wordpress\/ -->\n<title>Dia da Imigra\u00e7\u00e3o Chinesa no Brasil destaca amizade e coopera\u00e7\u00e3o dos dois povos - CRI e Diario de Pernambuco<\/title>\n<meta name=\"robots\" content=\"index, follow, max-snippet:-1, max-image-preview:large, max-video-preview:-1\" \/>\n<link rel=\"canonical\" href=\"https:\/\/diariodepe.com.br\/cri\/2023\/08\/15\/dia-da-imigracao-chinesa-no-brasil-destaca-amizade-e-cooperacao-dos-dois-povos\/\" \/>\n<meta property=\"og:locale\" content=\"pt_BR\" \/>\n<meta property=\"og:type\" content=\"article\" \/>\n<meta property=\"og:title\" content=\"Dia da Imigra\u00e7\u00e3o Chinesa no Brasil destaca amizade e coopera\u00e7\u00e3o dos dois povos - CRI e Diario de Pernambuco\" \/>\n<meta property=\"og:description\" content=\"Todos os anos, o Brasil comemora em 15 de agosto o Dia Nacional da Imigra\u00e7\u00e3o Chinesa. A data marca tamb\u00e9m as rela\u00e7\u00f5es diplom\u00e1ticas entre o Brasil e a China, que este ano comemora o 49\u00b0 anivers\u00e1rio do estabelecimento dos la\u00e7os...\" \/>\n<meta property=\"og:url\" content=\"https:\/\/diariodepe.com.br\/cri\/2023\/08\/15\/dia-da-imigracao-chinesa-no-brasil-destaca-amizade-e-cooperacao-dos-dois-povos\/\" \/>\n<meta property=\"og:site_name\" content=\"CRI e Diario de Pernambuco\" \/>\n<meta property=\"article:published_time\" content=\"2023-08-15T15:05:29+00:00\" \/>\n<meta name=\"author\" content=\"Ismael Lucas S. Pereira\" \/>\n<meta name=\"twitter:card\" content=\"summary_large_image\" \/>\n<meta name=\"twitter:label1\" content=\"Escrito por\" \/>\n\t<meta name=\"twitter:data1\" content=\"Ismael Lucas S. Pereira\" \/>\n\t<meta name=\"twitter:label2\" content=\"Est. tempo de leitura\" \/>\n\t<meta name=\"twitter:data2\" content=\"1 minuto\" \/>\n<script type=\"application\/ld+json\" class=\"yoast-schema-graph\">{\"@context\":\"https:\\\/\\\/schema.org\",\"@graph\":[{\"@type\":\"Article\",\"@id\":\"https:\\\/\\\/diariodepe.com.br\\\/cri\\\/2023\\\/08\\\/15\\\/dia-da-imigracao-chinesa-no-brasil-destaca-amizade-e-cooperacao-dos-dois-povos\\\/#article\",\"isPartOf\":{\"@id\":\"https:\\\/\\\/diariodepe.com.br\\\/cri\\\/2023\\\/08\\\/15\\\/dia-da-imigracao-chinesa-no-brasil-destaca-amizade-e-cooperacao-dos-dois-povos\\\/\"},\"author\":{\"name\":\"Ismael Lucas S. Pereira\",\"@id\":\"https:\\\/\\\/diariodepe.com.br\\\/cri\\\/#\\\/schema\\\/person\\\/121bb28d84f1a5b1205ef4ce9c2e0c6b\"},\"headline\":\"Dia da Imigra\u00e7\u00e3o Chinesa no Brasil destaca amizade e coopera\u00e7\u00e3o dos dois povos\",\"datePublished\":\"2023-08-15T15:05:29+00:00\",\"mainEntityOfPage\":{\"@id\":\"https:\\\/\\\/diariodepe.com.br\\\/cri\\\/2023\\\/08\\\/15\\\/dia-da-imigracao-chinesa-no-brasil-destaca-amizade-e-cooperacao-dos-dois-povos\\\/\"},\"wordCount\":105,\"commentCount\":0,\"publisher\":{\"@id\":\"https:\\\/\\\/diariodepe.com.br\\\/cri\\\/#organization\"},\"articleSection\":[\"DPTV e CRI\"],\"inLanguage\":\"pt-BR\",\"potentialAction\":[{\"@type\":\"CommentAction\",\"name\":\"Comment\",\"target\":[\"https:\\\/\\\/diariodepe.com.br\\\/cri\\\/2023\\\/08\\\/15\\\/dia-da-imigracao-chinesa-no-brasil-destaca-amizade-e-cooperacao-dos-dois-povos\\\/#respond\"]}]},{\"@type\":\"WebPage\",\"@id\":\"https:\\\/\\\/diariodepe.com.br\\\/cri\\\/2023\\\/08\\\/15\\\/dia-da-imigracao-chinesa-no-brasil-destaca-amizade-e-cooperacao-dos-dois-povos\\\/\",\"url\":\"https:\\\/\\\/diariodepe.com.br\\\/cri\\\/2023\\\/08\\\/15\\\/dia-da-imigracao-chinesa-no-brasil-destaca-amizade-e-cooperacao-dos-dois-povos\\\/\",\"name\":\"Dia da Imigra\u00e7\u00e3o Chinesa no Brasil destaca amizade e coopera\u00e7\u00e3o dos dois povos - CRI e Diario de Pernambuco\",\"isPartOf\":{\"@id\":\"https:\\\/\\\/diariodepe.com.br\\\/cri\\\/#website\"},\"datePublished\":\"2023-08-15T15:05:29+00:00\",\"breadcrumb\":{\"@id\":\"https:\\\/\\\/diariodepe.com.br\\\/cri\\\/2023\\\/08\\\/15\\\/dia-da-imigracao-chinesa-no-brasil-destaca-amizade-e-cooperacao-dos-dois-povos\\\/#breadcrumb\"},\"inLanguage\":\"pt-BR\",\"potentialAction\":[{\"@type\":\"ReadAction\",\"target\":[\"https:\\\/\\\/diariodepe.com.br\\\/cri\\\/2023\\\/08\\\/15\\\/dia-da-imigracao-chinesa-no-brasil-destaca-amizade-e-cooperacao-dos-dois-povos\\\/\"]}]},{\"@type\":\"BreadcrumbList\",\"@id\":\"https:\\\/\\\/diariodepe.com.br\\\/cri\\\/2023\\\/08\\\/15\\\/dia-da-imigracao-chinesa-no-brasil-destaca-amizade-e-cooperacao-dos-dois-povos\\\/#breadcrumb\",\"itemListElement\":[{\"@type\":\"ListItem\",\"position\":1,\"name\":\"In\u00edcio\",\"item\":\"https:\\\/\\\/diariodepe.com.br\\\/cri\\\/\"},{\"@type\":\"ListItem\",\"position\":2,\"name\":\"Dia da Imigra\u00e7\u00e3o Chinesa no Brasil destaca amizade e coopera\u00e7\u00e3o dos dois povos\"}]},{\"@type\":\"WebSite\",\"@id\":\"https:\\\/\\\/diariodepe.com.br\\\/cri\\\/#website\",\"url\":\"https:\\\/\\\/diariodepe.com.br\\\/cri\\\/\",\"name\":\"CRI e Diario de Pernambuco\",\"description\":\"R\u00e1dio Internacional da China\",\"publisher\":{\"@id\":\"https:\\\/\\\/diariodepe.com.br\\\/cri\\\/#organization\"},\"potentialAction\":[{\"@type\":\"SearchAction\",\"target\":{\"@type\":\"EntryPoint\",\"urlTemplate\":\"https:\\\/\\\/diariodepe.com.br\\\/cri\\\/?s={search_term_string}\"},\"query-input\":{\"@type\":\"PropertyValueSpecification\",\"valueRequired\":true,\"valueName\":\"search_term_string\"}}],\"inLanguage\":\"pt-BR\"},{\"@type\":\"Organization\",\"@id\":\"https:\\\/\\\/diariodepe.com.br\\\/cri\\\/#organization\",\"name\":\"CRI e Diario de Pernambuco\",\"url\":\"https:\\\/\\\/diariodepe.com.br\\\/cri\\\/\",\"logo\":{\"@type\":\"ImageObject\",\"inLanguage\":\"pt-BR\",\"@id\":\"https:\\\/\\\/diariodepe.com.br\\\/cri\\\/#\\\/schema\\\/logo\\\/image\\\/\",\"url\":\"https:\\\/\\\/diariodepe.com.br\\\/cri\\\/wp-content\\\/uploads\\\/sites\\\/2\\\/2022\\\/12\\\/cropped-Logo.jpg\",\"contentUrl\":\"https:\\\/\\\/diariodepe.com.br\\\/cri\\\/wp-content\\\/uploads\\\/sites\\\/2\\\/2022\\\/12\\\/cropped-Logo.jpg\",\"width\":700,\"height\":59,\"caption\":\"CRI e Diario de Pernambuco\"},\"image\":{\"@id\":\"https:\\\/\\\/diariodepe.com.br\\\/cri\\\/#\\\/schema\\\/logo\\\/image\\\/\"}},{\"@type\":\"Person\",\"@id\":\"https:\\\/\\\/diariodepe.com.br\\\/cri\\\/#\\\/schema\\\/person\\\/121bb28d84f1a5b1205ef4ce9c2e0c6b\",\"name\":\"Ismael Lucas S. Pereira\",\"image\":{\"@type\":\"ImageObject\",\"inLanguage\":\"pt-BR\",\"@id\":\"https:\\\/\\\/secure.gravatar.com\\\/avatar\\\/887a0f3b5a7ceea963a48499fb883ffce6b5037362def025c52c2505b15d63e4?s=96&d=mm&r=g\",\"url\":\"https:\\\/\\\/secure.gravatar.com\\\/avatar\\\/887a0f3b5a7ceea963a48499fb883ffce6b5037362def025c52c2505b15d63e4?s=96&d=mm&r=g\",\"contentUrl\":\"https:\\\/\\\/secure.gravatar.com\\\/avatar\\\/887a0f3b5a7ceea963a48499fb883ffce6b5037362def025c52c2505b15d63e4?s=96&d=mm&r=g\",\"caption\":\"Ismael Lucas S. Pereira\"},\"url\":\"https:\\\/\\\/diariodepe.com.br\\\/cri\\\/author\\\/ismael-lucas\\\/\"}]}<\/script>\n<!-- \/ Yoast SEO plugin. -->","yoast_head_json":{"title":"Dia da Imigra\u00e7\u00e3o Chinesa no Brasil destaca amizade e coopera\u00e7\u00e3o dos dois povos - CRI e Diario de Pernambuco","robots":{"index":"index","follow":"follow","max-snippet":"max-snippet:-1","max-image-preview":"max-image-preview:large","max-video-preview":"max-video-preview:-1"},"canonical":"https:\/\/diariodepe.com.br\/cri\/2023\/08\/15\/dia-da-imigracao-chinesa-no-brasil-destaca-amizade-e-cooperacao-dos-dois-povos\/","og_locale":"pt_BR","og_type":"article","og_title":"Dia da Imigra\u00e7\u00e3o Chinesa no Brasil destaca amizade e coopera\u00e7\u00e3o dos dois povos - CRI e Diario de Pernambuco","og_description":"Todos os anos, o Brasil comemora em 15 de agosto o Dia Nacional da Imigra\u00e7\u00e3o Chinesa. A data marca tamb\u00e9m as rela\u00e7\u00f5es diplom\u00e1ticas entre o Brasil e a China, que este ano comemora o 49\u00b0 anivers\u00e1rio do estabelecimento dos la\u00e7os...","og_url":"https:\/\/diariodepe.com.br\/cri\/2023\/08\/15\/dia-da-imigracao-chinesa-no-brasil-destaca-amizade-e-cooperacao-dos-dois-povos\/","og_site_name":"CRI e Diario de Pernambuco","article_published_time":"2023-08-15T15:05:29+00:00","author":"Ismael Lucas S. Pereira","twitter_card":"summary_large_image","twitter_misc":{"Escrito por":"Ismael Lucas S. Pereira","Est. tempo de leitura":"1 minuto"},"schema":{"@context":"https:\/\/schema.org","@graph":[{"@type":"Article","@id":"https:\/\/diariodepe.com.br\/cri\/2023\/08\/15\/dia-da-imigracao-chinesa-no-brasil-destaca-amizade-e-cooperacao-dos-dois-povos\/#article","isPartOf":{"@id":"https:\/\/diariodepe.com.br\/cri\/2023\/08\/15\/dia-da-imigracao-chinesa-no-brasil-destaca-amizade-e-cooperacao-dos-dois-povos\/"},"author":{"name":"Ismael Lucas S. Pereira","@id":"https:\/\/diariodepe.com.br\/cri\/#\/schema\/person\/121bb28d84f1a5b1205ef4ce9c2e0c6b"},"headline":"Dia da Imigra\u00e7\u00e3o Chinesa no Brasil destaca amizade e coopera\u00e7\u00e3o dos dois povos","datePublished":"2023-08-15T15:05:29+00:00","mainEntityOfPage":{"@id":"https:\/\/diariodepe.com.br\/cri\/2023\/08\/15\/dia-da-imigracao-chinesa-no-brasil-destaca-amizade-e-cooperacao-dos-dois-povos\/"},"wordCount":105,"commentCount":0,"publisher":{"@id":"https:\/\/diariodepe.com.br\/cri\/#organization"},"articleSection":["DPTV e CRI"],"inLanguage":"pt-BR","potentialAction":[{"@type":"CommentAction","name":"Comment","target":["https:\/\/diariodepe.com.br\/cri\/2023\/08\/15\/dia-da-imigracao-chinesa-no-brasil-destaca-amizade-e-cooperacao-dos-dois-povos\/#respond"]}]},{"@type":"WebPage","@id":"https:\/\/diariodepe.com.br\/cri\/2023\/08\/15\/dia-da-imigracao-chinesa-no-brasil-destaca-amizade-e-cooperacao-dos-dois-povos\/","url":"https:\/\/diariodepe.com.br\/cri\/2023\/08\/15\/dia-da-imigracao-chinesa-no-brasil-destaca-amizade-e-cooperacao-dos-dois-povos\/","name":"Dia da Imigra\u00e7\u00e3o Chinesa no Brasil destaca amizade e coopera\u00e7\u00e3o dos dois povos - CRI e Diario de Pernambuco","isPartOf":{"@id":"https:\/\/diariodepe.com.br\/cri\/#website"},"datePublished":"2023-08-15T15:05:29+00:00","breadcrumb":{"@id":"https:\/\/diariodepe.com.br\/cri\/2023\/08\/15\/dia-da-imigracao-chinesa-no-brasil-destaca-amizade-e-cooperacao-dos-dois-povos\/#breadcrumb"},"inLanguage":"pt-BR","potentialAction":[{"@type":"ReadAction","target":["https:\/\/diariodepe.com.br\/cri\/2023\/08\/15\/dia-da-imigracao-chinesa-no-brasil-destaca-amizade-e-cooperacao-dos-dois-povos\/"]}]},{"@type":"BreadcrumbList","@id":"https:\/\/diariodepe.com.br\/cri\/2023\/08\/15\/dia-da-imigracao-chinesa-no-brasil-destaca-amizade-e-cooperacao-dos-dois-povos\/#breadcrumb","itemListElement":[{"@type":"ListItem","position":1,"name":"In\u00edcio","item":"https:\/\/diariodepe.com.br\/cri\/"},{"@type":"ListItem","position":2,"name":"Dia da Imigra\u00e7\u00e3o Chinesa no Brasil destaca amizade e coopera\u00e7\u00e3o dos dois povos"}]},{"@type":"WebSite","@id":"https:\/\/diariodepe.com.br\/cri\/#website","url":"https:\/\/diariodepe.com.br\/cri\/","name":"CRI e Diario de Pernambuco","description":"R\u00e1dio Internacional da China","publisher":{"@id":"https:\/\/diariodepe.com.br\/cri\/#organization"},"potentialAction":[{"@type":"SearchAction","target":{"@type":"EntryPoint","urlTemplate":"https:\/\/diariodepe.com.br\/cri\/?s={search_term_string}"},"query-input":{"@type":"PropertyValueSpecification","valueRequired":true,"valueName":"search_term_string"}}],"inLanguage":"pt-BR"},{"@type":"Organization","@id":"https:\/\/diariodepe.com.br\/cri\/#organization","name":"CRI e Diario de Pernambuco","url":"https:\/\/diariodepe.com.br\/cri\/","logo":{"@type":"ImageObject","inLanguage":"pt-BR","@id":"https:\/\/diariodepe.com.br\/cri\/#\/schema\/logo\/image\/","url":"https:\/\/diariodepe.com.br\/cri\/wp-content\/uploads\/sites\/2\/2022\/12\/cropped-Logo.jpg","contentUrl":"https:\/\/diariodepe.com.br\/cri\/wp-content\/uploads\/sites\/2\/2022\/12\/cropped-Logo.jpg","width":700,"height":59,"caption":"CRI e Diario de Pernambuco"},"image":{"@id":"https:\/\/diariodepe.com.br\/cri\/#\/schema\/logo\/image\/"}},{"@type":"Person","@id":"https:\/\/diariodepe.com.br\/cri\/#\/schema\/person\/121bb28d84f1a5b1205ef4ce9c2e0c6b","name":"Ismael Lucas S. Pereira","image":{"@type":"ImageObject","inLanguage":"pt-BR","@id":"https:\/\/secure.gravatar.com\/avatar\/887a0f3b5a7ceea963a48499fb883ffce6b5037362def025c52c2505b15d63e4?s=96&d=mm&r=g","url":"https:\/\/secure.gravatar.com\/avatar\/887a0f3b5a7ceea963a48499fb883ffce6b5037362def025c52c2505b15d63e4?s=96&d=mm&r=g","contentUrl":"https:\/\/secure.gravatar.com\/avatar\/887a0f3b5a7ceea963a48499fb883ffce6b5037362def025c52c2505b15d63e4?s=96&d=mm&r=g","caption":"Ismael Lucas S. Pereira"},"url":"https:\/\/diariodepe.com.br\/cri\/author\/ismael-lucas\/"}]}},"cc_featured_image_caption":{"caption_text":false,"source_text":false,"source_url":false},"amp_enabled":true,"_links":{"self":[{"href":"https:\/\/diariodepe.com.br\/cri\/wp-json\/wp\/v2\/posts\/2227","targetHints":{"allow":["GET"]}}],"collection":[{"href":"https:\/\/diariodepe.com.br\/cri\/wp-json\/wp\/v2\/posts"}],"about":[{"href":"https:\/\/diariodepe.com.br\/cri\/wp-json\/wp\/v2\/types\/post"}],"author":[{"embeddable":true,"href":"https:\/\/diariodepe.com.br\/cri\/wp-json\/wp\/v2\/users\/2"}],"replies":[{"embeddable":true,"href":"https:\/\/diariodepe.com.br\/cri\/wp-json\/wp\/v2\/comments?post=2227"}],"version-history":[{"count":1,"href":"https:\/\/diariodepe.com.br\/cri\/wp-json\/wp\/v2\/posts\/2227\/revisions"}],"predecessor-version":[{"id":2228,"href":"https:\/\/diariodepe.com.br\/cri\/wp-json\/wp\/v2\/posts\/2227\/revisions\/2228"}],"wp:attachment":[{"href":"https:\/\/diariodepe.com.br\/cri\/wp-json\/wp\/v2\/media?parent=2227"}],"wp:term":[{"taxonomy":"category","embeddable":true,"href":"https:\/\/diariodepe.com.br\/cri\/wp-json\/wp\/v2\/categories?post=2227"},{"taxonomy":"post_tag","embeddable":true,"href":"https:\/\/diariodepe.com.br\/cri\/wp-json\/wp\/v2\/tags?post=2227"}],"curies":[{"name":"wp","href":"https:\/\/api.w.org\/{rel}","templated":true}]}}