{"id":2217,"date":"2023-08-09T22:57:18","date_gmt":"2023-08-10T01:57:18","guid":{"rendered":"https:\/\/diariodepe.com.br\/cri\/?p=2217"},"modified":"2023-08-09T22:57:18","modified_gmt":"2023-08-10T01:57:18","slug":"a-verdadeira-xinjiang-pelo-olhar-de-embaixadores-estrangeiros-na-china","status":"publish","type":"post","link":"https:\/\/diariodepe.com.br\/cri\/2023\/08\/09\/a-verdadeira-xinjiang-pelo-olhar-de-embaixadores-estrangeiros-na-china\/","title":{"rendered":"A verdadeira Xinjiang pelo olhar de embaixadores estrangeiros na China"},"content":{"rendered":"<p>\u201cA Xinjiang que vimos \u00e9 completamente diferente daquela descrita pela m\u00eddia ocidental\u201d, afirmou o embaixador dominicano na China, Martin Charles, que encerrou sua primeira viagem \u00e0 Regi\u00e3o Aut\u00f4noma Uigur de Xinjiang, no oeste da China.<\/p>\n<p>Ao longo de cinco dias, Martin Charlese outros 24 embaixadores estrangeiros em territ\u00f3rio chin\u00eas visitaram v\u00e1rios lugares, como Kashgar, Kuqa e Urumqi, onde conheceram n\u00e3o apenas os costumes e as tradi\u00e7\u00f5es locais, mas tamb\u00e9m o desenvolvimento socioecon\u00f4mico da regi\u00e3o. Durante a viagem, muitos embaixadores argumentaram que &#8220;as pessoas devem conhecer pessoalmente a verdadeira Xinjiang&#8221;.<\/p>\n<p>Assim como Martin Charles, poucos embaixadores estrangeiros na China j\u00e1 haviam visitado Xinjiang. Eles ficaram confusos com o grande n\u00famero de relatos negativos sobre a regi\u00e3o na m\u00eddia ocidental. De 31 de julho a 4 de agosto, o grupo percorreu a regi\u00e3o com a inten\u00e7\u00e3o de encontrar respostas.<\/p>\n<p>Projetos de constru\u00e7\u00e3o, \u00e1reas tur\u00edsticas famosas, cidades e estradas antigas e empresas de manufatura. A miss\u00e3o contou com um itiner\u00e1rio muito rico, passando por diferentes aspectos da regi\u00e3o.<\/p>\n<p>&#8220;Vimos projetos h\u00eddricos e agr\u00edcolas, zonas de livre com\u00e9rcio, aeroportos, pontos tur\u00edsticos e culturais. Conversamos com habitantes locais e percebemos que Xinjiang est\u00e1 se desenvolvendo bem&#8221;, disse Michael Ren\u00e9 Campbell Hooker, embaixador da Nicar\u00e1gua. Na opini\u00e3o de Michael Hooker, a economia local cresceu rapidamente e os direitos e as liberdades das pessoas est\u00e3o totalmente protegidos. &#8220;\u00c9 completamente diferente da situa\u00e7\u00e3o dos &#8216;direitos humanos&#8217; exagerada pela m\u00eddia ocidental&#8221;, acrescentou o representante nicaraguense.<\/p>\n<p>Mohsen Bakhtiar, embaixador do Ir\u00e3, citou a moderna rede de irriga\u00e7\u00e3o nos campos de algod\u00e3o em Xinjiang, onde s\u00e3o usadas m\u00e1quinas de colheita, aumentando significativamente a produ\u00e7\u00e3o da cultura.<\/p>\n<p>&#8220;Os habitantes tamb\u00e9m usam tecnologias modernas, como drones, para espalhar pesticidas&#8221;, disse Mohsen Bakhtiar. Os embaixadores disseram que a situa\u00e7\u00e3o \u00e9 completamente diferente do &#8220;trabalho for\u00e7ado&#8221; divulgado pela m\u00eddia ocidental.<\/p>\n<p>Nos \u00faltimos anos, mais de 2 mil oficiais governamentais, personalidades religiosas e jornalistas de mais de 100 pa\u00edses e organiza\u00e7\u00f5es internacionais viajaram para Xinjiang, onde testemunharam o desenvolvimento econ\u00f4mico e social da regi\u00e3o. Desta vez, Martin Charles e os outros embaixadores estrangeiros relataram ao mundo o que viram com seus pr\u00f3prios olhos, ou seja, que a verdadeira Xinjiang \u00e9 totalmente diferente do que alguns meios de comunica\u00e7\u00e3o ocidentais relatam.<\/p>\n","protected":false},"excerpt":{"rendered":"<p>\u201cA Xinjiang que vimos \u00e9 completamente diferente daquela descrita pela m\u00eddia ocidental\u201d, afirmou o embaixador dominicano na China, Martin Charles, que encerrou sua primeira viagem \u00e0 Regi\u00e3o Aut\u00f4noma Uigur de Xinjiang, no oeste da China. Ao longo de cinco dias,&#8230;<\/p>\n","protected":false},"author":2,"featured_media":0,"comment_status":"open","ping_status":"open","sticky":false,"template":"","format":"standard","meta":{"footnotes":""},"categories":[7],"tags":[],"class_list":["post-2217","post","type-post","status-publish","format-standard","hentry","category-visao"],"yoast_head":"<!-- This site is optimized with the Yoast SEO plugin v27.4 - https:\/\/yoast.com\/product\/yoast-seo-wordpress\/ -->\n<title>A verdadeira Xinjiang pelo olhar de embaixadores estrangeiros na China - CRI e Diario de Pernambuco<\/title>\n<meta name=\"robots\" content=\"index, follow, max-snippet:-1, max-image-preview:large, max-video-preview:-1\" \/>\n<link rel=\"canonical\" href=\"https:\/\/diariodepe.com.br\/cri\/2023\/08\/09\/a-verdadeira-xinjiang-pelo-olhar-de-embaixadores-estrangeiros-na-china\/\" \/>\n<meta property=\"og:locale\" content=\"pt_BR\" \/>\n<meta property=\"og:type\" content=\"article\" \/>\n<meta property=\"og:title\" content=\"A verdadeira Xinjiang pelo olhar de embaixadores estrangeiros na China - CRI e Diario de Pernambuco\" \/>\n<meta property=\"og:description\" content=\"\u201cA Xinjiang que vimos \u00e9 completamente diferente daquela descrita pela m\u00eddia ocidental\u201d, afirmou o embaixador dominicano na China, Martin Charles, que encerrou sua primeira viagem \u00e0 Regi\u00e3o Aut\u00f4noma Uigur de Xinjiang, no oeste da China. Ao longo de cinco dias,...\" \/>\n<meta property=\"og:url\" content=\"https:\/\/diariodepe.com.br\/cri\/2023\/08\/09\/a-verdadeira-xinjiang-pelo-olhar-de-embaixadores-estrangeiros-na-china\/\" \/>\n<meta property=\"og:site_name\" content=\"CRI e Diario de Pernambuco\" \/>\n<meta property=\"article:published_time\" content=\"2023-08-10T01:57:18+00:00\" \/>\n<meta name=\"author\" content=\"Ismael Lucas S. Pereira\" \/>\n<meta name=\"twitter:card\" content=\"summary_large_image\" \/>\n<meta name=\"twitter:label1\" content=\"Escrito por\" \/>\n\t<meta name=\"twitter:data1\" content=\"Ismael Lucas S. Pereira\" \/>\n\t<meta name=\"twitter:label2\" content=\"Est. tempo de leitura\" \/>\n\t<meta name=\"twitter:data2\" content=\"3 minutos\" \/>\n<script type=\"application\/ld+json\" class=\"yoast-schema-graph\">{\"@context\":\"https:\\\/\\\/schema.org\",\"@graph\":[{\"@type\":\"Article\",\"@id\":\"https:\\\/\\\/diariodepe.com.br\\\/cri\\\/2023\\\/08\\\/09\\\/a-verdadeira-xinjiang-pelo-olhar-de-embaixadores-estrangeiros-na-china\\\/#article\",\"isPartOf\":{\"@id\":\"https:\\\/\\\/diariodepe.com.br\\\/cri\\\/2023\\\/08\\\/09\\\/a-verdadeira-xinjiang-pelo-olhar-de-embaixadores-estrangeiros-na-china\\\/\"},\"author\":{\"name\":\"Ismael Lucas S. Pereira\",\"@id\":\"https:\\\/\\\/diariodepe.com.br\\\/cri\\\/#\\\/schema\\\/person\\\/121bb28d84f1a5b1205ef4ce9c2e0c6b\"},\"headline\":\"A verdadeira Xinjiang pelo olhar de embaixadores estrangeiros na China\",\"datePublished\":\"2023-08-10T01:57:18+00:00\",\"mainEntityOfPage\":{\"@id\":\"https:\\\/\\\/diariodepe.com.br\\\/cri\\\/2023\\\/08\\\/09\\\/a-verdadeira-xinjiang-pelo-olhar-de-embaixadores-estrangeiros-na-china\\\/\"},\"wordCount\":409,\"commentCount\":0,\"publisher\":{\"@id\":\"https:\\\/\\\/diariodepe.com.br\\\/cri\\\/#organization\"},\"articleSection\":[\"Vis\u00e3o\"],\"inLanguage\":\"pt-BR\",\"potentialAction\":[{\"@type\":\"CommentAction\",\"name\":\"Comment\",\"target\":[\"https:\\\/\\\/diariodepe.com.br\\\/cri\\\/2023\\\/08\\\/09\\\/a-verdadeira-xinjiang-pelo-olhar-de-embaixadores-estrangeiros-na-china\\\/#respond\"]}]},{\"@type\":\"WebPage\",\"@id\":\"https:\\\/\\\/diariodepe.com.br\\\/cri\\\/2023\\\/08\\\/09\\\/a-verdadeira-xinjiang-pelo-olhar-de-embaixadores-estrangeiros-na-china\\\/\",\"url\":\"https:\\\/\\\/diariodepe.com.br\\\/cri\\\/2023\\\/08\\\/09\\\/a-verdadeira-xinjiang-pelo-olhar-de-embaixadores-estrangeiros-na-china\\\/\",\"name\":\"A verdadeira Xinjiang pelo olhar de embaixadores estrangeiros na China - CRI e Diario de Pernambuco\",\"isPartOf\":{\"@id\":\"https:\\\/\\\/diariodepe.com.br\\\/cri\\\/#website\"},\"datePublished\":\"2023-08-10T01:57:18+00:00\",\"breadcrumb\":{\"@id\":\"https:\\\/\\\/diariodepe.com.br\\\/cri\\\/2023\\\/08\\\/09\\\/a-verdadeira-xinjiang-pelo-olhar-de-embaixadores-estrangeiros-na-china\\\/#breadcrumb\"},\"inLanguage\":\"pt-BR\",\"potentialAction\":[{\"@type\":\"ReadAction\",\"target\":[\"https:\\\/\\\/diariodepe.com.br\\\/cri\\\/2023\\\/08\\\/09\\\/a-verdadeira-xinjiang-pelo-olhar-de-embaixadores-estrangeiros-na-china\\\/\"]}]},{\"@type\":\"BreadcrumbList\",\"@id\":\"https:\\\/\\\/diariodepe.com.br\\\/cri\\\/2023\\\/08\\\/09\\\/a-verdadeira-xinjiang-pelo-olhar-de-embaixadores-estrangeiros-na-china\\\/#breadcrumb\",\"itemListElement\":[{\"@type\":\"ListItem\",\"position\":1,\"name\":\"In\u00edcio\",\"item\":\"https:\\\/\\\/diariodepe.com.br\\\/cri\\\/\"},{\"@type\":\"ListItem\",\"position\":2,\"name\":\"A verdadeira Xinjiang pelo olhar de embaixadores estrangeiros na China\"}]},{\"@type\":\"WebSite\",\"@id\":\"https:\\\/\\\/diariodepe.com.br\\\/cri\\\/#website\",\"url\":\"https:\\\/\\\/diariodepe.com.br\\\/cri\\\/\",\"name\":\"CRI e Diario de Pernambuco\",\"description\":\"R\u00e1dio Internacional da China\",\"publisher\":{\"@id\":\"https:\\\/\\\/diariodepe.com.br\\\/cri\\\/#organization\"},\"potentialAction\":[{\"@type\":\"SearchAction\",\"target\":{\"@type\":\"EntryPoint\",\"urlTemplate\":\"https:\\\/\\\/diariodepe.com.br\\\/cri\\\/?s={search_term_string}\"},\"query-input\":{\"@type\":\"PropertyValueSpecification\",\"valueRequired\":true,\"valueName\":\"search_term_string\"}}],\"inLanguage\":\"pt-BR\"},{\"@type\":\"Organization\",\"@id\":\"https:\\\/\\\/diariodepe.com.br\\\/cri\\\/#organization\",\"name\":\"CRI e Diario de Pernambuco\",\"url\":\"https:\\\/\\\/diariodepe.com.br\\\/cri\\\/\",\"logo\":{\"@type\":\"ImageObject\",\"inLanguage\":\"pt-BR\",\"@id\":\"https:\\\/\\\/diariodepe.com.br\\\/cri\\\/#\\\/schema\\\/logo\\\/image\\\/\",\"url\":\"https:\\\/\\\/diariodepe.com.br\\\/cri\\\/wp-content\\\/uploads\\\/sites\\\/2\\\/2022\\\/12\\\/cropped-Logo.jpg\",\"contentUrl\":\"https:\\\/\\\/diariodepe.com.br\\\/cri\\\/wp-content\\\/uploads\\\/sites\\\/2\\\/2022\\\/12\\\/cropped-Logo.jpg\",\"width\":700,\"height\":59,\"caption\":\"CRI e Diario de Pernambuco\"},\"image\":{\"@id\":\"https:\\\/\\\/diariodepe.com.br\\\/cri\\\/#\\\/schema\\\/logo\\\/image\\\/\"}},{\"@type\":\"Person\",\"@id\":\"https:\\\/\\\/diariodepe.com.br\\\/cri\\\/#\\\/schema\\\/person\\\/121bb28d84f1a5b1205ef4ce9c2e0c6b\",\"name\":\"Ismael Lucas S. Pereira\",\"image\":{\"@type\":\"ImageObject\",\"inLanguage\":\"pt-BR\",\"@id\":\"https:\\\/\\\/secure.gravatar.com\\\/avatar\\\/887a0f3b5a7ceea963a48499fb883ffce6b5037362def025c52c2505b15d63e4?s=96&d=mm&r=g\",\"url\":\"https:\\\/\\\/secure.gravatar.com\\\/avatar\\\/887a0f3b5a7ceea963a48499fb883ffce6b5037362def025c52c2505b15d63e4?s=96&d=mm&r=g\",\"contentUrl\":\"https:\\\/\\\/secure.gravatar.com\\\/avatar\\\/887a0f3b5a7ceea963a48499fb883ffce6b5037362def025c52c2505b15d63e4?s=96&d=mm&r=g\",\"caption\":\"Ismael Lucas S. Pereira\"},\"url\":\"https:\\\/\\\/diariodepe.com.br\\\/cri\\\/author\\\/ismael-lucas\\\/\"}]}<\/script>\n<!-- \/ Yoast SEO plugin. -->","yoast_head_json":{"title":"A verdadeira Xinjiang pelo olhar de embaixadores estrangeiros na China - CRI e Diario de Pernambuco","robots":{"index":"index","follow":"follow","max-snippet":"max-snippet:-1","max-image-preview":"max-image-preview:large","max-video-preview":"max-video-preview:-1"},"canonical":"https:\/\/diariodepe.com.br\/cri\/2023\/08\/09\/a-verdadeira-xinjiang-pelo-olhar-de-embaixadores-estrangeiros-na-china\/","og_locale":"pt_BR","og_type":"article","og_title":"A verdadeira Xinjiang pelo olhar de embaixadores estrangeiros na China - CRI e Diario de Pernambuco","og_description":"\u201cA Xinjiang que vimos \u00e9 completamente diferente daquela descrita pela m\u00eddia ocidental\u201d, afirmou o embaixador dominicano na China, Martin Charles, que encerrou sua primeira viagem \u00e0 Regi\u00e3o Aut\u00f4noma Uigur de Xinjiang, no oeste da China. Ao longo de cinco dias,...","og_url":"https:\/\/diariodepe.com.br\/cri\/2023\/08\/09\/a-verdadeira-xinjiang-pelo-olhar-de-embaixadores-estrangeiros-na-china\/","og_site_name":"CRI e Diario de Pernambuco","article_published_time":"2023-08-10T01:57:18+00:00","author":"Ismael Lucas S. Pereira","twitter_card":"summary_large_image","twitter_misc":{"Escrito por":"Ismael Lucas S. Pereira","Est. tempo de leitura":"3 minutos"},"schema":{"@context":"https:\/\/schema.org","@graph":[{"@type":"Article","@id":"https:\/\/diariodepe.com.br\/cri\/2023\/08\/09\/a-verdadeira-xinjiang-pelo-olhar-de-embaixadores-estrangeiros-na-china\/#article","isPartOf":{"@id":"https:\/\/diariodepe.com.br\/cri\/2023\/08\/09\/a-verdadeira-xinjiang-pelo-olhar-de-embaixadores-estrangeiros-na-china\/"},"author":{"name":"Ismael Lucas S. Pereira","@id":"https:\/\/diariodepe.com.br\/cri\/#\/schema\/person\/121bb28d84f1a5b1205ef4ce9c2e0c6b"},"headline":"A verdadeira Xinjiang pelo olhar de embaixadores estrangeiros na China","datePublished":"2023-08-10T01:57:18+00:00","mainEntityOfPage":{"@id":"https:\/\/diariodepe.com.br\/cri\/2023\/08\/09\/a-verdadeira-xinjiang-pelo-olhar-de-embaixadores-estrangeiros-na-china\/"},"wordCount":409,"commentCount":0,"publisher":{"@id":"https:\/\/diariodepe.com.br\/cri\/#organization"},"articleSection":["Vis\u00e3o"],"inLanguage":"pt-BR","potentialAction":[{"@type":"CommentAction","name":"Comment","target":["https:\/\/diariodepe.com.br\/cri\/2023\/08\/09\/a-verdadeira-xinjiang-pelo-olhar-de-embaixadores-estrangeiros-na-china\/#respond"]}]},{"@type":"WebPage","@id":"https:\/\/diariodepe.com.br\/cri\/2023\/08\/09\/a-verdadeira-xinjiang-pelo-olhar-de-embaixadores-estrangeiros-na-china\/","url":"https:\/\/diariodepe.com.br\/cri\/2023\/08\/09\/a-verdadeira-xinjiang-pelo-olhar-de-embaixadores-estrangeiros-na-china\/","name":"A verdadeira Xinjiang pelo olhar de embaixadores estrangeiros na China - CRI e Diario de Pernambuco","isPartOf":{"@id":"https:\/\/diariodepe.com.br\/cri\/#website"},"datePublished":"2023-08-10T01:57:18+00:00","breadcrumb":{"@id":"https:\/\/diariodepe.com.br\/cri\/2023\/08\/09\/a-verdadeira-xinjiang-pelo-olhar-de-embaixadores-estrangeiros-na-china\/#breadcrumb"},"inLanguage":"pt-BR","potentialAction":[{"@type":"ReadAction","target":["https:\/\/diariodepe.com.br\/cri\/2023\/08\/09\/a-verdadeira-xinjiang-pelo-olhar-de-embaixadores-estrangeiros-na-china\/"]}]},{"@type":"BreadcrumbList","@id":"https:\/\/diariodepe.com.br\/cri\/2023\/08\/09\/a-verdadeira-xinjiang-pelo-olhar-de-embaixadores-estrangeiros-na-china\/#breadcrumb","itemListElement":[{"@type":"ListItem","position":1,"name":"In\u00edcio","item":"https:\/\/diariodepe.com.br\/cri\/"},{"@type":"ListItem","position":2,"name":"A verdadeira Xinjiang pelo olhar de embaixadores estrangeiros na China"}]},{"@type":"WebSite","@id":"https:\/\/diariodepe.com.br\/cri\/#website","url":"https:\/\/diariodepe.com.br\/cri\/","name":"CRI e Diario de Pernambuco","description":"R\u00e1dio Internacional da China","publisher":{"@id":"https:\/\/diariodepe.com.br\/cri\/#organization"},"potentialAction":[{"@type":"SearchAction","target":{"@type":"EntryPoint","urlTemplate":"https:\/\/diariodepe.com.br\/cri\/?s={search_term_string}"},"query-input":{"@type":"PropertyValueSpecification","valueRequired":true,"valueName":"search_term_string"}}],"inLanguage":"pt-BR"},{"@type":"Organization","@id":"https:\/\/diariodepe.com.br\/cri\/#organization","name":"CRI e Diario de Pernambuco","url":"https:\/\/diariodepe.com.br\/cri\/","logo":{"@type":"ImageObject","inLanguage":"pt-BR","@id":"https:\/\/diariodepe.com.br\/cri\/#\/schema\/logo\/image\/","url":"https:\/\/diariodepe.com.br\/cri\/wp-content\/uploads\/sites\/2\/2022\/12\/cropped-Logo.jpg","contentUrl":"https:\/\/diariodepe.com.br\/cri\/wp-content\/uploads\/sites\/2\/2022\/12\/cropped-Logo.jpg","width":700,"height":59,"caption":"CRI e Diario de Pernambuco"},"image":{"@id":"https:\/\/diariodepe.com.br\/cri\/#\/schema\/logo\/image\/"}},{"@type":"Person","@id":"https:\/\/diariodepe.com.br\/cri\/#\/schema\/person\/121bb28d84f1a5b1205ef4ce9c2e0c6b","name":"Ismael Lucas S. Pereira","image":{"@type":"ImageObject","inLanguage":"pt-BR","@id":"https:\/\/secure.gravatar.com\/avatar\/887a0f3b5a7ceea963a48499fb883ffce6b5037362def025c52c2505b15d63e4?s=96&d=mm&r=g","url":"https:\/\/secure.gravatar.com\/avatar\/887a0f3b5a7ceea963a48499fb883ffce6b5037362def025c52c2505b15d63e4?s=96&d=mm&r=g","contentUrl":"https:\/\/secure.gravatar.com\/avatar\/887a0f3b5a7ceea963a48499fb883ffce6b5037362def025c52c2505b15d63e4?s=96&d=mm&r=g","caption":"Ismael Lucas S. Pereira"},"url":"https:\/\/diariodepe.com.br\/cri\/author\/ismael-lucas\/"}]}},"cc_featured_image_caption":{"caption_text":false,"source_text":false,"source_url":false},"amp_enabled":true,"_links":{"self":[{"href":"https:\/\/diariodepe.com.br\/cri\/wp-json\/wp\/v2\/posts\/2217","targetHints":{"allow":["GET"]}}],"collection":[{"href":"https:\/\/diariodepe.com.br\/cri\/wp-json\/wp\/v2\/posts"}],"about":[{"href":"https:\/\/diariodepe.com.br\/cri\/wp-json\/wp\/v2\/types\/post"}],"author":[{"embeddable":true,"href":"https:\/\/diariodepe.com.br\/cri\/wp-json\/wp\/v2\/users\/2"}],"replies":[{"embeddable":true,"href":"https:\/\/diariodepe.com.br\/cri\/wp-json\/wp\/v2\/comments?post=2217"}],"version-history":[{"count":1,"href":"https:\/\/diariodepe.com.br\/cri\/wp-json\/wp\/v2\/posts\/2217\/revisions"}],"predecessor-version":[{"id":2218,"href":"https:\/\/diariodepe.com.br\/cri\/wp-json\/wp\/v2\/posts\/2217\/revisions\/2218"}],"wp:attachment":[{"href":"https:\/\/diariodepe.com.br\/cri\/wp-json\/wp\/v2\/media?parent=2217"}],"wp:term":[{"taxonomy":"category","embeddable":true,"href":"https:\/\/diariodepe.com.br\/cri\/wp-json\/wp\/v2\/categories?post=2217"},{"taxonomy":"post_tag","embeddable":true,"href":"https:\/\/diariodepe.com.br\/cri\/wp-json\/wp\/v2\/tags?post=2217"}],"curies":[{"name":"wp","href":"https:\/\/api.w.org\/{rel}","templated":true}]}}