{"id":2161,"date":"2023-07-20T22:36:05","date_gmt":"2023-07-21T01:36:05","guid":{"rendered":"https:\/\/diariodepe.com.br\/cri\/?p=2161"},"modified":"2023-07-20T22:36:53","modified_gmt":"2023-07-21T01:36:53","slug":"cmg-e-governo-de-shanghai-promovem-museu-industrial-de-shanghai","status":"publish","type":"post","link":"https:\/\/diariodepe.com.br\/cri\/2023\/07\/20\/cmg-e-governo-de-shanghai-promovem-museu-industrial-de-shanghai\/","title":{"rendered":"CMG e governo de Shanghai promovem Museu Industrial de Shanghai"},"content":{"rendered":"<p>O Grupo de M\u00eddia da China (CMG, na sigla em ingl\u00eas) e o governo municipal de Shanghai assinaram nesta quinta-feira (20) um acordo-quadro de coopera\u00e7\u00e3o estrat\u00e9gica sobre o projeto do Museu Industrial de Shanghai. O vice-chefe do Departamento de Comunica\u00e7\u00e3o do Comit\u00ea Central do Partido Comunista da China (PCCh) e presidente do CMG, Shen Haixiong, e o vice-secret\u00e1rio do Comit\u00ea Municipal de Shanghai do PCCh e prefeito da cidade, Gong Zheng, compareceram \u00e0 cerim\u00f4nia de assinatura.<\/p>\n<p data-spm-anchor-id=\"0.0.0.i1\">Segundo o acordo, os dois lados v\u00e3o aprofundar a colabora\u00e7\u00e3o estrat\u00e9gica e construir, em conjunto, um novo espa\u00e7o de imagens de luz e sombra para mostrar o desenvolvimento industrial da China, usando a tecnologia de ultra alta defini\u00e7\u00e3o 8K e transformando o museu em um complexo cultural e industrial digital, visual, interativo e inteligente, onde interagem exibi\u00e7\u00e3o da cole\u00e7\u00e3o, orienta\u00e7\u00e3o educacional e heran\u00e7a espiritual.<\/p>\n","protected":false},"excerpt":{"rendered":"<p>O Grupo de M\u00eddia da China (CMG, na sigla em ingl\u00eas) e o governo municipal de Shanghai assinaram nesta quinta-feira (20) um acordo-quadro de coopera\u00e7\u00e3o estrat\u00e9gica sobre o projeto do Museu Industrial de Shanghai. O vice-chefe do Departamento de Comunica\u00e7\u00e3o&#8230;<\/p>\n","protected":false},"author":2,"featured_media":2164,"comment_status":"open","ping_status":"open","sticky":false,"template":"","format":"standard","meta":{"footnotes":""},"categories":[3,5],"tags":[],"class_list":["post-2161","post","type-post","status-publish","format-standard","has-post-thumbnail","hentry","category-china","category-destaques-capa"],"yoast_head":"<!-- This site is optimized with the Yoast SEO plugin v27.4 - https:\/\/yoast.com\/product\/yoast-seo-wordpress\/ -->\n<title>CMG e governo de Shanghai promovem Museu Industrial de Shanghai - CRI e Diario de Pernambuco<\/title>\n<meta name=\"robots\" content=\"index, follow, max-snippet:-1, max-image-preview:large, max-video-preview:-1\" \/>\n<link rel=\"canonical\" href=\"https:\/\/diariodepe.com.br\/cri\/2023\/07\/20\/cmg-e-governo-de-shanghai-promovem-museu-industrial-de-shanghai\/\" \/>\n<meta property=\"og:locale\" content=\"pt_BR\" \/>\n<meta property=\"og:type\" content=\"article\" \/>\n<meta property=\"og:title\" content=\"CMG e governo de Shanghai promovem Museu Industrial de Shanghai - CRI e Diario de Pernambuco\" \/>\n<meta property=\"og:description\" content=\"O Grupo de M\u00eddia da China (CMG, na sigla em ingl\u00eas) e o governo municipal de Shanghai assinaram nesta quinta-feira (20) um acordo-quadro de coopera\u00e7\u00e3o estrat\u00e9gica sobre o projeto do Museu Industrial de Shanghai. O vice-chefe do Departamento de Comunica\u00e7\u00e3o...\" \/>\n<meta property=\"og:url\" content=\"https:\/\/diariodepe.com.br\/cri\/2023\/07\/20\/cmg-e-governo-de-shanghai-promovem-museu-industrial-de-shanghai\/\" \/>\n<meta property=\"og:site_name\" content=\"CRI e Diario de Pernambuco\" \/>\n<meta property=\"article:published_time\" content=\"2023-07-21T01:36:05+00:00\" \/>\n<meta property=\"article:modified_time\" content=\"2023-07-21T01:36:53+00:00\" \/>\n<meta property=\"og:image\" content=\"https:\/\/diariodepe.com.br\/cri\/wp-content\/uploads\/sites\/2\/2023\/07\/2023072021202639293-1.jpg\" \/>\n\t<meta property=\"og:image:width\" content=\"2000\" \/>\n\t<meta property=\"og:image:height\" content=\"1334\" \/>\n\t<meta property=\"og:image:type\" content=\"image\/jpeg\" \/>\n<meta name=\"author\" content=\"Ismael Lucas S. Pereira\" \/>\n<meta name=\"twitter:card\" content=\"summary_large_image\" \/>\n<meta name=\"twitter:label1\" content=\"Escrito por\" \/>\n\t<meta name=\"twitter:data1\" content=\"Ismael Lucas S. Pereira\" \/>\n\t<meta name=\"twitter:label2\" content=\"Est. tempo de leitura\" \/>\n\t<meta name=\"twitter:data2\" content=\"1 minuto\" \/>\n<script type=\"application\/ld+json\" class=\"yoast-schema-graph\">{\"@context\":\"https:\\\/\\\/schema.org\",\"@graph\":[{\"@type\":\"Article\",\"@id\":\"https:\\\/\\\/diariodepe.com.br\\\/cri\\\/2023\\\/07\\\/20\\\/cmg-e-governo-de-shanghai-promovem-museu-industrial-de-shanghai\\\/#article\",\"isPartOf\":{\"@id\":\"https:\\\/\\\/diariodepe.com.br\\\/cri\\\/2023\\\/07\\\/20\\\/cmg-e-governo-de-shanghai-promovem-museu-industrial-de-shanghai\\\/\"},\"author\":{\"name\":\"Ismael Lucas S. Pereira\",\"@id\":\"https:\\\/\\\/diariodepe.com.br\\\/cri\\\/#\\\/schema\\\/person\\\/121bb28d84f1a5b1205ef4ce9c2e0c6b\"},\"headline\":\"CMG e governo de Shanghai promovem Museu Industrial de Shanghai\",\"datePublished\":\"2023-07-21T01:36:05+00:00\",\"dateModified\":\"2023-07-21T01:36:53+00:00\",\"mainEntityOfPage\":{\"@id\":\"https:\\\/\\\/diariodepe.com.br\\\/cri\\\/2023\\\/07\\\/20\\\/cmg-e-governo-de-shanghai-promovem-museu-industrial-de-shanghai\\\/\"},\"wordCount\":164,\"commentCount\":0,\"publisher\":{\"@id\":\"https:\\\/\\\/diariodepe.com.br\\\/cri\\\/#organization\"},\"image\":{\"@id\":\"https:\\\/\\\/diariodepe.com.br\\\/cri\\\/2023\\\/07\\\/20\\\/cmg-e-governo-de-shanghai-promovem-museu-industrial-de-shanghai\\\/#primaryimage\"},\"thumbnailUrl\":\"https:\\\/\\\/diariodepe.com.br\\\/cri\\\/wp-content\\\/uploads\\\/sites\\\/2\\\/2023\\\/07\\\/2023072021202639293-1.jpg\",\"articleSection\":[\"China\",\"Destaques Capa\"],\"inLanguage\":\"pt-BR\",\"potentialAction\":[{\"@type\":\"CommentAction\",\"name\":\"Comment\",\"target\":[\"https:\\\/\\\/diariodepe.com.br\\\/cri\\\/2023\\\/07\\\/20\\\/cmg-e-governo-de-shanghai-promovem-museu-industrial-de-shanghai\\\/#respond\"]}]},{\"@type\":\"WebPage\",\"@id\":\"https:\\\/\\\/diariodepe.com.br\\\/cri\\\/2023\\\/07\\\/20\\\/cmg-e-governo-de-shanghai-promovem-museu-industrial-de-shanghai\\\/\",\"url\":\"https:\\\/\\\/diariodepe.com.br\\\/cri\\\/2023\\\/07\\\/20\\\/cmg-e-governo-de-shanghai-promovem-museu-industrial-de-shanghai\\\/\",\"name\":\"CMG e governo de Shanghai promovem Museu Industrial de Shanghai - CRI e Diario de Pernambuco\",\"isPartOf\":{\"@id\":\"https:\\\/\\\/diariodepe.com.br\\\/cri\\\/#website\"},\"primaryImageOfPage\":{\"@id\":\"https:\\\/\\\/diariodepe.com.br\\\/cri\\\/2023\\\/07\\\/20\\\/cmg-e-governo-de-shanghai-promovem-museu-industrial-de-shanghai\\\/#primaryimage\"},\"image\":{\"@id\":\"https:\\\/\\\/diariodepe.com.br\\\/cri\\\/2023\\\/07\\\/20\\\/cmg-e-governo-de-shanghai-promovem-museu-industrial-de-shanghai\\\/#primaryimage\"},\"thumbnailUrl\":\"https:\\\/\\\/diariodepe.com.br\\\/cri\\\/wp-content\\\/uploads\\\/sites\\\/2\\\/2023\\\/07\\\/2023072021202639293-1.jpg\",\"datePublished\":\"2023-07-21T01:36:05+00:00\",\"dateModified\":\"2023-07-21T01:36:53+00:00\",\"breadcrumb\":{\"@id\":\"https:\\\/\\\/diariodepe.com.br\\\/cri\\\/2023\\\/07\\\/20\\\/cmg-e-governo-de-shanghai-promovem-museu-industrial-de-shanghai\\\/#breadcrumb\"},\"inLanguage\":\"pt-BR\",\"potentialAction\":[{\"@type\":\"ReadAction\",\"target\":[\"https:\\\/\\\/diariodepe.com.br\\\/cri\\\/2023\\\/07\\\/20\\\/cmg-e-governo-de-shanghai-promovem-museu-industrial-de-shanghai\\\/\"]}]},{\"@type\":\"ImageObject\",\"inLanguage\":\"pt-BR\",\"@id\":\"https:\\\/\\\/diariodepe.com.br\\\/cri\\\/2023\\\/07\\\/20\\\/cmg-e-governo-de-shanghai-promovem-museu-industrial-de-shanghai\\\/#primaryimage\",\"url\":\"https:\\\/\\\/diariodepe.com.br\\\/cri\\\/wp-content\\\/uploads\\\/sites\\\/2\\\/2023\\\/07\\\/2023072021202639293-1.jpg\",\"contentUrl\":\"https:\\\/\\\/diariodepe.com.br\\\/cri\\\/wp-content\\\/uploads\\\/sites\\\/2\\\/2023\\\/07\\\/2023072021202639293-1.jpg\",\"width\":2000,\"height\":1334},{\"@type\":\"BreadcrumbList\",\"@id\":\"https:\\\/\\\/diariodepe.com.br\\\/cri\\\/2023\\\/07\\\/20\\\/cmg-e-governo-de-shanghai-promovem-museu-industrial-de-shanghai\\\/#breadcrumb\",\"itemListElement\":[{\"@type\":\"ListItem\",\"position\":1,\"name\":\"In\u00edcio\",\"item\":\"https:\\\/\\\/diariodepe.com.br\\\/cri\\\/\"},{\"@type\":\"ListItem\",\"position\":2,\"name\":\"CMG e governo de Shanghai promovem Museu Industrial de Shanghai\"}]},{\"@type\":\"WebSite\",\"@id\":\"https:\\\/\\\/diariodepe.com.br\\\/cri\\\/#website\",\"url\":\"https:\\\/\\\/diariodepe.com.br\\\/cri\\\/\",\"name\":\"CRI e Diario de Pernambuco\",\"description\":\"R\u00e1dio Internacional da China\",\"publisher\":{\"@id\":\"https:\\\/\\\/diariodepe.com.br\\\/cri\\\/#organization\"},\"potentialAction\":[{\"@type\":\"SearchAction\",\"target\":{\"@type\":\"EntryPoint\",\"urlTemplate\":\"https:\\\/\\\/diariodepe.com.br\\\/cri\\\/?s={search_term_string}\"},\"query-input\":{\"@type\":\"PropertyValueSpecification\",\"valueRequired\":true,\"valueName\":\"search_term_string\"}}],\"inLanguage\":\"pt-BR\"},{\"@type\":\"Organization\",\"@id\":\"https:\\\/\\\/diariodepe.com.br\\\/cri\\\/#organization\",\"name\":\"CRI e Diario de Pernambuco\",\"url\":\"https:\\\/\\\/diariodepe.com.br\\\/cri\\\/\",\"logo\":{\"@type\":\"ImageObject\",\"inLanguage\":\"pt-BR\",\"@id\":\"https:\\\/\\\/diariodepe.com.br\\\/cri\\\/#\\\/schema\\\/logo\\\/image\\\/\",\"url\":\"https:\\\/\\\/diariodepe.com.br\\\/cri\\\/wp-content\\\/uploads\\\/sites\\\/2\\\/2022\\\/12\\\/cropped-Logo.jpg\",\"contentUrl\":\"https:\\\/\\\/diariodepe.com.br\\\/cri\\\/wp-content\\\/uploads\\\/sites\\\/2\\\/2022\\\/12\\\/cropped-Logo.jpg\",\"width\":700,\"height\":59,\"caption\":\"CRI e Diario de Pernambuco\"},\"image\":{\"@id\":\"https:\\\/\\\/diariodepe.com.br\\\/cri\\\/#\\\/schema\\\/logo\\\/image\\\/\"}},{\"@type\":\"Person\",\"@id\":\"https:\\\/\\\/diariodepe.com.br\\\/cri\\\/#\\\/schema\\\/person\\\/121bb28d84f1a5b1205ef4ce9c2e0c6b\",\"name\":\"Ismael Lucas S. Pereira\",\"image\":{\"@type\":\"ImageObject\",\"inLanguage\":\"pt-BR\",\"@id\":\"https:\\\/\\\/secure.gravatar.com\\\/avatar\\\/887a0f3b5a7ceea963a48499fb883ffce6b5037362def025c52c2505b15d63e4?s=96&d=mm&r=g\",\"url\":\"https:\\\/\\\/secure.gravatar.com\\\/avatar\\\/887a0f3b5a7ceea963a48499fb883ffce6b5037362def025c52c2505b15d63e4?s=96&d=mm&r=g\",\"contentUrl\":\"https:\\\/\\\/secure.gravatar.com\\\/avatar\\\/887a0f3b5a7ceea963a48499fb883ffce6b5037362def025c52c2505b15d63e4?s=96&d=mm&r=g\",\"caption\":\"Ismael Lucas S. Pereira\"},\"url\":\"https:\\\/\\\/diariodepe.com.br\\\/cri\\\/author\\\/ismael-lucas\\\/\"}]}<\/script>\n<!-- \/ Yoast SEO plugin. -->","yoast_head_json":{"title":"CMG e governo de Shanghai promovem Museu Industrial de Shanghai - CRI e Diario de Pernambuco","robots":{"index":"index","follow":"follow","max-snippet":"max-snippet:-1","max-image-preview":"max-image-preview:large","max-video-preview":"max-video-preview:-1"},"canonical":"https:\/\/diariodepe.com.br\/cri\/2023\/07\/20\/cmg-e-governo-de-shanghai-promovem-museu-industrial-de-shanghai\/","og_locale":"pt_BR","og_type":"article","og_title":"CMG e governo de Shanghai promovem Museu Industrial de Shanghai - CRI e Diario de Pernambuco","og_description":"O Grupo de M\u00eddia da China (CMG, na sigla em ingl\u00eas) e o governo municipal de Shanghai assinaram nesta quinta-feira (20) um acordo-quadro de coopera\u00e7\u00e3o estrat\u00e9gica sobre o projeto do Museu Industrial de Shanghai. O vice-chefe do Departamento de Comunica\u00e7\u00e3o...","og_url":"https:\/\/diariodepe.com.br\/cri\/2023\/07\/20\/cmg-e-governo-de-shanghai-promovem-museu-industrial-de-shanghai\/","og_site_name":"CRI e Diario de Pernambuco","article_published_time":"2023-07-21T01:36:05+00:00","article_modified_time":"2023-07-21T01:36:53+00:00","og_image":[{"width":2000,"height":1334,"url":"https:\/\/diariodepe.com.br\/cri\/wp-content\/uploads\/sites\/2\/2023\/07\/2023072021202639293-1.jpg","type":"image\/jpeg"}],"author":"Ismael Lucas S. Pereira","twitter_card":"summary_large_image","twitter_misc":{"Escrito por":"Ismael Lucas S. Pereira","Est. tempo de leitura":"1 minuto"},"schema":{"@context":"https:\/\/schema.org","@graph":[{"@type":"Article","@id":"https:\/\/diariodepe.com.br\/cri\/2023\/07\/20\/cmg-e-governo-de-shanghai-promovem-museu-industrial-de-shanghai\/#article","isPartOf":{"@id":"https:\/\/diariodepe.com.br\/cri\/2023\/07\/20\/cmg-e-governo-de-shanghai-promovem-museu-industrial-de-shanghai\/"},"author":{"name":"Ismael Lucas S. Pereira","@id":"https:\/\/diariodepe.com.br\/cri\/#\/schema\/person\/121bb28d84f1a5b1205ef4ce9c2e0c6b"},"headline":"CMG e governo de Shanghai promovem Museu Industrial de Shanghai","datePublished":"2023-07-21T01:36:05+00:00","dateModified":"2023-07-21T01:36:53+00:00","mainEntityOfPage":{"@id":"https:\/\/diariodepe.com.br\/cri\/2023\/07\/20\/cmg-e-governo-de-shanghai-promovem-museu-industrial-de-shanghai\/"},"wordCount":164,"commentCount":0,"publisher":{"@id":"https:\/\/diariodepe.com.br\/cri\/#organization"},"image":{"@id":"https:\/\/diariodepe.com.br\/cri\/2023\/07\/20\/cmg-e-governo-de-shanghai-promovem-museu-industrial-de-shanghai\/#primaryimage"},"thumbnailUrl":"https:\/\/diariodepe.com.br\/cri\/wp-content\/uploads\/sites\/2\/2023\/07\/2023072021202639293-1.jpg","articleSection":["China","Destaques Capa"],"inLanguage":"pt-BR","potentialAction":[{"@type":"CommentAction","name":"Comment","target":["https:\/\/diariodepe.com.br\/cri\/2023\/07\/20\/cmg-e-governo-de-shanghai-promovem-museu-industrial-de-shanghai\/#respond"]}]},{"@type":"WebPage","@id":"https:\/\/diariodepe.com.br\/cri\/2023\/07\/20\/cmg-e-governo-de-shanghai-promovem-museu-industrial-de-shanghai\/","url":"https:\/\/diariodepe.com.br\/cri\/2023\/07\/20\/cmg-e-governo-de-shanghai-promovem-museu-industrial-de-shanghai\/","name":"CMG e governo de Shanghai promovem Museu Industrial de Shanghai - CRI e Diario de Pernambuco","isPartOf":{"@id":"https:\/\/diariodepe.com.br\/cri\/#website"},"primaryImageOfPage":{"@id":"https:\/\/diariodepe.com.br\/cri\/2023\/07\/20\/cmg-e-governo-de-shanghai-promovem-museu-industrial-de-shanghai\/#primaryimage"},"image":{"@id":"https:\/\/diariodepe.com.br\/cri\/2023\/07\/20\/cmg-e-governo-de-shanghai-promovem-museu-industrial-de-shanghai\/#primaryimage"},"thumbnailUrl":"https:\/\/diariodepe.com.br\/cri\/wp-content\/uploads\/sites\/2\/2023\/07\/2023072021202639293-1.jpg","datePublished":"2023-07-21T01:36:05+00:00","dateModified":"2023-07-21T01:36:53+00:00","breadcrumb":{"@id":"https:\/\/diariodepe.com.br\/cri\/2023\/07\/20\/cmg-e-governo-de-shanghai-promovem-museu-industrial-de-shanghai\/#breadcrumb"},"inLanguage":"pt-BR","potentialAction":[{"@type":"ReadAction","target":["https:\/\/diariodepe.com.br\/cri\/2023\/07\/20\/cmg-e-governo-de-shanghai-promovem-museu-industrial-de-shanghai\/"]}]},{"@type":"ImageObject","inLanguage":"pt-BR","@id":"https:\/\/diariodepe.com.br\/cri\/2023\/07\/20\/cmg-e-governo-de-shanghai-promovem-museu-industrial-de-shanghai\/#primaryimage","url":"https:\/\/diariodepe.com.br\/cri\/wp-content\/uploads\/sites\/2\/2023\/07\/2023072021202639293-1.jpg","contentUrl":"https:\/\/diariodepe.com.br\/cri\/wp-content\/uploads\/sites\/2\/2023\/07\/2023072021202639293-1.jpg","width":2000,"height":1334},{"@type":"BreadcrumbList","@id":"https:\/\/diariodepe.com.br\/cri\/2023\/07\/20\/cmg-e-governo-de-shanghai-promovem-museu-industrial-de-shanghai\/#breadcrumb","itemListElement":[{"@type":"ListItem","position":1,"name":"In\u00edcio","item":"https:\/\/diariodepe.com.br\/cri\/"},{"@type":"ListItem","position":2,"name":"CMG e governo de Shanghai promovem Museu Industrial de Shanghai"}]},{"@type":"WebSite","@id":"https:\/\/diariodepe.com.br\/cri\/#website","url":"https:\/\/diariodepe.com.br\/cri\/","name":"CRI e Diario de Pernambuco","description":"R\u00e1dio Internacional da China","publisher":{"@id":"https:\/\/diariodepe.com.br\/cri\/#organization"},"potentialAction":[{"@type":"SearchAction","target":{"@type":"EntryPoint","urlTemplate":"https:\/\/diariodepe.com.br\/cri\/?s={search_term_string}"},"query-input":{"@type":"PropertyValueSpecification","valueRequired":true,"valueName":"search_term_string"}}],"inLanguage":"pt-BR"},{"@type":"Organization","@id":"https:\/\/diariodepe.com.br\/cri\/#organization","name":"CRI e Diario de Pernambuco","url":"https:\/\/diariodepe.com.br\/cri\/","logo":{"@type":"ImageObject","inLanguage":"pt-BR","@id":"https:\/\/diariodepe.com.br\/cri\/#\/schema\/logo\/image\/","url":"https:\/\/diariodepe.com.br\/cri\/wp-content\/uploads\/sites\/2\/2022\/12\/cropped-Logo.jpg","contentUrl":"https:\/\/diariodepe.com.br\/cri\/wp-content\/uploads\/sites\/2\/2022\/12\/cropped-Logo.jpg","width":700,"height":59,"caption":"CRI e Diario de Pernambuco"},"image":{"@id":"https:\/\/diariodepe.com.br\/cri\/#\/schema\/logo\/image\/"}},{"@type":"Person","@id":"https:\/\/diariodepe.com.br\/cri\/#\/schema\/person\/121bb28d84f1a5b1205ef4ce9c2e0c6b","name":"Ismael Lucas S. Pereira","image":{"@type":"ImageObject","inLanguage":"pt-BR","@id":"https:\/\/secure.gravatar.com\/avatar\/887a0f3b5a7ceea963a48499fb883ffce6b5037362def025c52c2505b15d63e4?s=96&d=mm&r=g","url":"https:\/\/secure.gravatar.com\/avatar\/887a0f3b5a7ceea963a48499fb883ffce6b5037362def025c52c2505b15d63e4?s=96&d=mm&r=g","contentUrl":"https:\/\/secure.gravatar.com\/avatar\/887a0f3b5a7ceea963a48499fb883ffce6b5037362def025c52c2505b15d63e4?s=96&d=mm&r=g","caption":"Ismael Lucas S. Pereira"},"url":"https:\/\/diariodepe.com.br\/cri\/author\/ismael-lucas\/"}]}},"cc_featured_image_caption":{"caption_text":false,"source_text":false,"source_url":false},"amp_enabled":true,"_links":{"self":[{"href":"https:\/\/diariodepe.com.br\/cri\/wp-json\/wp\/v2\/posts\/2161","targetHints":{"allow":["GET"]}}],"collection":[{"href":"https:\/\/diariodepe.com.br\/cri\/wp-json\/wp\/v2\/posts"}],"about":[{"href":"https:\/\/diariodepe.com.br\/cri\/wp-json\/wp\/v2\/types\/post"}],"author":[{"embeddable":true,"href":"https:\/\/diariodepe.com.br\/cri\/wp-json\/wp\/v2\/users\/2"}],"replies":[{"embeddable":true,"href":"https:\/\/diariodepe.com.br\/cri\/wp-json\/wp\/v2\/comments?post=2161"}],"version-history":[{"count":1,"href":"https:\/\/diariodepe.com.br\/cri\/wp-json\/wp\/v2\/posts\/2161\/revisions"}],"predecessor-version":[{"id":2163,"href":"https:\/\/diariodepe.com.br\/cri\/wp-json\/wp\/v2\/posts\/2161\/revisions\/2163"}],"wp:featuredmedia":[{"embeddable":true,"href":"https:\/\/diariodepe.com.br\/cri\/wp-json\/wp\/v2\/media\/2164"}],"wp:attachment":[{"href":"https:\/\/diariodepe.com.br\/cri\/wp-json\/wp\/v2\/media?parent=2161"}],"wp:term":[{"taxonomy":"category","embeddable":true,"href":"https:\/\/diariodepe.com.br\/cri\/wp-json\/wp\/v2\/categories?post=2161"},{"taxonomy":"post_tag","embeddable":true,"href":"https:\/\/diariodepe.com.br\/cri\/wp-json\/wp\/v2\/tags?post=2161"}],"curies":[{"name":"wp","href":"https:\/\/api.w.org\/{rel}","templated":true}]}}