{"id":2157,"date":"2023-07-20T22:31:46","date_gmt":"2023-07-21T01:31:46","guid":{"rendered":"https:\/\/diariodepe.com.br\/cri\/?p=2157"},"modified":"2023-07-20T22:33:07","modified_gmt":"2023-07-21T01:33:07","slug":"porque-os-estados-unidos-sempre-alegam-ser-perseguidos-pela-china","status":"publish","type":"post","link":"https:\/\/diariodepe.com.br\/cri\/2023\/07\/20\/porque-os-estados-unidos-sempre-alegam-ser-perseguidos-pela-china\/","title":{"rendered":"Porque os Estados Unidos Sempre Alegam Ser Perseguidos pela China?"},"content":{"rendered":"<p>H\u00e1 pouco, o secret\u00e1rio de Defesa dos Estados Unidos se queixou de sofrer \u201cmovimentos perigosos\u201d dos navios e aeronaves chineses contra os Estados Unidos e seus aliados, e destacou que n\u00e3o recuaria diante de bullying ou coer\u00e7\u00e3o da China. Ao lado disso, o Departamento de Estado do pa\u00eds norte-americano emitiu um alerta para viagens \u00e0 China, acusando esta de ter proibi\u00e7\u00f5es de entrada e sa\u00edda e deten\u00e7\u00f5es injustas.<\/p>\n<p>Fazendo tudo a partir do autoconhecimento de ser uma superpot\u00eancia, porque os Estados Unidos se fingem t\u00e3o vulner\u00e1veis perante a China? Essa \u201cmania de persegui\u00e7\u00e3o\u201d, na verdade vem visando criar uma narrativa de \u201cpersegui\u00e7\u00e3o pela China\u201d por tr\u00eas maneiras:<\/p>\n<p>Primeiro, fabrica\u00e7\u00e3o de mentiras. Difamam a China por montar \u201cdelegacias de pol\u00edcia no exterior\u201d para realizar \u201crepress\u00e3o transnacional\u201d contra \u201cdissidentes\u201d e exportar autoritarismo para estrangular a \u201cliberdade ao estilo dos Estados Unidos\u201d.<\/p>\n<p>Segundo, distor\u00e7\u00e3o de fatos. Atacam a China por fabricar grande quantidade de \u201cprecursores de fentanil\u201d para desencadear \u201cGuerra do \u00d3pio\u201d contra os Estados Unidos.<\/p>\n<p>Terceiro, acusa\u00e7\u00e3o infundada. Insultam os Institutos Conf\u00facio da China por se infiltrarem em institui\u00e7\u00f5es acad\u00eamicas americanas para realizar subvers\u00e3o cultural e ideol\u00f3gica.<\/p>\n<p>Persegui\u00e7\u00e3o pela China ou persegui\u00e7\u00e3o \u00e0 China?<\/p>\n<p>&nbsp;<\/p>\n<p>Reclamam repetidamente a chamada \u201cpersegui\u00e7\u00e3o pela China\u201d, os Estados Unidos na verdade fazem \u201cpersegui\u00e7\u00e3o \u00e0 China\u201d.<\/p>\n<p>Primeiro, criam a narrativa \u201cvitima\u00e7\u00e3o-persegui\u00e7\u00e3o\u201d para encobrir a natureza real dos conflitos entre os Estados Unidos e a China &#8211; conten\u00e7\u00e3o dos Estados Unidos e contra-conten\u00e7\u00e3o da China. Embora n\u00e3o admitiram, os Estados Unidos j\u00e1 iniciaram, de fato, uma \u201cnova guerra fria\u201d contra a China. Isto \u00e9, mobiliza todo o governo, toda a sociedade e todos os setores dos Estados Unidos para realizar bloqueio, conten\u00e7\u00e3o e opress\u00e3o contra a China em todo o mundo.<\/p>\n<p>Segundo, demonizar a China para corroer a base popular das rela\u00e7\u00f5es China-Estados Unidos. Al\u00e9m das semelhan\u00e7as com a \u201cteoria da amea\u00e7a chinesa\u201d, a \u201cteoria da persegui\u00e7\u00e3o pela China\u201d enfatiza que a \u201camea\u00e7a da China\u201d vem evoluindo de uma previs\u00e3o para um fato, e que mira diretamente os Estados Unidos e seus cidad\u00e3os e prejudica a sua seguran\u00e7a nacional.<\/p>\n<p>Terceiro, tentam desestruturar a narrativa justa da revitaliza\u00e7\u00e3o da na\u00e7\u00e3o chinesa com a \u201cteoria da persegui\u00e7\u00e3o pela China\u201d. Com uma vantagem de poderio nacional cada vez menor em rela\u00e7\u00e3o \u00e0 China, os Estados Unidos se sentem crescentemente inc\u00f3modos e tentam encaixar a China na l\u00f3gica de que um pa\u00eds com poder crescente inevitavelmente buscar\u00e1 a hegemonia. Comparam as metas dos \u201cdois centen\u00e1rios\u201d da China a um \u201cplano de maratona por cem anos\u201d que visa substituir os Estados Unidos, com o objetivo de corroer a legitimidade hist\u00f3rica da grande revitaliza\u00e7\u00e3o da na\u00e7\u00e3o chinesa.<\/p>\n<p>&nbsp;<\/p>\n<p>\u201cNarrativa \u00e9 justi\u00e7a\u201d ou \u201cJusti\u00e7a \u00e9 a narrativa que vencer\u00e1\u201d?<\/p>\n<p>Os Estados Unidos repetiam truques de fabricar narrativas de \u201cjusti\u00e7a vs maldade\u201d e \u201cpersegui\u00e7\u00e3o contra vitima\u00e7\u00e3o\u201d na forma\u00e7\u00e3o da sua hegemonia.<\/p>\n<p>No final do s\u00e9culo passado, o presidente dos Estados Unidos, Ronald Reagan, definiu a Uni\u00e3o Sovi\u00e9tica como o \u201cimp\u00e9rio do mal\u201d, e descreveu a disputa entre os Estados Unidos e a Uni\u00e3o Sovi\u00e9tica como uma \u201cluta entre o certo e o errado, o bem e o mal\u201d. Isso formou uma enorme opress\u00e3o de opini\u00e3o p\u00fablica contra a Uni\u00e3o Sovi\u00e9tica e ajudou reverter a situa\u00e7\u00e3o da Guerra Fria.<\/p>\n<p>No in\u00edcio do s\u00e9culo XXI, o governo de George W. Bush acusou o Ir\u00e3, o Iraque e a Rep\u00fablica Popular Democr\u00e1tica da Coreia como \u201cEixo do Mal\u201d que amea\u00e7a a paz mundial, e enviou tropas e imp\u00f4s san\u00e7\u00f5es sob esse pretexto.<\/p>\n<p>No entanto, a \u201cteoria da persegui\u00e7\u00e3o pela China\u201d, mais uma c\u00f3pia desse truque, \u00e9 fadada ao fracasso. Nunca existe a chamada persegui\u00e7\u00e3o pela China. A Rep\u00fablica Popular da China, o \u00fanico pa\u00eds no mundo que prescreve \u201ca persist\u00eancia no caminho do desenvolvimento pac\u00edfico\u201d na Constitui\u00e7\u00e3o, nunca travou nenhuma guerra nem ocupou nenhuma terra desde a sua funda\u00e7\u00e3o. Procura uma vida melhor n\u00e3o apenas para os chineses, como tamb\u00e9m para os outros povos do mundo. A Iniciativa para a Civiliza\u00e7\u00e3o Global, a Iniciativa para o Desenvolvimento Global e a Iniciativa para a Seguran\u00e7a Global, todas propostas pela China, procuram exatamente garantir o bem-estar do povo e a paz mundial. O desenvolvimento da China acrescenta for\u00e7a pac\u00edfica do mundo, e traz oportunidades em vez de amea\u00e7a.<\/p>\n<p>Pelo contr\u00e1rio, os Estados Unidos s\u00e3o o maior perseguidor do mundo. Na \u00faltima d\u00e9cada, t\u00eam decuplicado o n\u00famero dos alvos das suas san\u00e7\u00f5es, atingindo quase metade da popula\u00e7\u00e3o mundial. V\u00eam fazendo ataques cibern\u00e9ticos contra mais de 40 pa\u00edses, batendo um recorde de roubar com tecnologia remota 97 bilh\u00f5es de dados da Internet e 124 bilh\u00f5es de registros telef\u00f4nicos em 30 dias. Os Estados Unidos, que parecem ter\u201cliberdade, democracia e direitos humanos\u201d, na verdade n\u00e3o passam de ser um perseguidor que se pretende perseguido.<\/p>\n<p>Cedo ou tarde, acordar\u00e1 o homem que se finge adormecido. Se n\u00e3o, ser\u00e1 despertado por outros acordados.<\/p>\n<p>(O autor \u00e9 um observador de assuntos internacionais em Beijing)<\/p>\n<p>&nbsp;<\/p>\n","protected":false},"excerpt":{"rendered":"<p>H\u00e1 pouco, o secret\u00e1rio de Defesa dos Estados Unidos se queixou de sofrer \u201cmovimentos perigosos\u201d dos navios e aeronaves chineses contra os Estados Unidos e seus aliados, e destacou que n\u00e3o recuaria diante de bullying ou coer\u00e7\u00e3o da China. Ao&#8230;<\/p>\n","protected":false},"author":2,"featured_media":0,"comment_status":"open","ping_status":"open","sticky":false,"template":"","format":"standard","meta":{"footnotes":""},"categories":[7],"tags":[],"class_list":["post-2157","post","type-post","status-publish","format-standard","hentry","category-visao"],"yoast_head":"<!-- This site is optimized with the Yoast SEO plugin v27.4 - https:\/\/yoast.com\/product\/yoast-seo-wordpress\/ -->\n<title>Porque os Estados Unidos Sempre Alegam Ser Perseguidos pela China? - CRI e Diario de Pernambuco<\/title>\n<meta name=\"robots\" content=\"index, follow, max-snippet:-1, max-image-preview:large, max-video-preview:-1\" \/>\n<link rel=\"canonical\" href=\"https:\/\/diariodepe.com.br\/cri\/2023\/07\/20\/porque-os-estados-unidos-sempre-alegam-ser-perseguidos-pela-china\/\" \/>\n<meta property=\"og:locale\" content=\"pt_BR\" \/>\n<meta property=\"og:type\" content=\"article\" \/>\n<meta property=\"og:title\" content=\"Porque os Estados Unidos Sempre Alegam Ser Perseguidos pela China? - CRI e Diario de Pernambuco\" \/>\n<meta property=\"og:description\" content=\"H\u00e1 pouco, o secret\u00e1rio de Defesa dos Estados Unidos se queixou de sofrer \u201cmovimentos perigosos\u201d dos navios e aeronaves chineses contra os Estados Unidos e seus aliados, e destacou que n\u00e3o recuaria diante de bullying ou coer\u00e7\u00e3o da China. Ao...\" \/>\n<meta property=\"og:url\" content=\"https:\/\/diariodepe.com.br\/cri\/2023\/07\/20\/porque-os-estados-unidos-sempre-alegam-ser-perseguidos-pela-china\/\" \/>\n<meta property=\"og:site_name\" content=\"CRI e Diario de Pernambuco\" \/>\n<meta property=\"article:published_time\" content=\"2023-07-21T01:31:46+00:00\" \/>\n<meta property=\"article:modified_time\" content=\"2023-07-21T01:33:07+00:00\" \/>\n<meta name=\"author\" content=\"Ismael Lucas S. Pereira\" \/>\n<meta name=\"twitter:card\" content=\"summary_large_image\" \/>\n<meta name=\"twitter:label1\" content=\"Escrito por\" \/>\n\t<meta name=\"twitter:data1\" content=\"Ismael Lucas S. Pereira\" \/>\n\t<meta name=\"twitter:label2\" content=\"Est. tempo de leitura\" \/>\n\t<meta name=\"twitter:data2\" content=\"5 minutos\" \/>\n<script type=\"application\/ld+json\" class=\"yoast-schema-graph\">{\"@context\":\"https:\\\/\\\/schema.org\",\"@graph\":[{\"@type\":\"Article\",\"@id\":\"https:\\\/\\\/diariodepe.com.br\\\/cri\\\/2023\\\/07\\\/20\\\/porque-os-estados-unidos-sempre-alegam-ser-perseguidos-pela-china\\\/#article\",\"isPartOf\":{\"@id\":\"https:\\\/\\\/diariodepe.com.br\\\/cri\\\/2023\\\/07\\\/20\\\/porque-os-estados-unidos-sempre-alegam-ser-perseguidos-pela-china\\\/\"},\"author\":{\"name\":\"Ismael Lucas S. Pereira\",\"@id\":\"https:\\\/\\\/diariodepe.com.br\\\/cri\\\/#\\\/schema\\\/person\\\/121bb28d84f1a5b1205ef4ce9c2e0c6b\"},\"headline\":\"Porque os Estados Unidos Sempre Alegam Ser Perseguidos pela China?\",\"datePublished\":\"2023-07-21T01:31:46+00:00\",\"dateModified\":\"2023-07-21T01:33:07+00:00\",\"mainEntityOfPage\":{\"@id\":\"https:\\\/\\\/diariodepe.com.br\\\/cri\\\/2023\\\/07\\\/20\\\/porque-os-estados-unidos-sempre-alegam-ser-perseguidos-pela-china\\\/\"},\"wordCount\":916,\"commentCount\":0,\"publisher\":{\"@id\":\"https:\\\/\\\/diariodepe.com.br\\\/cri\\\/#organization\"},\"articleSection\":[\"Vis\u00e3o\"],\"inLanguage\":\"pt-BR\",\"potentialAction\":[{\"@type\":\"CommentAction\",\"name\":\"Comment\",\"target\":[\"https:\\\/\\\/diariodepe.com.br\\\/cri\\\/2023\\\/07\\\/20\\\/porque-os-estados-unidos-sempre-alegam-ser-perseguidos-pela-china\\\/#respond\"]}]},{\"@type\":\"WebPage\",\"@id\":\"https:\\\/\\\/diariodepe.com.br\\\/cri\\\/2023\\\/07\\\/20\\\/porque-os-estados-unidos-sempre-alegam-ser-perseguidos-pela-china\\\/\",\"url\":\"https:\\\/\\\/diariodepe.com.br\\\/cri\\\/2023\\\/07\\\/20\\\/porque-os-estados-unidos-sempre-alegam-ser-perseguidos-pela-china\\\/\",\"name\":\"Porque os Estados Unidos Sempre Alegam Ser Perseguidos pela China? - CRI e Diario de Pernambuco\",\"isPartOf\":{\"@id\":\"https:\\\/\\\/diariodepe.com.br\\\/cri\\\/#website\"},\"datePublished\":\"2023-07-21T01:31:46+00:00\",\"dateModified\":\"2023-07-21T01:33:07+00:00\",\"breadcrumb\":{\"@id\":\"https:\\\/\\\/diariodepe.com.br\\\/cri\\\/2023\\\/07\\\/20\\\/porque-os-estados-unidos-sempre-alegam-ser-perseguidos-pela-china\\\/#breadcrumb\"},\"inLanguage\":\"pt-BR\",\"potentialAction\":[{\"@type\":\"ReadAction\",\"target\":[\"https:\\\/\\\/diariodepe.com.br\\\/cri\\\/2023\\\/07\\\/20\\\/porque-os-estados-unidos-sempre-alegam-ser-perseguidos-pela-china\\\/\"]}]},{\"@type\":\"BreadcrumbList\",\"@id\":\"https:\\\/\\\/diariodepe.com.br\\\/cri\\\/2023\\\/07\\\/20\\\/porque-os-estados-unidos-sempre-alegam-ser-perseguidos-pela-china\\\/#breadcrumb\",\"itemListElement\":[{\"@type\":\"ListItem\",\"position\":1,\"name\":\"In\u00edcio\",\"item\":\"https:\\\/\\\/diariodepe.com.br\\\/cri\\\/\"},{\"@type\":\"ListItem\",\"position\":2,\"name\":\"Porque os Estados Unidos Sempre Alegam Ser Perseguidos pela China?\"}]},{\"@type\":\"WebSite\",\"@id\":\"https:\\\/\\\/diariodepe.com.br\\\/cri\\\/#website\",\"url\":\"https:\\\/\\\/diariodepe.com.br\\\/cri\\\/\",\"name\":\"CRI e Diario de Pernambuco\",\"description\":\"R\u00e1dio Internacional da China\",\"publisher\":{\"@id\":\"https:\\\/\\\/diariodepe.com.br\\\/cri\\\/#organization\"},\"potentialAction\":[{\"@type\":\"SearchAction\",\"target\":{\"@type\":\"EntryPoint\",\"urlTemplate\":\"https:\\\/\\\/diariodepe.com.br\\\/cri\\\/?s={search_term_string}\"},\"query-input\":{\"@type\":\"PropertyValueSpecification\",\"valueRequired\":true,\"valueName\":\"search_term_string\"}}],\"inLanguage\":\"pt-BR\"},{\"@type\":\"Organization\",\"@id\":\"https:\\\/\\\/diariodepe.com.br\\\/cri\\\/#organization\",\"name\":\"CRI e Diario de Pernambuco\",\"url\":\"https:\\\/\\\/diariodepe.com.br\\\/cri\\\/\",\"logo\":{\"@type\":\"ImageObject\",\"inLanguage\":\"pt-BR\",\"@id\":\"https:\\\/\\\/diariodepe.com.br\\\/cri\\\/#\\\/schema\\\/logo\\\/image\\\/\",\"url\":\"https:\\\/\\\/diariodepe.com.br\\\/cri\\\/wp-content\\\/uploads\\\/sites\\\/2\\\/2022\\\/12\\\/cropped-Logo.jpg\",\"contentUrl\":\"https:\\\/\\\/diariodepe.com.br\\\/cri\\\/wp-content\\\/uploads\\\/sites\\\/2\\\/2022\\\/12\\\/cropped-Logo.jpg\",\"width\":700,\"height\":59,\"caption\":\"CRI e Diario de Pernambuco\"},\"image\":{\"@id\":\"https:\\\/\\\/diariodepe.com.br\\\/cri\\\/#\\\/schema\\\/logo\\\/image\\\/\"}},{\"@type\":\"Person\",\"@id\":\"https:\\\/\\\/diariodepe.com.br\\\/cri\\\/#\\\/schema\\\/person\\\/121bb28d84f1a5b1205ef4ce9c2e0c6b\",\"name\":\"Ismael Lucas S. Pereira\",\"image\":{\"@type\":\"ImageObject\",\"inLanguage\":\"pt-BR\",\"@id\":\"https:\\\/\\\/secure.gravatar.com\\\/avatar\\\/887a0f3b5a7ceea963a48499fb883ffce6b5037362def025c52c2505b15d63e4?s=96&d=mm&r=g\",\"url\":\"https:\\\/\\\/secure.gravatar.com\\\/avatar\\\/887a0f3b5a7ceea963a48499fb883ffce6b5037362def025c52c2505b15d63e4?s=96&d=mm&r=g\",\"contentUrl\":\"https:\\\/\\\/secure.gravatar.com\\\/avatar\\\/887a0f3b5a7ceea963a48499fb883ffce6b5037362def025c52c2505b15d63e4?s=96&d=mm&r=g\",\"caption\":\"Ismael Lucas S. Pereira\"},\"url\":\"https:\\\/\\\/diariodepe.com.br\\\/cri\\\/author\\\/ismael-lucas\\\/\"}]}<\/script>\n<!-- \/ Yoast SEO plugin. -->","yoast_head_json":{"title":"Porque os Estados Unidos Sempre Alegam Ser Perseguidos pela China? - CRI e Diario de Pernambuco","robots":{"index":"index","follow":"follow","max-snippet":"max-snippet:-1","max-image-preview":"max-image-preview:large","max-video-preview":"max-video-preview:-1"},"canonical":"https:\/\/diariodepe.com.br\/cri\/2023\/07\/20\/porque-os-estados-unidos-sempre-alegam-ser-perseguidos-pela-china\/","og_locale":"pt_BR","og_type":"article","og_title":"Porque os Estados Unidos Sempre Alegam Ser Perseguidos pela China? - CRI e Diario de Pernambuco","og_description":"H\u00e1 pouco, o secret\u00e1rio de Defesa dos Estados Unidos se queixou de sofrer \u201cmovimentos perigosos\u201d dos navios e aeronaves chineses contra os Estados Unidos e seus aliados, e destacou que n\u00e3o recuaria diante de bullying ou coer\u00e7\u00e3o da China. Ao...","og_url":"https:\/\/diariodepe.com.br\/cri\/2023\/07\/20\/porque-os-estados-unidos-sempre-alegam-ser-perseguidos-pela-china\/","og_site_name":"CRI e Diario de Pernambuco","article_published_time":"2023-07-21T01:31:46+00:00","article_modified_time":"2023-07-21T01:33:07+00:00","author":"Ismael Lucas S. Pereira","twitter_card":"summary_large_image","twitter_misc":{"Escrito por":"Ismael Lucas S. Pereira","Est. tempo de leitura":"5 minutos"},"schema":{"@context":"https:\/\/schema.org","@graph":[{"@type":"Article","@id":"https:\/\/diariodepe.com.br\/cri\/2023\/07\/20\/porque-os-estados-unidos-sempre-alegam-ser-perseguidos-pela-china\/#article","isPartOf":{"@id":"https:\/\/diariodepe.com.br\/cri\/2023\/07\/20\/porque-os-estados-unidos-sempre-alegam-ser-perseguidos-pela-china\/"},"author":{"name":"Ismael Lucas S. Pereira","@id":"https:\/\/diariodepe.com.br\/cri\/#\/schema\/person\/121bb28d84f1a5b1205ef4ce9c2e0c6b"},"headline":"Porque os Estados Unidos Sempre Alegam Ser Perseguidos pela China?","datePublished":"2023-07-21T01:31:46+00:00","dateModified":"2023-07-21T01:33:07+00:00","mainEntityOfPage":{"@id":"https:\/\/diariodepe.com.br\/cri\/2023\/07\/20\/porque-os-estados-unidos-sempre-alegam-ser-perseguidos-pela-china\/"},"wordCount":916,"commentCount":0,"publisher":{"@id":"https:\/\/diariodepe.com.br\/cri\/#organization"},"articleSection":["Vis\u00e3o"],"inLanguage":"pt-BR","potentialAction":[{"@type":"CommentAction","name":"Comment","target":["https:\/\/diariodepe.com.br\/cri\/2023\/07\/20\/porque-os-estados-unidos-sempre-alegam-ser-perseguidos-pela-china\/#respond"]}]},{"@type":"WebPage","@id":"https:\/\/diariodepe.com.br\/cri\/2023\/07\/20\/porque-os-estados-unidos-sempre-alegam-ser-perseguidos-pela-china\/","url":"https:\/\/diariodepe.com.br\/cri\/2023\/07\/20\/porque-os-estados-unidos-sempre-alegam-ser-perseguidos-pela-china\/","name":"Porque os Estados Unidos Sempre Alegam Ser Perseguidos pela China? - CRI e Diario de Pernambuco","isPartOf":{"@id":"https:\/\/diariodepe.com.br\/cri\/#website"},"datePublished":"2023-07-21T01:31:46+00:00","dateModified":"2023-07-21T01:33:07+00:00","breadcrumb":{"@id":"https:\/\/diariodepe.com.br\/cri\/2023\/07\/20\/porque-os-estados-unidos-sempre-alegam-ser-perseguidos-pela-china\/#breadcrumb"},"inLanguage":"pt-BR","potentialAction":[{"@type":"ReadAction","target":["https:\/\/diariodepe.com.br\/cri\/2023\/07\/20\/porque-os-estados-unidos-sempre-alegam-ser-perseguidos-pela-china\/"]}]},{"@type":"BreadcrumbList","@id":"https:\/\/diariodepe.com.br\/cri\/2023\/07\/20\/porque-os-estados-unidos-sempre-alegam-ser-perseguidos-pela-china\/#breadcrumb","itemListElement":[{"@type":"ListItem","position":1,"name":"In\u00edcio","item":"https:\/\/diariodepe.com.br\/cri\/"},{"@type":"ListItem","position":2,"name":"Porque os Estados Unidos Sempre Alegam Ser Perseguidos pela China?"}]},{"@type":"WebSite","@id":"https:\/\/diariodepe.com.br\/cri\/#website","url":"https:\/\/diariodepe.com.br\/cri\/","name":"CRI e Diario de Pernambuco","description":"R\u00e1dio Internacional da China","publisher":{"@id":"https:\/\/diariodepe.com.br\/cri\/#organization"},"potentialAction":[{"@type":"SearchAction","target":{"@type":"EntryPoint","urlTemplate":"https:\/\/diariodepe.com.br\/cri\/?s={search_term_string}"},"query-input":{"@type":"PropertyValueSpecification","valueRequired":true,"valueName":"search_term_string"}}],"inLanguage":"pt-BR"},{"@type":"Organization","@id":"https:\/\/diariodepe.com.br\/cri\/#organization","name":"CRI e Diario de Pernambuco","url":"https:\/\/diariodepe.com.br\/cri\/","logo":{"@type":"ImageObject","inLanguage":"pt-BR","@id":"https:\/\/diariodepe.com.br\/cri\/#\/schema\/logo\/image\/","url":"https:\/\/diariodepe.com.br\/cri\/wp-content\/uploads\/sites\/2\/2022\/12\/cropped-Logo.jpg","contentUrl":"https:\/\/diariodepe.com.br\/cri\/wp-content\/uploads\/sites\/2\/2022\/12\/cropped-Logo.jpg","width":700,"height":59,"caption":"CRI e Diario de Pernambuco"},"image":{"@id":"https:\/\/diariodepe.com.br\/cri\/#\/schema\/logo\/image\/"}},{"@type":"Person","@id":"https:\/\/diariodepe.com.br\/cri\/#\/schema\/person\/121bb28d84f1a5b1205ef4ce9c2e0c6b","name":"Ismael Lucas S. Pereira","image":{"@type":"ImageObject","inLanguage":"pt-BR","@id":"https:\/\/secure.gravatar.com\/avatar\/887a0f3b5a7ceea963a48499fb883ffce6b5037362def025c52c2505b15d63e4?s=96&d=mm&r=g","url":"https:\/\/secure.gravatar.com\/avatar\/887a0f3b5a7ceea963a48499fb883ffce6b5037362def025c52c2505b15d63e4?s=96&d=mm&r=g","contentUrl":"https:\/\/secure.gravatar.com\/avatar\/887a0f3b5a7ceea963a48499fb883ffce6b5037362def025c52c2505b15d63e4?s=96&d=mm&r=g","caption":"Ismael Lucas S. Pereira"},"url":"https:\/\/diariodepe.com.br\/cri\/author\/ismael-lucas\/"}]}},"cc_featured_image_caption":{"caption_text":false,"source_text":false,"source_url":false},"amp_enabled":true,"_links":{"self":[{"href":"https:\/\/diariodepe.com.br\/cri\/wp-json\/wp\/v2\/posts\/2157","targetHints":{"allow":["GET"]}}],"collection":[{"href":"https:\/\/diariodepe.com.br\/cri\/wp-json\/wp\/v2\/posts"}],"about":[{"href":"https:\/\/diariodepe.com.br\/cri\/wp-json\/wp\/v2\/types\/post"}],"author":[{"embeddable":true,"href":"https:\/\/diariodepe.com.br\/cri\/wp-json\/wp\/v2\/users\/2"}],"replies":[{"embeddable":true,"href":"https:\/\/diariodepe.com.br\/cri\/wp-json\/wp\/v2\/comments?post=2157"}],"version-history":[{"count":2,"href":"https:\/\/diariodepe.com.br\/cri\/wp-json\/wp\/v2\/posts\/2157\/revisions"}],"predecessor-version":[{"id":2159,"href":"https:\/\/diariodepe.com.br\/cri\/wp-json\/wp\/v2\/posts\/2157\/revisions\/2159"}],"wp:attachment":[{"href":"https:\/\/diariodepe.com.br\/cri\/wp-json\/wp\/v2\/media?parent=2157"}],"wp:term":[{"taxonomy":"category","embeddable":true,"href":"https:\/\/diariodepe.com.br\/cri\/wp-json\/wp\/v2\/categories?post=2157"},{"taxonomy":"post_tag","embeddable":true,"href":"https:\/\/diariodepe.com.br\/cri\/wp-json\/wp\/v2\/tags?post=2157"}],"curies":[{"name":"wp","href":"https:\/\/api.w.org\/{rel}","templated":true}]}}