{"id":2151,"date":"2023-07-20T07:50:17","date_gmt":"2023-07-20T10:50:17","guid":{"rendered":"https:\/\/diariodepe.com.br\/cri\/?p=2151"},"modified":"2023-07-20T07:50:17","modified_gmt":"2023-07-20T10:50:17","slug":"brasil-enviara-delegacao-de-250-membros-a-universiade-de-chengdu","status":"publish","type":"post","link":"https:\/\/diariodepe.com.br\/cri\/2023\/07\/20\/brasil-enviara-delegacao-de-250-membros-a-universiade-de-chengdu\/","title":{"rendered":"Brasil enviar\u00e1 delega\u00e7\u00e3o de 250 membros \u00e0 Univers\u00edade de Chengdu"},"content":{"rendered":"<p>O Brasil enviar\u00e1 uma delega\u00e7\u00e3o de 250 membros para participar dos 31\u00ba Jogos Universit\u00e1rios Mundiais da Federa\u00e7\u00e3o Internacional do Esporte Universit\u00e1rio (FISU) em Chengdu, Prov\u00edncia de Sichuan, sudoeste da China, de 28 de julho a 8 de agosto.<\/p>\n<p>A Univers\u00edade de Chengdu deu as boas-vindas ao primeiro grupo de convidados estrangeiros quando sete oficiais da delega\u00e7\u00e3o brasileira chegaram ao Aeroporto Internacional de Tianfu em Chengdu na segunda-feira.<\/p>\n<p>Kelly, da delega\u00e7\u00e3o brasileira, disse na chegada que Chengdu \u00e9 uma cidade grande e pr\u00f3spera para os Jogos Universit\u00e1rios Mundiais e est\u00e3o muito felizes em vir aqui e participar.<\/p>\n<p>Segundo Kelly, os atletas brasileiros v\u00e3o competir em 11 modalidades.<\/p>\n<p data-spm-anchor-id=\"0.0.0.i4\">Alessandro, vice-chefe da delega\u00e7\u00e3o brasileira, disse que os Jogos ser\u00e3o um sucesso em Chengdu e esperar que os atletas do Brasil tenham uma boa competi\u00e7\u00e3o. Trata-se de sua segunda visita a Chengdu ap\u00f3s a Reuni\u00e3o dos Chefes de Delega\u00e7\u00e3o em mar\u00e7o.<\/p>\n","protected":false},"excerpt":{"rendered":"<p>O Brasil enviar\u00e1 uma delega\u00e7\u00e3o de 250 membros para participar dos 31\u00ba Jogos Universit\u00e1rios Mundiais da Federa\u00e7\u00e3o Internacional do Esporte Universit\u00e1rio (FISU) em Chengdu, Prov\u00edncia de Sichuan, sudoeste da China, de 28 de julho a 8 de agosto. A Univers\u00edade&#8230;<\/p>\n","protected":false},"author":2,"featured_media":2152,"comment_status":"open","ping_status":"open","sticky":false,"template":"","format":"standard","meta":{"footnotes":""},"categories":[8],"tags":[],"class_list":["post-2151","post","type-post","status-publish","format-standard","has-post-thumbnail","hentry","category-internacional"],"yoast_head":"<!-- This site is optimized with the Yoast SEO plugin v27.4 - https:\/\/yoast.com\/product\/yoast-seo-wordpress\/ -->\n<title>Brasil enviar\u00e1 delega\u00e7\u00e3o de 250 membros \u00e0 Univers\u00edade de Chengdu - CRI e Diario de Pernambuco<\/title>\n<meta name=\"robots\" content=\"index, follow, max-snippet:-1, max-image-preview:large, max-video-preview:-1\" \/>\n<link rel=\"canonical\" href=\"https:\/\/diariodepe.com.br\/cri\/2023\/07\/20\/brasil-enviara-delegacao-de-250-membros-a-universiade-de-chengdu\/\" \/>\n<meta property=\"og:locale\" content=\"pt_BR\" \/>\n<meta property=\"og:type\" content=\"article\" \/>\n<meta property=\"og:title\" content=\"Brasil enviar\u00e1 delega\u00e7\u00e3o de 250 membros \u00e0 Univers\u00edade de Chengdu - CRI e Diario de Pernambuco\" \/>\n<meta property=\"og:description\" content=\"O Brasil enviar\u00e1 uma delega\u00e7\u00e3o de 250 membros para participar dos 31\u00ba Jogos Universit\u00e1rios Mundiais da Federa\u00e7\u00e3o Internacional do Esporte Universit\u00e1rio (FISU) em Chengdu, Prov\u00edncia de Sichuan, sudoeste da China, de 28 de julho a 8 de agosto. A Univers\u00edade...\" \/>\n<meta property=\"og:url\" content=\"https:\/\/diariodepe.com.br\/cri\/2023\/07\/20\/brasil-enviara-delegacao-de-250-membros-a-universiade-de-chengdu\/\" \/>\n<meta property=\"og:site_name\" content=\"CRI e Diario de Pernambuco\" \/>\n<meta property=\"article:published_time\" content=\"2023-07-20T10:50:17+00:00\" \/>\n<meta property=\"og:image\" content=\"https:\/\/diariodepe.com.br\/cri\/wp-content\/uploads\/sites\/2\/2023\/07\/2023071910331483778.jpg\" \/>\n\t<meta property=\"og:image:width\" content=\"900\" \/>\n\t<meta property=\"og:image:height\" content=\"580\" \/>\n\t<meta property=\"og:image:type\" content=\"image\/jpeg\" \/>\n<meta name=\"author\" content=\"Ismael Lucas S. Pereira\" \/>\n<meta name=\"twitter:card\" content=\"summary_large_image\" \/>\n<meta name=\"twitter:label1\" content=\"Escrito por\" \/>\n\t<meta name=\"twitter:data1\" content=\"Ismael Lucas S. Pereira\" \/>\n\t<meta name=\"twitter:label2\" content=\"Est. tempo de leitura\" \/>\n\t<meta name=\"twitter:data2\" content=\"1 minuto\" \/>\n<script type=\"application\/ld+json\" class=\"yoast-schema-graph\">{\"@context\":\"https:\\\/\\\/schema.org\",\"@graph\":[{\"@type\":\"Article\",\"@id\":\"https:\\\/\\\/diariodepe.com.br\\\/cri\\\/2023\\\/07\\\/20\\\/brasil-enviara-delegacao-de-250-membros-a-universiade-de-chengdu\\\/#article\",\"isPartOf\":{\"@id\":\"https:\\\/\\\/diariodepe.com.br\\\/cri\\\/2023\\\/07\\\/20\\\/brasil-enviara-delegacao-de-250-membros-a-universiade-de-chengdu\\\/\"},\"author\":{\"name\":\"Ismael Lucas S. Pereira\",\"@id\":\"https:\\\/\\\/diariodepe.com.br\\\/cri\\\/#\\\/schema\\\/person\\\/121bb28d84f1a5b1205ef4ce9c2e0c6b\"},\"headline\":\"Brasil enviar\u00e1 delega\u00e7\u00e3o de 250 membros \u00e0 Univers\u00edade de Chengdu\",\"datePublished\":\"2023-07-20T10:50:17+00:00\",\"mainEntityOfPage\":{\"@id\":\"https:\\\/\\\/diariodepe.com.br\\\/cri\\\/2023\\\/07\\\/20\\\/brasil-enviara-delegacao-de-250-membros-a-universiade-de-chengdu\\\/\"},\"wordCount\":170,\"commentCount\":0,\"publisher\":{\"@id\":\"https:\\\/\\\/diariodepe.com.br\\\/cri\\\/#organization\"},\"image\":{\"@id\":\"https:\\\/\\\/diariodepe.com.br\\\/cri\\\/2023\\\/07\\\/20\\\/brasil-enviara-delegacao-de-250-membros-a-universiade-de-chengdu\\\/#primaryimage\"},\"thumbnailUrl\":\"https:\\\/\\\/diariodepe.com.br\\\/cri\\\/wp-content\\\/uploads\\\/sites\\\/2\\\/2023\\\/07\\\/2023071910331483778.jpg\",\"articleSection\":[\"Internacional\"],\"inLanguage\":\"pt-BR\",\"potentialAction\":[{\"@type\":\"CommentAction\",\"name\":\"Comment\",\"target\":[\"https:\\\/\\\/diariodepe.com.br\\\/cri\\\/2023\\\/07\\\/20\\\/brasil-enviara-delegacao-de-250-membros-a-universiade-de-chengdu\\\/#respond\"]}]},{\"@type\":\"WebPage\",\"@id\":\"https:\\\/\\\/diariodepe.com.br\\\/cri\\\/2023\\\/07\\\/20\\\/brasil-enviara-delegacao-de-250-membros-a-universiade-de-chengdu\\\/\",\"url\":\"https:\\\/\\\/diariodepe.com.br\\\/cri\\\/2023\\\/07\\\/20\\\/brasil-enviara-delegacao-de-250-membros-a-universiade-de-chengdu\\\/\",\"name\":\"Brasil enviar\u00e1 delega\u00e7\u00e3o de 250 membros \u00e0 Univers\u00edade de Chengdu - CRI e Diario de Pernambuco\",\"isPartOf\":{\"@id\":\"https:\\\/\\\/diariodepe.com.br\\\/cri\\\/#website\"},\"primaryImageOfPage\":{\"@id\":\"https:\\\/\\\/diariodepe.com.br\\\/cri\\\/2023\\\/07\\\/20\\\/brasil-enviara-delegacao-de-250-membros-a-universiade-de-chengdu\\\/#primaryimage\"},\"image\":{\"@id\":\"https:\\\/\\\/diariodepe.com.br\\\/cri\\\/2023\\\/07\\\/20\\\/brasil-enviara-delegacao-de-250-membros-a-universiade-de-chengdu\\\/#primaryimage\"},\"thumbnailUrl\":\"https:\\\/\\\/diariodepe.com.br\\\/cri\\\/wp-content\\\/uploads\\\/sites\\\/2\\\/2023\\\/07\\\/2023071910331483778.jpg\",\"datePublished\":\"2023-07-20T10:50:17+00:00\",\"breadcrumb\":{\"@id\":\"https:\\\/\\\/diariodepe.com.br\\\/cri\\\/2023\\\/07\\\/20\\\/brasil-enviara-delegacao-de-250-membros-a-universiade-de-chengdu\\\/#breadcrumb\"},\"inLanguage\":\"pt-BR\",\"potentialAction\":[{\"@type\":\"ReadAction\",\"target\":[\"https:\\\/\\\/diariodepe.com.br\\\/cri\\\/2023\\\/07\\\/20\\\/brasil-enviara-delegacao-de-250-membros-a-universiade-de-chengdu\\\/\"]}]},{\"@type\":\"ImageObject\",\"inLanguage\":\"pt-BR\",\"@id\":\"https:\\\/\\\/diariodepe.com.br\\\/cri\\\/2023\\\/07\\\/20\\\/brasil-enviara-delegacao-de-250-membros-a-universiade-de-chengdu\\\/#primaryimage\",\"url\":\"https:\\\/\\\/diariodepe.com.br\\\/cri\\\/wp-content\\\/uploads\\\/sites\\\/2\\\/2023\\\/07\\\/2023071910331483778.jpg\",\"contentUrl\":\"https:\\\/\\\/diariodepe.com.br\\\/cri\\\/wp-content\\\/uploads\\\/sites\\\/2\\\/2023\\\/07\\\/2023071910331483778.jpg\",\"width\":900,\"height\":580},{\"@type\":\"BreadcrumbList\",\"@id\":\"https:\\\/\\\/diariodepe.com.br\\\/cri\\\/2023\\\/07\\\/20\\\/brasil-enviara-delegacao-de-250-membros-a-universiade-de-chengdu\\\/#breadcrumb\",\"itemListElement\":[{\"@type\":\"ListItem\",\"position\":1,\"name\":\"In\u00edcio\",\"item\":\"https:\\\/\\\/diariodepe.com.br\\\/cri\\\/\"},{\"@type\":\"ListItem\",\"position\":2,\"name\":\"Brasil enviar\u00e1 delega\u00e7\u00e3o de 250 membros \u00e0 Univers\u00edade de Chengdu\"}]},{\"@type\":\"WebSite\",\"@id\":\"https:\\\/\\\/diariodepe.com.br\\\/cri\\\/#website\",\"url\":\"https:\\\/\\\/diariodepe.com.br\\\/cri\\\/\",\"name\":\"CRI e Diario de Pernambuco\",\"description\":\"R\u00e1dio Internacional da China\",\"publisher\":{\"@id\":\"https:\\\/\\\/diariodepe.com.br\\\/cri\\\/#organization\"},\"potentialAction\":[{\"@type\":\"SearchAction\",\"target\":{\"@type\":\"EntryPoint\",\"urlTemplate\":\"https:\\\/\\\/diariodepe.com.br\\\/cri\\\/?s={search_term_string}\"},\"query-input\":{\"@type\":\"PropertyValueSpecification\",\"valueRequired\":true,\"valueName\":\"search_term_string\"}}],\"inLanguage\":\"pt-BR\"},{\"@type\":\"Organization\",\"@id\":\"https:\\\/\\\/diariodepe.com.br\\\/cri\\\/#organization\",\"name\":\"CRI e Diario de Pernambuco\",\"url\":\"https:\\\/\\\/diariodepe.com.br\\\/cri\\\/\",\"logo\":{\"@type\":\"ImageObject\",\"inLanguage\":\"pt-BR\",\"@id\":\"https:\\\/\\\/diariodepe.com.br\\\/cri\\\/#\\\/schema\\\/logo\\\/image\\\/\",\"url\":\"https:\\\/\\\/diariodepe.com.br\\\/cri\\\/wp-content\\\/uploads\\\/sites\\\/2\\\/2022\\\/12\\\/cropped-Logo.jpg\",\"contentUrl\":\"https:\\\/\\\/diariodepe.com.br\\\/cri\\\/wp-content\\\/uploads\\\/sites\\\/2\\\/2022\\\/12\\\/cropped-Logo.jpg\",\"width\":700,\"height\":59,\"caption\":\"CRI e Diario de Pernambuco\"},\"image\":{\"@id\":\"https:\\\/\\\/diariodepe.com.br\\\/cri\\\/#\\\/schema\\\/logo\\\/image\\\/\"}},{\"@type\":\"Person\",\"@id\":\"https:\\\/\\\/diariodepe.com.br\\\/cri\\\/#\\\/schema\\\/person\\\/121bb28d84f1a5b1205ef4ce9c2e0c6b\",\"name\":\"Ismael Lucas S. Pereira\",\"image\":{\"@type\":\"ImageObject\",\"inLanguage\":\"pt-BR\",\"@id\":\"https:\\\/\\\/secure.gravatar.com\\\/avatar\\\/887a0f3b5a7ceea963a48499fb883ffce6b5037362def025c52c2505b15d63e4?s=96&d=mm&r=g\",\"url\":\"https:\\\/\\\/secure.gravatar.com\\\/avatar\\\/887a0f3b5a7ceea963a48499fb883ffce6b5037362def025c52c2505b15d63e4?s=96&d=mm&r=g\",\"contentUrl\":\"https:\\\/\\\/secure.gravatar.com\\\/avatar\\\/887a0f3b5a7ceea963a48499fb883ffce6b5037362def025c52c2505b15d63e4?s=96&d=mm&r=g\",\"caption\":\"Ismael Lucas S. Pereira\"},\"url\":\"https:\\\/\\\/diariodepe.com.br\\\/cri\\\/author\\\/ismael-lucas\\\/\"}]}<\/script>\n<!-- \/ Yoast SEO plugin. -->","yoast_head_json":{"title":"Brasil enviar\u00e1 delega\u00e7\u00e3o de 250 membros \u00e0 Univers\u00edade de Chengdu - CRI e Diario de Pernambuco","robots":{"index":"index","follow":"follow","max-snippet":"max-snippet:-1","max-image-preview":"max-image-preview:large","max-video-preview":"max-video-preview:-1"},"canonical":"https:\/\/diariodepe.com.br\/cri\/2023\/07\/20\/brasil-enviara-delegacao-de-250-membros-a-universiade-de-chengdu\/","og_locale":"pt_BR","og_type":"article","og_title":"Brasil enviar\u00e1 delega\u00e7\u00e3o de 250 membros \u00e0 Univers\u00edade de Chengdu - CRI e Diario de Pernambuco","og_description":"O Brasil enviar\u00e1 uma delega\u00e7\u00e3o de 250 membros para participar dos 31\u00ba Jogos Universit\u00e1rios Mundiais da Federa\u00e7\u00e3o Internacional do Esporte Universit\u00e1rio (FISU) em Chengdu, Prov\u00edncia de Sichuan, sudoeste da China, de 28 de julho a 8 de agosto. A Univers\u00edade...","og_url":"https:\/\/diariodepe.com.br\/cri\/2023\/07\/20\/brasil-enviara-delegacao-de-250-membros-a-universiade-de-chengdu\/","og_site_name":"CRI e Diario de Pernambuco","article_published_time":"2023-07-20T10:50:17+00:00","og_image":[{"width":900,"height":580,"url":"https:\/\/diariodepe.com.br\/cri\/wp-content\/uploads\/sites\/2\/2023\/07\/2023071910331483778.jpg","type":"image\/jpeg"}],"author":"Ismael Lucas S. Pereira","twitter_card":"summary_large_image","twitter_misc":{"Escrito por":"Ismael Lucas S. Pereira","Est. tempo de leitura":"1 minuto"},"schema":{"@context":"https:\/\/schema.org","@graph":[{"@type":"Article","@id":"https:\/\/diariodepe.com.br\/cri\/2023\/07\/20\/brasil-enviara-delegacao-de-250-membros-a-universiade-de-chengdu\/#article","isPartOf":{"@id":"https:\/\/diariodepe.com.br\/cri\/2023\/07\/20\/brasil-enviara-delegacao-de-250-membros-a-universiade-de-chengdu\/"},"author":{"name":"Ismael Lucas S. Pereira","@id":"https:\/\/diariodepe.com.br\/cri\/#\/schema\/person\/121bb28d84f1a5b1205ef4ce9c2e0c6b"},"headline":"Brasil enviar\u00e1 delega\u00e7\u00e3o de 250 membros \u00e0 Univers\u00edade de Chengdu","datePublished":"2023-07-20T10:50:17+00:00","mainEntityOfPage":{"@id":"https:\/\/diariodepe.com.br\/cri\/2023\/07\/20\/brasil-enviara-delegacao-de-250-membros-a-universiade-de-chengdu\/"},"wordCount":170,"commentCount":0,"publisher":{"@id":"https:\/\/diariodepe.com.br\/cri\/#organization"},"image":{"@id":"https:\/\/diariodepe.com.br\/cri\/2023\/07\/20\/brasil-enviara-delegacao-de-250-membros-a-universiade-de-chengdu\/#primaryimage"},"thumbnailUrl":"https:\/\/diariodepe.com.br\/cri\/wp-content\/uploads\/sites\/2\/2023\/07\/2023071910331483778.jpg","articleSection":["Internacional"],"inLanguage":"pt-BR","potentialAction":[{"@type":"CommentAction","name":"Comment","target":["https:\/\/diariodepe.com.br\/cri\/2023\/07\/20\/brasil-enviara-delegacao-de-250-membros-a-universiade-de-chengdu\/#respond"]}]},{"@type":"WebPage","@id":"https:\/\/diariodepe.com.br\/cri\/2023\/07\/20\/brasil-enviara-delegacao-de-250-membros-a-universiade-de-chengdu\/","url":"https:\/\/diariodepe.com.br\/cri\/2023\/07\/20\/brasil-enviara-delegacao-de-250-membros-a-universiade-de-chengdu\/","name":"Brasil enviar\u00e1 delega\u00e7\u00e3o de 250 membros \u00e0 Univers\u00edade de Chengdu - CRI e Diario de Pernambuco","isPartOf":{"@id":"https:\/\/diariodepe.com.br\/cri\/#website"},"primaryImageOfPage":{"@id":"https:\/\/diariodepe.com.br\/cri\/2023\/07\/20\/brasil-enviara-delegacao-de-250-membros-a-universiade-de-chengdu\/#primaryimage"},"image":{"@id":"https:\/\/diariodepe.com.br\/cri\/2023\/07\/20\/brasil-enviara-delegacao-de-250-membros-a-universiade-de-chengdu\/#primaryimage"},"thumbnailUrl":"https:\/\/diariodepe.com.br\/cri\/wp-content\/uploads\/sites\/2\/2023\/07\/2023071910331483778.jpg","datePublished":"2023-07-20T10:50:17+00:00","breadcrumb":{"@id":"https:\/\/diariodepe.com.br\/cri\/2023\/07\/20\/brasil-enviara-delegacao-de-250-membros-a-universiade-de-chengdu\/#breadcrumb"},"inLanguage":"pt-BR","potentialAction":[{"@type":"ReadAction","target":["https:\/\/diariodepe.com.br\/cri\/2023\/07\/20\/brasil-enviara-delegacao-de-250-membros-a-universiade-de-chengdu\/"]}]},{"@type":"ImageObject","inLanguage":"pt-BR","@id":"https:\/\/diariodepe.com.br\/cri\/2023\/07\/20\/brasil-enviara-delegacao-de-250-membros-a-universiade-de-chengdu\/#primaryimage","url":"https:\/\/diariodepe.com.br\/cri\/wp-content\/uploads\/sites\/2\/2023\/07\/2023071910331483778.jpg","contentUrl":"https:\/\/diariodepe.com.br\/cri\/wp-content\/uploads\/sites\/2\/2023\/07\/2023071910331483778.jpg","width":900,"height":580},{"@type":"BreadcrumbList","@id":"https:\/\/diariodepe.com.br\/cri\/2023\/07\/20\/brasil-enviara-delegacao-de-250-membros-a-universiade-de-chengdu\/#breadcrumb","itemListElement":[{"@type":"ListItem","position":1,"name":"In\u00edcio","item":"https:\/\/diariodepe.com.br\/cri\/"},{"@type":"ListItem","position":2,"name":"Brasil enviar\u00e1 delega\u00e7\u00e3o de 250 membros \u00e0 Univers\u00edade de Chengdu"}]},{"@type":"WebSite","@id":"https:\/\/diariodepe.com.br\/cri\/#website","url":"https:\/\/diariodepe.com.br\/cri\/","name":"CRI e Diario de Pernambuco","description":"R\u00e1dio Internacional da China","publisher":{"@id":"https:\/\/diariodepe.com.br\/cri\/#organization"},"potentialAction":[{"@type":"SearchAction","target":{"@type":"EntryPoint","urlTemplate":"https:\/\/diariodepe.com.br\/cri\/?s={search_term_string}"},"query-input":{"@type":"PropertyValueSpecification","valueRequired":true,"valueName":"search_term_string"}}],"inLanguage":"pt-BR"},{"@type":"Organization","@id":"https:\/\/diariodepe.com.br\/cri\/#organization","name":"CRI e Diario de Pernambuco","url":"https:\/\/diariodepe.com.br\/cri\/","logo":{"@type":"ImageObject","inLanguage":"pt-BR","@id":"https:\/\/diariodepe.com.br\/cri\/#\/schema\/logo\/image\/","url":"https:\/\/diariodepe.com.br\/cri\/wp-content\/uploads\/sites\/2\/2022\/12\/cropped-Logo.jpg","contentUrl":"https:\/\/diariodepe.com.br\/cri\/wp-content\/uploads\/sites\/2\/2022\/12\/cropped-Logo.jpg","width":700,"height":59,"caption":"CRI e Diario de Pernambuco"},"image":{"@id":"https:\/\/diariodepe.com.br\/cri\/#\/schema\/logo\/image\/"}},{"@type":"Person","@id":"https:\/\/diariodepe.com.br\/cri\/#\/schema\/person\/121bb28d84f1a5b1205ef4ce9c2e0c6b","name":"Ismael Lucas S. Pereira","image":{"@type":"ImageObject","inLanguage":"pt-BR","@id":"https:\/\/secure.gravatar.com\/avatar\/887a0f3b5a7ceea963a48499fb883ffce6b5037362def025c52c2505b15d63e4?s=96&d=mm&r=g","url":"https:\/\/secure.gravatar.com\/avatar\/887a0f3b5a7ceea963a48499fb883ffce6b5037362def025c52c2505b15d63e4?s=96&d=mm&r=g","contentUrl":"https:\/\/secure.gravatar.com\/avatar\/887a0f3b5a7ceea963a48499fb883ffce6b5037362def025c52c2505b15d63e4?s=96&d=mm&r=g","caption":"Ismael Lucas S. Pereira"},"url":"https:\/\/diariodepe.com.br\/cri\/author\/ismael-lucas\/"}]}},"cc_featured_image_caption":{"caption_text":false,"source_text":false,"source_url":false},"amp_enabled":true,"_links":{"self":[{"href":"https:\/\/diariodepe.com.br\/cri\/wp-json\/wp\/v2\/posts\/2151","targetHints":{"allow":["GET"]}}],"collection":[{"href":"https:\/\/diariodepe.com.br\/cri\/wp-json\/wp\/v2\/posts"}],"about":[{"href":"https:\/\/diariodepe.com.br\/cri\/wp-json\/wp\/v2\/types\/post"}],"author":[{"embeddable":true,"href":"https:\/\/diariodepe.com.br\/cri\/wp-json\/wp\/v2\/users\/2"}],"replies":[{"embeddable":true,"href":"https:\/\/diariodepe.com.br\/cri\/wp-json\/wp\/v2\/comments?post=2151"}],"version-history":[{"count":1,"href":"https:\/\/diariodepe.com.br\/cri\/wp-json\/wp\/v2\/posts\/2151\/revisions"}],"predecessor-version":[{"id":2153,"href":"https:\/\/diariodepe.com.br\/cri\/wp-json\/wp\/v2\/posts\/2151\/revisions\/2153"}],"wp:featuredmedia":[{"embeddable":true,"href":"https:\/\/diariodepe.com.br\/cri\/wp-json\/wp\/v2\/media\/2152"}],"wp:attachment":[{"href":"https:\/\/diariodepe.com.br\/cri\/wp-json\/wp\/v2\/media?parent=2151"}],"wp:term":[{"taxonomy":"category","embeddable":true,"href":"https:\/\/diariodepe.com.br\/cri\/wp-json\/wp\/v2\/categories?post=2151"},{"taxonomy":"post_tag","embeddable":true,"href":"https:\/\/diariodepe.com.br\/cri\/wp-json\/wp\/v2\/tags?post=2151"}],"curies":[{"name":"wp","href":"https:\/\/api.w.org\/{rel}","templated":true}]}}