{"id":200,"date":"2022-12-21T00:23:38","date_gmt":"2022-12-21T03:23:38","guid":{"rendered":"https:\/\/diariodepe.com.br\/cri\/?p=200"},"modified":"2022-12-21T00:23:39","modified_gmt":"2022-12-21T03:23:39","slug":"comentario-por-que-o-acordo-historico-promove-a-conservacao-da-biodiversidade","status":"publish","type":"post","link":"https:\/\/diariodepe.com.br\/cri\/2022\/12\/21\/comentario-por-que-o-acordo-historico-promove-a-conservacao-da-biodiversidade\/","title":{"rendered":"<strong>Coment\u00e1rio: Por que o acordo \u201chist\u00f3rico\u201d promove a conserva\u00e7\u00e3o da biodiversidade?<\/strong>"},"content":{"rendered":"\n<p>O Quadro Global de Biodiversidade Kunming-Montreal foi aprovado em Montreal, no Canad\u00e1, nessa segunda-feira (19), durante a segunda fase da 15\u00aa reuni\u00e3o da Confer\u00eancia das Partes da Conven\u00e7\u00e3o das Na\u00e7\u00f5es Unidas sobre Diversidade Biol\u00f3gica (COP15).<\/p>\n\n\n\n<p>Trata-se de um acordo hist\u00f3rico, alcan\u00e7ado ap\u00f3s quatro anos de negocia\u00e7\u00f5es duradouras e que demonstra a vontade e a determina\u00e7\u00e3o de todas as partes em promover a conserva\u00e7\u00e3o da biodiversidade global.<\/p>\n\n\n\n<p>O presidente da COP15 e ministro da Ecologia e Meio Ambiente da China, Huang Runqiu, disse que, depois de quatro anos, \u201cchegamos ao fim da jornada\u201d. O secret\u00e1rio-geral da ONU, Ant\u00f3nio Guterres, afirmou que \u201ccome\u00e7amos a fechar um acordo de paz com a natureza\u201d.<\/p>\n\n\n\n<p>No contexto da destrui\u00e7\u00e3o severa da biodiversidade global, a maior parte da opini\u00e3o p\u00fablica acredita que o quadro \u00e9 como o &#8220;Acordo de Paris&#8221; no campo da prote\u00e7\u00e3o da natureza, estabelecendo metas e caminhos para a governan\u00e7a global da biodiversidade at\u00e9 2030 e nos anos seguintes.<\/p>\n\n\n\n<p>O documento equilibra ambi\u00e7\u00e3o e pragmatismo e cont\u00e9m um total de 23 objetivos espec\u00edficos, entre os quais o mais importante e marcante \u00e9 o compromisso de proteger pelo menos 30% das terras, das \u00e1guas interiores e dos oceanos do globo at\u00e9 2030.<\/p>\n\n\n\n<p>A mobiliza\u00e7\u00e3o de fundos \u00e9 outro objetivo central do quadro e tamb\u00e9m \u00e9 vista como a chave para a implementa\u00e7\u00e3o de outros objetivos. O documento prop\u00f5e mobilizar pelo menos US$ 200 bilh\u00f5es anualmente, at\u00e9 2030, para implementar as estrat\u00e9gias nacionais de biodiversidade e os relativos planos de a\u00e7\u00e3o. Est\u00e1 previsto que os pa\u00edses desenvolvidos forne\u00e7am anualmente pelo menos US$ 20 bilh\u00f5es, at\u00e9 2025, e US$ 30 bilh\u00f5es, at\u00e9 2030, para os pa\u00edses em desenvolvimento.<\/p>\n\n\n\n<p>Al\u00e9m disso, os 23 objetivos do quadro tamb\u00e9m incluem a redu\u00e7\u00e3o pela metade do desperd\u00edcio global de alimentos, corte pela metade da introdu\u00e7\u00e3o de esp\u00e9cies ex\u00f3ticas invasoras e diminui\u00e7\u00e3o pela metade do uso de produtos qu\u00edmicos altamente perigosos at\u00e9 2030.<\/p>\n\n\n\n<p>Os esfor\u00e7os da China foram elogiados por todas as partes presentes na reuni\u00e3o. A diretora executiva do Programa das Na\u00e7\u00f5es Unidas para o Meio Ambiente, Inger Andersen, disse que o desempenho chin\u00eas na promo\u00e7\u00e3o da conserva\u00e7\u00e3o da biodiversidade global foi &#8220;extraordin\u00e1rio&#8221;.<\/p>\n","protected":false},"excerpt":{"rendered":"<p>O Quadro Global de Biodiversidade Kunming-Montreal foi aprovado em Montreal, no Canad\u00e1, nessa segunda-feira (19), durante a segunda fase da 15\u00aa reuni\u00e3o da Confer\u00eancia das Partes da Conven\u00e7\u00e3o das Na\u00e7\u00f5es Unidas sobre Diversidade Biol\u00f3gica (COP15). Trata-se de um acordo hist\u00f3rico,&#8230;<\/p>\n","protected":false},"author":2,"featured_media":201,"comment_status":"open","ping_status":"open","sticky":false,"template":"","format":"standard","meta":{"footnotes":""},"categories":[7],"tags":[],"class_list":["post-200","post","type-post","status-publish","format-standard","has-post-thumbnail","hentry","category-visao"],"yoast_head":"<!-- This site is optimized with the Yoast SEO plugin v27.4 - https:\/\/yoast.com\/product\/yoast-seo-wordpress\/ -->\n<title>Coment\u00e1rio: Por que o acordo \u201chist\u00f3rico\u201d promove a conserva\u00e7\u00e3o da biodiversidade? - CRI e Diario de Pernambuco<\/title>\n<meta name=\"robots\" content=\"index, follow, max-snippet:-1, max-image-preview:large, max-video-preview:-1\" \/>\n<link rel=\"canonical\" href=\"https:\/\/diariodepe.com.br\/cri\/2022\/12\/21\/comentario-por-que-o-acordo-historico-promove-a-conservacao-da-biodiversidade\/\" \/>\n<meta property=\"og:locale\" content=\"pt_BR\" \/>\n<meta property=\"og:type\" content=\"article\" \/>\n<meta property=\"og:title\" content=\"Coment\u00e1rio: Por que o acordo \u201chist\u00f3rico\u201d promove a conserva\u00e7\u00e3o da biodiversidade? - CRI e Diario de Pernambuco\" \/>\n<meta property=\"og:description\" content=\"O Quadro Global de Biodiversidade Kunming-Montreal foi aprovado em Montreal, no Canad\u00e1, nessa segunda-feira (19), durante a segunda fase da 15\u00aa reuni\u00e3o da Confer\u00eancia das Partes da Conven\u00e7\u00e3o das Na\u00e7\u00f5es Unidas sobre Diversidade Biol\u00f3gica (COP15). Trata-se de um acordo hist\u00f3rico,...\" \/>\n<meta property=\"og:url\" content=\"https:\/\/diariodepe.com.br\/cri\/2022\/12\/21\/comentario-por-que-o-acordo-historico-promove-a-conservacao-da-biodiversidade\/\" \/>\n<meta property=\"og:site_name\" content=\"CRI e Diario de Pernambuco\" \/>\n<meta property=\"article:published_time\" content=\"2022-12-21T03:23:38+00:00\" \/>\n<meta property=\"article:modified_time\" content=\"2022-12-21T03:23:39+00:00\" \/>\n<meta property=\"og:image\" content=\"https:\/\/diariodepe.com.br\/cri\/wp-content\/uploads\/sites\/2\/2022\/12\/2022122022250477204.jpg\" \/>\n\t<meta property=\"og:image:width\" content=\"1080\" \/>\n\t<meta property=\"og:image:height\" content=\"602\" \/>\n\t<meta property=\"og:image:type\" content=\"image\/jpeg\" \/>\n<meta name=\"author\" content=\"Ismael Lucas S. Pereira\" \/>\n<meta name=\"twitter:card\" content=\"summary_large_image\" \/>\n<meta name=\"twitter:label1\" content=\"Escrito por\" \/>\n\t<meta name=\"twitter:data1\" content=\"Ismael Lucas S. Pereira\" \/>\n\t<meta name=\"twitter:label2\" content=\"Est. tempo de leitura\" \/>\n\t<meta name=\"twitter:data2\" content=\"2 minutos\" \/>\n<script type=\"application\/ld+json\" class=\"yoast-schema-graph\">{\"@context\":\"https:\\\/\\\/schema.org\",\"@graph\":[{\"@type\":\"Article\",\"@id\":\"https:\\\/\\\/diariodepe.com.br\\\/cri\\\/2022\\\/12\\\/21\\\/comentario-por-que-o-acordo-historico-promove-a-conservacao-da-biodiversidade\\\/#article\",\"isPartOf\":{\"@id\":\"https:\\\/\\\/diariodepe.com.br\\\/cri\\\/2022\\\/12\\\/21\\\/comentario-por-que-o-acordo-historico-promove-a-conservacao-da-biodiversidade\\\/\"},\"author\":{\"name\":\"Ismael Lucas S. Pereira\",\"@id\":\"https:\\\/\\\/diariodepe.com.br\\\/cri\\\/#\\\/schema\\\/person\\\/121bb28d84f1a5b1205ef4ce9c2e0c6b\"},\"headline\":\"Coment\u00e1rio: Por que o acordo \u201chist\u00f3rico\u201d promove a conserva\u00e7\u00e3o da biodiversidade?\",\"datePublished\":\"2022-12-21T03:23:38+00:00\",\"dateModified\":\"2022-12-21T03:23:39+00:00\",\"mainEntityOfPage\":{\"@id\":\"https:\\\/\\\/diariodepe.com.br\\\/cri\\\/2022\\\/12\\\/21\\\/comentario-por-que-o-acordo-historico-promove-a-conservacao-da-biodiversidade\\\/\"},\"wordCount\":399,\"commentCount\":0,\"publisher\":{\"@id\":\"https:\\\/\\\/diariodepe.com.br\\\/cri\\\/#organization\"},\"image\":{\"@id\":\"https:\\\/\\\/diariodepe.com.br\\\/cri\\\/2022\\\/12\\\/21\\\/comentario-por-que-o-acordo-historico-promove-a-conservacao-da-biodiversidade\\\/#primaryimage\"},\"thumbnailUrl\":\"https:\\\/\\\/diariodepe.com.br\\\/cri\\\/wp-content\\\/uploads\\\/sites\\\/2\\\/2022\\\/12\\\/2022122022250477204.jpg\",\"articleSection\":[\"Vis\u00e3o\"],\"inLanguage\":\"pt-BR\",\"potentialAction\":[{\"@type\":\"CommentAction\",\"name\":\"Comment\",\"target\":[\"https:\\\/\\\/diariodepe.com.br\\\/cri\\\/2022\\\/12\\\/21\\\/comentario-por-que-o-acordo-historico-promove-a-conservacao-da-biodiversidade\\\/#respond\"]}]},{\"@type\":\"WebPage\",\"@id\":\"https:\\\/\\\/diariodepe.com.br\\\/cri\\\/2022\\\/12\\\/21\\\/comentario-por-que-o-acordo-historico-promove-a-conservacao-da-biodiversidade\\\/\",\"url\":\"https:\\\/\\\/diariodepe.com.br\\\/cri\\\/2022\\\/12\\\/21\\\/comentario-por-que-o-acordo-historico-promove-a-conservacao-da-biodiversidade\\\/\",\"name\":\"Coment\u00e1rio: Por que o acordo \u201chist\u00f3rico\u201d promove a conserva\u00e7\u00e3o da biodiversidade? - CRI e Diario de Pernambuco\",\"isPartOf\":{\"@id\":\"https:\\\/\\\/diariodepe.com.br\\\/cri\\\/#website\"},\"primaryImageOfPage\":{\"@id\":\"https:\\\/\\\/diariodepe.com.br\\\/cri\\\/2022\\\/12\\\/21\\\/comentario-por-que-o-acordo-historico-promove-a-conservacao-da-biodiversidade\\\/#primaryimage\"},\"image\":{\"@id\":\"https:\\\/\\\/diariodepe.com.br\\\/cri\\\/2022\\\/12\\\/21\\\/comentario-por-que-o-acordo-historico-promove-a-conservacao-da-biodiversidade\\\/#primaryimage\"},\"thumbnailUrl\":\"https:\\\/\\\/diariodepe.com.br\\\/cri\\\/wp-content\\\/uploads\\\/sites\\\/2\\\/2022\\\/12\\\/2022122022250477204.jpg\",\"datePublished\":\"2022-12-21T03:23:38+00:00\",\"dateModified\":\"2022-12-21T03:23:39+00:00\",\"breadcrumb\":{\"@id\":\"https:\\\/\\\/diariodepe.com.br\\\/cri\\\/2022\\\/12\\\/21\\\/comentario-por-que-o-acordo-historico-promove-a-conservacao-da-biodiversidade\\\/#breadcrumb\"},\"inLanguage\":\"pt-BR\",\"potentialAction\":[{\"@type\":\"ReadAction\",\"target\":[\"https:\\\/\\\/diariodepe.com.br\\\/cri\\\/2022\\\/12\\\/21\\\/comentario-por-que-o-acordo-historico-promove-a-conservacao-da-biodiversidade\\\/\"]}]},{\"@type\":\"ImageObject\",\"inLanguage\":\"pt-BR\",\"@id\":\"https:\\\/\\\/diariodepe.com.br\\\/cri\\\/2022\\\/12\\\/21\\\/comentario-por-que-o-acordo-historico-promove-a-conservacao-da-biodiversidade\\\/#primaryimage\",\"url\":\"https:\\\/\\\/diariodepe.com.br\\\/cri\\\/wp-content\\\/uploads\\\/sites\\\/2\\\/2022\\\/12\\\/2022122022250477204.jpg\",\"contentUrl\":\"https:\\\/\\\/diariodepe.com.br\\\/cri\\\/wp-content\\\/uploads\\\/sites\\\/2\\\/2022\\\/12\\\/2022122022250477204.jpg\",\"width\":1080,\"height\":602},{\"@type\":\"BreadcrumbList\",\"@id\":\"https:\\\/\\\/diariodepe.com.br\\\/cri\\\/2022\\\/12\\\/21\\\/comentario-por-que-o-acordo-historico-promove-a-conservacao-da-biodiversidade\\\/#breadcrumb\",\"itemListElement\":[{\"@type\":\"ListItem\",\"position\":1,\"name\":\"In\u00edcio\",\"item\":\"https:\\\/\\\/diariodepe.com.br\\\/cri\\\/\"},{\"@type\":\"ListItem\",\"position\":2,\"name\":\"Coment\u00e1rio: Por que o acordo \u201chist\u00f3rico\u201d promove a conserva\u00e7\u00e3o da biodiversidade?\"}]},{\"@type\":\"WebSite\",\"@id\":\"https:\\\/\\\/diariodepe.com.br\\\/cri\\\/#website\",\"url\":\"https:\\\/\\\/diariodepe.com.br\\\/cri\\\/\",\"name\":\"CRI e Diario de Pernambuco\",\"description\":\"R\u00e1dio Internacional da China\",\"publisher\":{\"@id\":\"https:\\\/\\\/diariodepe.com.br\\\/cri\\\/#organization\"},\"potentialAction\":[{\"@type\":\"SearchAction\",\"target\":{\"@type\":\"EntryPoint\",\"urlTemplate\":\"https:\\\/\\\/diariodepe.com.br\\\/cri\\\/?s={search_term_string}\"},\"query-input\":{\"@type\":\"PropertyValueSpecification\",\"valueRequired\":true,\"valueName\":\"search_term_string\"}}],\"inLanguage\":\"pt-BR\"},{\"@type\":\"Organization\",\"@id\":\"https:\\\/\\\/diariodepe.com.br\\\/cri\\\/#organization\",\"name\":\"CRI e Diario de Pernambuco\",\"url\":\"https:\\\/\\\/diariodepe.com.br\\\/cri\\\/\",\"logo\":{\"@type\":\"ImageObject\",\"inLanguage\":\"pt-BR\",\"@id\":\"https:\\\/\\\/diariodepe.com.br\\\/cri\\\/#\\\/schema\\\/logo\\\/image\\\/\",\"url\":\"https:\\\/\\\/diariodepe.com.br\\\/cri\\\/wp-content\\\/uploads\\\/sites\\\/2\\\/2022\\\/12\\\/cropped-Logo.jpg\",\"contentUrl\":\"https:\\\/\\\/diariodepe.com.br\\\/cri\\\/wp-content\\\/uploads\\\/sites\\\/2\\\/2022\\\/12\\\/cropped-Logo.jpg\",\"width\":700,\"height\":59,\"caption\":\"CRI e Diario de Pernambuco\"},\"image\":{\"@id\":\"https:\\\/\\\/diariodepe.com.br\\\/cri\\\/#\\\/schema\\\/logo\\\/image\\\/\"}},{\"@type\":\"Person\",\"@id\":\"https:\\\/\\\/diariodepe.com.br\\\/cri\\\/#\\\/schema\\\/person\\\/121bb28d84f1a5b1205ef4ce9c2e0c6b\",\"name\":\"Ismael Lucas S. Pereira\",\"image\":{\"@type\":\"ImageObject\",\"inLanguage\":\"pt-BR\",\"@id\":\"https:\\\/\\\/secure.gravatar.com\\\/avatar\\\/887a0f3b5a7ceea963a48499fb883ffce6b5037362def025c52c2505b15d63e4?s=96&d=mm&r=g\",\"url\":\"https:\\\/\\\/secure.gravatar.com\\\/avatar\\\/887a0f3b5a7ceea963a48499fb883ffce6b5037362def025c52c2505b15d63e4?s=96&d=mm&r=g\",\"contentUrl\":\"https:\\\/\\\/secure.gravatar.com\\\/avatar\\\/887a0f3b5a7ceea963a48499fb883ffce6b5037362def025c52c2505b15d63e4?s=96&d=mm&r=g\",\"caption\":\"Ismael Lucas S. Pereira\"},\"url\":\"https:\\\/\\\/diariodepe.com.br\\\/cri\\\/author\\\/ismael-lucas\\\/\"}]}<\/script>\n<!-- \/ Yoast SEO plugin. -->","yoast_head_json":{"title":"Coment\u00e1rio: Por que o acordo \u201chist\u00f3rico\u201d promove a conserva\u00e7\u00e3o da biodiversidade? - CRI e Diario de Pernambuco","robots":{"index":"index","follow":"follow","max-snippet":"max-snippet:-1","max-image-preview":"max-image-preview:large","max-video-preview":"max-video-preview:-1"},"canonical":"https:\/\/diariodepe.com.br\/cri\/2022\/12\/21\/comentario-por-que-o-acordo-historico-promove-a-conservacao-da-biodiversidade\/","og_locale":"pt_BR","og_type":"article","og_title":"Coment\u00e1rio: Por que o acordo \u201chist\u00f3rico\u201d promove a conserva\u00e7\u00e3o da biodiversidade? - CRI e Diario de Pernambuco","og_description":"O Quadro Global de Biodiversidade Kunming-Montreal foi aprovado em Montreal, no Canad\u00e1, nessa segunda-feira (19), durante a segunda fase da 15\u00aa reuni\u00e3o da Confer\u00eancia das Partes da Conven\u00e7\u00e3o das Na\u00e7\u00f5es Unidas sobre Diversidade Biol\u00f3gica (COP15). Trata-se de um acordo hist\u00f3rico,...","og_url":"https:\/\/diariodepe.com.br\/cri\/2022\/12\/21\/comentario-por-que-o-acordo-historico-promove-a-conservacao-da-biodiversidade\/","og_site_name":"CRI e Diario de Pernambuco","article_published_time":"2022-12-21T03:23:38+00:00","article_modified_time":"2022-12-21T03:23:39+00:00","og_image":[{"width":1080,"height":602,"url":"https:\/\/diariodepe.com.br\/cri\/wp-content\/uploads\/sites\/2\/2022\/12\/2022122022250477204.jpg","type":"image\/jpeg"}],"author":"Ismael Lucas S. Pereira","twitter_card":"summary_large_image","twitter_misc":{"Escrito por":"Ismael Lucas S. Pereira","Est. tempo de leitura":"2 minutos"},"schema":{"@context":"https:\/\/schema.org","@graph":[{"@type":"Article","@id":"https:\/\/diariodepe.com.br\/cri\/2022\/12\/21\/comentario-por-que-o-acordo-historico-promove-a-conservacao-da-biodiversidade\/#article","isPartOf":{"@id":"https:\/\/diariodepe.com.br\/cri\/2022\/12\/21\/comentario-por-que-o-acordo-historico-promove-a-conservacao-da-biodiversidade\/"},"author":{"name":"Ismael Lucas S. Pereira","@id":"https:\/\/diariodepe.com.br\/cri\/#\/schema\/person\/121bb28d84f1a5b1205ef4ce9c2e0c6b"},"headline":"Coment\u00e1rio: Por que o acordo \u201chist\u00f3rico\u201d promove a conserva\u00e7\u00e3o da biodiversidade?","datePublished":"2022-12-21T03:23:38+00:00","dateModified":"2022-12-21T03:23:39+00:00","mainEntityOfPage":{"@id":"https:\/\/diariodepe.com.br\/cri\/2022\/12\/21\/comentario-por-que-o-acordo-historico-promove-a-conservacao-da-biodiversidade\/"},"wordCount":399,"commentCount":0,"publisher":{"@id":"https:\/\/diariodepe.com.br\/cri\/#organization"},"image":{"@id":"https:\/\/diariodepe.com.br\/cri\/2022\/12\/21\/comentario-por-que-o-acordo-historico-promove-a-conservacao-da-biodiversidade\/#primaryimage"},"thumbnailUrl":"https:\/\/diariodepe.com.br\/cri\/wp-content\/uploads\/sites\/2\/2022\/12\/2022122022250477204.jpg","articleSection":["Vis\u00e3o"],"inLanguage":"pt-BR","potentialAction":[{"@type":"CommentAction","name":"Comment","target":["https:\/\/diariodepe.com.br\/cri\/2022\/12\/21\/comentario-por-que-o-acordo-historico-promove-a-conservacao-da-biodiversidade\/#respond"]}]},{"@type":"WebPage","@id":"https:\/\/diariodepe.com.br\/cri\/2022\/12\/21\/comentario-por-que-o-acordo-historico-promove-a-conservacao-da-biodiversidade\/","url":"https:\/\/diariodepe.com.br\/cri\/2022\/12\/21\/comentario-por-que-o-acordo-historico-promove-a-conservacao-da-biodiversidade\/","name":"Coment\u00e1rio: Por que o acordo \u201chist\u00f3rico\u201d promove a conserva\u00e7\u00e3o da biodiversidade? - CRI e Diario de Pernambuco","isPartOf":{"@id":"https:\/\/diariodepe.com.br\/cri\/#website"},"primaryImageOfPage":{"@id":"https:\/\/diariodepe.com.br\/cri\/2022\/12\/21\/comentario-por-que-o-acordo-historico-promove-a-conservacao-da-biodiversidade\/#primaryimage"},"image":{"@id":"https:\/\/diariodepe.com.br\/cri\/2022\/12\/21\/comentario-por-que-o-acordo-historico-promove-a-conservacao-da-biodiversidade\/#primaryimage"},"thumbnailUrl":"https:\/\/diariodepe.com.br\/cri\/wp-content\/uploads\/sites\/2\/2022\/12\/2022122022250477204.jpg","datePublished":"2022-12-21T03:23:38+00:00","dateModified":"2022-12-21T03:23:39+00:00","breadcrumb":{"@id":"https:\/\/diariodepe.com.br\/cri\/2022\/12\/21\/comentario-por-que-o-acordo-historico-promove-a-conservacao-da-biodiversidade\/#breadcrumb"},"inLanguage":"pt-BR","potentialAction":[{"@type":"ReadAction","target":["https:\/\/diariodepe.com.br\/cri\/2022\/12\/21\/comentario-por-que-o-acordo-historico-promove-a-conservacao-da-biodiversidade\/"]}]},{"@type":"ImageObject","inLanguage":"pt-BR","@id":"https:\/\/diariodepe.com.br\/cri\/2022\/12\/21\/comentario-por-que-o-acordo-historico-promove-a-conservacao-da-biodiversidade\/#primaryimage","url":"https:\/\/diariodepe.com.br\/cri\/wp-content\/uploads\/sites\/2\/2022\/12\/2022122022250477204.jpg","contentUrl":"https:\/\/diariodepe.com.br\/cri\/wp-content\/uploads\/sites\/2\/2022\/12\/2022122022250477204.jpg","width":1080,"height":602},{"@type":"BreadcrumbList","@id":"https:\/\/diariodepe.com.br\/cri\/2022\/12\/21\/comentario-por-que-o-acordo-historico-promove-a-conservacao-da-biodiversidade\/#breadcrumb","itemListElement":[{"@type":"ListItem","position":1,"name":"In\u00edcio","item":"https:\/\/diariodepe.com.br\/cri\/"},{"@type":"ListItem","position":2,"name":"Coment\u00e1rio: Por que o acordo \u201chist\u00f3rico\u201d promove a conserva\u00e7\u00e3o da biodiversidade?"}]},{"@type":"WebSite","@id":"https:\/\/diariodepe.com.br\/cri\/#website","url":"https:\/\/diariodepe.com.br\/cri\/","name":"CRI e Diario de Pernambuco","description":"R\u00e1dio Internacional da China","publisher":{"@id":"https:\/\/diariodepe.com.br\/cri\/#organization"},"potentialAction":[{"@type":"SearchAction","target":{"@type":"EntryPoint","urlTemplate":"https:\/\/diariodepe.com.br\/cri\/?s={search_term_string}"},"query-input":{"@type":"PropertyValueSpecification","valueRequired":true,"valueName":"search_term_string"}}],"inLanguage":"pt-BR"},{"@type":"Organization","@id":"https:\/\/diariodepe.com.br\/cri\/#organization","name":"CRI e Diario de Pernambuco","url":"https:\/\/diariodepe.com.br\/cri\/","logo":{"@type":"ImageObject","inLanguage":"pt-BR","@id":"https:\/\/diariodepe.com.br\/cri\/#\/schema\/logo\/image\/","url":"https:\/\/diariodepe.com.br\/cri\/wp-content\/uploads\/sites\/2\/2022\/12\/cropped-Logo.jpg","contentUrl":"https:\/\/diariodepe.com.br\/cri\/wp-content\/uploads\/sites\/2\/2022\/12\/cropped-Logo.jpg","width":700,"height":59,"caption":"CRI e Diario de Pernambuco"},"image":{"@id":"https:\/\/diariodepe.com.br\/cri\/#\/schema\/logo\/image\/"}},{"@type":"Person","@id":"https:\/\/diariodepe.com.br\/cri\/#\/schema\/person\/121bb28d84f1a5b1205ef4ce9c2e0c6b","name":"Ismael Lucas S. Pereira","image":{"@type":"ImageObject","inLanguage":"pt-BR","@id":"https:\/\/secure.gravatar.com\/avatar\/887a0f3b5a7ceea963a48499fb883ffce6b5037362def025c52c2505b15d63e4?s=96&d=mm&r=g","url":"https:\/\/secure.gravatar.com\/avatar\/887a0f3b5a7ceea963a48499fb883ffce6b5037362def025c52c2505b15d63e4?s=96&d=mm&r=g","contentUrl":"https:\/\/secure.gravatar.com\/avatar\/887a0f3b5a7ceea963a48499fb883ffce6b5037362def025c52c2505b15d63e4?s=96&d=mm&r=g","caption":"Ismael Lucas S. Pereira"},"url":"https:\/\/diariodepe.com.br\/cri\/author\/ismael-lucas\/"}]}},"cc_featured_image_caption":{"caption_text":"","source_text":"","source_url":""},"amp_enabled":true,"_links":{"self":[{"href":"https:\/\/diariodepe.com.br\/cri\/wp-json\/wp\/v2\/posts\/200","targetHints":{"allow":["GET"]}}],"collection":[{"href":"https:\/\/diariodepe.com.br\/cri\/wp-json\/wp\/v2\/posts"}],"about":[{"href":"https:\/\/diariodepe.com.br\/cri\/wp-json\/wp\/v2\/types\/post"}],"author":[{"embeddable":true,"href":"https:\/\/diariodepe.com.br\/cri\/wp-json\/wp\/v2\/users\/2"}],"replies":[{"embeddable":true,"href":"https:\/\/diariodepe.com.br\/cri\/wp-json\/wp\/v2\/comments?post=200"}],"version-history":[{"count":1,"href":"https:\/\/diariodepe.com.br\/cri\/wp-json\/wp\/v2\/posts\/200\/revisions"}],"predecessor-version":[{"id":202,"href":"https:\/\/diariodepe.com.br\/cri\/wp-json\/wp\/v2\/posts\/200\/revisions\/202"}],"wp:featuredmedia":[{"embeddable":true,"href":"https:\/\/diariodepe.com.br\/cri\/wp-json\/wp\/v2\/media\/201"}],"wp:attachment":[{"href":"https:\/\/diariodepe.com.br\/cri\/wp-json\/wp\/v2\/media?parent=200"}],"wp:term":[{"taxonomy":"category","embeddable":true,"href":"https:\/\/diariodepe.com.br\/cri\/wp-json\/wp\/v2\/categories?post=200"},{"taxonomy":"post_tag","embeddable":true,"href":"https:\/\/diariodepe.com.br\/cri\/wp-json\/wp\/v2\/tags?post=200"}],"curies":[{"name":"wp","href":"https:\/\/api.w.org\/{rel}","templated":true}]}}