{"id":197,"date":"2022-12-21T00:21:23","date_gmt":"2022-12-21T03:21:23","guid":{"rendered":"https:\/\/diariodepe.com.br\/cri\/?p=197"},"modified":"2022-12-21T00:21:24","modified_gmt":"2022-12-21T03:21:24","slug":"comentario-apos-oito-anos-os-eua-cumprirao-suas-promessas-a-africa-desta-vez","status":"publish","type":"post","link":"https:\/\/diariodepe.com.br\/cri\/2022\/12\/21\/comentario-apos-oito-anos-os-eua-cumprirao-suas-promessas-a-africa-desta-vez\/","title":{"rendered":"<strong>Coment\u00e1rio: Ap\u00f3s oito anos, os EUA cumprir\u00e3o suas promessas \u00e0 \u00c1frica desta vez?<\/strong>"},"content":{"rendered":"\n<p>Entre os dias 13 e 15 deste m\u00eas, foi realizada a 2\u00aa C\u00fapula EUA-\u00c1frica em Washington. O presidente estadunidense, Joe Biden; o secret\u00e1rio de Estado, Antony Blinken, e o secret\u00e1rio de Defesa, Lloyd Austin, participaram do evento, bem como os l\u00edderes de 49 pa\u00edses africanos e da Uni\u00e3o Africana. A declara\u00e7\u00e3o da Casa Branca dizia que a c\u00fapula ressaltava o compromisso dos Estados Unidos de aprofundar seu relacionamento com a \u00c1frica. O governo de Biden tamb\u00e9m planeja investir pelo menos 55 bilh\u00f5es de d\u00f3lares na \u00c1frica nos pr\u00f3ximos tr\u00eas anos.&nbsp;<\/p>\n\n\n\n<p>No entanto, a reuni\u00e3o de tr\u00eas dias terminou em meio a controv\u00e9rsias e \u201cd\u00e9ficit de confian\u00e7a\u201d. Desde o final da Segunda Guerra Mundial, os EUA relegaram a \u00c1frica \u00e0s margens da sua estrat\u00e9gia global. Nos \u00faltimos anos, as rela\u00e7\u00f5es EUA-\u00c1frica t\u00eam se deteriorado ainda mais. O ex-presidente norte-americano Donald Trump nunca visitou a \u00c1frica durante seu mandato e usou uma linguagem desagrad\u00e1vel para descrever os pa\u00edses africanos, o que foi fortemente condenado no continente. Durante a pandemia, os Estados Unidos estocaram grande quantidade de vacinas, enquanto enviaram as quase vencidas para a \u00c1frica, o que foi criticado pelos pa\u00edses do continente como uma falsa \u201ccaridade\u201d. Agora que os norte-americanos mudaram de repente sua atitude e afirmaram valorizar a \u00c1frica, \u00e9 dif\u00edcil para o povo africano n\u00e3o duvidar da sinceridade dos EUA.&nbsp;<\/p>\n\n\n\n<p>A \u00c1frica est\u00e1 passando pela transi\u00e7\u00e3o de uma economia tradicional para uma economia baseada no conhecimento, que necessita urgentemente de investimentos significativos para explorar seu potencial de desenvolvimento. \u00c9 bom que os EUA, como o pa\u00eds mais desenvolvido do mundo, ajudem a \u00c1frica a se desenvolver. Mas, como muitos analistas t\u00eam apontado, a raz\u00e3o pela qual eles lan\u00e7am seu olhar na \u00c1frica n\u00e3o \u00e9 quest\u00e3o de consci\u00eancia, mas principalmente considera\u00e7\u00f5es geopol\u00edticas.\u00a0<\/p>\n\n\n\n<p>De fato, existe uma enorme dist\u00e2ncia entre o que os EUA dizem e o que realmente fazem em termos de ajuda \u00e0 \u00c1frica. Algu\u00e9m se pergunta se os EUA podem cumprir primeiro seus compromissos anteriores com a \u00c1frica? Na primeira c\u00fapula EUA-\u00c1frica em 2014, o ent\u00e3o presidente estadunidense, Barack Obama, se comprometeu a aumentar os investimentos no continente, incluindo o financiamento para combater a Aids, entre outras coisas. Mas mais tarde, o governo americano cortou a assist\u00eancia financeira aos programas africanos de preven\u00e7\u00e3o e tratamento da Aids e reduziu outros projetos de ajuda \u00e0 \u00c1frica. Oito anos depois, os compromissos do governo de Biden com a \u00c1frica tamb\u00e9m s\u00e3o question\u00e1veis.&nbsp;<\/p>\n\n\n\n<p>O que \u00e9 mais necess\u00e1rio para a \u00c1frica no momento \u00e9 a ajuda sincera das grandes pot\u00eancias. Os EUA devem realmente respeitar a \u00c1frica e fazer coisas mais concretas para o continente.<\/p>\n","protected":false},"excerpt":{"rendered":"<p>Entre os dias 13 e 15 deste m\u00eas, foi realizada a 2\u00aa C\u00fapula EUA-\u00c1frica em Washington. O presidente estadunidense, Joe Biden; o secret\u00e1rio de Estado, Antony Blinken, e o secret\u00e1rio de Defesa, Lloyd Austin, participaram do evento, bem como os&#8230;<\/p>\n","protected":false},"author":2,"featured_media":198,"comment_status":"open","ping_status":"open","sticky":false,"template":"","format":"standard","meta":{"footnotes":""},"categories":[7],"tags":[],"class_list":["post-197","post","type-post","status-publish","format-standard","has-post-thumbnail","hentry","category-visao"],"yoast_head":"<!-- This site is optimized with the Yoast SEO plugin v27.4 - https:\/\/yoast.com\/product\/yoast-seo-wordpress\/ -->\n<title>Coment\u00e1rio: Ap\u00f3s oito anos, os EUA cumprir\u00e3o suas promessas \u00e0 \u00c1frica desta vez? - CRI e Diario de Pernambuco<\/title>\n<meta name=\"robots\" content=\"index, follow, max-snippet:-1, max-image-preview:large, max-video-preview:-1\" \/>\n<link rel=\"canonical\" href=\"https:\/\/diariodepe.com.br\/cri\/2022\/12\/21\/comentario-apos-oito-anos-os-eua-cumprirao-suas-promessas-a-africa-desta-vez\/\" \/>\n<meta property=\"og:locale\" content=\"pt_BR\" \/>\n<meta property=\"og:type\" content=\"article\" \/>\n<meta property=\"og:title\" content=\"Coment\u00e1rio: Ap\u00f3s oito anos, os EUA cumprir\u00e3o suas promessas \u00e0 \u00c1frica desta vez? - CRI e Diario de Pernambuco\" \/>\n<meta property=\"og:description\" content=\"Entre os dias 13 e 15 deste m\u00eas, foi realizada a 2\u00aa C\u00fapula EUA-\u00c1frica em Washington. O presidente estadunidense, Joe Biden; o secret\u00e1rio de Estado, Antony Blinken, e o secret\u00e1rio de Defesa, Lloyd Austin, participaram do evento, bem como os...\" \/>\n<meta property=\"og:url\" content=\"https:\/\/diariodepe.com.br\/cri\/2022\/12\/21\/comentario-apos-oito-anos-os-eua-cumprirao-suas-promessas-a-africa-desta-vez\/\" \/>\n<meta property=\"og:site_name\" content=\"CRI e Diario de Pernambuco\" \/>\n<meta property=\"article:published_time\" content=\"2022-12-21T03:21:23+00:00\" \/>\n<meta property=\"article:modified_time\" content=\"2022-12-21T03:21:24+00:00\" \/>\n<meta property=\"og:image\" content=\"https:\/\/diariodepe.com.br\/cri\/wp-content\/uploads\/sites\/2\/2022\/12\/2022122011380759390-1.jpg\" \/>\n\t<meta property=\"og:image:width\" content=\"997\" \/>\n\t<meta property=\"og:image:height\" content=\"664\" \/>\n\t<meta property=\"og:image:type\" content=\"image\/jpeg\" \/>\n<meta name=\"author\" content=\"Ismael Lucas S. Pereira\" \/>\n<meta name=\"twitter:card\" content=\"summary_large_image\" \/>\n<meta name=\"twitter:label1\" content=\"Escrito por\" \/>\n\t<meta name=\"twitter:data1\" content=\"Ismael Lucas S. Pereira\" \/>\n\t<meta name=\"twitter:label2\" content=\"Est. tempo de leitura\" \/>\n\t<meta name=\"twitter:data2\" content=\"3 minutos\" \/>\n<script type=\"application\/ld+json\" class=\"yoast-schema-graph\">{\"@context\":\"https:\\\/\\\/schema.org\",\"@graph\":[{\"@type\":\"Article\",\"@id\":\"https:\\\/\\\/diariodepe.com.br\\\/cri\\\/2022\\\/12\\\/21\\\/comentario-apos-oito-anos-os-eua-cumprirao-suas-promessas-a-africa-desta-vez\\\/#article\",\"isPartOf\":{\"@id\":\"https:\\\/\\\/diariodepe.com.br\\\/cri\\\/2022\\\/12\\\/21\\\/comentario-apos-oito-anos-os-eua-cumprirao-suas-promessas-a-africa-desta-vez\\\/\"},\"author\":{\"name\":\"Ismael Lucas S. Pereira\",\"@id\":\"https:\\\/\\\/diariodepe.com.br\\\/cri\\\/#\\\/schema\\\/person\\\/121bb28d84f1a5b1205ef4ce9c2e0c6b\"},\"headline\":\"Coment\u00e1rio: Ap\u00f3s oito anos, os EUA cumprir\u00e3o suas promessas \u00e0 \u00c1frica desta vez?\",\"datePublished\":\"2022-12-21T03:21:23+00:00\",\"dateModified\":\"2022-12-21T03:21:24+00:00\",\"mainEntityOfPage\":{\"@id\":\"https:\\\/\\\/diariodepe.com.br\\\/cri\\\/2022\\\/12\\\/21\\\/comentario-apos-oito-anos-os-eua-cumprirao-suas-promessas-a-africa-desta-vez\\\/\"},\"wordCount\":490,\"commentCount\":0,\"publisher\":{\"@id\":\"https:\\\/\\\/diariodepe.com.br\\\/cri\\\/#organization\"},\"image\":{\"@id\":\"https:\\\/\\\/diariodepe.com.br\\\/cri\\\/2022\\\/12\\\/21\\\/comentario-apos-oito-anos-os-eua-cumprirao-suas-promessas-a-africa-desta-vez\\\/#primaryimage\"},\"thumbnailUrl\":\"https:\\\/\\\/diariodepe.com.br\\\/cri\\\/wp-content\\\/uploads\\\/sites\\\/2\\\/2022\\\/12\\\/2022122011380759390-1.jpg\",\"articleSection\":[\"Vis\u00e3o\"],\"inLanguage\":\"pt-BR\",\"potentialAction\":[{\"@type\":\"CommentAction\",\"name\":\"Comment\",\"target\":[\"https:\\\/\\\/diariodepe.com.br\\\/cri\\\/2022\\\/12\\\/21\\\/comentario-apos-oito-anos-os-eua-cumprirao-suas-promessas-a-africa-desta-vez\\\/#respond\"]}]},{\"@type\":\"WebPage\",\"@id\":\"https:\\\/\\\/diariodepe.com.br\\\/cri\\\/2022\\\/12\\\/21\\\/comentario-apos-oito-anos-os-eua-cumprirao-suas-promessas-a-africa-desta-vez\\\/\",\"url\":\"https:\\\/\\\/diariodepe.com.br\\\/cri\\\/2022\\\/12\\\/21\\\/comentario-apos-oito-anos-os-eua-cumprirao-suas-promessas-a-africa-desta-vez\\\/\",\"name\":\"Coment\u00e1rio: Ap\u00f3s oito anos, os EUA cumprir\u00e3o suas promessas \u00e0 \u00c1frica desta vez? - CRI e Diario de Pernambuco\",\"isPartOf\":{\"@id\":\"https:\\\/\\\/diariodepe.com.br\\\/cri\\\/#website\"},\"primaryImageOfPage\":{\"@id\":\"https:\\\/\\\/diariodepe.com.br\\\/cri\\\/2022\\\/12\\\/21\\\/comentario-apos-oito-anos-os-eua-cumprirao-suas-promessas-a-africa-desta-vez\\\/#primaryimage\"},\"image\":{\"@id\":\"https:\\\/\\\/diariodepe.com.br\\\/cri\\\/2022\\\/12\\\/21\\\/comentario-apos-oito-anos-os-eua-cumprirao-suas-promessas-a-africa-desta-vez\\\/#primaryimage\"},\"thumbnailUrl\":\"https:\\\/\\\/diariodepe.com.br\\\/cri\\\/wp-content\\\/uploads\\\/sites\\\/2\\\/2022\\\/12\\\/2022122011380759390-1.jpg\",\"datePublished\":\"2022-12-21T03:21:23+00:00\",\"dateModified\":\"2022-12-21T03:21:24+00:00\",\"breadcrumb\":{\"@id\":\"https:\\\/\\\/diariodepe.com.br\\\/cri\\\/2022\\\/12\\\/21\\\/comentario-apos-oito-anos-os-eua-cumprirao-suas-promessas-a-africa-desta-vez\\\/#breadcrumb\"},\"inLanguage\":\"pt-BR\",\"potentialAction\":[{\"@type\":\"ReadAction\",\"target\":[\"https:\\\/\\\/diariodepe.com.br\\\/cri\\\/2022\\\/12\\\/21\\\/comentario-apos-oito-anos-os-eua-cumprirao-suas-promessas-a-africa-desta-vez\\\/\"]}]},{\"@type\":\"ImageObject\",\"inLanguage\":\"pt-BR\",\"@id\":\"https:\\\/\\\/diariodepe.com.br\\\/cri\\\/2022\\\/12\\\/21\\\/comentario-apos-oito-anos-os-eua-cumprirao-suas-promessas-a-africa-desta-vez\\\/#primaryimage\",\"url\":\"https:\\\/\\\/diariodepe.com.br\\\/cri\\\/wp-content\\\/uploads\\\/sites\\\/2\\\/2022\\\/12\\\/2022122011380759390-1.jpg\",\"contentUrl\":\"https:\\\/\\\/diariodepe.com.br\\\/cri\\\/wp-content\\\/uploads\\\/sites\\\/2\\\/2022\\\/12\\\/2022122011380759390-1.jpg\",\"width\":997,\"height\":664},{\"@type\":\"BreadcrumbList\",\"@id\":\"https:\\\/\\\/diariodepe.com.br\\\/cri\\\/2022\\\/12\\\/21\\\/comentario-apos-oito-anos-os-eua-cumprirao-suas-promessas-a-africa-desta-vez\\\/#breadcrumb\",\"itemListElement\":[{\"@type\":\"ListItem\",\"position\":1,\"name\":\"In\u00edcio\",\"item\":\"https:\\\/\\\/diariodepe.com.br\\\/cri\\\/\"},{\"@type\":\"ListItem\",\"position\":2,\"name\":\"Coment\u00e1rio: Ap\u00f3s oito anos, os EUA cumprir\u00e3o suas promessas \u00e0 \u00c1frica desta vez?\"}]},{\"@type\":\"WebSite\",\"@id\":\"https:\\\/\\\/diariodepe.com.br\\\/cri\\\/#website\",\"url\":\"https:\\\/\\\/diariodepe.com.br\\\/cri\\\/\",\"name\":\"CRI e Diario de Pernambuco\",\"description\":\"R\u00e1dio Internacional da China\",\"publisher\":{\"@id\":\"https:\\\/\\\/diariodepe.com.br\\\/cri\\\/#organization\"},\"potentialAction\":[{\"@type\":\"SearchAction\",\"target\":{\"@type\":\"EntryPoint\",\"urlTemplate\":\"https:\\\/\\\/diariodepe.com.br\\\/cri\\\/?s={search_term_string}\"},\"query-input\":{\"@type\":\"PropertyValueSpecification\",\"valueRequired\":true,\"valueName\":\"search_term_string\"}}],\"inLanguage\":\"pt-BR\"},{\"@type\":\"Organization\",\"@id\":\"https:\\\/\\\/diariodepe.com.br\\\/cri\\\/#organization\",\"name\":\"CRI e Diario de Pernambuco\",\"url\":\"https:\\\/\\\/diariodepe.com.br\\\/cri\\\/\",\"logo\":{\"@type\":\"ImageObject\",\"inLanguage\":\"pt-BR\",\"@id\":\"https:\\\/\\\/diariodepe.com.br\\\/cri\\\/#\\\/schema\\\/logo\\\/image\\\/\",\"url\":\"https:\\\/\\\/diariodepe.com.br\\\/cri\\\/wp-content\\\/uploads\\\/sites\\\/2\\\/2022\\\/12\\\/cropped-Logo.jpg\",\"contentUrl\":\"https:\\\/\\\/diariodepe.com.br\\\/cri\\\/wp-content\\\/uploads\\\/sites\\\/2\\\/2022\\\/12\\\/cropped-Logo.jpg\",\"width\":700,\"height\":59,\"caption\":\"CRI e Diario de Pernambuco\"},\"image\":{\"@id\":\"https:\\\/\\\/diariodepe.com.br\\\/cri\\\/#\\\/schema\\\/logo\\\/image\\\/\"}},{\"@type\":\"Person\",\"@id\":\"https:\\\/\\\/diariodepe.com.br\\\/cri\\\/#\\\/schema\\\/person\\\/121bb28d84f1a5b1205ef4ce9c2e0c6b\",\"name\":\"Ismael Lucas S. Pereira\",\"image\":{\"@type\":\"ImageObject\",\"inLanguage\":\"pt-BR\",\"@id\":\"https:\\\/\\\/secure.gravatar.com\\\/avatar\\\/887a0f3b5a7ceea963a48499fb883ffce6b5037362def025c52c2505b15d63e4?s=96&d=mm&r=g\",\"url\":\"https:\\\/\\\/secure.gravatar.com\\\/avatar\\\/887a0f3b5a7ceea963a48499fb883ffce6b5037362def025c52c2505b15d63e4?s=96&d=mm&r=g\",\"contentUrl\":\"https:\\\/\\\/secure.gravatar.com\\\/avatar\\\/887a0f3b5a7ceea963a48499fb883ffce6b5037362def025c52c2505b15d63e4?s=96&d=mm&r=g\",\"caption\":\"Ismael Lucas S. Pereira\"},\"url\":\"https:\\\/\\\/diariodepe.com.br\\\/cri\\\/author\\\/ismael-lucas\\\/\"}]}<\/script>\n<!-- \/ Yoast SEO plugin. -->","yoast_head_json":{"title":"Coment\u00e1rio: Ap\u00f3s oito anos, os EUA cumprir\u00e3o suas promessas \u00e0 \u00c1frica desta vez? - CRI e Diario de Pernambuco","robots":{"index":"index","follow":"follow","max-snippet":"max-snippet:-1","max-image-preview":"max-image-preview:large","max-video-preview":"max-video-preview:-1"},"canonical":"https:\/\/diariodepe.com.br\/cri\/2022\/12\/21\/comentario-apos-oito-anos-os-eua-cumprirao-suas-promessas-a-africa-desta-vez\/","og_locale":"pt_BR","og_type":"article","og_title":"Coment\u00e1rio: Ap\u00f3s oito anos, os EUA cumprir\u00e3o suas promessas \u00e0 \u00c1frica desta vez? - CRI e Diario de Pernambuco","og_description":"Entre os dias 13 e 15 deste m\u00eas, foi realizada a 2\u00aa C\u00fapula EUA-\u00c1frica em Washington. O presidente estadunidense, Joe Biden; o secret\u00e1rio de Estado, Antony Blinken, e o secret\u00e1rio de Defesa, Lloyd Austin, participaram do evento, bem como os...","og_url":"https:\/\/diariodepe.com.br\/cri\/2022\/12\/21\/comentario-apos-oito-anos-os-eua-cumprirao-suas-promessas-a-africa-desta-vez\/","og_site_name":"CRI e Diario de Pernambuco","article_published_time":"2022-12-21T03:21:23+00:00","article_modified_time":"2022-12-21T03:21:24+00:00","og_image":[{"width":997,"height":664,"url":"https:\/\/diariodepe.com.br\/cri\/wp-content\/uploads\/sites\/2\/2022\/12\/2022122011380759390-1.jpg","type":"image\/jpeg"}],"author":"Ismael Lucas S. Pereira","twitter_card":"summary_large_image","twitter_misc":{"Escrito por":"Ismael Lucas S. Pereira","Est. tempo de leitura":"3 minutos"},"schema":{"@context":"https:\/\/schema.org","@graph":[{"@type":"Article","@id":"https:\/\/diariodepe.com.br\/cri\/2022\/12\/21\/comentario-apos-oito-anos-os-eua-cumprirao-suas-promessas-a-africa-desta-vez\/#article","isPartOf":{"@id":"https:\/\/diariodepe.com.br\/cri\/2022\/12\/21\/comentario-apos-oito-anos-os-eua-cumprirao-suas-promessas-a-africa-desta-vez\/"},"author":{"name":"Ismael Lucas S. Pereira","@id":"https:\/\/diariodepe.com.br\/cri\/#\/schema\/person\/121bb28d84f1a5b1205ef4ce9c2e0c6b"},"headline":"Coment\u00e1rio: Ap\u00f3s oito anos, os EUA cumprir\u00e3o suas promessas \u00e0 \u00c1frica desta vez?","datePublished":"2022-12-21T03:21:23+00:00","dateModified":"2022-12-21T03:21:24+00:00","mainEntityOfPage":{"@id":"https:\/\/diariodepe.com.br\/cri\/2022\/12\/21\/comentario-apos-oito-anos-os-eua-cumprirao-suas-promessas-a-africa-desta-vez\/"},"wordCount":490,"commentCount":0,"publisher":{"@id":"https:\/\/diariodepe.com.br\/cri\/#organization"},"image":{"@id":"https:\/\/diariodepe.com.br\/cri\/2022\/12\/21\/comentario-apos-oito-anos-os-eua-cumprirao-suas-promessas-a-africa-desta-vez\/#primaryimage"},"thumbnailUrl":"https:\/\/diariodepe.com.br\/cri\/wp-content\/uploads\/sites\/2\/2022\/12\/2022122011380759390-1.jpg","articleSection":["Vis\u00e3o"],"inLanguage":"pt-BR","potentialAction":[{"@type":"CommentAction","name":"Comment","target":["https:\/\/diariodepe.com.br\/cri\/2022\/12\/21\/comentario-apos-oito-anos-os-eua-cumprirao-suas-promessas-a-africa-desta-vez\/#respond"]}]},{"@type":"WebPage","@id":"https:\/\/diariodepe.com.br\/cri\/2022\/12\/21\/comentario-apos-oito-anos-os-eua-cumprirao-suas-promessas-a-africa-desta-vez\/","url":"https:\/\/diariodepe.com.br\/cri\/2022\/12\/21\/comentario-apos-oito-anos-os-eua-cumprirao-suas-promessas-a-africa-desta-vez\/","name":"Coment\u00e1rio: Ap\u00f3s oito anos, os EUA cumprir\u00e3o suas promessas \u00e0 \u00c1frica desta vez? - CRI e Diario de Pernambuco","isPartOf":{"@id":"https:\/\/diariodepe.com.br\/cri\/#website"},"primaryImageOfPage":{"@id":"https:\/\/diariodepe.com.br\/cri\/2022\/12\/21\/comentario-apos-oito-anos-os-eua-cumprirao-suas-promessas-a-africa-desta-vez\/#primaryimage"},"image":{"@id":"https:\/\/diariodepe.com.br\/cri\/2022\/12\/21\/comentario-apos-oito-anos-os-eua-cumprirao-suas-promessas-a-africa-desta-vez\/#primaryimage"},"thumbnailUrl":"https:\/\/diariodepe.com.br\/cri\/wp-content\/uploads\/sites\/2\/2022\/12\/2022122011380759390-1.jpg","datePublished":"2022-12-21T03:21:23+00:00","dateModified":"2022-12-21T03:21:24+00:00","breadcrumb":{"@id":"https:\/\/diariodepe.com.br\/cri\/2022\/12\/21\/comentario-apos-oito-anos-os-eua-cumprirao-suas-promessas-a-africa-desta-vez\/#breadcrumb"},"inLanguage":"pt-BR","potentialAction":[{"@type":"ReadAction","target":["https:\/\/diariodepe.com.br\/cri\/2022\/12\/21\/comentario-apos-oito-anos-os-eua-cumprirao-suas-promessas-a-africa-desta-vez\/"]}]},{"@type":"ImageObject","inLanguage":"pt-BR","@id":"https:\/\/diariodepe.com.br\/cri\/2022\/12\/21\/comentario-apos-oito-anos-os-eua-cumprirao-suas-promessas-a-africa-desta-vez\/#primaryimage","url":"https:\/\/diariodepe.com.br\/cri\/wp-content\/uploads\/sites\/2\/2022\/12\/2022122011380759390-1.jpg","contentUrl":"https:\/\/diariodepe.com.br\/cri\/wp-content\/uploads\/sites\/2\/2022\/12\/2022122011380759390-1.jpg","width":997,"height":664},{"@type":"BreadcrumbList","@id":"https:\/\/diariodepe.com.br\/cri\/2022\/12\/21\/comentario-apos-oito-anos-os-eua-cumprirao-suas-promessas-a-africa-desta-vez\/#breadcrumb","itemListElement":[{"@type":"ListItem","position":1,"name":"In\u00edcio","item":"https:\/\/diariodepe.com.br\/cri\/"},{"@type":"ListItem","position":2,"name":"Coment\u00e1rio: Ap\u00f3s oito anos, os EUA cumprir\u00e3o suas promessas \u00e0 \u00c1frica desta vez?"}]},{"@type":"WebSite","@id":"https:\/\/diariodepe.com.br\/cri\/#website","url":"https:\/\/diariodepe.com.br\/cri\/","name":"CRI e Diario de Pernambuco","description":"R\u00e1dio Internacional da China","publisher":{"@id":"https:\/\/diariodepe.com.br\/cri\/#organization"},"potentialAction":[{"@type":"SearchAction","target":{"@type":"EntryPoint","urlTemplate":"https:\/\/diariodepe.com.br\/cri\/?s={search_term_string}"},"query-input":{"@type":"PropertyValueSpecification","valueRequired":true,"valueName":"search_term_string"}}],"inLanguage":"pt-BR"},{"@type":"Organization","@id":"https:\/\/diariodepe.com.br\/cri\/#organization","name":"CRI e Diario de Pernambuco","url":"https:\/\/diariodepe.com.br\/cri\/","logo":{"@type":"ImageObject","inLanguage":"pt-BR","@id":"https:\/\/diariodepe.com.br\/cri\/#\/schema\/logo\/image\/","url":"https:\/\/diariodepe.com.br\/cri\/wp-content\/uploads\/sites\/2\/2022\/12\/cropped-Logo.jpg","contentUrl":"https:\/\/diariodepe.com.br\/cri\/wp-content\/uploads\/sites\/2\/2022\/12\/cropped-Logo.jpg","width":700,"height":59,"caption":"CRI e Diario de Pernambuco"},"image":{"@id":"https:\/\/diariodepe.com.br\/cri\/#\/schema\/logo\/image\/"}},{"@type":"Person","@id":"https:\/\/diariodepe.com.br\/cri\/#\/schema\/person\/121bb28d84f1a5b1205ef4ce9c2e0c6b","name":"Ismael Lucas S. Pereira","image":{"@type":"ImageObject","inLanguage":"pt-BR","@id":"https:\/\/secure.gravatar.com\/avatar\/887a0f3b5a7ceea963a48499fb883ffce6b5037362def025c52c2505b15d63e4?s=96&d=mm&r=g","url":"https:\/\/secure.gravatar.com\/avatar\/887a0f3b5a7ceea963a48499fb883ffce6b5037362def025c52c2505b15d63e4?s=96&d=mm&r=g","contentUrl":"https:\/\/secure.gravatar.com\/avatar\/887a0f3b5a7ceea963a48499fb883ffce6b5037362def025c52c2505b15d63e4?s=96&d=mm&r=g","caption":"Ismael Lucas S. Pereira"},"url":"https:\/\/diariodepe.com.br\/cri\/author\/ismael-lucas\/"}]}},"cc_featured_image_caption":{"caption_text":"","source_text":"","source_url":""},"amp_enabled":true,"_links":{"self":[{"href":"https:\/\/diariodepe.com.br\/cri\/wp-json\/wp\/v2\/posts\/197","targetHints":{"allow":["GET"]}}],"collection":[{"href":"https:\/\/diariodepe.com.br\/cri\/wp-json\/wp\/v2\/posts"}],"about":[{"href":"https:\/\/diariodepe.com.br\/cri\/wp-json\/wp\/v2\/types\/post"}],"author":[{"embeddable":true,"href":"https:\/\/diariodepe.com.br\/cri\/wp-json\/wp\/v2\/users\/2"}],"replies":[{"embeddable":true,"href":"https:\/\/diariodepe.com.br\/cri\/wp-json\/wp\/v2\/comments?post=197"}],"version-history":[{"count":1,"href":"https:\/\/diariodepe.com.br\/cri\/wp-json\/wp\/v2\/posts\/197\/revisions"}],"predecessor-version":[{"id":199,"href":"https:\/\/diariodepe.com.br\/cri\/wp-json\/wp\/v2\/posts\/197\/revisions\/199"}],"wp:featuredmedia":[{"embeddable":true,"href":"https:\/\/diariodepe.com.br\/cri\/wp-json\/wp\/v2\/media\/198"}],"wp:attachment":[{"href":"https:\/\/diariodepe.com.br\/cri\/wp-json\/wp\/v2\/media?parent=197"}],"wp:term":[{"taxonomy":"category","embeddable":true,"href":"https:\/\/diariodepe.com.br\/cri\/wp-json\/wp\/v2\/categories?post=197"},{"taxonomy":"post_tag","embeddable":true,"href":"https:\/\/diariodepe.com.br\/cri\/wp-json\/wp\/v2\/tags?post=197"}],"curies":[{"name":"wp","href":"https:\/\/api.w.org\/{rel}","templated":true}]}}