{"id":190,"date":"2022-12-19T00:57:28","date_gmt":"2022-12-19T03:57:28","guid":{"rendered":"https:\/\/diariodepe.com.br\/cri\/?p=190"},"modified":"2022-12-19T00:59:08","modified_gmt":"2022-12-19T03:59:08","slug":"presidente-da-guine-equatorial-agradece-apoio-da-china-a-paises-africanos","status":"publish","type":"post","link":"https:\/\/diariodepe.com.br\/cri\/2022\/12\/19\/presidente-da-guine-equatorial-agradece-apoio-da-china-a-paises-africanos\/","title":{"rendered":"<strong>Presidente da Guin\u00e9 Equatorial agradece apoio da China a pa\u00edses africanos<\/strong>"},"content":{"rendered":"\n<p>O presidente da Guin\u00e9 Equatorial, Teodoro Obiang Nguema Mbasogo, disse, em entrevista ao Grupo de M\u00eddia da China (CMG, na sigla em ingl\u00eas), que a China ajudou verdadeiramente o desenvolvimento africano por meio de a\u00e7\u00f5es pr\u00e1ticas e construiu uma comunidade China-\u00c1frica com um futuro compartilhado na nova era.<\/p>\n\n\n\n<p>Obiang destacou que o pa\u00eds asi\u00e1tico \u00e9 uma pot\u00eancia econ\u00f4mica e acredita que o segredo deste sucesso esteja na atua\u00e7\u00e3o do Partido Comunista da China (PCCh), ao defender seus ideais de servir ao povo com todo o cora\u00e7\u00e3o.<\/p>\n\n\n\n<p>O presidente expressou a esperan\u00e7a de que o Partido Democr\u00e1tico da Guin\u00e9 Equatorial (PDGE) se comunique com o PCCh, a fim de aprender os seus princ\u00edpios, ideias, pr\u00e1ticas e m\u00e9todos para fortalecer os la\u00e7os com o povo.<\/p>\n\n\n\n<p>&#8220;Agradecemos o grande apoio da China em ajudar o desenvolvimento econ\u00f4mico dos pa\u00edses africanos&#8221;, refor\u00e7ou o presidente. A iniciativa Cintur\u00e3o e Rota \u00e9 a sa\u00edda para a coopera\u00e7\u00e3o China-\u00c1frica e o desenvolvimento dos pa\u00edses africanos, sendo tamb\u00e9m uma forma de tirar o continente dos problemas atuais de subdesenvolvimento, sofrimento e pobreza.<\/p>\n\n\n\n<p>Obiang criticou os pa\u00edses ocidentais por dizerem que a China praticou o chamado &#8220;neocolonialismo&#8221; e criou a &#8220;armadilha da d\u00edvida&#8221; na \u00c1frica. O chefe do governo disse que a difama\u00e7\u00e3o feita pelo Ocidente sobre a a\u00e7\u00e3o chinesa busca, na verdade, conter a China e impedir que o pa\u00eds ajude o continente africano. De fato, a Guin\u00e9 Equatorial n\u00e3o recebeu nenhuma assist\u00eancia internacional ao desenvolvimento, exceto a ajuda chinesa, acrescentou Obiang.<\/p>\n","protected":false},"excerpt":{"rendered":"<p>O presidente da Guin\u00e9 Equatorial, Teodoro Obiang Nguema Mbasogo, disse, em entrevista ao Grupo de M\u00eddia da China (CMG, na sigla em ingl\u00eas), que a China ajudou verdadeiramente o desenvolvimento africano por meio de a\u00e7\u00f5es pr\u00e1ticas e construiu uma comunidade&#8230;<\/p>\n","protected":false},"author":2,"featured_media":191,"comment_status":"open","ping_status":"open","sticky":false,"template":"","format":"standard","meta":{"footnotes":""},"categories":[8],"tags":[],"class_list":["post-190","post","type-post","status-publish","format-standard","has-post-thumbnail","hentry","category-internacional"],"yoast_head":"<!-- This site is optimized with the Yoast SEO plugin v27.4 - https:\/\/yoast.com\/product\/yoast-seo-wordpress\/ -->\n<title>Presidente da Guin\u00e9 Equatorial agradece apoio da China a pa\u00edses africanos - CRI e Diario de Pernambuco<\/title>\n<meta name=\"robots\" content=\"index, follow, max-snippet:-1, max-image-preview:large, max-video-preview:-1\" \/>\n<link rel=\"canonical\" href=\"https:\/\/diariodepe.com.br\/cri\/2022\/12\/19\/presidente-da-guine-equatorial-agradece-apoio-da-china-a-paises-africanos\/\" \/>\n<meta property=\"og:locale\" content=\"pt_BR\" \/>\n<meta property=\"og:type\" content=\"article\" \/>\n<meta property=\"og:title\" content=\"Presidente da Guin\u00e9 Equatorial agradece apoio da China a pa\u00edses africanos - CRI e Diario de Pernambuco\" \/>\n<meta property=\"og:description\" content=\"O presidente da Guin\u00e9 Equatorial, Teodoro Obiang Nguema Mbasogo, disse, em entrevista ao Grupo de M\u00eddia da China (CMG, na sigla em ingl\u00eas), que a China ajudou verdadeiramente o desenvolvimento africano por meio de a\u00e7\u00f5es pr\u00e1ticas e construiu uma comunidade...\" \/>\n<meta property=\"og:url\" content=\"https:\/\/diariodepe.com.br\/cri\/2022\/12\/19\/presidente-da-guine-equatorial-agradece-apoio-da-china-a-paises-africanos\/\" \/>\n<meta property=\"og:site_name\" content=\"CRI e Diario de Pernambuco\" \/>\n<meta property=\"article:published_time\" content=\"2022-12-19T03:57:28+00:00\" \/>\n<meta property=\"article:modified_time\" content=\"2022-12-19T03:59:08+00:00\" \/>\n<meta property=\"og:image\" content=\"https:\/\/diariodepe.com.br\/cri\/wp-content\/uploads\/sites\/2\/2022\/12\/2022121819030281067.png\" \/>\n\t<meta property=\"og:image:width\" content=\"640\" \/>\n\t<meta property=\"og:image:height\" content=\"360\" \/>\n\t<meta property=\"og:image:type\" content=\"image\/png\" \/>\n<meta name=\"author\" content=\"Ismael Lucas S. Pereira\" \/>\n<meta name=\"twitter:card\" content=\"summary_large_image\" \/>\n<meta name=\"twitter:label1\" content=\"Escrito por\" \/>\n\t<meta name=\"twitter:data1\" content=\"Ismael Lucas S. Pereira\" \/>\n\t<meta name=\"twitter:label2\" content=\"Est. tempo de leitura\" \/>\n\t<meta name=\"twitter:data2\" content=\"2 minutos\" \/>\n<script type=\"application\/ld+json\" class=\"yoast-schema-graph\">{\"@context\":\"https:\\\/\\\/schema.org\",\"@graph\":[{\"@type\":\"Article\",\"@id\":\"https:\\\/\\\/diariodepe.com.br\\\/cri\\\/2022\\\/12\\\/19\\\/presidente-da-guine-equatorial-agradece-apoio-da-china-a-paises-africanos\\\/#article\",\"isPartOf\":{\"@id\":\"https:\\\/\\\/diariodepe.com.br\\\/cri\\\/2022\\\/12\\\/19\\\/presidente-da-guine-equatorial-agradece-apoio-da-china-a-paises-africanos\\\/\"},\"author\":{\"name\":\"Ismael Lucas S. Pereira\",\"@id\":\"https:\\\/\\\/diariodepe.com.br\\\/cri\\\/#\\\/schema\\\/person\\\/121bb28d84f1a5b1205ef4ce9c2e0c6b\"},\"headline\":\"Presidente da Guin\u00e9 Equatorial agradece apoio da China a pa\u00edses africanos\",\"datePublished\":\"2022-12-19T03:57:28+00:00\",\"dateModified\":\"2022-12-19T03:59:08+00:00\",\"mainEntityOfPage\":{\"@id\":\"https:\\\/\\\/diariodepe.com.br\\\/cri\\\/2022\\\/12\\\/19\\\/presidente-da-guine-equatorial-agradece-apoio-da-china-a-paises-africanos\\\/\"},\"wordCount\":287,\"commentCount\":0,\"publisher\":{\"@id\":\"https:\\\/\\\/diariodepe.com.br\\\/cri\\\/#organization\"},\"image\":{\"@id\":\"https:\\\/\\\/diariodepe.com.br\\\/cri\\\/2022\\\/12\\\/19\\\/presidente-da-guine-equatorial-agradece-apoio-da-china-a-paises-africanos\\\/#primaryimage\"},\"thumbnailUrl\":\"https:\\\/\\\/diariodepe.com.br\\\/cri\\\/wp-content\\\/uploads\\\/sites\\\/2\\\/2022\\\/12\\\/2022121819030281067.png\",\"articleSection\":[\"Internacional\"],\"inLanguage\":\"pt-BR\",\"potentialAction\":[{\"@type\":\"CommentAction\",\"name\":\"Comment\",\"target\":[\"https:\\\/\\\/diariodepe.com.br\\\/cri\\\/2022\\\/12\\\/19\\\/presidente-da-guine-equatorial-agradece-apoio-da-china-a-paises-africanos\\\/#respond\"]}]},{\"@type\":\"WebPage\",\"@id\":\"https:\\\/\\\/diariodepe.com.br\\\/cri\\\/2022\\\/12\\\/19\\\/presidente-da-guine-equatorial-agradece-apoio-da-china-a-paises-africanos\\\/\",\"url\":\"https:\\\/\\\/diariodepe.com.br\\\/cri\\\/2022\\\/12\\\/19\\\/presidente-da-guine-equatorial-agradece-apoio-da-china-a-paises-africanos\\\/\",\"name\":\"Presidente da Guin\u00e9 Equatorial agradece apoio da China a pa\u00edses africanos - CRI e Diario de Pernambuco\",\"isPartOf\":{\"@id\":\"https:\\\/\\\/diariodepe.com.br\\\/cri\\\/#website\"},\"primaryImageOfPage\":{\"@id\":\"https:\\\/\\\/diariodepe.com.br\\\/cri\\\/2022\\\/12\\\/19\\\/presidente-da-guine-equatorial-agradece-apoio-da-china-a-paises-africanos\\\/#primaryimage\"},\"image\":{\"@id\":\"https:\\\/\\\/diariodepe.com.br\\\/cri\\\/2022\\\/12\\\/19\\\/presidente-da-guine-equatorial-agradece-apoio-da-china-a-paises-africanos\\\/#primaryimage\"},\"thumbnailUrl\":\"https:\\\/\\\/diariodepe.com.br\\\/cri\\\/wp-content\\\/uploads\\\/sites\\\/2\\\/2022\\\/12\\\/2022121819030281067.png\",\"datePublished\":\"2022-12-19T03:57:28+00:00\",\"dateModified\":\"2022-12-19T03:59:08+00:00\",\"breadcrumb\":{\"@id\":\"https:\\\/\\\/diariodepe.com.br\\\/cri\\\/2022\\\/12\\\/19\\\/presidente-da-guine-equatorial-agradece-apoio-da-china-a-paises-africanos\\\/#breadcrumb\"},\"inLanguage\":\"pt-BR\",\"potentialAction\":[{\"@type\":\"ReadAction\",\"target\":[\"https:\\\/\\\/diariodepe.com.br\\\/cri\\\/2022\\\/12\\\/19\\\/presidente-da-guine-equatorial-agradece-apoio-da-china-a-paises-africanos\\\/\"]}]},{\"@type\":\"ImageObject\",\"inLanguage\":\"pt-BR\",\"@id\":\"https:\\\/\\\/diariodepe.com.br\\\/cri\\\/2022\\\/12\\\/19\\\/presidente-da-guine-equatorial-agradece-apoio-da-china-a-paises-africanos\\\/#primaryimage\",\"url\":\"https:\\\/\\\/diariodepe.com.br\\\/cri\\\/wp-content\\\/uploads\\\/sites\\\/2\\\/2022\\\/12\\\/2022121819030281067.png\",\"contentUrl\":\"https:\\\/\\\/diariodepe.com.br\\\/cri\\\/wp-content\\\/uploads\\\/sites\\\/2\\\/2022\\\/12\\\/2022121819030281067.png\",\"width\":640,\"height\":360},{\"@type\":\"BreadcrumbList\",\"@id\":\"https:\\\/\\\/diariodepe.com.br\\\/cri\\\/2022\\\/12\\\/19\\\/presidente-da-guine-equatorial-agradece-apoio-da-china-a-paises-africanos\\\/#breadcrumb\",\"itemListElement\":[{\"@type\":\"ListItem\",\"position\":1,\"name\":\"In\u00edcio\",\"item\":\"https:\\\/\\\/diariodepe.com.br\\\/cri\\\/\"},{\"@type\":\"ListItem\",\"position\":2,\"name\":\"Presidente da Guin\u00e9 Equatorial agradece apoio da China a pa\u00edses africanos\"}]},{\"@type\":\"WebSite\",\"@id\":\"https:\\\/\\\/diariodepe.com.br\\\/cri\\\/#website\",\"url\":\"https:\\\/\\\/diariodepe.com.br\\\/cri\\\/\",\"name\":\"CRI e Diario de Pernambuco\",\"description\":\"R\u00e1dio Internacional da China\",\"publisher\":{\"@id\":\"https:\\\/\\\/diariodepe.com.br\\\/cri\\\/#organization\"},\"potentialAction\":[{\"@type\":\"SearchAction\",\"target\":{\"@type\":\"EntryPoint\",\"urlTemplate\":\"https:\\\/\\\/diariodepe.com.br\\\/cri\\\/?s={search_term_string}\"},\"query-input\":{\"@type\":\"PropertyValueSpecification\",\"valueRequired\":true,\"valueName\":\"search_term_string\"}}],\"inLanguage\":\"pt-BR\"},{\"@type\":\"Organization\",\"@id\":\"https:\\\/\\\/diariodepe.com.br\\\/cri\\\/#organization\",\"name\":\"CRI e Diario de Pernambuco\",\"url\":\"https:\\\/\\\/diariodepe.com.br\\\/cri\\\/\",\"logo\":{\"@type\":\"ImageObject\",\"inLanguage\":\"pt-BR\",\"@id\":\"https:\\\/\\\/diariodepe.com.br\\\/cri\\\/#\\\/schema\\\/logo\\\/image\\\/\",\"url\":\"https:\\\/\\\/diariodepe.com.br\\\/cri\\\/wp-content\\\/uploads\\\/sites\\\/2\\\/2022\\\/12\\\/cropped-Logo.jpg\",\"contentUrl\":\"https:\\\/\\\/diariodepe.com.br\\\/cri\\\/wp-content\\\/uploads\\\/sites\\\/2\\\/2022\\\/12\\\/cropped-Logo.jpg\",\"width\":700,\"height\":59,\"caption\":\"CRI e Diario de Pernambuco\"},\"image\":{\"@id\":\"https:\\\/\\\/diariodepe.com.br\\\/cri\\\/#\\\/schema\\\/logo\\\/image\\\/\"}},{\"@type\":\"Person\",\"@id\":\"https:\\\/\\\/diariodepe.com.br\\\/cri\\\/#\\\/schema\\\/person\\\/121bb28d84f1a5b1205ef4ce9c2e0c6b\",\"name\":\"Ismael Lucas S. Pereira\",\"image\":{\"@type\":\"ImageObject\",\"inLanguage\":\"pt-BR\",\"@id\":\"https:\\\/\\\/secure.gravatar.com\\\/avatar\\\/887a0f3b5a7ceea963a48499fb883ffce6b5037362def025c52c2505b15d63e4?s=96&d=mm&r=g\",\"url\":\"https:\\\/\\\/secure.gravatar.com\\\/avatar\\\/887a0f3b5a7ceea963a48499fb883ffce6b5037362def025c52c2505b15d63e4?s=96&d=mm&r=g\",\"contentUrl\":\"https:\\\/\\\/secure.gravatar.com\\\/avatar\\\/887a0f3b5a7ceea963a48499fb883ffce6b5037362def025c52c2505b15d63e4?s=96&d=mm&r=g\",\"caption\":\"Ismael Lucas S. Pereira\"},\"url\":\"https:\\\/\\\/diariodepe.com.br\\\/cri\\\/author\\\/ismael-lucas\\\/\"}]}<\/script>\n<!-- \/ Yoast SEO plugin. -->","yoast_head_json":{"title":"Presidente da Guin\u00e9 Equatorial agradece apoio da China a pa\u00edses africanos - CRI e Diario de Pernambuco","robots":{"index":"index","follow":"follow","max-snippet":"max-snippet:-1","max-image-preview":"max-image-preview:large","max-video-preview":"max-video-preview:-1"},"canonical":"https:\/\/diariodepe.com.br\/cri\/2022\/12\/19\/presidente-da-guine-equatorial-agradece-apoio-da-china-a-paises-africanos\/","og_locale":"pt_BR","og_type":"article","og_title":"Presidente da Guin\u00e9 Equatorial agradece apoio da China a pa\u00edses africanos - CRI e Diario de Pernambuco","og_description":"O presidente da Guin\u00e9 Equatorial, Teodoro Obiang Nguema Mbasogo, disse, em entrevista ao Grupo de M\u00eddia da China (CMG, na sigla em ingl\u00eas), que a China ajudou verdadeiramente o desenvolvimento africano por meio de a\u00e7\u00f5es pr\u00e1ticas e construiu uma comunidade...","og_url":"https:\/\/diariodepe.com.br\/cri\/2022\/12\/19\/presidente-da-guine-equatorial-agradece-apoio-da-china-a-paises-africanos\/","og_site_name":"CRI e Diario de Pernambuco","article_published_time":"2022-12-19T03:57:28+00:00","article_modified_time":"2022-12-19T03:59:08+00:00","og_image":[{"width":640,"height":360,"url":"https:\/\/diariodepe.com.br\/cri\/wp-content\/uploads\/sites\/2\/2022\/12\/2022121819030281067.png","type":"image\/png"}],"author":"Ismael Lucas S. Pereira","twitter_card":"summary_large_image","twitter_misc":{"Escrito por":"Ismael Lucas S. Pereira","Est. tempo de leitura":"2 minutos"},"schema":{"@context":"https:\/\/schema.org","@graph":[{"@type":"Article","@id":"https:\/\/diariodepe.com.br\/cri\/2022\/12\/19\/presidente-da-guine-equatorial-agradece-apoio-da-china-a-paises-africanos\/#article","isPartOf":{"@id":"https:\/\/diariodepe.com.br\/cri\/2022\/12\/19\/presidente-da-guine-equatorial-agradece-apoio-da-china-a-paises-africanos\/"},"author":{"name":"Ismael Lucas S. Pereira","@id":"https:\/\/diariodepe.com.br\/cri\/#\/schema\/person\/121bb28d84f1a5b1205ef4ce9c2e0c6b"},"headline":"Presidente da Guin\u00e9 Equatorial agradece apoio da China a pa\u00edses africanos","datePublished":"2022-12-19T03:57:28+00:00","dateModified":"2022-12-19T03:59:08+00:00","mainEntityOfPage":{"@id":"https:\/\/diariodepe.com.br\/cri\/2022\/12\/19\/presidente-da-guine-equatorial-agradece-apoio-da-china-a-paises-africanos\/"},"wordCount":287,"commentCount":0,"publisher":{"@id":"https:\/\/diariodepe.com.br\/cri\/#organization"},"image":{"@id":"https:\/\/diariodepe.com.br\/cri\/2022\/12\/19\/presidente-da-guine-equatorial-agradece-apoio-da-china-a-paises-africanos\/#primaryimage"},"thumbnailUrl":"https:\/\/diariodepe.com.br\/cri\/wp-content\/uploads\/sites\/2\/2022\/12\/2022121819030281067.png","articleSection":["Internacional"],"inLanguage":"pt-BR","potentialAction":[{"@type":"CommentAction","name":"Comment","target":["https:\/\/diariodepe.com.br\/cri\/2022\/12\/19\/presidente-da-guine-equatorial-agradece-apoio-da-china-a-paises-africanos\/#respond"]}]},{"@type":"WebPage","@id":"https:\/\/diariodepe.com.br\/cri\/2022\/12\/19\/presidente-da-guine-equatorial-agradece-apoio-da-china-a-paises-africanos\/","url":"https:\/\/diariodepe.com.br\/cri\/2022\/12\/19\/presidente-da-guine-equatorial-agradece-apoio-da-china-a-paises-africanos\/","name":"Presidente da Guin\u00e9 Equatorial agradece apoio da China a pa\u00edses africanos - CRI e Diario de Pernambuco","isPartOf":{"@id":"https:\/\/diariodepe.com.br\/cri\/#website"},"primaryImageOfPage":{"@id":"https:\/\/diariodepe.com.br\/cri\/2022\/12\/19\/presidente-da-guine-equatorial-agradece-apoio-da-china-a-paises-africanos\/#primaryimage"},"image":{"@id":"https:\/\/diariodepe.com.br\/cri\/2022\/12\/19\/presidente-da-guine-equatorial-agradece-apoio-da-china-a-paises-africanos\/#primaryimage"},"thumbnailUrl":"https:\/\/diariodepe.com.br\/cri\/wp-content\/uploads\/sites\/2\/2022\/12\/2022121819030281067.png","datePublished":"2022-12-19T03:57:28+00:00","dateModified":"2022-12-19T03:59:08+00:00","breadcrumb":{"@id":"https:\/\/diariodepe.com.br\/cri\/2022\/12\/19\/presidente-da-guine-equatorial-agradece-apoio-da-china-a-paises-africanos\/#breadcrumb"},"inLanguage":"pt-BR","potentialAction":[{"@type":"ReadAction","target":["https:\/\/diariodepe.com.br\/cri\/2022\/12\/19\/presidente-da-guine-equatorial-agradece-apoio-da-china-a-paises-africanos\/"]}]},{"@type":"ImageObject","inLanguage":"pt-BR","@id":"https:\/\/diariodepe.com.br\/cri\/2022\/12\/19\/presidente-da-guine-equatorial-agradece-apoio-da-china-a-paises-africanos\/#primaryimage","url":"https:\/\/diariodepe.com.br\/cri\/wp-content\/uploads\/sites\/2\/2022\/12\/2022121819030281067.png","contentUrl":"https:\/\/diariodepe.com.br\/cri\/wp-content\/uploads\/sites\/2\/2022\/12\/2022121819030281067.png","width":640,"height":360},{"@type":"BreadcrumbList","@id":"https:\/\/diariodepe.com.br\/cri\/2022\/12\/19\/presidente-da-guine-equatorial-agradece-apoio-da-china-a-paises-africanos\/#breadcrumb","itemListElement":[{"@type":"ListItem","position":1,"name":"In\u00edcio","item":"https:\/\/diariodepe.com.br\/cri\/"},{"@type":"ListItem","position":2,"name":"Presidente da Guin\u00e9 Equatorial agradece apoio da China a pa\u00edses africanos"}]},{"@type":"WebSite","@id":"https:\/\/diariodepe.com.br\/cri\/#website","url":"https:\/\/diariodepe.com.br\/cri\/","name":"CRI e Diario de Pernambuco","description":"R\u00e1dio Internacional da China","publisher":{"@id":"https:\/\/diariodepe.com.br\/cri\/#organization"},"potentialAction":[{"@type":"SearchAction","target":{"@type":"EntryPoint","urlTemplate":"https:\/\/diariodepe.com.br\/cri\/?s={search_term_string}"},"query-input":{"@type":"PropertyValueSpecification","valueRequired":true,"valueName":"search_term_string"}}],"inLanguage":"pt-BR"},{"@type":"Organization","@id":"https:\/\/diariodepe.com.br\/cri\/#organization","name":"CRI e Diario de Pernambuco","url":"https:\/\/diariodepe.com.br\/cri\/","logo":{"@type":"ImageObject","inLanguage":"pt-BR","@id":"https:\/\/diariodepe.com.br\/cri\/#\/schema\/logo\/image\/","url":"https:\/\/diariodepe.com.br\/cri\/wp-content\/uploads\/sites\/2\/2022\/12\/cropped-Logo.jpg","contentUrl":"https:\/\/diariodepe.com.br\/cri\/wp-content\/uploads\/sites\/2\/2022\/12\/cropped-Logo.jpg","width":700,"height":59,"caption":"CRI e Diario de Pernambuco"},"image":{"@id":"https:\/\/diariodepe.com.br\/cri\/#\/schema\/logo\/image\/"}},{"@type":"Person","@id":"https:\/\/diariodepe.com.br\/cri\/#\/schema\/person\/121bb28d84f1a5b1205ef4ce9c2e0c6b","name":"Ismael Lucas S. Pereira","image":{"@type":"ImageObject","inLanguage":"pt-BR","@id":"https:\/\/secure.gravatar.com\/avatar\/887a0f3b5a7ceea963a48499fb883ffce6b5037362def025c52c2505b15d63e4?s=96&d=mm&r=g","url":"https:\/\/secure.gravatar.com\/avatar\/887a0f3b5a7ceea963a48499fb883ffce6b5037362def025c52c2505b15d63e4?s=96&d=mm&r=g","contentUrl":"https:\/\/secure.gravatar.com\/avatar\/887a0f3b5a7ceea963a48499fb883ffce6b5037362def025c52c2505b15d63e4?s=96&d=mm&r=g","caption":"Ismael Lucas S. Pereira"},"url":"https:\/\/diariodepe.com.br\/cri\/author\/ismael-lucas\/"}]}},"cc_featured_image_caption":{"caption_text":"","source_text":"","source_url":""},"amp_enabled":true,"_links":{"self":[{"href":"https:\/\/diariodepe.com.br\/cri\/wp-json\/wp\/v2\/posts\/190","targetHints":{"allow":["GET"]}}],"collection":[{"href":"https:\/\/diariodepe.com.br\/cri\/wp-json\/wp\/v2\/posts"}],"about":[{"href":"https:\/\/diariodepe.com.br\/cri\/wp-json\/wp\/v2\/types\/post"}],"author":[{"embeddable":true,"href":"https:\/\/diariodepe.com.br\/cri\/wp-json\/wp\/v2\/users\/2"}],"replies":[{"embeddable":true,"href":"https:\/\/diariodepe.com.br\/cri\/wp-json\/wp\/v2\/comments?post=190"}],"version-history":[{"count":1,"href":"https:\/\/diariodepe.com.br\/cri\/wp-json\/wp\/v2\/posts\/190\/revisions"}],"predecessor-version":[{"id":192,"href":"https:\/\/diariodepe.com.br\/cri\/wp-json\/wp\/v2\/posts\/190\/revisions\/192"}],"wp:featuredmedia":[{"embeddable":true,"href":"https:\/\/diariodepe.com.br\/cri\/wp-json\/wp\/v2\/media\/191"}],"wp:attachment":[{"href":"https:\/\/diariodepe.com.br\/cri\/wp-json\/wp\/v2\/media?parent=190"}],"wp:term":[{"taxonomy":"category","embeddable":true,"href":"https:\/\/diariodepe.com.br\/cri\/wp-json\/wp\/v2\/categories?post=190"},{"taxonomy":"post_tag","embeddable":true,"href":"https:\/\/diariodepe.com.br\/cri\/wp-json\/wp\/v2\/tags?post=190"}],"curies":[{"name":"wp","href":"https:\/\/api.w.org\/{rel}","templated":true}]}}