{"id":186,"date":"2022-12-19T00:54:19","date_gmt":"2022-12-19T03:54:19","guid":{"rendered":"https:\/\/diariodepe.com.br\/cri\/?p=186"},"modified":"2022-12-19T00:54:20","modified_gmt":"2022-12-19T03:54:20","slug":"reuniao-de-alto-nivel-da-2a-etapa-da-cop15-e-encerrada","status":"publish","type":"post","link":"https:\/\/diariodepe.com.br\/cri\/2022\/12\/19\/reuniao-de-alto-nivel-da-2a-etapa-da-cop15-e-encerrada\/","title":{"rendered":"<strong>Reuni\u00e3o de alto n\u00edvel da 2\u00aa etapa da COP15 \u00e9 encerrada<\/strong>"},"content":{"rendered":"\n<p>A reuni\u00e3o de alto n\u00edvel da 2\u00aa etapa da 15\u00aa Confer\u00eancia das Partes da Conven\u00e7\u00e3o das Na\u00e7\u00f5es Unidas sobre Diversidade Biol\u00f3gica (COP15, na sigla em ingl\u00eas) terminou neste s\u00e1bado (17).&nbsp; &nbsp; &nbsp;<\/p>\n\n\n\n<p>O presidente da COP15 e ministro de Ecologia e Meio Ambiente da China, Huang Runqiu, presidiu a cerim\u00f4nia de encerramento. Os participantes manifestaram a esperan\u00e7a pela conclus\u00e3o e implementa\u00e7\u00e3o do Quadro de Biodiversidade Global P\u00f3s-2020 o mais cedo poss\u00edvel.<\/p>\n\n\n\n<p>Huang Runqiu disse que as discuss\u00f5es na reuni\u00e3o de alto n\u00edvel nos \u00faltimos dois dias foram muito eficientes e alcan\u00e7aram resultados frut\u00edferos. Ao discursar na cerim\u00f4nia de abertura, o presidente chin\u00eas, Xi Jinping, apresentou uma proposta de quatro pontos para promover a conserva\u00e7\u00e3o da biodiversidade global, que teve um grande apelo e injetou forte \u00edmpeto pol\u00edtico na governan\u00e7a mundial desta \u00e1rea.<\/p>\n\n\n\n<p>O ministro chin\u00eas disse que, durante a reuni\u00e3o, foram ouvidos discursos de 190 representantes de 124 partes signat\u00e1rias, dois pa\u00edses observadores e 64 organiza\u00e7\u00f5es e institui\u00e7\u00f5es, contribuindo com sabedoria e for\u00e7a para a formula\u00e7\u00e3o de um Quadro de Biodiversidade Global p\u00f3s-2020 com equil\u00edbrio entre ambi\u00e7\u00e3o e pragmatismo, e expressando a forte vontade de todas as partes de que as medidas sejam implementadas o quanto antes.<\/p>\n","protected":false},"excerpt":{"rendered":"<p>A reuni\u00e3o de alto n\u00edvel da 2\u00aa etapa da 15\u00aa Confer\u00eancia das Partes da Conven\u00e7\u00e3o das Na\u00e7\u00f5es Unidas sobre Diversidade Biol\u00f3gica (COP15, na sigla em ingl\u00eas) terminou neste s\u00e1bado (17).&nbsp; &nbsp; &nbsp; O presidente da COP15 e ministro de Ecologia&#8230;<\/p>\n","protected":false},"author":2,"featured_media":187,"comment_status":"open","ping_status":"open","sticky":false,"template":"","format":"standard","meta":{"footnotes":""},"categories":[8],"tags":[],"class_list":["post-186","post","type-post","status-publish","format-standard","has-post-thumbnail","hentry","category-internacional"],"yoast_head":"<!-- This site is optimized with the Yoast SEO plugin v27.4 - https:\/\/yoast.com\/product\/yoast-seo-wordpress\/ -->\n<title>Reuni\u00e3o de alto n\u00edvel da 2\u00aa etapa da COP15 \u00e9 encerrada - CRI e Diario de Pernambuco<\/title>\n<meta name=\"robots\" content=\"index, follow, max-snippet:-1, max-image-preview:large, max-video-preview:-1\" \/>\n<link rel=\"canonical\" href=\"https:\/\/diariodepe.com.br\/cri\/2022\/12\/19\/reuniao-de-alto-nivel-da-2a-etapa-da-cop15-e-encerrada\/\" \/>\n<meta property=\"og:locale\" content=\"pt_BR\" \/>\n<meta property=\"og:type\" content=\"article\" \/>\n<meta property=\"og:title\" content=\"Reuni\u00e3o de alto n\u00edvel da 2\u00aa etapa da COP15 \u00e9 encerrada - CRI e Diario de Pernambuco\" \/>\n<meta property=\"og:description\" content=\"A reuni\u00e3o de alto n\u00edvel da 2\u00aa etapa da 15\u00aa Confer\u00eancia das Partes da Conven\u00e7\u00e3o das Na\u00e7\u00f5es Unidas sobre Diversidade Biol\u00f3gica (COP15, na sigla em ingl\u00eas) terminou neste s\u00e1bado (17).&nbsp; &nbsp; &nbsp; O presidente da COP15 e ministro de Ecologia...\" \/>\n<meta property=\"og:url\" content=\"https:\/\/diariodepe.com.br\/cri\/2022\/12\/19\/reuniao-de-alto-nivel-da-2a-etapa-da-cop15-e-encerrada\/\" \/>\n<meta property=\"og:site_name\" content=\"CRI e Diario de Pernambuco\" \/>\n<meta property=\"article:published_time\" content=\"2022-12-19T03:54:19+00:00\" \/>\n<meta property=\"article:modified_time\" content=\"2022-12-19T03:54:20+00:00\" \/>\n<meta property=\"og:image\" content=\"https:\/\/diariodepe.com.br\/cri\/wp-content\/uploads\/sites\/2\/2022\/12\/2022121821105574404.png\" \/>\n\t<meta property=\"og:image:width\" content=\"640\" \/>\n\t<meta property=\"og:image:height\" content=\"360\" \/>\n\t<meta property=\"og:image:type\" content=\"image\/png\" \/>\n<meta name=\"author\" content=\"Ismael Lucas S. Pereira\" \/>\n<meta name=\"twitter:card\" content=\"summary_large_image\" \/>\n<meta name=\"twitter:label1\" content=\"Escrito por\" \/>\n\t<meta name=\"twitter:data1\" content=\"Ismael Lucas S. Pereira\" \/>\n\t<meta name=\"twitter:label2\" content=\"Est. tempo de leitura\" \/>\n\t<meta name=\"twitter:data2\" content=\"2 minutos\" \/>\n<script type=\"application\/ld+json\" class=\"yoast-schema-graph\">{\"@context\":\"https:\\\/\\\/schema.org\",\"@graph\":[{\"@type\":\"Article\",\"@id\":\"https:\\\/\\\/diariodepe.com.br\\\/cri\\\/2022\\\/12\\\/19\\\/reuniao-de-alto-nivel-da-2a-etapa-da-cop15-e-encerrada\\\/#article\",\"isPartOf\":{\"@id\":\"https:\\\/\\\/diariodepe.com.br\\\/cri\\\/2022\\\/12\\\/19\\\/reuniao-de-alto-nivel-da-2a-etapa-da-cop15-e-encerrada\\\/\"},\"author\":{\"name\":\"Ismael Lucas S. Pereira\",\"@id\":\"https:\\\/\\\/diariodepe.com.br\\\/cri\\\/#\\\/schema\\\/person\\\/121bb28d84f1a5b1205ef4ce9c2e0c6b\"},\"headline\":\"Reuni\u00e3o de alto n\u00edvel da 2\u00aa etapa da COP15 \u00e9 encerrada\",\"datePublished\":\"2022-12-19T03:54:19+00:00\",\"dateModified\":\"2022-12-19T03:54:20+00:00\",\"mainEntityOfPage\":{\"@id\":\"https:\\\/\\\/diariodepe.com.br\\\/cri\\\/2022\\\/12\\\/19\\\/reuniao-de-alto-nivel-da-2a-etapa-da-cop15-e-encerrada\\\/\"},\"wordCount\":238,\"commentCount\":0,\"publisher\":{\"@id\":\"https:\\\/\\\/diariodepe.com.br\\\/cri\\\/#organization\"},\"image\":{\"@id\":\"https:\\\/\\\/diariodepe.com.br\\\/cri\\\/2022\\\/12\\\/19\\\/reuniao-de-alto-nivel-da-2a-etapa-da-cop15-e-encerrada\\\/#primaryimage\"},\"thumbnailUrl\":\"https:\\\/\\\/diariodepe.com.br\\\/cri\\\/wp-content\\\/uploads\\\/sites\\\/2\\\/2022\\\/12\\\/2022121821105574404.png\",\"articleSection\":[\"Internacional\"],\"inLanguage\":\"pt-BR\",\"potentialAction\":[{\"@type\":\"CommentAction\",\"name\":\"Comment\",\"target\":[\"https:\\\/\\\/diariodepe.com.br\\\/cri\\\/2022\\\/12\\\/19\\\/reuniao-de-alto-nivel-da-2a-etapa-da-cop15-e-encerrada\\\/#respond\"]}]},{\"@type\":\"WebPage\",\"@id\":\"https:\\\/\\\/diariodepe.com.br\\\/cri\\\/2022\\\/12\\\/19\\\/reuniao-de-alto-nivel-da-2a-etapa-da-cop15-e-encerrada\\\/\",\"url\":\"https:\\\/\\\/diariodepe.com.br\\\/cri\\\/2022\\\/12\\\/19\\\/reuniao-de-alto-nivel-da-2a-etapa-da-cop15-e-encerrada\\\/\",\"name\":\"Reuni\u00e3o de alto n\u00edvel da 2\u00aa etapa da COP15 \u00e9 encerrada - CRI e Diario de Pernambuco\",\"isPartOf\":{\"@id\":\"https:\\\/\\\/diariodepe.com.br\\\/cri\\\/#website\"},\"primaryImageOfPage\":{\"@id\":\"https:\\\/\\\/diariodepe.com.br\\\/cri\\\/2022\\\/12\\\/19\\\/reuniao-de-alto-nivel-da-2a-etapa-da-cop15-e-encerrada\\\/#primaryimage\"},\"image\":{\"@id\":\"https:\\\/\\\/diariodepe.com.br\\\/cri\\\/2022\\\/12\\\/19\\\/reuniao-de-alto-nivel-da-2a-etapa-da-cop15-e-encerrada\\\/#primaryimage\"},\"thumbnailUrl\":\"https:\\\/\\\/diariodepe.com.br\\\/cri\\\/wp-content\\\/uploads\\\/sites\\\/2\\\/2022\\\/12\\\/2022121821105574404.png\",\"datePublished\":\"2022-12-19T03:54:19+00:00\",\"dateModified\":\"2022-12-19T03:54:20+00:00\",\"breadcrumb\":{\"@id\":\"https:\\\/\\\/diariodepe.com.br\\\/cri\\\/2022\\\/12\\\/19\\\/reuniao-de-alto-nivel-da-2a-etapa-da-cop15-e-encerrada\\\/#breadcrumb\"},\"inLanguage\":\"pt-BR\",\"potentialAction\":[{\"@type\":\"ReadAction\",\"target\":[\"https:\\\/\\\/diariodepe.com.br\\\/cri\\\/2022\\\/12\\\/19\\\/reuniao-de-alto-nivel-da-2a-etapa-da-cop15-e-encerrada\\\/\"]}]},{\"@type\":\"ImageObject\",\"inLanguage\":\"pt-BR\",\"@id\":\"https:\\\/\\\/diariodepe.com.br\\\/cri\\\/2022\\\/12\\\/19\\\/reuniao-de-alto-nivel-da-2a-etapa-da-cop15-e-encerrada\\\/#primaryimage\",\"url\":\"https:\\\/\\\/diariodepe.com.br\\\/cri\\\/wp-content\\\/uploads\\\/sites\\\/2\\\/2022\\\/12\\\/2022121821105574404.png\",\"contentUrl\":\"https:\\\/\\\/diariodepe.com.br\\\/cri\\\/wp-content\\\/uploads\\\/sites\\\/2\\\/2022\\\/12\\\/2022121821105574404.png\",\"width\":640,\"height\":360},{\"@type\":\"BreadcrumbList\",\"@id\":\"https:\\\/\\\/diariodepe.com.br\\\/cri\\\/2022\\\/12\\\/19\\\/reuniao-de-alto-nivel-da-2a-etapa-da-cop15-e-encerrada\\\/#breadcrumb\",\"itemListElement\":[{\"@type\":\"ListItem\",\"position\":1,\"name\":\"In\u00edcio\",\"item\":\"https:\\\/\\\/diariodepe.com.br\\\/cri\\\/\"},{\"@type\":\"ListItem\",\"position\":2,\"name\":\"Reuni\u00e3o de alto n\u00edvel da 2\u00aa etapa da COP15 \u00e9 encerrada\"}]},{\"@type\":\"WebSite\",\"@id\":\"https:\\\/\\\/diariodepe.com.br\\\/cri\\\/#website\",\"url\":\"https:\\\/\\\/diariodepe.com.br\\\/cri\\\/\",\"name\":\"CRI e Diario de Pernambuco\",\"description\":\"R\u00e1dio Internacional da China\",\"publisher\":{\"@id\":\"https:\\\/\\\/diariodepe.com.br\\\/cri\\\/#organization\"},\"potentialAction\":[{\"@type\":\"SearchAction\",\"target\":{\"@type\":\"EntryPoint\",\"urlTemplate\":\"https:\\\/\\\/diariodepe.com.br\\\/cri\\\/?s={search_term_string}\"},\"query-input\":{\"@type\":\"PropertyValueSpecification\",\"valueRequired\":true,\"valueName\":\"search_term_string\"}}],\"inLanguage\":\"pt-BR\"},{\"@type\":\"Organization\",\"@id\":\"https:\\\/\\\/diariodepe.com.br\\\/cri\\\/#organization\",\"name\":\"CRI e Diario de Pernambuco\",\"url\":\"https:\\\/\\\/diariodepe.com.br\\\/cri\\\/\",\"logo\":{\"@type\":\"ImageObject\",\"inLanguage\":\"pt-BR\",\"@id\":\"https:\\\/\\\/diariodepe.com.br\\\/cri\\\/#\\\/schema\\\/logo\\\/image\\\/\",\"url\":\"https:\\\/\\\/diariodepe.com.br\\\/cri\\\/wp-content\\\/uploads\\\/sites\\\/2\\\/2022\\\/12\\\/cropped-Logo.jpg\",\"contentUrl\":\"https:\\\/\\\/diariodepe.com.br\\\/cri\\\/wp-content\\\/uploads\\\/sites\\\/2\\\/2022\\\/12\\\/cropped-Logo.jpg\",\"width\":700,\"height\":59,\"caption\":\"CRI e Diario de Pernambuco\"},\"image\":{\"@id\":\"https:\\\/\\\/diariodepe.com.br\\\/cri\\\/#\\\/schema\\\/logo\\\/image\\\/\"}},{\"@type\":\"Person\",\"@id\":\"https:\\\/\\\/diariodepe.com.br\\\/cri\\\/#\\\/schema\\\/person\\\/121bb28d84f1a5b1205ef4ce9c2e0c6b\",\"name\":\"Ismael Lucas S. Pereira\",\"image\":{\"@type\":\"ImageObject\",\"inLanguage\":\"pt-BR\",\"@id\":\"https:\\\/\\\/secure.gravatar.com\\\/avatar\\\/887a0f3b5a7ceea963a48499fb883ffce6b5037362def025c52c2505b15d63e4?s=96&d=mm&r=g\",\"url\":\"https:\\\/\\\/secure.gravatar.com\\\/avatar\\\/887a0f3b5a7ceea963a48499fb883ffce6b5037362def025c52c2505b15d63e4?s=96&d=mm&r=g\",\"contentUrl\":\"https:\\\/\\\/secure.gravatar.com\\\/avatar\\\/887a0f3b5a7ceea963a48499fb883ffce6b5037362def025c52c2505b15d63e4?s=96&d=mm&r=g\",\"caption\":\"Ismael Lucas S. Pereira\"},\"url\":\"https:\\\/\\\/diariodepe.com.br\\\/cri\\\/author\\\/ismael-lucas\\\/\"}]}<\/script>\n<!-- \/ Yoast SEO plugin. -->","yoast_head_json":{"title":"Reuni\u00e3o de alto n\u00edvel da 2\u00aa etapa da COP15 \u00e9 encerrada - CRI e Diario de Pernambuco","robots":{"index":"index","follow":"follow","max-snippet":"max-snippet:-1","max-image-preview":"max-image-preview:large","max-video-preview":"max-video-preview:-1"},"canonical":"https:\/\/diariodepe.com.br\/cri\/2022\/12\/19\/reuniao-de-alto-nivel-da-2a-etapa-da-cop15-e-encerrada\/","og_locale":"pt_BR","og_type":"article","og_title":"Reuni\u00e3o de alto n\u00edvel da 2\u00aa etapa da COP15 \u00e9 encerrada - CRI e Diario de Pernambuco","og_description":"A reuni\u00e3o de alto n\u00edvel da 2\u00aa etapa da 15\u00aa Confer\u00eancia das Partes da Conven\u00e7\u00e3o das Na\u00e7\u00f5es Unidas sobre Diversidade Biol\u00f3gica (COP15, na sigla em ingl\u00eas) terminou neste s\u00e1bado (17).&nbsp; &nbsp; &nbsp; O presidente da COP15 e ministro de Ecologia...","og_url":"https:\/\/diariodepe.com.br\/cri\/2022\/12\/19\/reuniao-de-alto-nivel-da-2a-etapa-da-cop15-e-encerrada\/","og_site_name":"CRI e Diario de Pernambuco","article_published_time":"2022-12-19T03:54:19+00:00","article_modified_time":"2022-12-19T03:54:20+00:00","og_image":[{"width":640,"height":360,"url":"https:\/\/diariodepe.com.br\/cri\/wp-content\/uploads\/sites\/2\/2022\/12\/2022121821105574404.png","type":"image\/png"}],"author":"Ismael Lucas S. Pereira","twitter_card":"summary_large_image","twitter_misc":{"Escrito por":"Ismael Lucas S. Pereira","Est. tempo de leitura":"2 minutos"},"schema":{"@context":"https:\/\/schema.org","@graph":[{"@type":"Article","@id":"https:\/\/diariodepe.com.br\/cri\/2022\/12\/19\/reuniao-de-alto-nivel-da-2a-etapa-da-cop15-e-encerrada\/#article","isPartOf":{"@id":"https:\/\/diariodepe.com.br\/cri\/2022\/12\/19\/reuniao-de-alto-nivel-da-2a-etapa-da-cop15-e-encerrada\/"},"author":{"name":"Ismael Lucas S. Pereira","@id":"https:\/\/diariodepe.com.br\/cri\/#\/schema\/person\/121bb28d84f1a5b1205ef4ce9c2e0c6b"},"headline":"Reuni\u00e3o de alto n\u00edvel da 2\u00aa etapa da COP15 \u00e9 encerrada","datePublished":"2022-12-19T03:54:19+00:00","dateModified":"2022-12-19T03:54:20+00:00","mainEntityOfPage":{"@id":"https:\/\/diariodepe.com.br\/cri\/2022\/12\/19\/reuniao-de-alto-nivel-da-2a-etapa-da-cop15-e-encerrada\/"},"wordCount":238,"commentCount":0,"publisher":{"@id":"https:\/\/diariodepe.com.br\/cri\/#organization"},"image":{"@id":"https:\/\/diariodepe.com.br\/cri\/2022\/12\/19\/reuniao-de-alto-nivel-da-2a-etapa-da-cop15-e-encerrada\/#primaryimage"},"thumbnailUrl":"https:\/\/diariodepe.com.br\/cri\/wp-content\/uploads\/sites\/2\/2022\/12\/2022121821105574404.png","articleSection":["Internacional"],"inLanguage":"pt-BR","potentialAction":[{"@type":"CommentAction","name":"Comment","target":["https:\/\/diariodepe.com.br\/cri\/2022\/12\/19\/reuniao-de-alto-nivel-da-2a-etapa-da-cop15-e-encerrada\/#respond"]}]},{"@type":"WebPage","@id":"https:\/\/diariodepe.com.br\/cri\/2022\/12\/19\/reuniao-de-alto-nivel-da-2a-etapa-da-cop15-e-encerrada\/","url":"https:\/\/diariodepe.com.br\/cri\/2022\/12\/19\/reuniao-de-alto-nivel-da-2a-etapa-da-cop15-e-encerrada\/","name":"Reuni\u00e3o de alto n\u00edvel da 2\u00aa etapa da COP15 \u00e9 encerrada - CRI e Diario de Pernambuco","isPartOf":{"@id":"https:\/\/diariodepe.com.br\/cri\/#website"},"primaryImageOfPage":{"@id":"https:\/\/diariodepe.com.br\/cri\/2022\/12\/19\/reuniao-de-alto-nivel-da-2a-etapa-da-cop15-e-encerrada\/#primaryimage"},"image":{"@id":"https:\/\/diariodepe.com.br\/cri\/2022\/12\/19\/reuniao-de-alto-nivel-da-2a-etapa-da-cop15-e-encerrada\/#primaryimage"},"thumbnailUrl":"https:\/\/diariodepe.com.br\/cri\/wp-content\/uploads\/sites\/2\/2022\/12\/2022121821105574404.png","datePublished":"2022-12-19T03:54:19+00:00","dateModified":"2022-12-19T03:54:20+00:00","breadcrumb":{"@id":"https:\/\/diariodepe.com.br\/cri\/2022\/12\/19\/reuniao-de-alto-nivel-da-2a-etapa-da-cop15-e-encerrada\/#breadcrumb"},"inLanguage":"pt-BR","potentialAction":[{"@type":"ReadAction","target":["https:\/\/diariodepe.com.br\/cri\/2022\/12\/19\/reuniao-de-alto-nivel-da-2a-etapa-da-cop15-e-encerrada\/"]}]},{"@type":"ImageObject","inLanguage":"pt-BR","@id":"https:\/\/diariodepe.com.br\/cri\/2022\/12\/19\/reuniao-de-alto-nivel-da-2a-etapa-da-cop15-e-encerrada\/#primaryimage","url":"https:\/\/diariodepe.com.br\/cri\/wp-content\/uploads\/sites\/2\/2022\/12\/2022121821105574404.png","contentUrl":"https:\/\/diariodepe.com.br\/cri\/wp-content\/uploads\/sites\/2\/2022\/12\/2022121821105574404.png","width":640,"height":360},{"@type":"BreadcrumbList","@id":"https:\/\/diariodepe.com.br\/cri\/2022\/12\/19\/reuniao-de-alto-nivel-da-2a-etapa-da-cop15-e-encerrada\/#breadcrumb","itemListElement":[{"@type":"ListItem","position":1,"name":"In\u00edcio","item":"https:\/\/diariodepe.com.br\/cri\/"},{"@type":"ListItem","position":2,"name":"Reuni\u00e3o de alto n\u00edvel da 2\u00aa etapa da COP15 \u00e9 encerrada"}]},{"@type":"WebSite","@id":"https:\/\/diariodepe.com.br\/cri\/#website","url":"https:\/\/diariodepe.com.br\/cri\/","name":"CRI e Diario de Pernambuco","description":"R\u00e1dio Internacional da China","publisher":{"@id":"https:\/\/diariodepe.com.br\/cri\/#organization"},"potentialAction":[{"@type":"SearchAction","target":{"@type":"EntryPoint","urlTemplate":"https:\/\/diariodepe.com.br\/cri\/?s={search_term_string}"},"query-input":{"@type":"PropertyValueSpecification","valueRequired":true,"valueName":"search_term_string"}}],"inLanguage":"pt-BR"},{"@type":"Organization","@id":"https:\/\/diariodepe.com.br\/cri\/#organization","name":"CRI e Diario de Pernambuco","url":"https:\/\/diariodepe.com.br\/cri\/","logo":{"@type":"ImageObject","inLanguage":"pt-BR","@id":"https:\/\/diariodepe.com.br\/cri\/#\/schema\/logo\/image\/","url":"https:\/\/diariodepe.com.br\/cri\/wp-content\/uploads\/sites\/2\/2022\/12\/cropped-Logo.jpg","contentUrl":"https:\/\/diariodepe.com.br\/cri\/wp-content\/uploads\/sites\/2\/2022\/12\/cropped-Logo.jpg","width":700,"height":59,"caption":"CRI e Diario de Pernambuco"},"image":{"@id":"https:\/\/diariodepe.com.br\/cri\/#\/schema\/logo\/image\/"}},{"@type":"Person","@id":"https:\/\/diariodepe.com.br\/cri\/#\/schema\/person\/121bb28d84f1a5b1205ef4ce9c2e0c6b","name":"Ismael Lucas S. Pereira","image":{"@type":"ImageObject","inLanguage":"pt-BR","@id":"https:\/\/secure.gravatar.com\/avatar\/887a0f3b5a7ceea963a48499fb883ffce6b5037362def025c52c2505b15d63e4?s=96&d=mm&r=g","url":"https:\/\/secure.gravatar.com\/avatar\/887a0f3b5a7ceea963a48499fb883ffce6b5037362def025c52c2505b15d63e4?s=96&d=mm&r=g","contentUrl":"https:\/\/secure.gravatar.com\/avatar\/887a0f3b5a7ceea963a48499fb883ffce6b5037362def025c52c2505b15d63e4?s=96&d=mm&r=g","caption":"Ismael Lucas S. Pereira"},"url":"https:\/\/diariodepe.com.br\/cri\/author\/ismael-lucas\/"}]}},"cc_featured_image_caption":{"caption_text":"","source_text":"","source_url":""},"amp_enabled":true,"_links":{"self":[{"href":"https:\/\/diariodepe.com.br\/cri\/wp-json\/wp\/v2\/posts\/186","targetHints":{"allow":["GET"]}}],"collection":[{"href":"https:\/\/diariodepe.com.br\/cri\/wp-json\/wp\/v2\/posts"}],"about":[{"href":"https:\/\/diariodepe.com.br\/cri\/wp-json\/wp\/v2\/types\/post"}],"author":[{"embeddable":true,"href":"https:\/\/diariodepe.com.br\/cri\/wp-json\/wp\/v2\/users\/2"}],"replies":[{"embeddable":true,"href":"https:\/\/diariodepe.com.br\/cri\/wp-json\/wp\/v2\/comments?post=186"}],"version-history":[{"count":1,"href":"https:\/\/diariodepe.com.br\/cri\/wp-json\/wp\/v2\/posts\/186\/revisions"}],"predecessor-version":[{"id":188,"href":"https:\/\/diariodepe.com.br\/cri\/wp-json\/wp\/v2\/posts\/186\/revisions\/188"}],"wp:featuredmedia":[{"embeddable":true,"href":"https:\/\/diariodepe.com.br\/cri\/wp-json\/wp\/v2\/media\/187"}],"wp:attachment":[{"href":"https:\/\/diariodepe.com.br\/cri\/wp-json\/wp\/v2\/media?parent=186"}],"wp:term":[{"taxonomy":"category","embeddable":true,"href":"https:\/\/diariodepe.com.br\/cri\/wp-json\/wp\/v2\/categories?post=186"},{"taxonomy":"post_tag","embeddable":true,"href":"https:\/\/diariodepe.com.br\/cri\/wp-json\/wp\/v2\/tags?post=186"}],"curies":[{"name":"wp","href":"https:\/\/api.w.org\/{rel}","templated":true}]}}