{"id":183,"date":"2022-12-19T00:51:30","date_gmt":"2022-12-19T03:51:30","guid":{"rendered":"https:\/\/diariodepe.com.br\/cri\/?p=183"},"modified":"2022-12-19T00:51:32","modified_gmt":"2022-12-19T03:51:32","slug":"personalidades-internacionais-apreciam-discurso-de-xi-jinping-na-cop-15","status":"publish","type":"post","link":"https:\/\/diariodepe.com.br\/cri\/2022\/12\/19\/personalidades-internacionais-apreciam-discurso-de-xi-jinping-na-cop-15\/","title":{"rendered":"<strong>Personalidades Internacionais apreciam discurso de Xi Jinping na COP 15<\/strong>"},"content":{"rendered":"\n<p>Na abertura da segunda etapa da reuni\u00e3o de alto n\u00edvel da 15\u00aa Confer\u00eancia das Partes (COP 15) da Conven\u00e7\u00e3o sobre Diversidade Biol\u00f3gica (CDB), o presidente chin\u00eas, Xi Jinping, proferiu um discurso, que ganhou repercuss\u00f5es positivas de personalidades internacionais.<\/p>\n\n\n\n<p>A secret\u00e1ria executiva da CDB, Elizabeth Maruma Mrema, afirmou que, no discurso proferido, o l\u00edder chin\u00eas salientou a important\u00e2ncia do multilateralismo, apelando pelo aprofundamento dos interc<a>\u00e2<\/a>mbios e coopera\u00e7\u00f5es internacionais e consolida\u00e7\u00e3o dos consensos comuns, promovendo o estabelecimento do quadro p\u00f3s-2020 para diversidade biol\u00f3gica global. Segundo ela, o presidente chin\u00eas ainda se referiu aos benef\u00edcios trazidos pelo aperfei\u00e7oamento do sistema ecol\u00f3gico, o que ser\u00e1 muito importante para avan\u00e7o do processo das negocia\u00e7\u00f5es.<\/p>\n\n\n\n<p>A diretora-geral do Departamento do Ambiente da Comiss\u00e3o Europeia, Florika Fink-Hooijer, considerou inspirador o discurso do l\u00edder chin\u00eas, o qual encoraja a comunidade internacional a impulsionar a harmonia entre ser humano e a natureza por meio desse evento. Ela tamb\u00e9m ficou impressionada com a afirma\u00e7\u00e3o do presidente chin\u00eas de que \u00e9 necess\u00e1rio defender uma ordem global justa e razo\u00e1vel para a prote\u00e7\u00e3o da diversidade biol\u00f3gica e apoiar o sistema internacional centrado na Organiza\u00e7\u00e3o das Na\u00e7\u00f5es Unidas, o que favorecer\u00e1 a uni\u00e3o de todos os pa\u00edses.<\/p>\n\n\n\n<p>Um dos respons\u00e1veis pelas negocia\u00e7\u00f5es do Brasil na COP 15 afirmou que o discurso do l\u00edder chin\u00eas \u00e9 como um apelo que re\u00fane todas as delega\u00e7\u00f5es para impulsionar as negocia\u00e7\u00f5es e alcan\u00e7ar as metas, o que mostra o papel importante da China nesse processo.<\/p>\n","protected":false},"excerpt":{"rendered":"<p>Na abertura da segunda etapa da reuni\u00e3o de alto n\u00edvel da 15\u00aa Confer\u00eancia das Partes (COP 15) da Conven\u00e7\u00e3o sobre Diversidade Biol\u00f3gica (CDB), o presidente chin\u00eas, Xi Jinping, proferiu um discurso, que ganhou repercuss\u00f5es positivas de personalidades internacionais. A secret\u00e1ria&#8230;<\/p>\n","protected":false},"author":2,"featured_media":0,"comment_status":"open","ping_status":"open","sticky":false,"template":"","format":"standard","meta":{"footnotes":""},"categories":[8],"tags":[],"class_list":["post-183","post","type-post","status-publish","format-standard","hentry","category-internacional"],"yoast_head":"<!-- This site is optimized with the Yoast SEO plugin v27.4 - https:\/\/yoast.com\/product\/yoast-seo-wordpress\/ -->\n<title>Personalidades Internacionais apreciam discurso de Xi Jinping na COP 15 - CRI e Diario de Pernambuco<\/title>\n<meta name=\"robots\" content=\"index, follow, max-snippet:-1, max-image-preview:large, max-video-preview:-1\" \/>\n<link rel=\"canonical\" href=\"https:\/\/diariodepe.com.br\/cri\/2022\/12\/19\/personalidades-internacionais-apreciam-discurso-de-xi-jinping-na-cop-15\/\" \/>\n<meta property=\"og:locale\" content=\"pt_BR\" \/>\n<meta property=\"og:type\" content=\"article\" \/>\n<meta property=\"og:title\" content=\"Personalidades Internacionais apreciam discurso de Xi Jinping na COP 15 - CRI e Diario de Pernambuco\" \/>\n<meta property=\"og:description\" content=\"Na abertura da segunda etapa da reuni\u00e3o de alto n\u00edvel da 15\u00aa Confer\u00eancia das Partes (COP 15) da Conven\u00e7\u00e3o sobre Diversidade Biol\u00f3gica (CDB), o presidente chin\u00eas, Xi Jinping, proferiu um discurso, que ganhou repercuss\u00f5es positivas de personalidades internacionais. A secret\u00e1ria...\" \/>\n<meta property=\"og:url\" content=\"https:\/\/diariodepe.com.br\/cri\/2022\/12\/19\/personalidades-internacionais-apreciam-discurso-de-xi-jinping-na-cop-15\/\" \/>\n<meta property=\"og:site_name\" content=\"CRI e Diario de Pernambuco\" \/>\n<meta property=\"article:published_time\" content=\"2022-12-19T03:51:30+00:00\" \/>\n<meta property=\"article:modified_time\" content=\"2022-12-19T03:51:32+00:00\" \/>\n<meta name=\"author\" content=\"Ismael Lucas S. Pereira\" \/>\n<meta name=\"twitter:card\" content=\"summary_large_image\" \/>\n<meta name=\"twitter:label1\" content=\"Escrito por\" \/>\n\t<meta name=\"twitter:data1\" content=\"Ismael Lucas S. Pereira\" \/>\n\t<meta name=\"twitter:label2\" content=\"Est. tempo de leitura\" \/>\n\t<meta name=\"twitter:data2\" content=\"2 minutos\" \/>\n<script type=\"application\/ld+json\" class=\"yoast-schema-graph\">{\"@context\":\"https:\\\/\\\/schema.org\",\"@graph\":[{\"@type\":\"Article\",\"@id\":\"https:\\\/\\\/diariodepe.com.br\\\/cri\\\/2022\\\/12\\\/19\\\/personalidades-internacionais-apreciam-discurso-de-xi-jinping-na-cop-15\\\/#article\",\"isPartOf\":{\"@id\":\"https:\\\/\\\/diariodepe.com.br\\\/cri\\\/2022\\\/12\\\/19\\\/personalidades-internacionais-apreciam-discurso-de-xi-jinping-na-cop-15\\\/\"},\"author\":{\"name\":\"Ismael Lucas S. Pereira\",\"@id\":\"https:\\\/\\\/diariodepe.com.br\\\/cri\\\/#\\\/schema\\\/person\\\/121bb28d84f1a5b1205ef4ce9c2e0c6b\"},\"headline\":\"Personalidades Internacionais apreciam discurso de Xi Jinping na COP 15\",\"datePublished\":\"2022-12-19T03:51:30+00:00\",\"dateModified\":\"2022-12-19T03:51:32+00:00\",\"mainEntityOfPage\":{\"@id\":\"https:\\\/\\\/diariodepe.com.br\\\/cri\\\/2022\\\/12\\\/19\\\/personalidades-internacionais-apreciam-discurso-de-xi-jinping-na-cop-15\\\/\"},\"wordCount\":286,\"commentCount\":0,\"publisher\":{\"@id\":\"https:\\\/\\\/diariodepe.com.br\\\/cri\\\/#organization\"},\"articleSection\":[\"Internacional\"],\"inLanguage\":\"pt-BR\",\"potentialAction\":[{\"@type\":\"CommentAction\",\"name\":\"Comment\",\"target\":[\"https:\\\/\\\/diariodepe.com.br\\\/cri\\\/2022\\\/12\\\/19\\\/personalidades-internacionais-apreciam-discurso-de-xi-jinping-na-cop-15\\\/#respond\"]}]},{\"@type\":\"WebPage\",\"@id\":\"https:\\\/\\\/diariodepe.com.br\\\/cri\\\/2022\\\/12\\\/19\\\/personalidades-internacionais-apreciam-discurso-de-xi-jinping-na-cop-15\\\/\",\"url\":\"https:\\\/\\\/diariodepe.com.br\\\/cri\\\/2022\\\/12\\\/19\\\/personalidades-internacionais-apreciam-discurso-de-xi-jinping-na-cop-15\\\/\",\"name\":\"Personalidades Internacionais apreciam discurso de Xi Jinping na COP 15 - CRI e Diario de Pernambuco\",\"isPartOf\":{\"@id\":\"https:\\\/\\\/diariodepe.com.br\\\/cri\\\/#website\"},\"datePublished\":\"2022-12-19T03:51:30+00:00\",\"dateModified\":\"2022-12-19T03:51:32+00:00\",\"breadcrumb\":{\"@id\":\"https:\\\/\\\/diariodepe.com.br\\\/cri\\\/2022\\\/12\\\/19\\\/personalidades-internacionais-apreciam-discurso-de-xi-jinping-na-cop-15\\\/#breadcrumb\"},\"inLanguage\":\"pt-BR\",\"potentialAction\":[{\"@type\":\"ReadAction\",\"target\":[\"https:\\\/\\\/diariodepe.com.br\\\/cri\\\/2022\\\/12\\\/19\\\/personalidades-internacionais-apreciam-discurso-de-xi-jinping-na-cop-15\\\/\"]}]},{\"@type\":\"BreadcrumbList\",\"@id\":\"https:\\\/\\\/diariodepe.com.br\\\/cri\\\/2022\\\/12\\\/19\\\/personalidades-internacionais-apreciam-discurso-de-xi-jinping-na-cop-15\\\/#breadcrumb\",\"itemListElement\":[{\"@type\":\"ListItem\",\"position\":1,\"name\":\"In\u00edcio\",\"item\":\"https:\\\/\\\/diariodepe.com.br\\\/cri\\\/\"},{\"@type\":\"ListItem\",\"position\":2,\"name\":\"Personalidades Internacionais apreciam discurso de Xi Jinping na COP 15\"}]},{\"@type\":\"WebSite\",\"@id\":\"https:\\\/\\\/diariodepe.com.br\\\/cri\\\/#website\",\"url\":\"https:\\\/\\\/diariodepe.com.br\\\/cri\\\/\",\"name\":\"CRI e Diario de Pernambuco\",\"description\":\"R\u00e1dio Internacional da China\",\"publisher\":{\"@id\":\"https:\\\/\\\/diariodepe.com.br\\\/cri\\\/#organization\"},\"potentialAction\":[{\"@type\":\"SearchAction\",\"target\":{\"@type\":\"EntryPoint\",\"urlTemplate\":\"https:\\\/\\\/diariodepe.com.br\\\/cri\\\/?s={search_term_string}\"},\"query-input\":{\"@type\":\"PropertyValueSpecification\",\"valueRequired\":true,\"valueName\":\"search_term_string\"}}],\"inLanguage\":\"pt-BR\"},{\"@type\":\"Organization\",\"@id\":\"https:\\\/\\\/diariodepe.com.br\\\/cri\\\/#organization\",\"name\":\"CRI e Diario de Pernambuco\",\"url\":\"https:\\\/\\\/diariodepe.com.br\\\/cri\\\/\",\"logo\":{\"@type\":\"ImageObject\",\"inLanguage\":\"pt-BR\",\"@id\":\"https:\\\/\\\/diariodepe.com.br\\\/cri\\\/#\\\/schema\\\/logo\\\/image\\\/\",\"url\":\"https:\\\/\\\/diariodepe.com.br\\\/cri\\\/wp-content\\\/uploads\\\/sites\\\/2\\\/2022\\\/12\\\/cropped-Logo.jpg\",\"contentUrl\":\"https:\\\/\\\/diariodepe.com.br\\\/cri\\\/wp-content\\\/uploads\\\/sites\\\/2\\\/2022\\\/12\\\/cropped-Logo.jpg\",\"width\":700,\"height\":59,\"caption\":\"CRI e Diario de Pernambuco\"},\"image\":{\"@id\":\"https:\\\/\\\/diariodepe.com.br\\\/cri\\\/#\\\/schema\\\/logo\\\/image\\\/\"}},{\"@type\":\"Person\",\"@id\":\"https:\\\/\\\/diariodepe.com.br\\\/cri\\\/#\\\/schema\\\/person\\\/121bb28d84f1a5b1205ef4ce9c2e0c6b\",\"name\":\"Ismael Lucas S. Pereira\",\"image\":{\"@type\":\"ImageObject\",\"inLanguage\":\"pt-BR\",\"@id\":\"https:\\\/\\\/secure.gravatar.com\\\/avatar\\\/887a0f3b5a7ceea963a48499fb883ffce6b5037362def025c52c2505b15d63e4?s=96&d=mm&r=g\",\"url\":\"https:\\\/\\\/secure.gravatar.com\\\/avatar\\\/887a0f3b5a7ceea963a48499fb883ffce6b5037362def025c52c2505b15d63e4?s=96&d=mm&r=g\",\"contentUrl\":\"https:\\\/\\\/secure.gravatar.com\\\/avatar\\\/887a0f3b5a7ceea963a48499fb883ffce6b5037362def025c52c2505b15d63e4?s=96&d=mm&r=g\",\"caption\":\"Ismael Lucas S. Pereira\"},\"url\":\"https:\\\/\\\/diariodepe.com.br\\\/cri\\\/author\\\/ismael-lucas\\\/\"}]}<\/script>\n<!-- \/ Yoast SEO plugin. -->","yoast_head_json":{"title":"Personalidades Internacionais apreciam discurso de Xi Jinping na COP 15 - CRI e Diario de Pernambuco","robots":{"index":"index","follow":"follow","max-snippet":"max-snippet:-1","max-image-preview":"max-image-preview:large","max-video-preview":"max-video-preview:-1"},"canonical":"https:\/\/diariodepe.com.br\/cri\/2022\/12\/19\/personalidades-internacionais-apreciam-discurso-de-xi-jinping-na-cop-15\/","og_locale":"pt_BR","og_type":"article","og_title":"Personalidades Internacionais apreciam discurso de Xi Jinping na COP 15 - CRI e Diario de Pernambuco","og_description":"Na abertura da segunda etapa da reuni\u00e3o de alto n\u00edvel da 15\u00aa Confer\u00eancia das Partes (COP 15) da Conven\u00e7\u00e3o sobre Diversidade Biol\u00f3gica (CDB), o presidente chin\u00eas, Xi Jinping, proferiu um discurso, que ganhou repercuss\u00f5es positivas de personalidades internacionais. A secret\u00e1ria...","og_url":"https:\/\/diariodepe.com.br\/cri\/2022\/12\/19\/personalidades-internacionais-apreciam-discurso-de-xi-jinping-na-cop-15\/","og_site_name":"CRI e Diario de Pernambuco","article_published_time":"2022-12-19T03:51:30+00:00","article_modified_time":"2022-12-19T03:51:32+00:00","author":"Ismael Lucas S. Pereira","twitter_card":"summary_large_image","twitter_misc":{"Escrito por":"Ismael Lucas S. Pereira","Est. tempo de leitura":"2 minutos"},"schema":{"@context":"https:\/\/schema.org","@graph":[{"@type":"Article","@id":"https:\/\/diariodepe.com.br\/cri\/2022\/12\/19\/personalidades-internacionais-apreciam-discurso-de-xi-jinping-na-cop-15\/#article","isPartOf":{"@id":"https:\/\/diariodepe.com.br\/cri\/2022\/12\/19\/personalidades-internacionais-apreciam-discurso-de-xi-jinping-na-cop-15\/"},"author":{"name":"Ismael Lucas S. Pereira","@id":"https:\/\/diariodepe.com.br\/cri\/#\/schema\/person\/121bb28d84f1a5b1205ef4ce9c2e0c6b"},"headline":"Personalidades Internacionais apreciam discurso de Xi Jinping na COP 15","datePublished":"2022-12-19T03:51:30+00:00","dateModified":"2022-12-19T03:51:32+00:00","mainEntityOfPage":{"@id":"https:\/\/diariodepe.com.br\/cri\/2022\/12\/19\/personalidades-internacionais-apreciam-discurso-de-xi-jinping-na-cop-15\/"},"wordCount":286,"commentCount":0,"publisher":{"@id":"https:\/\/diariodepe.com.br\/cri\/#organization"},"articleSection":["Internacional"],"inLanguage":"pt-BR","potentialAction":[{"@type":"CommentAction","name":"Comment","target":["https:\/\/diariodepe.com.br\/cri\/2022\/12\/19\/personalidades-internacionais-apreciam-discurso-de-xi-jinping-na-cop-15\/#respond"]}]},{"@type":"WebPage","@id":"https:\/\/diariodepe.com.br\/cri\/2022\/12\/19\/personalidades-internacionais-apreciam-discurso-de-xi-jinping-na-cop-15\/","url":"https:\/\/diariodepe.com.br\/cri\/2022\/12\/19\/personalidades-internacionais-apreciam-discurso-de-xi-jinping-na-cop-15\/","name":"Personalidades Internacionais apreciam discurso de Xi Jinping na COP 15 - CRI e Diario de Pernambuco","isPartOf":{"@id":"https:\/\/diariodepe.com.br\/cri\/#website"},"datePublished":"2022-12-19T03:51:30+00:00","dateModified":"2022-12-19T03:51:32+00:00","breadcrumb":{"@id":"https:\/\/diariodepe.com.br\/cri\/2022\/12\/19\/personalidades-internacionais-apreciam-discurso-de-xi-jinping-na-cop-15\/#breadcrumb"},"inLanguage":"pt-BR","potentialAction":[{"@type":"ReadAction","target":["https:\/\/diariodepe.com.br\/cri\/2022\/12\/19\/personalidades-internacionais-apreciam-discurso-de-xi-jinping-na-cop-15\/"]}]},{"@type":"BreadcrumbList","@id":"https:\/\/diariodepe.com.br\/cri\/2022\/12\/19\/personalidades-internacionais-apreciam-discurso-de-xi-jinping-na-cop-15\/#breadcrumb","itemListElement":[{"@type":"ListItem","position":1,"name":"In\u00edcio","item":"https:\/\/diariodepe.com.br\/cri\/"},{"@type":"ListItem","position":2,"name":"Personalidades Internacionais apreciam discurso de Xi Jinping na COP 15"}]},{"@type":"WebSite","@id":"https:\/\/diariodepe.com.br\/cri\/#website","url":"https:\/\/diariodepe.com.br\/cri\/","name":"CRI e Diario de Pernambuco","description":"R\u00e1dio Internacional da China","publisher":{"@id":"https:\/\/diariodepe.com.br\/cri\/#organization"},"potentialAction":[{"@type":"SearchAction","target":{"@type":"EntryPoint","urlTemplate":"https:\/\/diariodepe.com.br\/cri\/?s={search_term_string}"},"query-input":{"@type":"PropertyValueSpecification","valueRequired":true,"valueName":"search_term_string"}}],"inLanguage":"pt-BR"},{"@type":"Organization","@id":"https:\/\/diariodepe.com.br\/cri\/#organization","name":"CRI e Diario de Pernambuco","url":"https:\/\/diariodepe.com.br\/cri\/","logo":{"@type":"ImageObject","inLanguage":"pt-BR","@id":"https:\/\/diariodepe.com.br\/cri\/#\/schema\/logo\/image\/","url":"https:\/\/diariodepe.com.br\/cri\/wp-content\/uploads\/sites\/2\/2022\/12\/cropped-Logo.jpg","contentUrl":"https:\/\/diariodepe.com.br\/cri\/wp-content\/uploads\/sites\/2\/2022\/12\/cropped-Logo.jpg","width":700,"height":59,"caption":"CRI e Diario de Pernambuco"},"image":{"@id":"https:\/\/diariodepe.com.br\/cri\/#\/schema\/logo\/image\/"}},{"@type":"Person","@id":"https:\/\/diariodepe.com.br\/cri\/#\/schema\/person\/121bb28d84f1a5b1205ef4ce9c2e0c6b","name":"Ismael Lucas S. Pereira","image":{"@type":"ImageObject","inLanguage":"pt-BR","@id":"https:\/\/secure.gravatar.com\/avatar\/887a0f3b5a7ceea963a48499fb883ffce6b5037362def025c52c2505b15d63e4?s=96&d=mm&r=g","url":"https:\/\/secure.gravatar.com\/avatar\/887a0f3b5a7ceea963a48499fb883ffce6b5037362def025c52c2505b15d63e4?s=96&d=mm&r=g","contentUrl":"https:\/\/secure.gravatar.com\/avatar\/887a0f3b5a7ceea963a48499fb883ffce6b5037362def025c52c2505b15d63e4?s=96&d=mm&r=g","caption":"Ismael Lucas S. Pereira"},"url":"https:\/\/diariodepe.com.br\/cri\/author\/ismael-lucas\/"}]}},"cc_featured_image_caption":{"caption_text":"","source_text":"","source_url":""},"amp_enabled":true,"_links":{"self":[{"href":"https:\/\/diariodepe.com.br\/cri\/wp-json\/wp\/v2\/posts\/183","targetHints":{"allow":["GET"]}}],"collection":[{"href":"https:\/\/diariodepe.com.br\/cri\/wp-json\/wp\/v2\/posts"}],"about":[{"href":"https:\/\/diariodepe.com.br\/cri\/wp-json\/wp\/v2\/types\/post"}],"author":[{"embeddable":true,"href":"https:\/\/diariodepe.com.br\/cri\/wp-json\/wp\/v2\/users\/2"}],"replies":[{"embeddable":true,"href":"https:\/\/diariodepe.com.br\/cri\/wp-json\/wp\/v2\/comments?post=183"}],"version-history":[{"count":1,"href":"https:\/\/diariodepe.com.br\/cri\/wp-json\/wp\/v2\/posts\/183\/revisions"}],"predecessor-version":[{"id":184,"href":"https:\/\/diariodepe.com.br\/cri\/wp-json\/wp\/v2\/posts\/183\/revisions\/184"}],"wp:attachment":[{"href":"https:\/\/diariodepe.com.br\/cri\/wp-json\/wp\/v2\/media?parent=183"}],"wp:term":[{"taxonomy":"category","embeddable":true,"href":"https:\/\/diariodepe.com.br\/cri\/wp-json\/wp\/v2\/categories?post=183"},{"taxonomy":"post_tag","embeddable":true,"href":"https:\/\/diariodepe.com.br\/cri\/wp-json\/wp\/v2\/tags?post=183"}],"curies":[{"name":"wp","href":"https:\/\/api.w.org\/{rel}","templated":true}]}}