{"id":1817,"date":"2023-06-25T00:22:33","date_gmt":"2023-06-25T03:22:33","guid":{"rendered":"https:\/\/diariodepe.com.br\/cri\/?p=1817"},"modified":"2023-06-25T00:22:33","modified_gmt":"2023-06-25T03:22:33","slug":"com-jamil-chade-iniciativas-globais-da-china-apresentam-novo-padrao-de-desenvolvimento","status":"publish","type":"post","link":"https:\/\/diariodepe.com.br\/cri\/2023\/06\/25\/com-jamil-chade-iniciativas-globais-da-china-apresentam-novo-padrao-de-desenvolvimento\/","title":{"rendered":"Com Jamil Chade: iniciativas globais da China apresentam novo padr\u00e3o de desenvolvimento"},"content":{"rendered":"<p>Aterrissando na China novamente depois de 17 anos, o jornalista e colunista brasileiro em Genebra, Jamil Chade, descobriu um pa\u00eds vibrante e mais acess\u00edvel para os estrangeiros, com um cen\u00e1rio totalmente diferente de antes, especialmente nessa ocasi\u00e3o excepcional de reabertura ap\u00f3s a pandemia de COVID.<\/p>\n<p>Vindo a Beijing para cobrir a visita de Lula, que foi adiada para os dias 12-15 de abril, Jamil Chade enfatizou que o Brasil necessita pensar de forma muito estrat\u00e9gica o seu relacionamento com a China, com vista que n\u00e3o somente atue como vendedor de produtos, mas que tamb\u00e9m fa\u00e7a parte da cadeia mundial de produ\u00e7\u00e3o e atraia um investimento prestigioso para a sua reindustrializa\u00e7\u00e3o.<\/p>\n<p>Neste processo, as novas institui\u00e7\u00f5es financeiras multilaterais, como o Novo Banco de Desenvolvimento e o Banco Asi\u00e1tico de Investimento em Infraestrutura, podem fornecer uma outra fonte de financiamento sem impor pre-condi\u00e7\u00f5es. \u201cAgora, a posse de Dilma Rousseff como presidente do NBD eleva a import\u00e2ncia desse \u00f3rg\u00e3o e traz boas perspectivas.\u201d<\/p>\n<p>J\u00e1 \u201co s\u00e9culo 21 ser\u00e1 definido pelo papel da China, que assume com sua ascens\u00e3o\u201d, assim observou Jamil Chade analisando as mudan\u00e7as dram\u00e1ticas que est\u00e3o sendo sentidas na disputa geopol\u00edtica. Ele apontou que o Ocidente precisa reconhecer que o crescimento do mundo agora vem da \u00c1sia. Uma vez que n\u00e3o havia transforma\u00e7\u00e3o na estrutura internacional por muitos anos, os pa\u00edses emergentes como Brasil e China demonstram cada dia mais a frustra\u00e7\u00e3o em rela\u00e7\u00e3o \u00e0 arquitetura desenhada depois da Segunda Guerra Mundial, onde suas vozes continuam ausentes.<\/p>\n<p>No entanto, o comentarista brasileiro indicou que a futura situa\u00e7\u00e3o mundial ainda n\u00e3o est\u00e1 clara e o interesse dele \u00e9 observar se o desembarque da China em outros pa\u00edses n\u00e3o os levar\u00e1 a uma nova depend\u00eancia. Confira o debate!<\/p>\n<p><iframe title=\"Com Jamil Chade: iniciativas globais da China apresentam novo padr\u00e3o de desenvolvimento\" width=\"640\" height=\"360\" src=\"https:\/\/www.youtube.com\/embed\/lHYMrmsC8n8?feature=oembed\" frameborder=\"0\" allow=\"accelerometer; autoplay; clipboard-write; encrypted-media; gyroscope; picture-in-picture; web-share\" referrerpolicy=\"strict-origin-when-cross-origin\" allowfullscreen><\/iframe><\/p>\n","protected":false},"excerpt":{"rendered":"<p>Aterrissando na China novamente depois de 17 anos, o jornalista e colunista brasileiro em Genebra, Jamil Chade, descobriu um pa\u00eds vibrante e mais acess\u00edvel para os estrangeiros, com um cen\u00e1rio totalmente diferente de antes, especialmente nessa ocasi\u00e3o excepcional de reabertura&#8230;<\/p>\n","protected":false},"author":2,"featured_media":0,"comment_status":"open","ping_status":"open","sticky":false,"template":"","format":"standard","meta":{"footnotes":""},"categories":[11],"tags":[],"class_list":["post-1817","post","type-post","status-publish","format-standard","hentry","category-videos"],"yoast_head":"<!-- This site is optimized with the Yoast SEO plugin v27.4 - https:\/\/yoast.com\/product\/yoast-seo-wordpress\/ -->\n<title>Com Jamil Chade: iniciativas globais da China apresentam novo padr\u00e3o de desenvolvimento - CRI e Diario de Pernambuco<\/title>\n<meta name=\"robots\" content=\"index, follow, max-snippet:-1, max-image-preview:large, max-video-preview:-1\" \/>\n<link rel=\"canonical\" href=\"https:\/\/diariodepe.com.br\/cri\/2023\/06\/25\/com-jamil-chade-iniciativas-globais-da-china-apresentam-novo-padrao-de-desenvolvimento\/\" \/>\n<meta property=\"og:locale\" content=\"pt_BR\" \/>\n<meta property=\"og:type\" content=\"article\" \/>\n<meta property=\"og:title\" content=\"Com Jamil Chade: iniciativas globais da China apresentam novo padr\u00e3o de desenvolvimento - CRI e Diario de Pernambuco\" \/>\n<meta property=\"og:description\" content=\"Aterrissando na China novamente depois de 17 anos, o jornalista e colunista brasileiro em Genebra, Jamil Chade, descobriu um pa\u00eds vibrante e mais acess\u00edvel para os estrangeiros, com um cen\u00e1rio totalmente diferente de antes, especialmente nessa ocasi\u00e3o excepcional de reabertura...\" \/>\n<meta property=\"og:url\" content=\"https:\/\/diariodepe.com.br\/cri\/2023\/06\/25\/com-jamil-chade-iniciativas-globais-da-china-apresentam-novo-padrao-de-desenvolvimento\/\" \/>\n<meta property=\"og:site_name\" content=\"CRI e Diario de Pernambuco\" \/>\n<meta property=\"article:published_time\" content=\"2023-06-25T03:22:33+00:00\" \/>\n<meta name=\"author\" content=\"Ismael Lucas S. Pereira\" \/>\n<meta name=\"twitter:card\" content=\"summary_large_image\" \/>\n<meta name=\"twitter:label1\" content=\"Escrito por\" \/>\n\t<meta name=\"twitter:data1\" content=\"Ismael Lucas S. Pereira\" \/>\n\t<meta name=\"twitter:label2\" content=\"Est. tempo de leitura\" \/>\n\t<meta name=\"twitter:data2\" content=\"2 minutos\" \/>\n<script type=\"application\/ld+json\" class=\"yoast-schema-graph\">{\"@context\":\"https:\\\/\\\/schema.org\",\"@graph\":[{\"@type\":\"Article\",\"@id\":\"https:\\\/\\\/diariodepe.com.br\\\/cri\\\/2023\\\/06\\\/25\\\/com-jamil-chade-iniciativas-globais-da-china-apresentam-novo-padrao-de-desenvolvimento\\\/#article\",\"isPartOf\":{\"@id\":\"https:\\\/\\\/diariodepe.com.br\\\/cri\\\/2023\\\/06\\\/25\\\/com-jamil-chade-iniciativas-globais-da-china-apresentam-novo-padrao-de-desenvolvimento\\\/\"},\"author\":{\"name\":\"Ismael Lucas S. Pereira\",\"@id\":\"https:\\\/\\\/diariodepe.com.br\\\/cri\\\/#\\\/schema\\\/person\\\/121bb28d84f1a5b1205ef4ce9c2e0c6b\"},\"headline\":\"Com Jamil Chade: iniciativas globais da China apresentam novo padr\u00e3o de desenvolvimento\",\"datePublished\":\"2023-06-25T03:22:33+00:00\",\"mainEntityOfPage\":{\"@id\":\"https:\\\/\\\/diariodepe.com.br\\\/cri\\\/2023\\\/06\\\/25\\\/com-jamil-chade-iniciativas-globais-da-china-apresentam-novo-padrao-de-desenvolvimento\\\/\"},\"wordCount\":336,\"commentCount\":0,\"publisher\":{\"@id\":\"https:\\\/\\\/diariodepe.com.br\\\/cri\\\/#organization\"},\"articleSection\":[\"V\u00eddeos\"],\"inLanguage\":\"pt-BR\",\"potentialAction\":[{\"@type\":\"CommentAction\",\"name\":\"Comment\",\"target\":[\"https:\\\/\\\/diariodepe.com.br\\\/cri\\\/2023\\\/06\\\/25\\\/com-jamil-chade-iniciativas-globais-da-china-apresentam-novo-padrao-de-desenvolvimento\\\/#respond\"]}]},{\"@type\":\"WebPage\",\"@id\":\"https:\\\/\\\/diariodepe.com.br\\\/cri\\\/2023\\\/06\\\/25\\\/com-jamil-chade-iniciativas-globais-da-china-apresentam-novo-padrao-de-desenvolvimento\\\/\",\"url\":\"https:\\\/\\\/diariodepe.com.br\\\/cri\\\/2023\\\/06\\\/25\\\/com-jamil-chade-iniciativas-globais-da-china-apresentam-novo-padrao-de-desenvolvimento\\\/\",\"name\":\"Com Jamil Chade: iniciativas globais da China apresentam novo padr\u00e3o de desenvolvimento - CRI e Diario de Pernambuco\",\"isPartOf\":{\"@id\":\"https:\\\/\\\/diariodepe.com.br\\\/cri\\\/#website\"},\"datePublished\":\"2023-06-25T03:22:33+00:00\",\"breadcrumb\":{\"@id\":\"https:\\\/\\\/diariodepe.com.br\\\/cri\\\/2023\\\/06\\\/25\\\/com-jamil-chade-iniciativas-globais-da-china-apresentam-novo-padrao-de-desenvolvimento\\\/#breadcrumb\"},\"inLanguage\":\"pt-BR\",\"potentialAction\":[{\"@type\":\"ReadAction\",\"target\":[\"https:\\\/\\\/diariodepe.com.br\\\/cri\\\/2023\\\/06\\\/25\\\/com-jamil-chade-iniciativas-globais-da-china-apresentam-novo-padrao-de-desenvolvimento\\\/\"]}]},{\"@type\":\"BreadcrumbList\",\"@id\":\"https:\\\/\\\/diariodepe.com.br\\\/cri\\\/2023\\\/06\\\/25\\\/com-jamil-chade-iniciativas-globais-da-china-apresentam-novo-padrao-de-desenvolvimento\\\/#breadcrumb\",\"itemListElement\":[{\"@type\":\"ListItem\",\"position\":1,\"name\":\"In\u00edcio\",\"item\":\"https:\\\/\\\/diariodepe.com.br\\\/cri\\\/\"},{\"@type\":\"ListItem\",\"position\":2,\"name\":\"Com Jamil Chade: iniciativas globais da China apresentam novo padr\u00e3o de desenvolvimento\"}]},{\"@type\":\"WebSite\",\"@id\":\"https:\\\/\\\/diariodepe.com.br\\\/cri\\\/#website\",\"url\":\"https:\\\/\\\/diariodepe.com.br\\\/cri\\\/\",\"name\":\"CRI e Diario de Pernambuco\",\"description\":\"R\u00e1dio Internacional da China\",\"publisher\":{\"@id\":\"https:\\\/\\\/diariodepe.com.br\\\/cri\\\/#organization\"},\"potentialAction\":[{\"@type\":\"SearchAction\",\"target\":{\"@type\":\"EntryPoint\",\"urlTemplate\":\"https:\\\/\\\/diariodepe.com.br\\\/cri\\\/?s={search_term_string}\"},\"query-input\":{\"@type\":\"PropertyValueSpecification\",\"valueRequired\":true,\"valueName\":\"search_term_string\"}}],\"inLanguage\":\"pt-BR\"},{\"@type\":\"Organization\",\"@id\":\"https:\\\/\\\/diariodepe.com.br\\\/cri\\\/#organization\",\"name\":\"CRI e Diario de Pernambuco\",\"url\":\"https:\\\/\\\/diariodepe.com.br\\\/cri\\\/\",\"logo\":{\"@type\":\"ImageObject\",\"inLanguage\":\"pt-BR\",\"@id\":\"https:\\\/\\\/diariodepe.com.br\\\/cri\\\/#\\\/schema\\\/logo\\\/image\\\/\",\"url\":\"https:\\\/\\\/diariodepe.com.br\\\/cri\\\/wp-content\\\/uploads\\\/sites\\\/2\\\/2022\\\/12\\\/cropped-Logo.jpg\",\"contentUrl\":\"https:\\\/\\\/diariodepe.com.br\\\/cri\\\/wp-content\\\/uploads\\\/sites\\\/2\\\/2022\\\/12\\\/cropped-Logo.jpg\",\"width\":700,\"height\":59,\"caption\":\"CRI e Diario de Pernambuco\"},\"image\":{\"@id\":\"https:\\\/\\\/diariodepe.com.br\\\/cri\\\/#\\\/schema\\\/logo\\\/image\\\/\"}},{\"@type\":\"Person\",\"@id\":\"https:\\\/\\\/diariodepe.com.br\\\/cri\\\/#\\\/schema\\\/person\\\/121bb28d84f1a5b1205ef4ce9c2e0c6b\",\"name\":\"Ismael Lucas S. Pereira\",\"image\":{\"@type\":\"ImageObject\",\"inLanguage\":\"pt-BR\",\"@id\":\"https:\\\/\\\/secure.gravatar.com\\\/avatar\\\/887a0f3b5a7ceea963a48499fb883ffce6b5037362def025c52c2505b15d63e4?s=96&d=mm&r=g\",\"url\":\"https:\\\/\\\/secure.gravatar.com\\\/avatar\\\/887a0f3b5a7ceea963a48499fb883ffce6b5037362def025c52c2505b15d63e4?s=96&d=mm&r=g\",\"contentUrl\":\"https:\\\/\\\/secure.gravatar.com\\\/avatar\\\/887a0f3b5a7ceea963a48499fb883ffce6b5037362def025c52c2505b15d63e4?s=96&d=mm&r=g\",\"caption\":\"Ismael Lucas S. Pereira\"},\"url\":\"https:\\\/\\\/diariodepe.com.br\\\/cri\\\/author\\\/ismael-lucas\\\/\"}]}<\/script>\n<!-- \/ Yoast SEO plugin. -->","yoast_head_json":{"title":"Com Jamil Chade: iniciativas globais da China apresentam novo padr\u00e3o de desenvolvimento - CRI e Diario de Pernambuco","robots":{"index":"index","follow":"follow","max-snippet":"max-snippet:-1","max-image-preview":"max-image-preview:large","max-video-preview":"max-video-preview:-1"},"canonical":"https:\/\/diariodepe.com.br\/cri\/2023\/06\/25\/com-jamil-chade-iniciativas-globais-da-china-apresentam-novo-padrao-de-desenvolvimento\/","og_locale":"pt_BR","og_type":"article","og_title":"Com Jamil Chade: iniciativas globais da China apresentam novo padr\u00e3o de desenvolvimento - CRI e Diario de Pernambuco","og_description":"Aterrissando na China novamente depois de 17 anos, o jornalista e colunista brasileiro em Genebra, Jamil Chade, descobriu um pa\u00eds vibrante e mais acess\u00edvel para os estrangeiros, com um cen\u00e1rio totalmente diferente de antes, especialmente nessa ocasi\u00e3o excepcional de reabertura...","og_url":"https:\/\/diariodepe.com.br\/cri\/2023\/06\/25\/com-jamil-chade-iniciativas-globais-da-china-apresentam-novo-padrao-de-desenvolvimento\/","og_site_name":"CRI e Diario de Pernambuco","article_published_time":"2023-06-25T03:22:33+00:00","author":"Ismael Lucas S. Pereira","twitter_card":"summary_large_image","twitter_misc":{"Escrito por":"Ismael Lucas S. Pereira","Est. tempo de leitura":"2 minutos"},"schema":{"@context":"https:\/\/schema.org","@graph":[{"@type":"Article","@id":"https:\/\/diariodepe.com.br\/cri\/2023\/06\/25\/com-jamil-chade-iniciativas-globais-da-china-apresentam-novo-padrao-de-desenvolvimento\/#article","isPartOf":{"@id":"https:\/\/diariodepe.com.br\/cri\/2023\/06\/25\/com-jamil-chade-iniciativas-globais-da-china-apresentam-novo-padrao-de-desenvolvimento\/"},"author":{"name":"Ismael Lucas S. Pereira","@id":"https:\/\/diariodepe.com.br\/cri\/#\/schema\/person\/121bb28d84f1a5b1205ef4ce9c2e0c6b"},"headline":"Com Jamil Chade: iniciativas globais da China apresentam novo padr\u00e3o de desenvolvimento","datePublished":"2023-06-25T03:22:33+00:00","mainEntityOfPage":{"@id":"https:\/\/diariodepe.com.br\/cri\/2023\/06\/25\/com-jamil-chade-iniciativas-globais-da-china-apresentam-novo-padrao-de-desenvolvimento\/"},"wordCount":336,"commentCount":0,"publisher":{"@id":"https:\/\/diariodepe.com.br\/cri\/#organization"},"articleSection":["V\u00eddeos"],"inLanguage":"pt-BR","potentialAction":[{"@type":"CommentAction","name":"Comment","target":["https:\/\/diariodepe.com.br\/cri\/2023\/06\/25\/com-jamil-chade-iniciativas-globais-da-china-apresentam-novo-padrao-de-desenvolvimento\/#respond"]}]},{"@type":"WebPage","@id":"https:\/\/diariodepe.com.br\/cri\/2023\/06\/25\/com-jamil-chade-iniciativas-globais-da-china-apresentam-novo-padrao-de-desenvolvimento\/","url":"https:\/\/diariodepe.com.br\/cri\/2023\/06\/25\/com-jamil-chade-iniciativas-globais-da-china-apresentam-novo-padrao-de-desenvolvimento\/","name":"Com Jamil Chade: iniciativas globais da China apresentam novo padr\u00e3o de desenvolvimento - CRI e Diario de Pernambuco","isPartOf":{"@id":"https:\/\/diariodepe.com.br\/cri\/#website"},"datePublished":"2023-06-25T03:22:33+00:00","breadcrumb":{"@id":"https:\/\/diariodepe.com.br\/cri\/2023\/06\/25\/com-jamil-chade-iniciativas-globais-da-china-apresentam-novo-padrao-de-desenvolvimento\/#breadcrumb"},"inLanguage":"pt-BR","potentialAction":[{"@type":"ReadAction","target":["https:\/\/diariodepe.com.br\/cri\/2023\/06\/25\/com-jamil-chade-iniciativas-globais-da-china-apresentam-novo-padrao-de-desenvolvimento\/"]}]},{"@type":"BreadcrumbList","@id":"https:\/\/diariodepe.com.br\/cri\/2023\/06\/25\/com-jamil-chade-iniciativas-globais-da-china-apresentam-novo-padrao-de-desenvolvimento\/#breadcrumb","itemListElement":[{"@type":"ListItem","position":1,"name":"In\u00edcio","item":"https:\/\/diariodepe.com.br\/cri\/"},{"@type":"ListItem","position":2,"name":"Com Jamil Chade: iniciativas globais da China apresentam novo padr\u00e3o de desenvolvimento"}]},{"@type":"WebSite","@id":"https:\/\/diariodepe.com.br\/cri\/#website","url":"https:\/\/diariodepe.com.br\/cri\/","name":"CRI e Diario de Pernambuco","description":"R\u00e1dio Internacional da China","publisher":{"@id":"https:\/\/diariodepe.com.br\/cri\/#organization"},"potentialAction":[{"@type":"SearchAction","target":{"@type":"EntryPoint","urlTemplate":"https:\/\/diariodepe.com.br\/cri\/?s={search_term_string}"},"query-input":{"@type":"PropertyValueSpecification","valueRequired":true,"valueName":"search_term_string"}}],"inLanguage":"pt-BR"},{"@type":"Organization","@id":"https:\/\/diariodepe.com.br\/cri\/#organization","name":"CRI e Diario de Pernambuco","url":"https:\/\/diariodepe.com.br\/cri\/","logo":{"@type":"ImageObject","inLanguage":"pt-BR","@id":"https:\/\/diariodepe.com.br\/cri\/#\/schema\/logo\/image\/","url":"https:\/\/diariodepe.com.br\/cri\/wp-content\/uploads\/sites\/2\/2022\/12\/cropped-Logo.jpg","contentUrl":"https:\/\/diariodepe.com.br\/cri\/wp-content\/uploads\/sites\/2\/2022\/12\/cropped-Logo.jpg","width":700,"height":59,"caption":"CRI e Diario de Pernambuco"},"image":{"@id":"https:\/\/diariodepe.com.br\/cri\/#\/schema\/logo\/image\/"}},{"@type":"Person","@id":"https:\/\/diariodepe.com.br\/cri\/#\/schema\/person\/121bb28d84f1a5b1205ef4ce9c2e0c6b","name":"Ismael Lucas S. Pereira","image":{"@type":"ImageObject","inLanguage":"pt-BR","@id":"https:\/\/secure.gravatar.com\/avatar\/887a0f3b5a7ceea963a48499fb883ffce6b5037362def025c52c2505b15d63e4?s=96&d=mm&r=g","url":"https:\/\/secure.gravatar.com\/avatar\/887a0f3b5a7ceea963a48499fb883ffce6b5037362def025c52c2505b15d63e4?s=96&d=mm&r=g","contentUrl":"https:\/\/secure.gravatar.com\/avatar\/887a0f3b5a7ceea963a48499fb883ffce6b5037362def025c52c2505b15d63e4?s=96&d=mm&r=g","caption":"Ismael Lucas S. Pereira"},"url":"https:\/\/diariodepe.com.br\/cri\/author\/ismael-lucas\/"}]}},"cc_featured_image_caption":{"caption_text":false,"source_text":false,"source_url":false},"amp_enabled":true,"_links":{"self":[{"href":"https:\/\/diariodepe.com.br\/cri\/wp-json\/wp\/v2\/posts\/1817","targetHints":{"allow":["GET"]}}],"collection":[{"href":"https:\/\/diariodepe.com.br\/cri\/wp-json\/wp\/v2\/posts"}],"about":[{"href":"https:\/\/diariodepe.com.br\/cri\/wp-json\/wp\/v2\/types\/post"}],"author":[{"embeddable":true,"href":"https:\/\/diariodepe.com.br\/cri\/wp-json\/wp\/v2\/users\/2"}],"replies":[{"embeddable":true,"href":"https:\/\/diariodepe.com.br\/cri\/wp-json\/wp\/v2\/comments?post=1817"}],"version-history":[{"count":1,"href":"https:\/\/diariodepe.com.br\/cri\/wp-json\/wp\/v2\/posts\/1817\/revisions"}],"predecessor-version":[{"id":1818,"href":"https:\/\/diariodepe.com.br\/cri\/wp-json\/wp\/v2\/posts\/1817\/revisions\/1818"}],"wp:attachment":[{"href":"https:\/\/diariodepe.com.br\/cri\/wp-json\/wp\/v2\/media?parent=1817"}],"wp:term":[{"taxonomy":"category","embeddable":true,"href":"https:\/\/diariodepe.com.br\/cri\/wp-json\/wp\/v2\/categories?post=1817"},{"taxonomy":"post_tag","embeddable":true,"href":"https:\/\/diariodepe.com.br\/cri\/wp-json\/wp\/v2\/tags?post=1817"}],"curies":[{"name":"wp","href":"https:\/\/api.w.org\/{rel}","templated":true}]}}