{"id":180,"date":"2022-12-19T00:49:05","date_gmt":"2022-12-19T03:49:05","guid":{"rendered":"https:\/\/diariodepe.com.br\/cri\/?p=180"},"modified":"2022-12-19T00:49:06","modified_gmt":"2022-12-19T03:49:06","slug":"comentario-conferencia-central-de-trabalho-economico-da-china-oferece-oportunidades-para-o-mundo","status":"publish","type":"post","link":"https:\/\/diariodepe.com.br\/cri\/2022\/12\/19\/comentario-conferencia-central-de-trabalho-economico-da-china-oferece-oportunidades-para-o-mundo\/","title":{"rendered":"<strong>Coment\u00e1rio: Confer\u00eancia Central de Trabalho Econ\u00f4mico da China oferece oportunidades para o mundo<\/strong>"},"content":{"rendered":"\n<p>A Confer\u00eancia Central de Trabalho Econ\u00f4mico, que ocorre anualmente, foi realizada em Beijing de quinta a sexta-feira, quando os l\u00edderes chineses decidiram as prioridades para o trabalho econ\u00f4mico em 2023. A reuni\u00e3o deu bons sinais para o mundo inteiro.<\/p>\n\n\n\n<p>A reuni\u00e3o teve como requisito fazer da estabilidade econ\u00f4mica prioridade m\u00e1xima, buscar progressos constantes e garantir, ao mesmo tempo, a estabilidade econ\u00f4mica para o pr\u00f3ximo ano. Devido a diversos fatores negativos, o desenvolvimento da economia mundial em 2022 foi bem desacelerado e a previs\u00e3o para 2023 tamb\u00e9m n\u00e3o \u00e9 otimista. A perspectiva do Banco Mundial para o crescimento da economia global em 2023 diminuiu de 3%, feita em seis meses atr\u00e1s, para atualmente 1,9%. Neste contexto, \u00e9 muito importante que a China, como a segunda maior economia do mundo, mantenha sua estabilidade econ\u00f4mica.<\/p>\n\n\n\n<p>De fato, a economia chinesa ainda enfrenta muitos desafios, tais como um alicerce relativamente fr\u00e1gil para a recupera\u00e7\u00e3o econ\u00f4mica e grande press\u00e3o de desacelera\u00e7\u00e3o. No entanto, a reuni\u00e3o indicou que a economia da China \u00e9 cheia de resili\u00eancia,&nbsp; potencialidade e vitalidade. Prev\u00ea-se que no pr\u00f3ximo ano, a economia poder\u00e1 se recuperar em todos os aspectos.<\/p>\n\n\n\n<p>A reuni\u00e3o enfatizou a boa coordena\u00e7\u00e3o em seis setores, e principalmente, uma melhor coordena\u00e7\u00e3o da preven\u00e7\u00e3o e controle da epidemia com o desenvolvimento econ\u00f4mico e social. Isso significa que a recupera\u00e7\u00e3o da economia chinesa poder\u00e1 ser acelerada, injetando mais energia positiva na economia mundial.<\/p>\n\n\n\n<p>A reuni\u00e3o enfatizou que o desenvolvimento de alta qualidade \u00e9 a tarefa priorit\u00e1ria da constru\u00e7\u00e3o integral da na\u00e7\u00e3o socialista moderna. Neste contexto, a inova\u00e7\u00e3o \u00e9 a for\u00e7a motriz mais importante. Segundo o relat\u00f3rio sobre \u00edndices de inova\u00e7\u00e3o divulgado pela Organiza\u00e7\u00e3o Mundial da Propriedade Intelectual em setembro, a China est\u00e1 no 11\u00ba lugar, e o pa\u00eds n\u00e3o parou de avan\u00e7ar neste ranking nos \u00faltimos dez anos.<\/p>\n\n\n\n<p>A reuni\u00e3o sublinhou a pesquisa e a aplica\u00e7\u00e3o de tecnologias de ponta, como novas energias, intelig\u00eancia artificial, fabrica\u00e7\u00e3o biol\u00f3gica, baixo carbono e computa\u00e7\u00e3o qu\u00e2ntica, o que \u00e9 uma boa not\u00edcia para as empresas de altas e novas tecnologias do mundo.<\/p>\n\n\n\n<p>A abertura \u00e9 outra informa\u00e7\u00e3o revelada pela reuni\u00e3o. Segundo a qual, a China persistir\u00e1 na abertura de alto n\u00edvel para atrair mais investimentos estrangeiros, ampliar o acesso ao mercado, promover a abertura de ind\u00fastrias de servi\u00e7os modernos e conceder tratamento nacional \u00e0s empresas com financiamento estrangeiro.<\/p>\n\n\n\n<p>A China ainda buscar\u00e1 ativamente se juntar aos acordos econ\u00f4micos e comerciais de alto padr\u00e3o, como o Acordo Abrangente e Progressivo para a Parceria Transpac\u00edfica e o Acordo de Parceria da Economia Digital.<\/p>\n","protected":false},"excerpt":{"rendered":"<p>A Confer\u00eancia Central de Trabalho Econ\u00f4mico, que ocorre anualmente, foi realizada em Beijing de quinta a sexta-feira, quando os l\u00edderes chineses decidiram as prioridades para o trabalho econ\u00f4mico em 2023. A reuni\u00e3o deu bons sinais para o mundo inteiro. A&#8230;<\/p>\n","protected":false},"author":2,"featured_media":181,"comment_status":"open","ping_status":"open","sticky":false,"template":"","format":"standard","meta":{"footnotes":""},"categories":[7],"tags":[],"class_list":["post-180","post","type-post","status-publish","format-standard","has-post-thumbnail","hentry","category-visao"],"yoast_head":"<!-- This site is optimized with the Yoast SEO plugin v27.4 - https:\/\/yoast.com\/product\/yoast-seo-wordpress\/ -->\n<title>Coment\u00e1rio: Confer\u00eancia Central de Trabalho Econ\u00f4mico da China oferece oportunidades para o mundo - CRI e Diario de Pernambuco<\/title>\n<meta name=\"robots\" content=\"index, follow, max-snippet:-1, max-image-preview:large, max-video-preview:-1\" \/>\n<link rel=\"canonical\" href=\"https:\/\/diariodepe.com.br\/cri\/2022\/12\/19\/comentario-conferencia-central-de-trabalho-economico-da-china-oferece-oportunidades-para-o-mundo\/\" \/>\n<meta property=\"og:locale\" content=\"pt_BR\" \/>\n<meta property=\"og:type\" content=\"article\" \/>\n<meta property=\"og:title\" content=\"Coment\u00e1rio: Confer\u00eancia Central de Trabalho Econ\u00f4mico da China oferece oportunidades para o mundo - CRI e Diario de Pernambuco\" \/>\n<meta property=\"og:description\" content=\"A Confer\u00eancia Central de Trabalho Econ\u00f4mico, que ocorre anualmente, foi realizada em Beijing de quinta a sexta-feira, quando os l\u00edderes chineses decidiram as prioridades para o trabalho econ\u00f4mico em 2023. A reuni\u00e3o deu bons sinais para o mundo inteiro. A...\" \/>\n<meta property=\"og:url\" content=\"https:\/\/diariodepe.com.br\/cri\/2022\/12\/19\/comentario-conferencia-central-de-trabalho-economico-da-china-oferece-oportunidades-para-o-mundo\/\" \/>\n<meta property=\"og:site_name\" content=\"CRI e Diario de Pernambuco\" \/>\n<meta property=\"article:published_time\" content=\"2022-12-19T03:49:05+00:00\" \/>\n<meta property=\"article:modified_time\" content=\"2022-12-19T03:49:06+00:00\" \/>\n<meta property=\"og:image\" content=\"https:\/\/diariodepe.com.br\/cri\/wp-content\/uploads\/sites\/2\/2022\/12\/rBABCWOdmi-AVq7aAAAAAAAAAAA236.1000x563.jpg\" \/>\n\t<meta property=\"og:image:width\" content=\"1000\" \/>\n\t<meta property=\"og:image:height\" content=\"563\" \/>\n\t<meta property=\"og:image:type\" content=\"image\/jpeg\" \/>\n<meta name=\"author\" content=\"Ismael Lucas S. Pereira\" \/>\n<meta name=\"twitter:card\" content=\"summary_large_image\" \/>\n<meta name=\"twitter:label1\" content=\"Escrito por\" \/>\n\t<meta name=\"twitter:data1\" content=\"Ismael Lucas S. Pereira\" \/>\n\t<meta name=\"twitter:label2\" content=\"Est. tempo de leitura\" \/>\n\t<meta name=\"twitter:data2\" content=\"3 minutos\" \/>\n<script type=\"application\/ld+json\" class=\"yoast-schema-graph\">{\"@context\":\"https:\\\/\\\/schema.org\",\"@graph\":[{\"@type\":\"Article\",\"@id\":\"https:\\\/\\\/diariodepe.com.br\\\/cri\\\/2022\\\/12\\\/19\\\/comentario-conferencia-central-de-trabalho-economico-da-china-oferece-oportunidades-para-o-mundo\\\/#article\",\"isPartOf\":{\"@id\":\"https:\\\/\\\/diariodepe.com.br\\\/cri\\\/2022\\\/12\\\/19\\\/comentario-conferencia-central-de-trabalho-economico-da-china-oferece-oportunidades-para-o-mundo\\\/\"},\"author\":{\"name\":\"Ismael Lucas S. Pereira\",\"@id\":\"https:\\\/\\\/diariodepe.com.br\\\/cri\\\/#\\\/schema\\\/person\\\/121bb28d84f1a5b1205ef4ce9c2e0c6b\"},\"headline\":\"Coment\u00e1rio: Confer\u00eancia Central de Trabalho Econ\u00f4mico da China oferece oportunidades para o mundo\",\"datePublished\":\"2022-12-19T03:49:05+00:00\",\"dateModified\":\"2022-12-19T03:49:06+00:00\",\"mainEntityOfPage\":{\"@id\":\"https:\\\/\\\/diariodepe.com.br\\\/cri\\\/2022\\\/12\\\/19\\\/comentario-conferencia-central-de-trabalho-economico-da-china-oferece-oportunidades-para-o-mundo\\\/\"},\"wordCount\":476,\"commentCount\":0,\"publisher\":{\"@id\":\"https:\\\/\\\/diariodepe.com.br\\\/cri\\\/#organization\"},\"image\":{\"@id\":\"https:\\\/\\\/diariodepe.com.br\\\/cri\\\/2022\\\/12\\\/19\\\/comentario-conferencia-central-de-trabalho-economico-da-china-oferece-oportunidades-para-o-mundo\\\/#primaryimage\"},\"thumbnailUrl\":\"https:\\\/\\\/diariodepe.com.br\\\/cri\\\/wp-content\\\/uploads\\\/sites\\\/2\\\/2022\\\/12\\\/rBABCWOdmi-AVq7aAAAAAAAAAAA236.1000x563.jpg\",\"articleSection\":[\"Vis\u00e3o\"],\"inLanguage\":\"pt-BR\",\"potentialAction\":[{\"@type\":\"CommentAction\",\"name\":\"Comment\",\"target\":[\"https:\\\/\\\/diariodepe.com.br\\\/cri\\\/2022\\\/12\\\/19\\\/comentario-conferencia-central-de-trabalho-economico-da-china-oferece-oportunidades-para-o-mundo\\\/#respond\"]}]},{\"@type\":\"WebPage\",\"@id\":\"https:\\\/\\\/diariodepe.com.br\\\/cri\\\/2022\\\/12\\\/19\\\/comentario-conferencia-central-de-trabalho-economico-da-china-oferece-oportunidades-para-o-mundo\\\/\",\"url\":\"https:\\\/\\\/diariodepe.com.br\\\/cri\\\/2022\\\/12\\\/19\\\/comentario-conferencia-central-de-trabalho-economico-da-china-oferece-oportunidades-para-o-mundo\\\/\",\"name\":\"Coment\u00e1rio: Confer\u00eancia Central de Trabalho Econ\u00f4mico da China oferece oportunidades para o mundo - CRI e Diario de Pernambuco\",\"isPartOf\":{\"@id\":\"https:\\\/\\\/diariodepe.com.br\\\/cri\\\/#website\"},\"primaryImageOfPage\":{\"@id\":\"https:\\\/\\\/diariodepe.com.br\\\/cri\\\/2022\\\/12\\\/19\\\/comentario-conferencia-central-de-trabalho-economico-da-china-oferece-oportunidades-para-o-mundo\\\/#primaryimage\"},\"image\":{\"@id\":\"https:\\\/\\\/diariodepe.com.br\\\/cri\\\/2022\\\/12\\\/19\\\/comentario-conferencia-central-de-trabalho-economico-da-china-oferece-oportunidades-para-o-mundo\\\/#primaryimage\"},\"thumbnailUrl\":\"https:\\\/\\\/diariodepe.com.br\\\/cri\\\/wp-content\\\/uploads\\\/sites\\\/2\\\/2022\\\/12\\\/rBABCWOdmi-AVq7aAAAAAAAAAAA236.1000x563.jpg\",\"datePublished\":\"2022-12-19T03:49:05+00:00\",\"dateModified\":\"2022-12-19T03:49:06+00:00\",\"breadcrumb\":{\"@id\":\"https:\\\/\\\/diariodepe.com.br\\\/cri\\\/2022\\\/12\\\/19\\\/comentario-conferencia-central-de-trabalho-economico-da-china-oferece-oportunidades-para-o-mundo\\\/#breadcrumb\"},\"inLanguage\":\"pt-BR\",\"potentialAction\":[{\"@type\":\"ReadAction\",\"target\":[\"https:\\\/\\\/diariodepe.com.br\\\/cri\\\/2022\\\/12\\\/19\\\/comentario-conferencia-central-de-trabalho-economico-da-china-oferece-oportunidades-para-o-mundo\\\/\"]}]},{\"@type\":\"ImageObject\",\"inLanguage\":\"pt-BR\",\"@id\":\"https:\\\/\\\/diariodepe.com.br\\\/cri\\\/2022\\\/12\\\/19\\\/comentario-conferencia-central-de-trabalho-economico-da-china-oferece-oportunidades-para-o-mundo\\\/#primaryimage\",\"url\":\"https:\\\/\\\/diariodepe.com.br\\\/cri\\\/wp-content\\\/uploads\\\/sites\\\/2\\\/2022\\\/12\\\/rBABCWOdmi-AVq7aAAAAAAAAAAA236.1000x563.jpg\",\"contentUrl\":\"https:\\\/\\\/diariodepe.com.br\\\/cri\\\/wp-content\\\/uploads\\\/sites\\\/2\\\/2022\\\/12\\\/rBABCWOdmi-AVq7aAAAAAAAAAAA236.1000x563.jpg\",\"width\":1000,\"height\":563},{\"@type\":\"BreadcrumbList\",\"@id\":\"https:\\\/\\\/diariodepe.com.br\\\/cri\\\/2022\\\/12\\\/19\\\/comentario-conferencia-central-de-trabalho-economico-da-china-oferece-oportunidades-para-o-mundo\\\/#breadcrumb\",\"itemListElement\":[{\"@type\":\"ListItem\",\"position\":1,\"name\":\"In\u00edcio\",\"item\":\"https:\\\/\\\/diariodepe.com.br\\\/cri\\\/\"},{\"@type\":\"ListItem\",\"position\":2,\"name\":\"Coment\u00e1rio: Confer\u00eancia Central de Trabalho Econ\u00f4mico da China oferece oportunidades para o mundo\"}]},{\"@type\":\"WebSite\",\"@id\":\"https:\\\/\\\/diariodepe.com.br\\\/cri\\\/#website\",\"url\":\"https:\\\/\\\/diariodepe.com.br\\\/cri\\\/\",\"name\":\"CRI e Diario de Pernambuco\",\"description\":\"R\u00e1dio Internacional da China\",\"publisher\":{\"@id\":\"https:\\\/\\\/diariodepe.com.br\\\/cri\\\/#organization\"},\"potentialAction\":[{\"@type\":\"SearchAction\",\"target\":{\"@type\":\"EntryPoint\",\"urlTemplate\":\"https:\\\/\\\/diariodepe.com.br\\\/cri\\\/?s={search_term_string}\"},\"query-input\":{\"@type\":\"PropertyValueSpecification\",\"valueRequired\":true,\"valueName\":\"search_term_string\"}}],\"inLanguage\":\"pt-BR\"},{\"@type\":\"Organization\",\"@id\":\"https:\\\/\\\/diariodepe.com.br\\\/cri\\\/#organization\",\"name\":\"CRI e Diario de Pernambuco\",\"url\":\"https:\\\/\\\/diariodepe.com.br\\\/cri\\\/\",\"logo\":{\"@type\":\"ImageObject\",\"inLanguage\":\"pt-BR\",\"@id\":\"https:\\\/\\\/diariodepe.com.br\\\/cri\\\/#\\\/schema\\\/logo\\\/image\\\/\",\"url\":\"https:\\\/\\\/diariodepe.com.br\\\/cri\\\/wp-content\\\/uploads\\\/sites\\\/2\\\/2022\\\/12\\\/cropped-Logo.jpg\",\"contentUrl\":\"https:\\\/\\\/diariodepe.com.br\\\/cri\\\/wp-content\\\/uploads\\\/sites\\\/2\\\/2022\\\/12\\\/cropped-Logo.jpg\",\"width\":700,\"height\":59,\"caption\":\"CRI e Diario de Pernambuco\"},\"image\":{\"@id\":\"https:\\\/\\\/diariodepe.com.br\\\/cri\\\/#\\\/schema\\\/logo\\\/image\\\/\"}},{\"@type\":\"Person\",\"@id\":\"https:\\\/\\\/diariodepe.com.br\\\/cri\\\/#\\\/schema\\\/person\\\/121bb28d84f1a5b1205ef4ce9c2e0c6b\",\"name\":\"Ismael Lucas S. Pereira\",\"image\":{\"@type\":\"ImageObject\",\"inLanguage\":\"pt-BR\",\"@id\":\"https:\\\/\\\/secure.gravatar.com\\\/avatar\\\/887a0f3b5a7ceea963a48499fb883ffce6b5037362def025c52c2505b15d63e4?s=96&d=mm&r=g\",\"url\":\"https:\\\/\\\/secure.gravatar.com\\\/avatar\\\/887a0f3b5a7ceea963a48499fb883ffce6b5037362def025c52c2505b15d63e4?s=96&d=mm&r=g\",\"contentUrl\":\"https:\\\/\\\/secure.gravatar.com\\\/avatar\\\/887a0f3b5a7ceea963a48499fb883ffce6b5037362def025c52c2505b15d63e4?s=96&d=mm&r=g\",\"caption\":\"Ismael Lucas S. Pereira\"},\"url\":\"https:\\\/\\\/diariodepe.com.br\\\/cri\\\/author\\\/ismael-lucas\\\/\"}]}<\/script>\n<!-- \/ Yoast SEO plugin. -->","yoast_head_json":{"title":"Coment\u00e1rio: Confer\u00eancia Central de Trabalho Econ\u00f4mico da China oferece oportunidades para o mundo - CRI e Diario de Pernambuco","robots":{"index":"index","follow":"follow","max-snippet":"max-snippet:-1","max-image-preview":"max-image-preview:large","max-video-preview":"max-video-preview:-1"},"canonical":"https:\/\/diariodepe.com.br\/cri\/2022\/12\/19\/comentario-conferencia-central-de-trabalho-economico-da-china-oferece-oportunidades-para-o-mundo\/","og_locale":"pt_BR","og_type":"article","og_title":"Coment\u00e1rio: Confer\u00eancia Central de Trabalho Econ\u00f4mico da China oferece oportunidades para o mundo - CRI e Diario de Pernambuco","og_description":"A Confer\u00eancia Central de Trabalho Econ\u00f4mico, que ocorre anualmente, foi realizada em Beijing de quinta a sexta-feira, quando os l\u00edderes chineses decidiram as prioridades para o trabalho econ\u00f4mico em 2023. A reuni\u00e3o deu bons sinais para o mundo inteiro. A...","og_url":"https:\/\/diariodepe.com.br\/cri\/2022\/12\/19\/comentario-conferencia-central-de-trabalho-economico-da-china-oferece-oportunidades-para-o-mundo\/","og_site_name":"CRI e Diario de Pernambuco","article_published_time":"2022-12-19T03:49:05+00:00","article_modified_time":"2022-12-19T03:49:06+00:00","og_image":[{"width":1000,"height":563,"url":"https:\/\/diariodepe.com.br\/cri\/wp-content\/uploads\/sites\/2\/2022\/12\/rBABCWOdmi-AVq7aAAAAAAAAAAA236.1000x563.jpg","type":"image\/jpeg"}],"author":"Ismael Lucas S. Pereira","twitter_card":"summary_large_image","twitter_misc":{"Escrito por":"Ismael Lucas S. Pereira","Est. tempo de leitura":"3 minutos"},"schema":{"@context":"https:\/\/schema.org","@graph":[{"@type":"Article","@id":"https:\/\/diariodepe.com.br\/cri\/2022\/12\/19\/comentario-conferencia-central-de-trabalho-economico-da-china-oferece-oportunidades-para-o-mundo\/#article","isPartOf":{"@id":"https:\/\/diariodepe.com.br\/cri\/2022\/12\/19\/comentario-conferencia-central-de-trabalho-economico-da-china-oferece-oportunidades-para-o-mundo\/"},"author":{"name":"Ismael Lucas S. Pereira","@id":"https:\/\/diariodepe.com.br\/cri\/#\/schema\/person\/121bb28d84f1a5b1205ef4ce9c2e0c6b"},"headline":"Coment\u00e1rio: Confer\u00eancia Central de Trabalho Econ\u00f4mico da China oferece oportunidades para o mundo","datePublished":"2022-12-19T03:49:05+00:00","dateModified":"2022-12-19T03:49:06+00:00","mainEntityOfPage":{"@id":"https:\/\/diariodepe.com.br\/cri\/2022\/12\/19\/comentario-conferencia-central-de-trabalho-economico-da-china-oferece-oportunidades-para-o-mundo\/"},"wordCount":476,"commentCount":0,"publisher":{"@id":"https:\/\/diariodepe.com.br\/cri\/#organization"},"image":{"@id":"https:\/\/diariodepe.com.br\/cri\/2022\/12\/19\/comentario-conferencia-central-de-trabalho-economico-da-china-oferece-oportunidades-para-o-mundo\/#primaryimage"},"thumbnailUrl":"https:\/\/diariodepe.com.br\/cri\/wp-content\/uploads\/sites\/2\/2022\/12\/rBABCWOdmi-AVq7aAAAAAAAAAAA236.1000x563.jpg","articleSection":["Vis\u00e3o"],"inLanguage":"pt-BR","potentialAction":[{"@type":"CommentAction","name":"Comment","target":["https:\/\/diariodepe.com.br\/cri\/2022\/12\/19\/comentario-conferencia-central-de-trabalho-economico-da-china-oferece-oportunidades-para-o-mundo\/#respond"]}]},{"@type":"WebPage","@id":"https:\/\/diariodepe.com.br\/cri\/2022\/12\/19\/comentario-conferencia-central-de-trabalho-economico-da-china-oferece-oportunidades-para-o-mundo\/","url":"https:\/\/diariodepe.com.br\/cri\/2022\/12\/19\/comentario-conferencia-central-de-trabalho-economico-da-china-oferece-oportunidades-para-o-mundo\/","name":"Coment\u00e1rio: Confer\u00eancia Central de Trabalho Econ\u00f4mico da China oferece oportunidades para o mundo - CRI e Diario de Pernambuco","isPartOf":{"@id":"https:\/\/diariodepe.com.br\/cri\/#website"},"primaryImageOfPage":{"@id":"https:\/\/diariodepe.com.br\/cri\/2022\/12\/19\/comentario-conferencia-central-de-trabalho-economico-da-china-oferece-oportunidades-para-o-mundo\/#primaryimage"},"image":{"@id":"https:\/\/diariodepe.com.br\/cri\/2022\/12\/19\/comentario-conferencia-central-de-trabalho-economico-da-china-oferece-oportunidades-para-o-mundo\/#primaryimage"},"thumbnailUrl":"https:\/\/diariodepe.com.br\/cri\/wp-content\/uploads\/sites\/2\/2022\/12\/rBABCWOdmi-AVq7aAAAAAAAAAAA236.1000x563.jpg","datePublished":"2022-12-19T03:49:05+00:00","dateModified":"2022-12-19T03:49:06+00:00","breadcrumb":{"@id":"https:\/\/diariodepe.com.br\/cri\/2022\/12\/19\/comentario-conferencia-central-de-trabalho-economico-da-china-oferece-oportunidades-para-o-mundo\/#breadcrumb"},"inLanguage":"pt-BR","potentialAction":[{"@type":"ReadAction","target":["https:\/\/diariodepe.com.br\/cri\/2022\/12\/19\/comentario-conferencia-central-de-trabalho-economico-da-china-oferece-oportunidades-para-o-mundo\/"]}]},{"@type":"ImageObject","inLanguage":"pt-BR","@id":"https:\/\/diariodepe.com.br\/cri\/2022\/12\/19\/comentario-conferencia-central-de-trabalho-economico-da-china-oferece-oportunidades-para-o-mundo\/#primaryimage","url":"https:\/\/diariodepe.com.br\/cri\/wp-content\/uploads\/sites\/2\/2022\/12\/rBABCWOdmi-AVq7aAAAAAAAAAAA236.1000x563.jpg","contentUrl":"https:\/\/diariodepe.com.br\/cri\/wp-content\/uploads\/sites\/2\/2022\/12\/rBABCWOdmi-AVq7aAAAAAAAAAAA236.1000x563.jpg","width":1000,"height":563},{"@type":"BreadcrumbList","@id":"https:\/\/diariodepe.com.br\/cri\/2022\/12\/19\/comentario-conferencia-central-de-trabalho-economico-da-china-oferece-oportunidades-para-o-mundo\/#breadcrumb","itemListElement":[{"@type":"ListItem","position":1,"name":"In\u00edcio","item":"https:\/\/diariodepe.com.br\/cri\/"},{"@type":"ListItem","position":2,"name":"Coment\u00e1rio: Confer\u00eancia Central de Trabalho Econ\u00f4mico da China oferece oportunidades para o mundo"}]},{"@type":"WebSite","@id":"https:\/\/diariodepe.com.br\/cri\/#website","url":"https:\/\/diariodepe.com.br\/cri\/","name":"CRI e Diario de Pernambuco","description":"R\u00e1dio Internacional da China","publisher":{"@id":"https:\/\/diariodepe.com.br\/cri\/#organization"},"potentialAction":[{"@type":"SearchAction","target":{"@type":"EntryPoint","urlTemplate":"https:\/\/diariodepe.com.br\/cri\/?s={search_term_string}"},"query-input":{"@type":"PropertyValueSpecification","valueRequired":true,"valueName":"search_term_string"}}],"inLanguage":"pt-BR"},{"@type":"Organization","@id":"https:\/\/diariodepe.com.br\/cri\/#organization","name":"CRI e Diario de Pernambuco","url":"https:\/\/diariodepe.com.br\/cri\/","logo":{"@type":"ImageObject","inLanguage":"pt-BR","@id":"https:\/\/diariodepe.com.br\/cri\/#\/schema\/logo\/image\/","url":"https:\/\/diariodepe.com.br\/cri\/wp-content\/uploads\/sites\/2\/2022\/12\/cropped-Logo.jpg","contentUrl":"https:\/\/diariodepe.com.br\/cri\/wp-content\/uploads\/sites\/2\/2022\/12\/cropped-Logo.jpg","width":700,"height":59,"caption":"CRI e Diario de Pernambuco"},"image":{"@id":"https:\/\/diariodepe.com.br\/cri\/#\/schema\/logo\/image\/"}},{"@type":"Person","@id":"https:\/\/diariodepe.com.br\/cri\/#\/schema\/person\/121bb28d84f1a5b1205ef4ce9c2e0c6b","name":"Ismael Lucas S. Pereira","image":{"@type":"ImageObject","inLanguage":"pt-BR","@id":"https:\/\/secure.gravatar.com\/avatar\/887a0f3b5a7ceea963a48499fb883ffce6b5037362def025c52c2505b15d63e4?s=96&d=mm&r=g","url":"https:\/\/secure.gravatar.com\/avatar\/887a0f3b5a7ceea963a48499fb883ffce6b5037362def025c52c2505b15d63e4?s=96&d=mm&r=g","contentUrl":"https:\/\/secure.gravatar.com\/avatar\/887a0f3b5a7ceea963a48499fb883ffce6b5037362def025c52c2505b15d63e4?s=96&d=mm&r=g","caption":"Ismael Lucas S. Pereira"},"url":"https:\/\/diariodepe.com.br\/cri\/author\/ismael-lucas\/"}]}},"cc_featured_image_caption":{"caption_text":"","source_text":"","source_url":""},"amp_enabled":true,"_links":{"self":[{"href":"https:\/\/diariodepe.com.br\/cri\/wp-json\/wp\/v2\/posts\/180","targetHints":{"allow":["GET"]}}],"collection":[{"href":"https:\/\/diariodepe.com.br\/cri\/wp-json\/wp\/v2\/posts"}],"about":[{"href":"https:\/\/diariodepe.com.br\/cri\/wp-json\/wp\/v2\/types\/post"}],"author":[{"embeddable":true,"href":"https:\/\/diariodepe.com.br\/cri\/wp-json\/wp\/v2\/users\/2"}],"replies":[{"embeddable":true,"href":"https:\/\/diariodepe.com.br\/cri\/wp-json\/wp\/v2\/comments?post=180"}],"version-history":[{"count":1,"href":"https:\/\/diariodepe.com.br\/cri\/wp-json\/wp\/v2\/posts\/180\/revisions"}],"predecessor-version":[{"id":182,"href":"https:\/\/diariodepe.com.br\/cri\/wp-json\/wp\/v2\/posts\/180\/revisions\/182"}],"wp:featuredmedia":[{"embeddable":true,"href":"https:\/\/diariodepe.com.br\/cri\/wp-json\/wp\/v2\/media\/181"}],"wp:attachment":[{"href":"https:\/\/diariodepe.com.br\/cri\/wp-json\/wp\/v2\/media?parent=180"}],"wp:term":[{"taxonomy":"category","embeddable":true,"href":"https:\/\/diariodepe.com.br\/cri\/wp-json\/wp\/v2\/categories?post=180"},{"taxonomy":"post_tag","embeddable":true,"href":"https:\/\/diariodepe.com.br\/cri\/wp-json\/wp\/v2\/tags?post=180"}],"curies":[{"name":"wp","href":"https:\/\/api.w.org\/{rel}","templated":true}]}}