{"id":175,"date":"2022-12-16T06:50:59","date_gmt":"2022-12-16T09:50:59","guid":{"rendered":"https:\/\/diariodepe.com.br\/cri\/?p=175"},"modified":"2022-12-16T06:51:00","modified_gmt":"2022-12-16T09:51:00","slug":"xi-jinping-discursa-na-abertura-da-sessao-de-alto-nivel-da-segunda-parte-da-cop15","status":"publish","type":"post","link":"https:\/\/diariodepe.com.br\/cri\/2022\/12\/16\/xi-jinping-discursa-na-abertura-da-sessao-de-alto-nivel-da-segunda-parte-da-cop15\/","title":{"rendered":"<strong>Xi Jinping discursa na abertura da sess\u00e3o de alto n\u00edvel da segunda parte da COP15<\/strong>"},"content":{"rendered":"\n<p>O presidente chin\u00eas, Xi Jinping, discursou por videoconfer\u00eancia, nesta quinta-feira, na cerim\u00f4nia de abertura da sess\u00e3o de alto n\u00edvel da segunda parte da 15\u00aa reuni\u00e3o da Confer\u00eancia das Partes da Conven\u00e7\u00e3o das Na\u00e7\u00f5es Unidas sobre Diversidade Biol\u00f3gica (COP15).&nbsp;<\/p>\n\n\n\n<p>Observando que a humanidade vive em uma comunidade com um futuro compartilhado, Xi Jinping disse que a solidariedade e a coopera\u00e7\u00e3o s\u00e3o as \u00fanicas maneiras eficazes de enfrentar os desafios globais.<\/p>\n\n\n\n<p>\u201cUm ecossistema sadio \u00e9 essencial para a prosperidade da civiliza\u00e7\u00e3o. Devemos trabalhar juntos para promover a coexist\u00eancia harmoniosa entre o Homem e a Natureza, construir uma comunidade de toda a vida na Terra e criar um mundo limpo e belo para todos n\u00f3s\u201d, disse o l\u00edder chin\u00eas.<\/p>\n\n\n\n<p>Ele apelou que \u00e9 preciso construir um consenso global sobre a prote\u00e7\u00e3o da biodiversidade, trabalhar conjuntamente para a conclus\u00e3o da Estrutura Global de Biodiversidade P\u00f3s-2020, e definir metas e caminhos para a prote\u00e7\u00e3o da biodiversidade global. O presidente chin\u00eas acrescentou que \u00e9 necess\u00e1rio impulsionar o processo global de prote\u00e7\u00e3o da biodiversidade, transformar ambi\u00e7\u00f5es em a\u00e7\u00e3o, apoiar os pa\u00edses em desenvolvimento na constru\u00e7\u00e3o de capacidades e coordenar esfor\u00e7os para enfrentar a mudan\u00e7a clim\u00e1tica, a perda da biodiversidade e outros desafios globais.<\/p>\n\n\n\n<p>\u201cPrecisamos promover o desenvolvimento verde atrav\u00e9s da prote\u00e7\u00e3o da biodiversidade, acelerar a transforma\u00e7\u00e3o verde dos modos de desenvolvimento e estilo de vida e alavancar a Iniciativa de Desenvolvimento Global (GDI) para proporcionar maiores benef\u00edcios \u00e0s pessoas de todos os pa\u00edses\u201d, disse Xi Jinping. Para ele, \u00e9 fundamental manter uma ordem global justa e equitativa na prote\u00e7\u00e3o da biodiversidade, defender firmemente o verdadeiro multilateralismo, apoiar firmemente o sistema internacional centrado na ONU e a ordem internacional sustentada pelo direito internacional e formar uma forte sinergia para proteger a Terra, nossa p\u00e1tria comum.<\/p>\n\n\n\n<p>A China tem feito esfor\u00e7os ativos para promover o progresso ecol\u00f3gico e a prote\u00e7\u00e3o da biodiversidade, disse Xi Jinping, acrescentando que a diversidade, a estabilidade e a sustentabilidade do ecossistema t\u00eam melhorado continuamente. \u201cEncontramos um caminho de prote\u00e7\u00e3o da biodiversidade com caracter\u00edsticas chinesas\u201d, ressaltou ele. A China continuar\u00e1 a avan\u00e7ar no progresso ecol\u00f3gico, e planejar\u00e1 seu desenvolvimento na perspectiva da coexist\u00eancia harmoniosa entre o Homem e a Natureza.<\/p>\n\n\n\n<p>Xi Jinping prometeu que a China vai implementar um grande n\u00famero de projetos-chave para a prote\u00e7\u00e3o e restaura\u00e7\u00e3o da biodiversidade em resposta ao Plano de A\u00e7\u00e3o para a D\u00e9cada das Na\u00e7\u00f5es Unidas para a Restaura\u00e7\u00e3o do Ecossistema. Tamb\u00e9m vai aprofundar o interc\u00e2mbio e a coopera\u00e7\u00e3o internacional.<\/p>\n\n\n\n<p>\u201cFaremos nosso melhor para fornecer apoio e assist\u00eancia a outros pa\u00edses em desenvolvimento atrav\u00e9s da Coaliza\u00e7\u00e3o Internacional de Desenvolvimento Verde sob a Iniciativa Cintur\u00e3o e Rota e do Fundo de Biodiversidade de Kunming, a fim de elevar a governan\u00e7a global da biodiversidade a um novo patamar\u201d, acrescentou Xi Jinping.<\/p>\n","protected":false},"excerpt":{"rendered":"<p>O presidente chin\u00eas, Xi Jinping, discursou por videoconfer\u00eancia, nesta quinta-feira, na cerim\u00f4nia de abertura da sess\u00e3o de alto n\u00edvel da segunda parte da 15\u00aa reuni\u00e3o da Confer\u00eancia das Partes da Conven\u00e7\u00e3o das Na\u00e7\u00f5es Unidas sobre Diversidade Biol\u00f3gica (COP15).&nbsp; Observando que&#8230;<\/p>\n","protected":false},"author":2,"featured_media":0,"comment_status":"open","ping_status":"open","sticky":false,"template":"","format":"standard","meta":{"footnotes":""},"categories":[3],"tags":[],"class_list":["post-175","post","type-post","status-publish","format-standard","hentry","category-china"],"yoast_head":"<!-- This site is optimized with the Yoast SEO plugin v27.4 - https:\/\/yoast.com\/product\/yoast-seo-wordpress\/ -->\n<title>Xi Jinping discursa na abertura da sess\u00e3o de alto n\u00edvel da segunda parte da COP15 - CRI e Diario de Pernambuco<\/title>\n<meta name=\"robots\" content=\"index, follow, max-snippet:-1, max-image-preview:large, max-video-preview:-1\" \/>\n<link rel=\"canonical\" href=\"https:\/\/diariodepe.com.br\/cri\/2022\/12\/16\/xi-jinping-discursa-na-abertura-da-sessao-de-alto-nivel-da-segunda-parte-da-cop15\/\" \/>\n<meta property=\"og:locale\" content=\"pt_BR\" \/>\n<meta property=\"og:type\" content=\"article\" \/>\n<meta property=\"og:title\" content=\"Xi Jinping discursa na abertura da sess\u00e3o de alto n\u00edvel da segunda parte da COP15 - CRI e Diario de Pernambuco\" \/>\n<meta property=\"og:description\" content=\"O presidente chin\u00eas, Xi Jinping, discursou por videoconfer\u00eancia, nesta quinta-feira, na cerim\u00f4nia de abertura da sess\u00e3o de alto n\u00edvel da segunda parte da 15\u00aa reuni\u00e3o da Confer\u00eancia das Partes da Conven\u00e7\u00e3o das Na\u00e7\u00f5es Unidas sobre Diversidade Biol\u00f3gica (COP15).&nbsp; Observando que...\" \/>\n<meta property=\"og:url\" content=\"https:\/\/diariodepe.com.br\/cri\/2022\/12\/16\/xi-jinping-discursa-na-abertura-da-sessao-de-alto-nivel-da-segunda-parte-da-cop15\/\" \/>\n<meta property=\"og:site_name\" content=\"CRI e Diario de Pernambuco\" \/>\n<meta property=\"article:published_time\" content=\"2022-12-16T09:50:59+00:00\" \/>\n<meta property=\"article:modified_time\" content=\"2022-12-16T09:51:00+00:00\" \/>\n<meta name=\"author\" content=\"Ismael Lucas S. Pereira\" \/>\n<meta name=\"twitter:card\" content=\"summary_large_image\" \/>\n<meta name=\"twitter:label1\" content=\"Escrito por\" \/>\n\t<meta name=\"twitter:data1\" content=\"Ismael Lucas S. Pereira\" \/>\n\t<meta name=\"twitter:label2\" content=\"Est. tempo de leitura\" \/>\n\t<meta name=\"twitter:data2\" content=\"3 minutos\" \/>\n<script type=\"application\/ld+json\" class=\"yoast-schema-graph\">{\"@context\":\"https:\\\/\\\/schema.org\",\"@graph\":[{\"@type\":\"Article\",\"@id\":\"https:\\\/\\\/diariodepe.com.br\\\/cri\\\/2022\\\/12\\\/16\\\/xi-jinping-discursa-na-abertura-da-sessao-de-alto-nivel-da-segunda-parte-da-cop15\\\/#article\",\"isPartOf\":{\"@id\":\"https:\\\/\\\/diariodepe.com.br\\\/cri\\\/2022\\\/12\\\/16\\\/xi-jinping-discursa-na-abertura-da-sessao-de-alto-nivel-da-segunda-parte-da-cop15\\\/\"},\"author\":{\"name\":\"Ismael Lucas S. Pereira\",\"@id\":\"https:\\\/\\\/diariodepe.com.br\\\/cri\\\/#\\\/schema\\\/person\\\/121bb28d84f1a5b1205ef4ce9c2e0c6b\"},\"headline\":\"Xi Jinping discursa na abertura da sess\u00e3o de alto n\u00edvel da segunda parte da COP15\",\"datePublished\":\"2022-12-16T09:50:59+00:00\",\"dateModified\":\"2022-12-16T09:51:00+00:00\",\"mainEntityOfPage\":{\"@id\":\"https:\\\/\\\/diariodepe.com.br\\\/cri\\\/2022\\\/12\\\/16\\\/xi-jinping-discursa-na-abertura-da-sessao-de-alto-nivel-da-segunda-parte-da-cop15\\\/\"},\"wordCount\":526,\"commentCount\":0,\"publisher\":{\"@id\":\"https:\\\/\\\/diariodepe.com.br\\\/cri\\\/#organization\"},\"articleSection\":[\"China\"],\"inLanguage\":\"pt-BR\",\"potentialAction\":[{\"@type\":\"CommentAction\",\"name\":\"Comment\",\"target\":[\"https:\\\/\\\/diariodepe.com.br\\\/cri\\\/2022\\\/12\\\/16\\\/xi-jinping-discursa-na-abertura-da-sessao-de-alto-nivel-da-segunda-parte-da-cop15\\\/#respond\"]}]},{\"@type\":\"WebPage\",\"@id\":\"https:\\\/\\\/diariodepe.com.br\\\/cri\\\/2022\\\/12\\\/16\\\/xi-jinping-discursa-na-abertura-da-sessao-de-alto-nivel-da-segunda-parte-da-cop15\\\/\",\"url\":\"https:\\\/\\\/diariodepe.com.br\\\/cri\\\/2022\\\/12\\\/16\\\/xi-jinping-discursa-na-abertura-da-sessao-de-alto-nivel-da-segunda-parte-da-cop15\\\/\",\"name\":\"Xi Jinping discursa na abertura da sess\u00e3o de alto n\u00edvel da segunda parte da COP15 - CRI e Diario de Pernambuco\",\"isPartOf\":{\"@id\":\"https:\\\/\\\/diariodepe.com.br\\\/cri\\\/#website\"},\"datePublished\":\"2022-12-16T09:50:59+00:00\",\"dateModified\":\"2022-12-16T09:51:00+00:00\",\"breadcrumb\":{\"@id\":\"https:\\\/\\\/diariodepe.com.br\\\/cri\\\/2022\\\/12\\\/16\\\/xi-jinping-discursa-na-abertura-da-sessao-de-alto-nivel-da-segunda-parte-da-cop15\\\/#breadcrumb\"},\"inLanguage\":\"pt-BR\",\"potentialAction\":[{\"@type\":\"ReadAction\",\"target\":[\"https:\\\/\\\/diariodepe.com.br\\\/cri\\\/2022\\\/12\\\/16\\\/xi-jinping-discursa-na-abertura-da-sessao-de-alto-nivel-da-segunda-parte-da-cop15\\\/\"]}]},{\"@type\":\"BreadcrumbList\",\"@id\":\"https:\\\/\\\/diariodepe.com.br\\\/cri\\\/2022\\\/12\\\/16\\\/xi-jinping-discursa-na-abertura-da-sessao-de-alto-nivel-da-segunda-parte-da-cop15\\\/#breadcrumb\",\"itemListElement\":[{\"@type\":\"ListItem\",\"position\":1,\"name\":\"In\u00edcio\",\"item\":\"https:\\\/\\\/diariodepe.com.br\\\/cri\\\/\"},{\"@type\":\"ListItem\",\"position\":2,\"name\":\"Xi Jinping discursa na abertura da sess\u00e3o de alto n\u00edvel da segunda parte da COP15\"}]},{\"@type\":\"WebSite\",\"@id\":\"https:\\\/\\\/diariodepe.com.br\\\/cri\\\/#website\",\"url\":\"https:\\\/\\\/diariodepe.com.br\\\/cri\\\/\",\"name\":\"CRI e Diario de Pernambuco\",\"description\":\"R\u00e1dio Internacional da China\",\"publisher\":{\"@id\":\"https:\\\/\\\/diariodepe.com.br\\\/cri\\\/#organization\"},\"potentialAction\":[{\"@type\":\"SearchAction\",\"target\":{\"@type\":\"EntryPoint\",\"urlTemplate\":\"https:\\\/\\\/diariodepe.com.br\\\/cri\\\/?s={search_term_string}\"},\"query-input\":{\"@type\":\"PropertyValueSpecification\",\"valueRequired\":true,\"valueName\":\"search_term_string\"}}],\"inLanguage\":\"pt-BR\"},{\"@type\":\"Organization\",\"@id\":\"https:\\\/\\\/diariodepe.com.br\\\/cri\\\/#organization\",\"name\":\"CRI e Diario de Pernambuco\",\"url\":\"https:\\\/\\\/diariodepe.com.br\\\/cri\\\/\",\"logo\":{\"@type\":\"ImageObject\",\"inLanguage\":\"pt-BR\",\"@id\":\"https:\\\/\\\/diariodepe.com.br\\\/cri\\\/#\\\/schema\\\/logo\\\/image\\\/\",\"url\":\"https:\\\/\\\/diariodepe.com.br\\\/cri\\\/wp-content\\\/uploads\\\/sites\\\/2\\\/2022\\\/12\\\/cropped-Logo.jpg\",\"contentUrl\":\"https:\\\/\\\/diariodepe.com.br\\\/cri\\\/wp-content\\\/uploads\\\/sites\\\/2\\\/2022\\\/12\\\/cropped-Logo.jpg\",\"width\":700,\"height\":59,\"caption\":\"CRI e Diario de Pernambuco\"},\"image\":{\"@id\":\"https:\\\/\\\/diariodepe.com.br\\\/cri\\\/#\\\/schema\\\/logo\\\/image\\\/\"}},{\"@type\":\"Person\",\"@id\":\"https:\\\/\\\/diariodepe.com.br\\\/cri\\\/#\\\/schema\\\/person\\\/121bb28d84f1a5b1205ef4ce9c2e0c6b\",\"name\":\"Ismael Lucas S. Pereira\",\"image\":{\"@type\":\"ImageObject\",\"inLanguage\":\"pt-BR\",\"@id\":\"https:\\\/\\\/secure.gravatar.com\\\/avatar\\\/887a0f3b5a7ceea963a48499fb883ffce6b5037362def025c52c2505b15d63e4?s=96&d=mm&r=g\",\"url\":\"https:\\\/\\\/secure.gravatar.com\\\/avatar\\\/887a0f3b5a7ceea963a48499fb883ffce6b5037362def025c52c2505b15d63e4?s=96&d=mm&r=g\",\"contentUrl\":\"https:\\\/\\\/secure.gravatar.com\\\/avatar\\\/887a0f3b5a7ceea963a48499fb883ffce6b5037362def025c52c2505b15d63e4?s=96&d=mm&r=g\",\"caption\":\"Ismael Lucas S. Pereira\"},\"url\":\"https:\\\/\\\/diariodepe.com.br\\\/cri\\\/author\\\/ismael-lucas\\\/\"}]}<\/script>\n<!-- \/ Yoast SEO plugin. -->","yoast_head_json":{"title":"Xi Jinping discursa na abertura da sess\u00e3o de alto n\u00edvel da segunda parte da COP15 - CRI e Diario de Pernambuco","robots":{"index":"index","follow":"follow","max-snippet":"max-snippet:-1","max-image-preview":"max-image-preview:large","max-video-preview":"max-video-preview:-1"},"canonical":"https:\/\/diariodepe.com.br\/cri\/2022\/12\/16\/xi-jinping-discursa-na-abertura-da-sessao-de-alto-nivel-da-segunda-parte-da-cop15\/","og_locale":"pt_BR","og_type":"article","og_title":"Xi Jinping discursa na abertura da sess\u00e3o de alto n\u00edvel da segunda parte da COP15 - CRI e Diario de Pernambuco","og_description":"O presidente chin\u00eas, Xi Jinping, discursou por videoconfer\u00eancia, nesta quinta-feira, na cerim\u00f4nia de abertura da sess\u00e3o de alto n\u00edvel da segunda parte da 15\u00aa reuni\u00e3o da Confer\u00eancia das Partes da Conven\u00e7\u00e3o das Na\u00e7\u00f5es Unidas sobre Diversidade Biol\u00f3gica (COP15).&nbsp; Observando que...","og_url":"https:\/\/diariodepe.com.br\/cri\/2022\/12\/16\/xi-jinping-discursa-na-abertura-da-sessao-de-alto-nivel-da-segunda-parte-da-cop15\/","og_site_name":"CRI e Diario de Pernambuco","article_published_time":"2022-12-16T09:50:59+00:00","article_modified_time":"2022-12-16T09:51:00+00:00","author":"Ismael Lucas S. Pereira","twitter_card":"summary_large_image","twitter_misc":{"Escrito por":"Ismael Lucas S. Pereira","Est. tempo de leitura":"3 minutos"},"schema":{"@context":"https:\/\/schema.org","@graph":[{"@type":"Article","@id":"https:\/\/diariodepe.com.br\/cri\/2022\/12\/16\/xi-jinping-discursa-na-abertura-da-sessao-de-alto-nivel-da-segunda-parte-da-cop15\/#article","isPartOf":{"@id":"https:\/\/diariodepe.com.br\/cri\/2022\/12\/16\/xi-jinping-discursa-na-abertura-da-sessao-de-alto-nivel-da-segunda-parte-da-cop15\/"},"author":{"name":"Ismael Lucas S. Pereira","@id":"https:\/\/diariodepe.com.br\/cri\/#\/schema\/person\/121bb28d84f1a5b1205ef4ce9c2e0c6b"},"headline":"Xi Jinping discursa na abertura da sess\u00e3o de alto n\u00edvel da segunda parte da COP15","datePublished":"2022-12-16T09:50:59+00:00","dateModified":"2022-12-16T09:51:00+00:00","mainEntityOfPage":{"@id":"https:\/\/diariodepe.com.br\/cri\/2022\/12\/16\/xi-jinping-discursa-na-abertura-da-sessao-de-alto-nivel-da-segunda-parte-da-cop15\/"},"wordCount":526,"commentCount":0,"publisher":{"@id":"https:\/\/diariodepe.com.br\/cri\/#organization"},"articleSection":["China"],"inLanguage":"pt-BR","potentialAction":[{"@type":"CommentAction","name":"Comment","target":["https:\/\/diariodepe.com.br\/cri\/2022\/12\/16\/xi-jinping-discursa-na-abertura-da-sessao-de-alto-nivel-da-segunda-parte-da-cop15\/#respond"]}]},{"@type":"WebPage","@id":"https:\/\/diariodepe.com.br\/cri\/2022\/12\/16\/xi-jinping-discursa-na-abertura-da-sessao-de-alto-nivel-da-segunda-parte-da-cop15\/","url":"https:\/\/diariodepe.com.br\/cri\/2022\/12\/16\/xi-jinping-discursa-na-abertura-da-sessao-de-alto-nivel-da-segunda-parte-da-cop15\/","name":"Xi Jinping discursa na abertura da sess\u00e3o de alto n\u00edvel da segunda parte da COP15 - CRI e Diario de Pernambuco","isPartOf":{"@id":"https:\/\/diariodepe.com.br\/cri\/#website"},"datePublished":"2022-12-16T09:50:59+00:00","dateModified":"2022-12-16T09:51:00+00:00","breadcrumb":{"@id":"https:\/\/diariodepe.com.br\/cri\/2022\/12\/16\/xi-jinping-discursa-na-abertura-da-sessao-de-alto-nivel-da-segunda-parte-da-cop15\/#breadcrumb"},"inLanguage":"pt-BR","potentialAction":[{"@type":"ReadAction","target":["https:\/\/diariodepe.com.br\/cri\/2022\/12\/16\/xi-jinping-discursa-na-abertura-da-sessao-de-alto-nivel-da-segunda-parte-da-cop15\/"]}]},{"@type":"BreadcrumbList","@id":"https:\/\/diariodepe.com.br\/cri\/2022\/12\/16\/xi-jinping-discursa-na-abertura-da-sessao-de-alto-nivel-da-segunda-parte-da-cop15\/#breadcrumb","itemListElement":[{"@type":"ListItem","position":1,"name":"In\u00edcio","item":"https:\/\/diariodepe.com.br\/cri\/"},{"@type":"ListItem","position":2,"name":"Xi Jinping discursa na abertura da sess\u00e3o de alto n\u00edvel da segunda parte da COP15"}]},{"@type":"WebSite","@id":"https:\/\/diariodepe.com.br\/cri\/#website","url":"https:\/\/diariodepe.com.br\/cri\/","name":"CRI e Diario de Pernambuco","description":"R\u00e1dio Internacional da China","publisher":{"@id":"https:\/\/diariodepe.com.br\/cri\/#organization"},"potentialAction":[{"@type":"SearchAction","target":{"@type":"EntryPoint","urlTemplate":"https:\/\/diariodepe.com.br\/cri\/?s={search_term_string}"},"query-input":{"@type":"PropertyValueSpecification","valueRequired":true,"valueName":"search_term_string"}}],"inLanguage":"pt-BR"},{"@type":"Organization","@id":"https:\/\/diariodepe.com.br\/cri\/#organization","name":"CRI e Diario de Pernambuco","url":"https:\/\/diariodepe.com.br\/cri\/","logo":{"@type":"ImageObject","inLanguage":"pt-BR","@id":"https:\/\/diariodepe.com.br\/cri\/#\/schema\/logo\/image\/","url":"https:\/\/diariodepe.com.br\/cri\/wp-content\/uploads\/sites\/2\/2022\/12\/cropped-Logo.jpg","contentUrl":"https:\/\/diariodepe.com.br\/cri\/wp-content\/uploads\/sites\/2\/2022\/12\/cropped-Logo.jpg","width":700,"height":59,"caption":"CRI e Diario de Pernambuco"},"image":{"@id":"https:\/\/diariodepe.com.br\/cri\/#\/schema\/logo\/image\/"}},{"@type":"Person","@id":"https:\/\/diariodepe.com.br\/cri\/#\/schema\/person\/121bb28d84f1a5b1205ef4ce9c2e0c6b","name":"Ismael Lucas S. Pereira","image":{"@type":"ImageObject","inLanguage":"pt-BR","@id":"https:\/\/secure.gravatar.com\/avatar\/887a0f3b5a7ceea963a48499fb883ffce6b5037362def025c52c2505b15d63e4?s=96&d=mm&r=g","url":"https:\/\/secure.gravatar.com\/avatar\/887a0f3b5a7ceea963a48499fb883ffce6b5037362def025c52c2505b15d63e4?s=96&d=mm&r=g","contentUrl":"https:\/\/secure.gravatar.com\/avatar\/887a0f3b5a7ceea963a48499fb883ffce6b5037362def025c52c2505b15d63e4?s=96&d=mm&r=g","caption":"Ismael Lucas S. Pereira"},"url":"https:\/\/diariodepe.com.br\/cri\/author\/ismael-lucas\/"}]}},"cc_featured_image_caption":{"caption_text":"","source_text":"","source_url":""},"amp_enabled":true,"_links":{"self":[{"href":"https:\/\/diariodepe.com.br\/cri\/wp-json\/wp\/v2\/posts\/175","targetHints":{"allow":["GET"]}}],"collection":[{"href":"https:\/\/diariodepe.com.br\/cri\/wp-json\/wp\/v2\/posts"}],"about":[{"href":"https:\/\/diariodepe.com.br\/cri\/wp-json\/wp\/v2\/types\/post"}],"author":[{"embeddable":true,"href":"https:\/\/diariodepe.com.br\/cri\/wp-json\/wp\/v2\/users\/2"}],"replies":[{"embeddable":true,"href":"https:\/\/diariodepe.com.br\/cri\/wp-json\/wp\/v2\/comments?post=175"}],"version-history":[{"count":1,"href":"https:\/\/diariodepe.com.br\/cri\/wp-json\/wp\/v2\/posts\/175\/revisions"}],"predecessor-version":[{"id":176,"href":"https:\/\/diariodepe.com.br\/cri\/wp-json\/wp\/v2\/posts\/175\/revisions\/176"}],"wp:attachment":[{"href":"https:\/\/diariodepe.com.br\/cri\/wp-json\/wp\/v2\/media?parent=175"}],"wp:term":[{"taxonomy":"category","embeddable":true,"href":"https:\/\/diariodepe.com.br\/cri\/wp-json\/wp\/v2\/categories?post=175"},{"taxonomy":"post_tag","embeddable":true,"href":"https:\/\/diariodepe.com.br\/cri\/wp-json\/wp\/v2\/tags?post=175"}],"curies":[{"name":"wp","href":"https:\/\/api.w.org\/{rel}","templated":true}]}}