{"id":1742,"date":"2023-06-22T10:54:05","date_gmt":"2023-06-22T13:54:05","guid":{"rendered":"https:\/\/diariodepe.com.br\/cri\/?p=1742"},"modified":"2023-06-22T10:54:05","modified_gmt":"2023-06-22T13:54:05","slug":"presidente-da-presidencia-da-bosnia-herzegovina-concede-entrevista-exclusiva-ao-cmg","status":"publish","type":"post","link":"https:\/\/diariodepe.com.br\/cri\/2023\/06\/22\/presidente-da-presidencia-da-bosnia-herzegovina-concede-entrevista-exclusiva-ao-cmg\/","title":{"rendered":"Presidente da Presid\u00eancia da B\u00f3snia-Herzegovina concede entrevista exclusiva ao CMG"},"content":{"rendered":"<p>A presidente da Presid\u00eancia da B\u00f3snia-Herzegovina,\u00a0Zeljka Cvijanovic, concedeu recentemente uma entrevista exclusiva ao Grupo de M\u00eddia da China (CMG, na sigla em ingl\u00eas).<\/p>\n<p>A B\u00f3snia-Herzegovina\u00a0foi um dos primeiros pa\u00edses europeus a responder \u00e0 iniciativa do Cintur\u00e3o e Rota. O projeto e\u00f3lico de Ivovik \u00e9 um projeto simb\u00f3lico\u00a0da iniciativa e deve entrar em opera\u00e7\u00e3o no final de 2023.<\/p>\n<p>Cvijanovic declarou que\u00a0as coopera\u00e7\u00f5es aproximaram os la\u00e7os entre a China e a B\u00f3snia-Herzegovina, e espera-se que a coopera\u00e7\u00e3o econ\u00f4mica e comercial entre os dois pa\u00edses se fortale\u00e7a ainda mais no futuro. &#8220;H\u00e1 uma tend\u00eancia de expans\u00e3o no com\u00e9rcio entre os dois pa\u00edses, tanto em termos de quantidade quanto de taxa de crescimento. Ao mesmo tempo, acredito que a coopera\u00e7\u00e3o tem um potencial maior. Estamos contentes por ver os produtos chineses no nosso pa\u00eds, e tamb\u00e9m estamos tentando aumentar a nossa pr\u00f3pria capacidade de exporta\u00e7\u00e3o. Queremos que nossos produtos de alta qualidade sejam vistos no mercado chin\u00eas e entrem nas casas dos chineses&#8221;, afirmou Cvijanovic.<\/p>\n<p>Comentando as iniciativas do presidente chin\u00eas, Xi Jinping, Cvijanovic\u00a0afirmou que quando olhamos para os eventos que ocorreram no mundo hoje, devemos dizer que as iniciativas destinadas a promover, de forma abrangente,\u00a0a seguran\u00e7a global, o desenvolvimento global\u00a0e a civiliza\u00e7\u00e3o\u00a0global s\u00e3o raras. &#8220;Apoio totalmente as iniciativas apresentadas pelo presidente chin\u00eas. Sem estabilidade no mundo, a economia global n\u00e3o pode avan\u00e7ar. Sem confian\u00e7a pol\u00edtica m\u00fatua, n\u00e3o se pode falar de paz e estabilidade, que s\u00e3o elementos indispens\u00e1veis para o desenvolvimento econ\u00f4mico, e a vis\u00e3o de construir uma comunidade global inclusiva s\u00f3 pode permanecer no ar&#8221;, disse a presidente.<\/p>\n<p>Na entrevista, Cvijanovic enfatizou que preza pelas rela\u00e7\u00f5es amistosas e pelo entendimento pol\u00edtico m\u00fatuo com a China. O que \u00e9 ainda mais valioso \u00e9 que os dois pa\u00edses, atrav\u00e9s de esfor\u00e7os conjuntos, transformaram as boas rela\u00e7\u00f5es pol\u00edticas em projetos concretos que podem trazer benef\u00edcios tang\u00edveis para o povo da B\u00f3snia-Herzegovina, salientou a presidente.<\/p>\n","protected":false},"excerpt":{"rendered":"<p>A presidente da Presid\u00eancia da B\u00f3snia-Herzegovina,\u00a0Zeljka Cvijanovic, concedeu recentemente uma entrevista exclusiva ao Grupo de M\u00eddia da China (CMG, na sigla em ingl\u00eas). A B\u00f3snia-Herzegovina\u00a0foi um dos primeiros pa\u00edses europeus a responder \u00e0 iniciativa do Cintur\u00e3o e Rota. O projeto&#8230;<\/p>\n","protected":false},"author":2,"featured_media":1743,"comment_status":"open","ping_status":"open","sticky":false,"template":"","format":"standard","meta":{"footnotes":""},"categories":[5],"tags":[],"class_list":["post-1742","post","type-post","status-publish","format-standard","has-post-thumbnail","hentry","category-destaques-capa"],"yoast_head":"<!-- This site is optimized with the Yoast SEO plugin v27.4 - https:\/\/yoast.com\/product\/yoast-seo-wordpress\/ -->\n<title>Presidente da Presid\u00eancia da B\u00f3snia-Herzegovina concede entrevista exclusiva ao CMG - CRI e Diario de Pernambuco<\/title>\n<meta name=\"robots\" content=\"index, follow, max-snippet:-1, max-image-preview:large, max-video-preview:-1\" \/>\n<link rel=\"canonical\" href=\"https:\/\/diariodepe.com.br\/cri\/2023\/06\/22\/presidente-da-presidencia-da-bosnia-herzegovina-concede-entrevista-exclusiva-ao-cmg\/\" \/>\n<meta property=\"og:locale\" content=\"pt_BR\" \/>\n<meta property=\"og:type\" content=\"article\" \/>\n<meta property=\"og:title\" content=\"Presidente da Presid\u00eancia da B\u00f3snia-Herzegovina concede entrevista exclusiva ao CMG - CRI e Diario de Pernambuco\" \/>\n<meta property=\"og:description\" content=\"A presidente da Presid\u00eancia da B\u00f3snia-Herzegovina,\u00a0Zeljka Cvijanovic, concedeu recentemente uma entrevista exclusiva ao Grupo de M\u00eddia da China (CMG, na sigla em ingl\u00eas). A B\u00f3snia-Herzegovina\u00a0foi um dos primeiros pa\u00edses europeus a responder \u00e0 iniciativa do Cintur\u00e3o e Rota. O projeto...\" \/>\n<meta property=\"og:url\" content=\"https:\/\/diariodepe.com.br\/cri\/2023\/06\/22\/presidente-da-presidencia-da-bosnia-herzegovina-concede-entrevista-exclusiva-ao-cmg\/\" \/>\n<meta property=\"og:site_name\" content=\"CRI e Diario de Pernambuco\" \/>\n<meta property=\"article:published_time\" content=\"2023-06-22T13:54:05+00:00\" \/>\n<meta property=\"og:image\" content=\"https:\/\/diariodepe.com.br\/cri\/wp-content\/uploads\/sites\/2\/2023\/06\/2023061020343198213.png\" \/>\n\t<meta property=\"og:image:width\" content=\"1280\" \/>\n\t<meta property=\"og:image:height\" content=\"720\" \/>\n\t<meta property=\"og:image:type\" content=\"image\/png\" \/>\n<meta name=\"author\" content=\"Ismael Lucas S. Pereira\" \/>\n<meta name=\"twitter:card\" content=\"summary_large_image\" \/>\n<meta name=\"twitter:label1\" content=\"Escrito por\" \/>\n\t<meta name=\"twitter:data1\" content=\"Ismael Lucas S. Pereira\" \/>\n\t<meta name=\"twitter:label2\" content=\"Est. tempo de leitura\" \/>\n\t<meta name=\"twitter:data2\" content=\"2 minutos\" \/>\n<script type=\"application\/ld+json\" class=\"yoast-schema-graph\">{\"@context\":\"https:\\\/\\\/schema.org\",\"@graph\":[{\"@type\":\"Article\",\"@id\":\"https:\\\/\\\/diariodepe.com.br\\\/cri\\\/2023\\\/06\\\/22\\\/presidente-da-presidencia-da-bosnia-herzegovina-concede-entrevista-exclusiva-ao-cmg\\\/#article\",\"isPartOf\":{\"@id\":\"https:\\\/\\\/diariodepe.com.br\\\/cri\\\/2023\\\/06\\\/22\\\/presidente-da-presidencia-da-bosnia-herzegovina-concede-entrevista-exclusiva-ao-cmg\\\/\"},\"author\":{\"name\":\"Ismael Lucas S. Pereira\",\"@id\":\"https:\\\/\\\/diariodepe.com.br\\\/cri\\\/#\\\/schema\\\/person\\\/121bb28d84f1a5b1205ef4ce9c2e0c6b\"},\"headline\":\"Presidente da Presid\u00eancia da B\u00f3snia-Herzegovina concede entrevista exclusiva ao CMG\",\"datePublished\":\"2023-06-22T13:54:05+00:00\",\"mainEntityOfPage\":{\"@id\":\"https:\\\/\\\/diariodepe.com.br\\\/cri\\\/2023\\\/06\\\/22\\\/presidente-da-presidencia-da-bosnia-herzegovina-concede-entrevista-exclusiva-ao-cmg\\\/\"},\"wordCount\":377,\"commentCount\":0,\"publisher\":{\"@id\":\"https:\\\/\\\/diariodepe.com.br\\\/cri\\\/#organization\"},\"image\":{\"@id\":\"https:\\\/\\\/diariodepe.com.br\\\/cri\\\/2023\\\/06\\\/22\\\/presidente-da-presidencia-da-bosnia-herzegovina-concede-entrevista-exclusiva-ao-cmg\\\/#primaryimage\"},\"thumbnailUrl\":\"https:\\\/\\\/diariodepe.com.br\\\/cri\\\/wp-content\\\/uploads\\\/sites\\\/2\\\/2023\\\/06\\\/2023061020343198213.png\",\"articleSection\":[\"Destaques Capa\"],\"inLanguage\":\"pt-BR\",\"potentialAction\":[{\"@type\":\"CommentAction\",\"name\":\"Comment\",\"target\":[\"https:\\\/\\\/diariodepe.com.br\\\/cri\\\/2023\\\/06\\\/22\\\/presidente-da-presidencia-da-bosnia-herzegovina-concede-entrevista-exclusiva-ao-cmg\\\/#respond\"]}]},{\"@type\":\"WebPage\",\"@id\":\"https:\\\/\\\/diariodepe.com.br\\\/cri\\\/2023\\\/06\\\/22\\\/presidente-da-presidencia-da-bosnia-herzegovina-concede-entrevista-exclusiva-ao-cmg\\\/\",\"url\":\"https:\\\/\\\/diariodepe.com.br\\\/cri\\\/2023\\\/06\\\/22\\\/presidente-da-presidencia-da-bosnia-herzegovina-concede-entrevista-exclusiva-ao-cmg\\\/\",\"name\":\"Presidente da Presid\u00eancia da B\u00f3snia-Herzegovina concede entrevista exclusiva ao CMG - CRI e Diario de Pernambuco\",\"isPartOf\":{\"@id\":\"https:\\\/\\\/diariodepe.com.br\\\/cri\\\/#website\"},\"primaryImageOfPage\":{\"@id\":\"https:\\\/\\\/diariodepe.com.br\\\/cri\\\/2023\\\/06\\\/22\\\/presidente-da-presidencia-da-bosnia-herzegovina-concede-entrevista-exclusiva-ao-cmg\\\/#primaryimage\"},\"image\":{\"@id\":\"https:\\\/\\\/diariodepe.com.br\\\/cri\\\/2023\\\/06\\\/22\\\/presidente-da-presidencia-da-bosnia-herzegovina-concede-entrevista-exclusiva-ao-cmg\\\/#primaryimage\"},\"thumbnailUrl\":\"https:\\\/\\\/diariodepe.com.br\\\/cri\\\/wp-content\\\/uploads\\\/sites\\\/2\\\/2023\\\/06\\\/2023061020343198213.png\",\"datePublished\":\"2023-06-22T13:54:05+00:00\",\"breadcrumb\":{\"@id\":\"https:\\\/\\\/diariodepe.com.br\\\/cri\\\/2023\\\/06\\\/22\\\/presidente-da-presidencia-da-bosnia-herzegovina-concede-entrevista-exclusiva-ao-cmg\\\/#breadcrumb\"},\"inLanguage\":\"pt-BR\",\"potentialAction\":[{\"@type\":\"ReadAction\",\"target\":[\"https:\\\/\\\/diariodepe.com.br\\\/cri\\\/2023\\\/06\\\/22\\\/presidente-da-presidencia-da-bosnia-herzegovina-concede-entrevista-exclusiva-ao-cmg\\\/\"]}]},{\"@type\":\"ImageObject\",\"inLanguage\":\"pt-BR\",\"@id\":\"https:\\\/\\\/diariodepe.com.br\\\/cri\\\/2023\\\/06\\\/22\\\/presidente-da-presidencia-da-bosnia-herzegovina-concede-entrevista-exclusiva-ao-cmg\\\/#primaryimage\",\"url\":\"https:\\\/\\\/diariodepe.com.br\\\/cri\\\/wp-content\\\/uploads\\\/sites\\\/2\\\/2023\\\/06\\\/2023061020343198213.png\",\"contentUrl\":\"https:\\\/\\\/diariodepe.com.br\\\/cri\\\/wp-content\\\/uploads\\\/sites\\\/2\\\/2023\\\/06\\\/2023061020343198213.png\",\"width\":1280,\"height\":720},{\"@type\":\"BreadcrumbList\",\"@id\":\"https:\\\/\\\/diariodepe.com.br\\\/cri\\\/2023\\\/06\\\/22\\\/presidente-da-presidencia-da-bosnia-herzegovina-concede-entrevista-exclusiva-ao-cmg\\\/#breadcrumb\",\"itemListElement\":[{\"@type\":\"ListItem\",\"position\":1,\"name\":\"In\u00edcio\",\"item\":\"https:\\\/\\\/diariodepe.com.br\\\/cri\\\/\"},{\"@type\":\"ListItem\",\"position\":2,\"name\":\"Presidente da Presid\u00eancia da B\u00f3snia-Herzegovina concede entrevista exclusiva ao CMG\"}]},{\"@type\":\"WebSite\",\"@id\":\"https:\\\/\\\/diariodepe.com.br\\\/cri\\\/#website\",\"url\":\"https:\\\/\\\/diariodepe.com.br\\\/cri\\\/\",\"name\":\"CRI e Diario de Pernambuco\",\"description\":\"R\u00e1dio Internacional da China\",\"publisher\":{\"@id\":\"https:\\\/\\\/diariodepe.com.br\\\/cri\\\/#organization\"},\"potentialAction\":[{\"@type\":\"SearchAction\",\"target\":{\"@type\":\"EntryPoint\",\"urlTemplate\":\"https:\\\/\\\/diariodepe.com.br\\\/cri\\\/?s={search_term_string}\"},\"query-input\":{\"@type\":\"PropertyValueSpecification\",\"valueRequired\":true,\"valueName\":\"search_term_string\"}}],\"inLanguage\":\"pt-BR\"},{\"@type\":\"Organization\",\"@id\":\"https:\\\/\\\/diariodepe.com.br\\\/cri\\\/#organization\",\"name\":\"CRI e Diario de Pernambuco\",\"url\":\"https:\\\/\\\/diariodepe.com.br\\\/cri\\\/\",\"logo\":{\"@type\":\"ImageObject\",\"inLanguage\":\"pt-BR\",\"@id\":\"https:\\\/\\\/diariodepe.com.br\\\/cri\\\/#\\\/schema\\\/logo\\\/image\\\/\",\"url\":\"https:\\\/\\\/diariodepe.com.br\\\/cri\\\/wp-content\\\/uploads\\\/sites\\\/2\\\/2022\\\/12\\\/cropped-Logo.jpg\",\"contentUrl\":\"https:\\\/\\\/diariodepe.com.br\\\/cri\\\/wp-content\\\/uploads\\\/sites\\\/2\\\/2022\\\/12\\\/cropped-Logo.jpg\",\"width\":700,\"height\":59,\"caption\":\"CRI e Diario de Pernambuco\"},\"image\":{\"@id\":\"https:\\\/\\\/diariodepe.com.br\\\/cri\\\/#\\\/schema\\\/logo\\\/image\\\/\"}},{\"@type\":\"Person\",\"@id\":\"https:\\\/\\\/diariodepe.com.br\\\/cri\\\/#\\\/schema\\\/person\\\/121bb28d84f1a5b1205ef4ce9c2e0c6b\",\"name\":\"Ismael Lucas S. Pereira\",\"image\":{\"@type\":\"ImageObject\",\"inLanguage\":\"pt-BR\",\"@id\":\"https:\\\/\\\/secure.gravatar.com\\\/avatar\\\/887a0f3b5a7ceea963a48499fb883ffce6b5037362def025c52c2505b15d63e4?s=96&d=mm&r=g\",\"url\":\"https:\\\/\\\/secure.gravatar.com\\\/avatar\\\/887a0f3b5a7ceea963a48499fb883ffce6b5037362def025c52c2505b15d63e4?s=96&d=mm&r=g\",\"contentUrl\":\"https:\\\/\\\/secure.gravatar.com\\\/avatar\\\/887a0f3b5a7ceea963a48499fb883ffce6b5037362def025c52c2505b15d63e4?s=96&d=mm&r=g\",\"caption\":\"Ismael Lucas S. Pereira\"},\"url\":\"https:\\\/\\\/diariodepe.com.br\\\/cri\\\/author\\\/ismael-lucas\\\/\"}]}<\/script>\n<!-- \/ Yoast SEO plugin. -->","yoast_head_json":{"title":"Presidente da Presid\u00eancia da B\u00f3snia-Herzegovina concede entrevista exclusiva ao CMG - CRI e Diario de Pernambuco","robots":{"index":"index","follow":"follow","max-snippet":"max-snippet:-1","max-image-preview":"max-image-preview:large","max-video-preview":"max-video-preview:-1"},"canonical":"https:\/\/diariodepe.com.br\/cri\/2023\/06\/22\/presidente-da-presidencia-da-bosnia-herzegovina-concede-entrevista-exclusiva-ao-cmg\/","og_locale":"pt_BR","og_type":"article","og_title":"Presidente da Presid\u00eancia da B\u00f3snia-Herzegovina concede entrevista exclusiva ao CMG - CRI e Diario de Pernambuco","og_description":"A presidente da Presid\u00eancia da B\u00f3snia-Herzegovina,\u00a0Zeljka Cvijanovic, concedeu recentemente uma entrevista exclusiva ao Grupo de M\u00eddia da China (CMG, na sigla em ingl\u00eas). A B\u00f3snia-Herzegovina\u00a0foi um dos primeiros pa\u00edses europeus a responder \u00e0 iniciativa do Cintur\u00e3o e Rota. O projeto...","og_url":"https:\/\/diariodepe.com.br\/cri\/2023\/06\/22\/presidente-da-presidencia-da-bosnia-herzegovina-concede-entrevista-exclusiva-ao-cmg\/","og_site_name":"CRI e Diario de Pernambuco","article_published_time":"2023-06-22T13:54:05+00:00","og_image":[{"width":1280,"height":720,"url":"https:\/\/diariodepe.com.br\/cri\/wp-content\/uploads\/sites\/2\/2023\/06\/2023061020343198213.png","type":"image\/png"}],"author":"Ismael Lucas S. Pereira","twitter_card":"summary_large_image","twitter_misc":{"Escrito por":"Ismael Lucas S. Pereira","Est. tempo de leitura":"2 minutos"},"schema":{"@context":"https:\/\/schema.org","@graph":[{"@type":"Article","@id":"https:\/\/diariodepe.com.br\/cri\/2023\/06\/22\/presidente-da-presidencia-da-bosnia-herzegovina-concede-entrevista-exclusiva-ao-cmg\/#article","isPartOf":{"@id":"https:\/\/diariodepe.com.br\/cri\/2023\/06\/22\/presidente-da-presidencia-da-bosnia-herzegovina-concede-entrevista-exclusiva-ao-cmg\/"},"author":{"name":"Ismael Lucas S. Pereira","@id":"https:\/\/diariodepe.com.br\/cri\/#\/schema\/person\/121bb28d84f1a5b1205ef4ce9c2e0c6b"},"headline":"Presidente da Presid\u00eancia da B\u00f3snia-Herzegovina concede entrevista exclusiva ao CMG","datePublished":"2023-06-22T13:54:05+00:00","mainEntityOfPage":{"@id":"https:\/\/diariodepe.com.br\/cri\/2023\/06\/22\/presidente-da-presidencia-da-bosnia-herzegovina-concede-entrevista-exclusiva-ao-cmg\/"},"wordCount":377,"commentCount":0,"publisher":{"@id":"https:\/\/diariodepe.com.br\/cri\/#organization"},"image":{"@id":"https:\/\/diariodepe.com.br\/cri\/2023\/06\/22\/presidente-da-presidencia-da-bosnia-herzegovina-concede-entrevista-exclusiva-ao-cmg\/#primaryimage"},"thumbnailUrl":"https:\/\/diariodepe.com.br\/cri\/wp-content\/uploads\/sites\/2\/2023\/06\/2023061020343198213.png","articleSection":["Destaques Capa"],"inLanguage":"pt-BR","potentialAction":[{"@type":"CommentAction","name":"Comment","target":["https:\/\/diariodepe.com.br\/cri\/2023\/06\/22\/presidente-da-presidencia-da-bosnia-herzegovina-concede-entrevista-exclusiva-ao-cmg\/#respond"]}]},{"@type":"WebPage","@id":"https:\/\/diariodepe.com.br\/cri\/2023\/06\/22\/presidente-da-presidencia-da-bosnia-herzegovina-concede-entrevista-exclusiva-ao-cmg\/","url":"https:\/\/diariodepe.com.br\/cri\/2023\/06\/22\/presidente-da-presidencia-da-bosnia-herzegovina-concede-entrevista-exclusiva-ao-cmg\/","name":"Presidente da Presid\u00eancia da B\u00f3snia-Herzegovina concede entrevista exclusiva ao CMG - CRI e Diario de Pernambuco","isPartOf":{"@id":"https:\/\/diariodepe.com.br\/cri\/#website"},"primaryImageOfPage":{"@id":"https:\/\/diariodepe.com.br\/cri\/2023\/06\/22\/presidente-da-presidencia-da-bosnia-herzegovina-concede-entrevista-exclusiva-ao-cmg\/#primaryimage"},"image":{"@id":"https:\/\/diariodepe.com.br\/cri\/2023\/06\/22\/presidente-da-presidencia-da-bosnia-herzegovina-concede-entrevista-exclusiva-ao-cmg\/#primaryimage"},"thumbnailUrl":"https:\/\/diariodepe.com.br\/cri\/wp-content\/uploads\/sites\/2\/2023\/06\/2023061020343198213.png","datePublished":"2023-06-22T13:54:05+00:00","breadcrumb":{"@id":"https:\/\/diariodepe.com.br\/cri\/2023\/06\/22\/presidente-da-presidencia-da-bosnia-herzegovina-concede-entrevista-exclusiva-ao-cmg\/#breadcrumb"},"inLanguage":"pt-BR","potentialAction":[{"@type":"ReadAction","target":["https:\/\/diariodepe.com.br\/cri\/2023\/06\/22\/presidente-da-presidencia-da-bosnia-herzegovina-concede-entrevista-exclusiva-ao-cmg\/"]}]},{"@type":"ImageObject","inLanguage":"pt-BR","@id":"https:\/\/diariodepe.com.br\/cri\/2023\/06\/22\/presidente-da-presidencia-da-bosnia-herzegovina-concede-entrevista-exclusiva-ao-cmg\/#primaryimage","url":"https:\/\/diariodepe.com.br\/cri\/wp-content\/uploads\/sites\/2\/2023\/06\/2023061020343198213.png","contentUrl":"https:\/\/diariodepe.com.br\/cri\/wp-content\/uploads\/sites\/2\/2023\/06\/2023061020343198213.png","width":1280,"height":720},{"@type":"BreadcrumbList","@id":"https:\/\/diariodepe.com.br\/cri\/2023\/06\/22\/presidente-da-presidencia-da-bosnia-herzegovina-concede-entrevista-exclusiva-ao-cmg\/#breadcrumb","itemListElement":[{"@type":"ListItem","position":1,"name":"In\u00edcio","item":"https:\/\/diariodepe.com.br\/cri\/"},{"@type":"ListItem","position":2,"name":"Presidente da Presid\u00eancia da B\u00f3snia-Herzegovina concede entrevista exclusiva ao CMG"}]},{"@type":"WebSite","@id":"https:\/\/diariodepe.com.br\/cri\/#website","url":"https:\/\/diariodepe.com.br\/cri\/","name":"CRI e Diario de Pernambuco","description":"R\u00e1dio Internacional da China","publisher":{"@id":"https:\/\/diariodepe.com.br\/cri\/#organization"},"potentialAction":[{"@type":"SearchAction","target":{"@type":"EntryPoint","urlTemplate":"https:\/\/diariodepe.com.br\/cri\/?s={search_term_string}"},"query-input":{"@type":"PropertyValueSpecification","valueRequired":true,"valueName":"search_term_string"}}],"inLanguage":"pt-BR"},{"@type":"Organization","@id":"https:\/\/diariodepe.com.br\/cri\/#organization","name":"CRI e Diario de Pernambuco","url":"https:\/\/diariodepe.com.br\/cri\/","logo":{"@type":"ImageObject","inLanguage":"pt-BR","@id":"https:\/\/diariodepe.com.br\/cri\/#\/schema\/logo\/image\/","url":"https:\/\/diariodepe.com.br\/cri\/wp-content\/uploads\/sites\/2\/2022\/12\/cropped-Logo.jpg","contentUrl":"https:\/\/diariodepe.com.br\/cri\/wp-content\/uploads\/sites\/2\/2022\/12\/cropped-Logo.jpg","width":700,"height":59,"caption":"CRI e Diario de Pernambuco"},"image":{"@id":"https:\/\/diariodepe.com.br\/cri\/#\/schema\/logo\/image\/"}},{"@type":"Person","@id":"https:\/\/diariodepe.com.br\/cri\/#\/schema\/person\/121bb28d84f1a5b1205ef4ce9c2e0c6b","name":"Ismael Lucas S. Pereira","image":{"@type":"ImageObject","inLanguage":"pt-BR","@id":"https:\/\/secure.gravatar.com\/avatar\/887a0f3b5a7ceea963a48499fb883ffce6b5037362def025c52c2505b15d63e4?s=96&d=mm&r=g","url":"https:\/\/secure.gravatar.com\/avatar\/887a0f3b5a7ceea963a48499fb883ffce6b5037362def025c52c2505b15d63e4?s=96&d=mm&r=g","contentUrl":"https:\/\/secure.gravatar.com\/avatar\/887a0f3b5a7ceea963a48499fb883ffce6b5037362def025c52c2505b15d63e4?s=96&d=mm&r=g","caption":"Ismael Lucas S. Pereira"},"url":"https:\/\/diariodepe.com.br\/cri\/author\/ismael-lucas\/"}]}},"cc_featured_image_caption":{"caption_text":false,"source_text":false,"source_url":false},"amp_enabled":true,"_links":{"self":[{"href":"https:\/\/diariodepe.com.br\/cri\/wp-json\/wp\/v2\/posts\/1742","targetHints":{"allow":["GET"]}}],"collection":[{"href":"https:\/\/diariodepe.com.br\/cri\/wp-json\/wp\/v2\/posts"}],"about":[{"href":"https:\/\/diariodepe.com.br\/cri\/wp-json\/wp\/v2\/types\/post"}],"author":[{"embeddable":true,"href":"https:\/\/diariodepe.com.br\/cri\/wp-json\/wp\/v2\/users\/2"}],"replies":[{"embeddable":true,"href":"https:\/\/diariodepe.com.br\/cri\/wp-json\/wp\/v2\/comments?post=1742"}],"version-history":[{"count":1,"href":"https:\/\/diariodepe.com.br\/cri\/wp-json\/wp\/v2\/posts\/1742\/revisions"}],"predecessor-version":[{"id":1744,"href":"https:\/\/diariodepe.com.br\/cri\/wp-json\/wp\/v2\/posts\/1742\/revisions\/1744"}],"wp:featuredmedia":[{"embeddable":true,"href":"https:\/\/diariodepe.com.br\/cri\/wp-json\/wp\/v2\/media\/1743"}],"wp:attachment":[{"href":"https:\/\/diariodepe.com.br\/cri\/wp-json\/wp\/v2\/media?parent=1742"}],"wp:term":[{"taxonomy":"category","embeddable":true,"href":"https:\/\/diariodepe.com.br\/cri\/wp-json\/wp\/v2\/categories?post=1742"},{"taxonomy":"post_tag","embeddable":true,"href":"https:\/\/diariodepe.com.br\/cri\/wp-json\/wp\/v2\/tags?post=1742"}],"curies":[{"name":"wp","href":"https:\/\/api.w.org\/{rel}","templated":true}]}}